{"id":7024,"date":"2009-08-14T20:16:23","date_gmt":"2009-08-14T19:16:23","guid":{"rendered":"http:\/\/www.bellunopress.it\/?p=7024"},"modified":"2009-08-14T20:16:23","modified_gmt":"2009-08-14T19:16:23","slug":"ritorna-potabile-lacqua-nelle-frazioni-di-bardies-conte-e-tallandino-di-mel","status":"publish","type":"post","link":"https:\/\/www.bellunopress.it\/fr\/2009\/08\/14\/ritorna-potabile-lacqua-nelle-frazioni-di-bardies-conte-e-tallandino-di-mel\/","title":{"rendered":"Ritorna potabile l&#8217;acqua nelle frazioni di Bardies, Conte e Tallandino di Mel"},"content":{"rendered":"<p>Gestione Servizi Pubblici informa che l&#8217;acqua \u00e8 di nuovo potabile a Bardies, Conte e Tallandino in Comune di Mel. Lo ha comunicato questa mattina il Servizio di Igiene Alimenti e Nutrizione dell\u2019ULSS 2 di Feltre: hanno dato esito favorevole, infatti, gli accertamenti eseguiti luned\u00ec 10 agosto su alcuni campioni d\u2019acqua prelevati dall\u2019acquedotto che alimenta le trecento utenze collegate alla rete. Sono state efficaci, quindi, le misure di clorazione e disinfezione adottate da GSP: ora\u00a0 l\u2019acqua pu\u00f2 essere utilizzata per qualsiasi uso. GSP, come di consueto, ha gi\u00e0 provveduto ad informare la popolazione interessata con avvisi informativi, telefonate con messaggio preregistrato a tutti gli utenti presenti nell\u2019elenco telefonico ed SMS su cellulare \u2013 ricordiamo che il servizio \u00e8 attivabile gratuitamente da tutti collegandosi al sito <a href=\"http:\/\/www.gestioneservizipubblici.bl.it\">www.gestioneservizipubblici.bl.it<\/a>.<\/p>","protected":false},"excerpt":{"rendered":"<p>Gestione Servizi Pubblici informa che l&#8217;acqua \u00e8 di nuovo potabile a Bardies, Conte e Tallandino in Comune di Mel. Lo ha comunicato questa mattina il Servizio di Igiene Alimenti e Nutrizione dell\u2019ULSS 2 di Feltre: hanno dato esito favorevole, infatti, gli accertamenti eseguiti luned\u00ec 10 agosto su alcuni campioni d\u2019acqua prelevati dall\u2019acquedotto che alimenta le [&hellip;]<\/p>\n","protected":false},"author":2,"featured_media":0,"comment_status":"closed","ping_status":"open","sticky":false,"template":"","format":"standard","meta":{"footnotes":""},"categories":[5,26],"tags":[302],"class_list":["post-7024","post","type-post","status-publish","format-standard","category-cronaca","category-prima-pagina","tag-feltre"],"yoast_head":"<!-- This site is optimized with the Yoast SEO plugin v28.4 - https:\/\/yoast.com\/product\/yoast-seo-wordpress\/ -->\n<title>Ritorna potabile l&#039;acqua nelle frazioni di Bardies, Conte e Tallandino di Mel  - Bellunopress - Dolomiti<\/title>\n<meta name=\"robots\" content=\"index, follow, max-snippet:-1, max-image-preview:large, max-video-preview:-1\" \/>\n<link rel=\"canonical\" href=\"https:\/\/www.bellunopress.it\/fr\/2009\/08\/14\/ritorna-potabile-lacqua-nelle-frazioni-di-bardies-conte-e-tallandino-di-mel\/\" \/>\n<meta property=\"og:locale\" content=\"fr_FR\" \/>\n<meta property=\"og:type\" content=\"article\" \/>\n<meta property=\"og:title\" content=\"Ritorna potabile l&#039;acqua nelle frazioni di Bardies, Conte e Tallandino di Mel  - Bellunopress - Dolomiti\" \/>\n<meta property=\"og:description\" content=\"Gestione Servizi Pubblici informa che l&#8217;acqua \u00e8 di nuovo potabile a Bardies, Conte e Tallandino in Comune di Mel. Lo ha comunicato questa mattina il Servizio di Igiene Alimenti e Nutrizione dell\u2019ULSS 2 di Feltre: hanno dato esito favorevole, infatti, gli accertamenti eseguiti luned\u00ec 10 agosto su alcuni campioni d\u2019acqua prelevati dall\u2019acquedotto che alimenta le [&hellip;]\" \/>\n<meta property=\"og:url\" content=\"https:\/\/www.bellunopress.it\/fr\/2009\/08\/14\/ritorna-potabile-lacqua-nelle-frazioni-di-bardies-conte-e-tallandino-di-mel\/\" \/>\n<meta property=\"og:site_name\" content=\"Bellunopress - Dolomiti\" \/>\n<meta property=\"article:publisher\" content=\"https:\/\/www.facebook.com\/profile.php?id=100008943462799\" \/>\n<meta property=\"article:published_time\" content=\"2009-08-14T19:16:23+00:00\" \/>\n<meta property=\"og:image\" content=\"http:\/\/www.bellunopress.it\/wp-content\/uploads\/2012\/07\/logo-bellunopress-250x250-2012.jpg\" \/>\n<meta name=\"author\" content=\"redazione\" \/>\n<meta name=\"twitter:card\" content=\"summary_large_image\" \/>\n<meta name=\"twitter:creator\" content=\"@bellunopress\" \/>\n<meta name=\"twitter:site\" content=\"@bellunopress\" \/>\n<meta name=\"twitter:label1\" content=\"\u00c9crit par\" \/>\n\t<meta name=\"twitter:data1\" content=\"redazione\" \/>\n\t<meta name=\"twitter:label2\" content=\"Dur\u00e9e de lecture estim\u00e9e\" \/>\n\t<meta name=\"twitter:data2\" content=\"1 minute\" \/>\n<script type=\"application\/ld+json\" class=\"yoast-schema-graph\">{\"@context\":\"https:\\\/\\\/schema.org\",\"@graph\":[{\"@type\":\"Article\",\"@id\":\"https:\\\/\\\/www.bellunopress.it\\\/2009\\\/08\\\/14\\\/ritorna-potabile-lacqua-nelle-frazioni-di-bardies-conte-e-tallandino-di-mel\\\/#article\",\"isPartOf\":{\"@id\":\"https:\\\/\\\/www.bellunopress.it\\\/2009\\\/08\\\/14\\\/ritorna-potabile-lacqua-nelle-frazioni-di-bardies-conte-e-tallandino-di-mel\\\/\"},\"author\":{\"name\":\"redazione\",\"@id\":\"https:\\\/\\\/www.bellunopress.it\\\/#\\\/schema\\\/person\\\/79bb06722b37ece1c03d3e94beb30d73\"},\"headline\":\"Ritorna potabile l&#8217;acqua nelle frazioni di Bardies, Conte e Tallandino di Mel\",\"datePublished\":\"2009-08-14T19:16:23+00:00\",\"mainEntityOfPage\":{\"@id\":\"https:\\\/\\\/www.bellunopress.it\\\/2009\\\/08\\\/14\\\/ritorna-potabile-lacqua-nelle-frazioni-di-bardies-conte-e-tallandino-di-mel\\\/\"},\"wordCount\":142,\"publisher\":{\"@id\":\"https:\\\/\\\/www.bellunopress.it\\\/#organization\"},\"keywords\":[\"Feltre\"],\"articleSection\":[\"Cronaca\\\/Politica\",\"Prima Pagina\"],\"inLanguage\":\"fr-FR\"},{\"@type\":\"WebPage\",\"@id\":\"https:\\\/\\\/www.bellunopress.it\\\/2009\\\/08\\\/14\\\/ritorna-potabile-lacqua-nelle-frazioni-di-bardies-conte-e-tallandino-di-mel\\\/\",\"url\":\"https:\\\/\\\/www.bellunopress.it\\\/2009\\\/08\\\/14\\\/ritorna-potabile-lacqua-nelle-frazioni-di-bardies-conte-e-tallandino-di-mel\\\/\",\"name\":\"Ritorna potabile l'acqua nelle frazioni di Bardies, Conte e Tallandino di Mel - Bellunopress - Dolomiti\",\"isPartOf\":{\"@id\":\"https:\\\/\\\/www.bellunopress.it\\\/#website\"},\"datePublished\":\"2009-08-14T19:16:23+00:00\",\"breadcrumb\":{\"@id\":\"https:\\\/\\\/www.bellunopress.it\\\/2009\\\/08\\\/14\\\/ritorna-potabile-lacqua-nelle-frazioni-di-bardies-conte-e-tallandino-di-mel\\\/#breadcrumb\"},\"inLanguage\":\"fr-FR\",\"potentialAction\":[{\"@type\":\"ReadAction\",\"target\":[\"https:\\\/\\\/www.bellunopress.it\\\/2009\\\/08\\\/14\\\/ritorna-potabile-lacqua-nelle-frazioni-di-bardies-conte-e-tallandino-di-mel\\\/\"]}]},{\"@type\":\"BreadcrumbList\",\"@id\":\"https:\\\/\\\/www.bellunopress.it\\\/2009\\\/08\\\/14\\\/ritorna-potabile-lacqua-nelle-frazioni-di-bardies-conte-e-tallandino-di-mel\\\/#breadcrumb\",\"itemListElement\":[{\"@type\":\"ListItem\",\"position\":1,\"name\":\"Home\",\"item\":\"https:\\\/\\\/www.bellunopress.it\\\/\"},{\"@type\":\"ListItem\",\"position\":2,\"name\":\"Ritorna potabile l&#8217;acqua nelle frazioni di Bardies, Conte e Tallandino di Mel\"}]},{\"@type\":\"WebSite\",\"@id\":\"https:\\\/\\\/www.bellunopress.it\\\/#website\",\"url\":\"https:\\\/\\\/www.bellunopress.it\\\/\",\"name\":\"Bellunopress - Dolomiti\",\"description\":\"e-mail: redazione@bellunopress.it\",\"publisher\":{\"@id\":\"https:\\\/\\\/www.bellunopress.it\\\/#organization\"},\"potentialAction\":[{\"@type\":\"SearchAction\",\"target\":{\"@type\":\"EntryPoint\",\"urlTemplate\":\"https:\\\/\\\/www.bellunopress.it\\\/?s={search_term_string}\"},\"query-input\":{\"@type\":\"PropertyValueSpecification\",\"valueRequired\":true,\"valueName\":\"search_term_string\"}}],\"inLanguage\":\"fr-FR\"},{\"@type\":\"Organization\",\"@id\":\"https:\\\/\\\/www.bellunopress.it\\\/#organization\",\"name\":\"Bellunopress\",\"url\":\"https:\\\/\\\/www.bellunopress.it\\\/\",\"logo\":{\"@type\":\"ImageObject\",\"inLanguage\":\"fr-FR\",\"@id\":\"https:\\\/\\\/www.bellunopress.it\\\/#\\\/schema\\\/logo\\\/image\\\/\",\"url\":\"https:\\\/\\\/www.bellunopress.it\\\/wp-content\\\/uploads\\\/2011\\\/05\\\/cropped-logo-bellunopress-.jpg\",\"contentUrl\":\"https:\\\/\\\/www.bellunopress.it\\\/wp-content\\\/uploads\\\/2011\\\/05\\\/cropped-logo-bellunopress-.jpg\",\"width\":512,\"height\":512,\"caption\":\"Bellunopress\"},\"image\":{\"@id\":\"https:\\\/\\\/www.bellunopress.it\\\/#\\\/schema\\\/logo\\\/image\\\/\"},\"sameAs\":[\"https:\\\/\\\/www.facebook.com\\\/profile.php?id=100008943462799\",\"https:\\\/\\\/x.com\\\/bellunopress\",\"https:\\\/\\\/www.linkedin.com\\\/hp\\\/?dnr=JBzUWaJfMUw8vbXJJ2tVW5-I3jZKvC4wsoxE&amp;amp;amp;amp;amp;amp;trk=nav_responsive_tab_home\",\"https:\\\/\\\/www.youtube.com\\\/channel\\\/UCxL0wu1uN0_3_7hGG0306cw\"]},{\"@type\":\"Person\",\"@id\":\"https:\\\/\\\/www.bellunopress.it\\\/#\\\/schema\\\/person\\\/79bb06722b37ece1c03d3e94beb30d73\",\"name\":\"redazione\",\"image\":{\"@type\":\"ImageObject\",\"inLanguage\":\"fr-FR\",\"@id\":\"https:\\\/\\\/secure.gravatar.com\\\/avatar\\\/37d968a2e67a6fd04c169c4bdef102d0bc5d31b2546345219e348575eb80e9a0?s=96&d=mm&r=g\",\"url\":\"https:\\\/\\\/secure.gravatar.com\\\/avatar\\\/37d968a2e67a6fd04c169c4bdef102d0bc5d31b2546345219e348575eb80e9a0?s=96&d=mm&r=g\",\"contentUrl\":\"https:\\\/\\\/secure.gravatar.com\\\/avatar\\\/37d968a2e67a6fd04c169c4bdef102d0bc5d31b2546345219e348575eb80e9a0?s=96&d=mm&r=g\",\"caption\":\"redazione\"},\"sameAs\":[\"http:\\\/\\\/www.bellunopress.it\",\"https:\\\/\\\/x.com\\\/bellunopress\"],\"url\":\"https:\\\/\\\/www.bellunopress.it\\\/fr\\\/author\\\/redazione\\\/\"}]}<\/script>\n<!-- \/ Yoast SEO plugin. -->","yoast_head_json":{"title":"Ritorna potabile l'acqua nelle frazioni di Bardies, Conte e Tallandino di Mel  - Bellunopress - Dolomiti","robots":{"index":"index","follow":"follow","max-snippet":"max-snippet:-1","max-image-preview":"max-image-preview:large","max-video-preview":"max-video-preview:-1"},"canonical":"https:\/\/www.bellunopress.it\/fr\/2009\/08\/14\/ritorna-potabile-lacqua-nelle-frazioni-di-bardies-conte-e-tallandino-di-mel\/","og_locale":"fr_FR","og_type":"article","og_title":"Ritorna potabile l'acqua nelle frazioni di Bardies, Conte e Tallandino di Mel  - Bellunopress - Dolomiti","og_description":"Gestione Servizi Pubblici informa che l&#8217;acqua \u00e8 di nuovo potabile a Bardies, Conte e Tallandino in Comune di Mel. Lo ha comunicato questa mattina il Servizio di Igiene Alimenti e Nutrizione dell\u2019ULSS 2 di Feltre: hanno dato esito favorevole, infatti, gli accertamenti eseguiti luned\u00ec 10 agosto su alcuni campioni d\u2019acqua prelevati dall\u2019acquedotto che alimenta le [&hellip;]","og_url":"https:\/\/www.bellunopress.it\/fr\/2009\/08\/14\/ritorna-potabile-lacqua-nelle-frazioni-di-bardies-conte-e-tallandino-di-mel\/","og_site_name":"Bellunopress - Dolomiti","article_publisher":"https:\/\/www.facebook.com\/profile.php?id=100008943462799","article_published_time":"2009-08-14T19:16:23+00:00","og_image":[{"url":"http:\/\/www.bellunopress.it\/wp-content\/uploads\/2012\/07\/logo-bellunopress-250x250-2012.jpg","type":"","width":"","height":""}],"author":"redazione","twitter_card":"summary_large_image","twitter_creator":"@bellunopress","twitter_site":"@bellunopress","twitter_misc":{"\u00c9crit par":"redazione","Dur\u00e9e de lecture estim\u00e9e":"1 minute"},"schema":{"@context":"https:\/\/schema.org","@graph":[{"@type":"Article","@id":"https:\/\/www.bellunopress.it\/2009\/08\/14\/ritorna-potabile-lacqua-nelle-frazioni-di-bardies-conte-e-tallandino-di-mel\/#article","isPartOf":{"@id":"https:\/\/www.bellunopress.it\/2009\/08\/14\/ritorna-potabile-lacqua-nelle-frazioni-di-bardies-conte-e-tallandino-di-mel\/"},"author":{"name":"redazione","@id":"https:\/\/www.bellunopress.it\/#\/schema\/person\/79bb06722b37ece1c03d3e94beb30d73"},"headline":"Ritorna potabile l&#8217;acqua nelle frazioni di Bardies, Conte e Tallandino di Mel","datePublished":"2009-08-14T19:16:23+00:00","mainEntityOfPage":{"@id":"https:\/\/www.bellunopress.it\/2009\/08\/14\/ritorna-potabile-lacqua-nelle-frazioni-di-bardies-conte-e-tallandino-di-mel\/"},"wordCount":142,"publisher":{"@id":"https:\/\/www.bellunopress.it\/#organization"},"keywords":["Feltre"],"articleSection":["Cronaca\/Politica","Prima Pagina"],"inLanguage":"fr-FR"},{"@type":"WebPage","@id":"https:\/\/www.bellunopress.it\/2009\/08\/14\/ritorna-potabile-lacqua-nelle-frazioni-di-bardies-conte-e-tallandino-di-mel\/","url":"https:\/\/www.bellunopress.it\/2009\/08\/14\/ritorna-potabile-lacqua-nelle-frazioni-di-bardies-conte-e-tallandino-di-mel\/","name":"Ritorna potabile l'acqua nelle frazioni di Bardies, Conte e Tallandino di Mel - Bellunopress - Dolomiti","isPartOf":{"@id":"https:\/\/www.bellunopress.it\/#website"},"datePublished":"2009-08-14T19:16:23+00:00","breadcrumb":{"@id":"https:\/\/www.bellunopress.it\/2009\/08\/14\/ritorna-potabile-lacqua-nelle-frazioni-di-bardies-conte-e-tallandino-di-mel\/#breadcrumb"},"inLanguage":"fr-FR","potentialAction":[{"@type":"ReadAction","target":["https:\/\/www.bellunopress.it\/2009\/08\/14\/ritorna-potabile-lacqua-nelle-frazioni-di-bardies-conte-e-tallandino-di-mel\/"]}]},{"@type":"BreadcrumbList","@id":"https:\/\/www.bellunopress.it\/2009\/08\/14\/ritorna-potabile-lacqua-nelle-frazioni-di-bardies-conte-e-tallandino-di-mel\/#breadcrumb","itemListElement":[{"@type":"ListItem","position":1,"name":"Home","item":"https:\/\/www.bellunopress.it\/"},{"@type":"ListItem","position":2,"name":"Ritorna potabile l&#8217;acqua nelle frazioni di Bardies, Conte e Tallandino di Mel"}]},{"@type":"WebSite","@id":"https:\/\/www.bellunopress.it\/#website","url":"https:\/\/www.bellunopress.it\/","name":"Bellunopress - Dolomiti","description":"e-mail: redazione@bellunopress.it","publisher":{"@id":"https:\/\/www.bellunopress.it\/#organization"},"potentialAction":[{"@type":"SearchAction","target":{"@type":"EntryPoint","urlTemplate":"https:\/\/www.bellunopress.it\/?s={search_term_string}"},"query-input":{"@type":"PropertyValueSpecification","valueRequired":true,"valueName":"search_term_string"}}],"inLanguage":"fr-FR"},{"@type":"Organization","@id":"https:\/\/www.bellunopress.it\/#organization","name":"Bellunopress","url":"https:\/\/www.bellunopress.it\/","logo":{"@type":"ImageObject","inLanguage":"fr-FR","@id":"https:\/\/www.bellunopress.it\/#\/schema\/logo\/image\/","url":"https:\/\/www.bellunopress.it\/wp-content\/uploads\/2011\/05\/cropped-logo-bellunopress-.jpg","contentUrl":"https:\/\/www.bellunopress.it\/wp-content\/uploads\/2011\/05\/cropped-logo-bellunopress-.jpg","width":512,"height":512,"caption":"Bellunopress"},"image":{"@id":"https:\/\/www.bellunopress.it\/#\/schema\/logo\/image\/"},"sameAs":["https:\/\/www.facebook.com\/profile.php?id=100008943462799","https:\/\/x.com\/bellunopress","https:\/\/www.linkedin.com\/hp\/?dnr=JBzUWaJfMUw8vbXJJ2tVW5-I3jZKvC4wsoxE&amp;amp;amp;amp;amp;amp;trk=nav_responsive_tab_home","https:\/\/www.youtube.com\/channel\/UCxL0wu1uN0_3_7hGG0306cw"]},{"@type":"Person","@id":"https:\/\/www.bellunopress.it\/#\/schema\/person\/79bb06722b37ece1c03d3e94beb30d73","name":"r\u00e9daction","image":{"@type":"ImageObject","inLanguage":"fr-FR","@id":"https:\/\/secure.gravatar.com\/avatar\/37d968a2e67a6fd04c169c4bdef102d0bc5d31b2546345219e348575eb80e9a0?s=96&d=mm&r=g","url":"https:\/\/secure.gravatar.com\/avatar\/37d968a2e67a6fd04c169c4bdef102d0bc5d31b2546345219e348575eb80e9a0?s=96&d=mm&r=g","contentUrl":"https:\/\/secure.gravatar.com\/avatar\/37d968a2e67a6fd04c169c4bdef102d0bc5d31b2546345219e348575eb80e9a0?s=96&d=mm&r=g","caption":"redazione"},"sameAs":["http:\/\/www.bellunopress.it","https:\/\/x.com\/bellunopress"],"url":"https:\/\/www.bellunopress.it\/fr\/author\/redazione\/"}]}},"_links":{"self":[{"href":"https:\/\/www.bellunopress.it\/fr\/wp-json\/wp\/v2\/posts\/7024","targetHints":{"allow":["GET"]}}],"collection":[{"href":"https:\/\/www.bellunopress.it\/fr\/wp-json\/wp\/v2\/posts"}],"about":[{"href":"https:\/\/www.bellunopress.it\/fr\/wp-json\/wp\/v2\/types\/post"}],"author":[{"embeddable":true,"href":"https:\/\/www.bellunopress.it\/fr\/wp-json\/wp\/v2\/users\/2"}],"replies":[{"embeddable":true,"href":"https:\/\/www.bellunopress.it\/fr\/wp-json\/wp\/v2\/comments?post=7024"}],"version-history":[{"count":1,"href":"https:\/\/www.bellunopress.it\/fr\/wp-json\/wp\/v2\/posts\/7024\/revisions"}],"predecessor-version":[{"id":7025,"href":"https:\/\/www.bellunopress.it\/fr\/wp-json\/wp\/v2\/posts\/7024\/revisions\/7025"}],"wp:attachment":[{"href":"https:\/\/www.bellunopress.it\/fr\/wp-json\/wp\/v2\/media?parent=7024"}],"wp:term":[{"taxonomy":"category","embeddable":true,"href":"https:\/\/www.bellunopress.it\/fr\/wp-json\/wp\/v2\/categories?post=7024"},{"taxonomy":"post_tag","embeddable":true,"href":"https:\/\/www.bellunopress.it\/fr\/wp-json\/wp\/v2\/tags?post=7024"}],"curies":[{"name":"wp","href":"https:\/\/api.w.org\/{rel}","templated":true}]}}