{"id":7022,"date":"2009-08-14T17:17:35","date_gmt":"2009-08-14T16:17:35","guid":{"rendered":"http:\/\/www.bellunopress.it\/?p=7022"},"modified":"2009-08-14T17:17:35","modified_gmt":"2009-08-14T16:17:35","slug":"nessura-richiesta-della-fisi-dietro-le-dimissioni-di-giovanni-valle-da-presidente-del-comitato-promotore-dei-mondiali-di-sci-alpino-cortina-2015","status":"publish","type":"post","link":"https:\/\/www.bellunopress.it\/fr\/2009\/08\/14\/nessura-richiesta-della-fisi-dietro-le-dimissioni-di-giovanni-valle-da-presidente-del-comitato-promotore-dei-mondiali-di-sci-alpino-cortina-2015\/","title":{"rendered":"Nessura richiesta della Fisi dietro le dimissioni di Giovanni Valle da presidente del Comitato promotore dei Mondiali di sci alpino &#8220;Cortina 2015&#8221;"},"content":{"rendered":"<p>In relazione ad alcune notizie che hanno associato le dimissioni di Giovanni Valle dalla presidenza del \u201cComitato Promotore\u201d della candidatura di Cortina d\u2019Ampezzo ad ospitare i Mondiali di sci alpino nel 2015 ad un\u2019espressa richiesta pervenuta dalla Fisi alla locale Amministrazione comunale, il presidente del Comitato Veneto, Roberto Bortoluzzi, intende dichiarare quanto segue:<br \/>\n\u00abL\u2019incontro avuto dai vertici della Fisi, ad inizio mese, con il sindaco di Cortina d\u2019Ampezzo, Andrea Franceschi e l\u2019assessore allo sport, Herbert Huber, era programmato da tempo ed \u00e8 da considerare nel normale rapporto tra due istituzioni, entrambe fortemente impegnate a ricercare e garantire il successo dell\u2019Italia, del Veneto e di Cortina d\u2019Ampezzo nella rincorsa ad ottenere l\u2019organizzazione dei Mondiali di sci alpino del 2015. All\u2019incontro il presidente della Fisi, Giovanni Morzenti, era accompagnato dal vicepresidente, Alberto Piccin, e dal sottoscritto indicato dalla Federazione a rappresentarla all\u2019interno dello stesso \u201cComitato Promotore\u201d; nell\u2019occasione, si \u00e8 provveduto a sviluppare un dialogo molto sereno e pragmatico e, in tal senso, si \u00e8 provveduto anche a sollecitare il sindaco a svolgere una maggiore e forte azione politica ed istituzionale e di leadership, anche presso le sedi sportive internazionali, ai massimi livelli e con determinazione. In nessun modo \u00e8 stato chiesto che a Giovanni Valle &#8211; a suo tempo indicato dallo stesso Comune alla guida del Comitato in quanto persona unanimemente riconosciuta capace ed apprezzata &#8211; venisse tolta la fiducia; anzi, al sindaco \u00e8 stata riconosciuta la bont\u00e0 ed importanza del lavoro tecnico impostato e finora svolto con molto impegno e capacit\u00e0 proprio da lui e dal \u201cComitato Promotore\u201d, bravi nel saper coinvolgere direttamente e da subito le varie istituzioni, come la stessa Fisi, i territori e le organizzazioni sociali ed economiche su di essi attivi. Per quanto attiene, invece, il resto delle polemiche interne alla comunit\u00e0 ampezzana, strumentali e legate alla gestione di questa candidatura, \u00e8 stato ribadito al sindaco che questo \u00e8 un problema unicamente interno e che si sarebbe dovuto occupare lo stesso sindaco di risolverlo per il bene della stessa candidatura. Il presidente Morzenti ha, infine, confermato al sindaco l\u2019assoluta necessit\u00e0 di lavorare compatti e determinati per il successo, peraltro non facile, di ottenere dalla Fis l\u2019organizzazione dei Mondiali. Ed il lavoro che spetta ora proprio al sindaco, come massima espressione istituzionale locale, \u00e8 soprattutto quello di calamitare attorno a questa prestigiosa candidatura il massimo sostegno politico, istituzionale ed economico affinch\u00e9 la stessa sia sempre di pi\u00f9 un fattore di assoluta valenza nazionale piuttosto che una semplice opportunit\u00e0 strettamente locale.<br \/>\nInfine voglio anche ricordare che, assieme allo stesso presidente Morzenti, abbiamo provveduto ad incontrare a Roma il ministro veneto, Maurizio Sacconi, amico di Cortina e fortemente interessato allo sviluppo della candidatura, per un suo coinvolgimento ed ottenere il necessario sostegno anche da parte del Governo\u00bb.<\/p>","protected":false},"excerpt":{"rendered":"<p>In relazione ad alcune notizie che hanno associato le dimissioni di Giovanni Valle dalla presidenza del \u201cComitato Promotore\u201d della candidatura di Cortina d\u2019Ampezzo ad ospitare i Mondiali di sci alpino nel 2015 ad un\u2019espressa richiesta pervenuta dalla Fisi alla locale Amministrazione comunale, il presidente del Comitato Veneto, Roberto Bortoluzzi, intende dichiarare quanto segue: \u00abL\u2019incontro avuto [&hellip;]<\/p>\n","protected":false},"author":2,"featured_media":0,"comment_status":"closed","ping_status":"open","sticky":false,"template":"","format":"standard","meta":{"footnotes":""},"categories":[26,4],"tags":[],"class_list":["post-7022","post","type-post","status-publish","format-standard","category-prima-pagina","category-sport"],"yoast_head":"<!-- This site is optimized with the Yoast SEO plugin v28.4 - https:\/\/yoast.com\/product\/yoast-seo-wordpress\/ -->\n<title>Nessura richiesta della Fisi dietro le dimissioni di Giovanni Valle da presidente del Comitato promotore dei Mondiali di sci alpino &quot;Cortina 2015&quot; - Bellunopress - Dolomiti<\/title>\n<meta name=\"robots\" content=\"index, follow, max-snippet:-1, max-image-preview:large, max-video-preview:-1\" \/>\n<link rel=\"canonical\" href=\"https:\/\/www.bellunopress.it\/fr\/2009\/08\/14\/nessura-richiesta-della-fisi-dietro-le-dimissioni-di-giovanni-valle-da-presidente-del-comitato-promotore-dei-mondiali-di-sci-alpino-cortina-2015\/\" \/>\n<meta property=\"og:locale\" content=\"fr_FR\" \/>\n<meta property=\"og:type\" content=\"article\" \/>\n<meta property=\"og:title\" content=\"Nessura richiesta della Fisi dietro le dimissioni di Giovanni Valle da presidente del Comitato promotore dei Mondiali di sci alpino &quot;Cortina 2015&quot; - Bellunopress - Dolomiti\" \/>\n<meta property=\"og:description\" content=\"In relazione ad alcune notizie che hanno associato le dimissioni di Giovanni Valle dalla presidenza del \u201cComitato Promotore\u201d della candidatura di Cortina d\u2019Ampezzo ad ospitare i Mondiali di sci alpino nel 2015 ad un\u2019espressa richiesta pervenuta dalla Fisi alla locale Amministrazione comunale, il presidente del Comitato Veneto, Roberto Bortoluzzi, intende dichiarare quanto segue: \u00abL\u2019incontro avuto [&hellip;]\" \/>\n<meta property=\"og:url\" content=\"https:\/\/www.bellunopress.it\/fr\/2009\/08\/14\/nessura-richiesta-della-fisi-dietro-le-dimissioni-di-giovanni-valle-da-presidente-del-comitato-promotore-dei-mondiali-di-sci-alpino-cortina-2015\/\" \/>\n<meta property=\"og:site_name\" content=\"Bellunopress - Dolomiti\" \/>\n<meta property=\"article:publisher\" content=\"https:\/\/www.facebook.com\/profile.php?id=100008943462799\" \/>\n<meta property=\"article:published_time\" content=\"2009-08-14T16:17:35+00:00\" \/>\n<meta property=\"og:image\" content=\"http:\/\/www.bellunopress.it\/wp-content\/uploads\/2012\/07\/logo-bellunopress-250x250-2012.jpg\" \/>\n<meta name=\"author\" content=\"redazione\" \/>\n<meta name=\"twitter:card\" content=\"summary_large_image\" \/>\n<meta name=\"twitter:creator\" content=\"@bellunopress\" \/>\n<meta name=\"twitter:site\" content=\"@bellunopress\" \/>\n<meta name=\"twitter:label1\" content=\"\u00c9crit par\" \/>\n\t<meta name=\"twitter:data1\" content=\"redazione\" \/>\n\t<meta name=\"twitter:label2\" content=\"Dur\u00e9e de lecture estim\u00e9e\" \/>\n\t<meta name=\"twitter:data2\" content=\"2 minutes\" \/>\n<script type=\"application\/ld+json\" class=\"yoast-schema-graph\">{\"@context\":\"https:\\\/\\\/schema.org\",\"@graph\":[{\"@type\":\"Article\",\"@id\":\"https:\\\/\\\/www.bellunopress.it\\\/2009\\\/08\\\/14\\\/nessura-richiesta-della-fisi-dietro-le-dimissioni-di-giovanni-valle-da-presidente-del-comitato-promotore-dei-mondiali-di-sci-alpino-cortina-2015\\\/#article\",\"isPartOf\":{\"@id\":\"https:\\\/\\\/www.bellunopress.it\\\/2009\\\/08\\\/14\\\/nessura-richiesta-della-fisi-dietro-le-dimissioni-di-giovanni-valle-da-presidente-del-comitato-promotore-dei-mondiali-di-sci-alpino-cortina-2015\\\/\"},\"author\":{\"name\":\"redazione\",\"@id\":\"https:\\\/\\\/www.bellunopress.it\\\/#\\\/schema\\\/person\\\/79bb06722b37ece1c03d3e94beb30d73\"},\"headline\":\"Nessura richiesta della Fisi dietro le dimissioni di Giovanni Valle da presidente del Comitato promotore dei Mondiali di sci alpino &#8220;Cortina 2015&#8221;\",\"datePublished\":\"2009-08-14T16:17:35+00:00\",\"mainEntityOfPage\":{\"@id\":\"https:\\\/\\\/www.bellunopress.it\\\/2009\\\/08\\\/14\\\/nessura-richiesta-della-fisi-dietro-le-dimissioni-di-giovanni-valle-da-presidente-del-comitato-promotore-dei-mondiali-di-sci-alpino-cortina-2015\\\/\"},\"wordCount\":481,\"publisher\":{\"@id\":\"https:\\\/\\\/www.bellunopress.it\\\/#organization\"},\"articleSection\":[\"Prima Pagina\",\"Sport, tempo libero\"],\"inLanguage\":\"fr-FR\"},{\"@type\":\"WebPage\",\"@id\":\"https:\\\/\\\/www.bellunopress.it\\\/2009\\\/08\\\/14\\\/nessura-richiesta-della-fisi-dietro-le-dimissioni-di-giovanni-valle-da-presidente-del-comitato-promotore-dei-mondiali-di-sci-alpino-cortina-2015\\\/\",\"url\":\"https:\\\/\\\/www.bellunopress.it\\\/2009\\\/08\\\/14\\\/nessura-richiesta-della-fisi-dietro-le-dimissioni-di-giovanni-valle-da-presidente-del-comitato-promotore-dei-mondiali-di-sci-alpino-cortina-2015\\\/\",\"name\":\"Nessura richiesta della Fisi dietro le dimissioni di Giovanni Valle da presidente del Comitato promotore dei Mondiali di sci alpino \\\"Cortina 2015\\\" - Bellunopress - Dolomiti\",\"isPartOf\":{\"@id\":\"https:\\\/\\\/www.bellunopress.it\\\/#website\"},\"datePublished\":\"2009-08-14T16:17:35+00:00\",\"breadcrumb\":{\"@id\":\"https:\\\/\\\/www.bellunopress.it\\\/2009\\\/08\\\/14\\\/nessura-richiesta-della-fisi-dietro-le-dimissioni-di-giovanni-valle-da-presidente-del-comitato-promotore-dei-mondiali-di-sci-alpino-cortina-2015\\\/#breadcrumb\"},\"inLanguage\":\"fr-FR\",\"potentialAction\":[{\"@type\":\"ReadAction\",\"target\":[\"https:\\\/\\\/www.bellunopress.it\\\/2009\\\/08\\\/14\\\/nessura-richiesta-della-fisi-dietro-le-dimissioni-di-giovanni-valle-da-presidente-del-comitato-promotore-dei-mondiali-di-sci-alpino-cortina-2015\\\/\"]}]},{\"@type\":\"BreadcrumbList\",\"@id\":\"https:\\\/\\\/www.bellunopress.it\\\/2009\\\/08\\\/14\\\/nessura-richiesta-della-fisi-dietro-le-dimissioni-di-giovanni-valle-da-presidente-del-comitato-promotore-dei-mondiali-di-sci-alpino-cortina-2015\\\/#breadcrumb\",\"itemListElement\":[{\"@type\":\"ListItem\",\"position\":1,\"name\":\"Home\",\"item\":\"https:\\\/\\\/www.bellunopress.it\\\/\"},{\"@type\":\"ListItem\",\"position\":2,\"name\":\"Nessura richiesta della Fisi dietro le dimissioni di Giovanni Valle da presidente del Comitato promotore dei Mondiali di sci alpino &#8220;Cortina 2015&#8221;\"}]},{\"@type\":\"WebSite\",\"@id\":\"https:\\\/\\\/www.bellunopress.it\\\/#website\",\"url\":\"https:\\\/\\\/www.bellunopress.it\\\/\",\"name\":\"Bellunopress - Dolomiti\",\"description\":\"e-mail: redazione@bellunopress.it\",\"publisher\":{\"@id\":\"https:\\\/\\\/www.bellunopress.it\\\/#organization\"},\"potentialAction\":[{\"@type\":\"SearchAction\",\"target\":{\"@type\":\"EntryPoint\",\"urlTemplate\":\"https:\\\/\\\/www.bellunopress.it\\\/?s={search_term_string}\"},\"query-input\":{\"@type\":\"PropertyValueSpecification\",\"valueRequired\":true,\"valueName\":\"search_term_string\"}}],\"inLanguage\":\"fr-FR\"},{\"@type\":\"Organization\",\"@id\":\"https:\\\/\\\/www.bellunopress.it\\\/#organization\",\"name\":\"Bellunopress\",\"url\":\"https:\\\/\\\/www.bellunopress.it\\\/\",\"logo\":{\"@type\":\"ImageObject\",\"inLanguage\":\"fr-FR\",\"@id\":\"https:\\\/\\\/www.bellunopress.it\\\/#\\\/schema\\\/logo\\\/image\\\/\",\"url\":\"https:\\\/\\\/www.bellunopress.it\\\/wp-content\\\/uploads\\\/2011\\\/05\\\/cropped-logo-bellunopress-.jpg\",\"contentUrl\":\"https:\\\/\\\/www.bellunopress.it\\\/wp-content\\\/uploads\\\/2011\\\/05\\\/cropped-logo-bellunopress-.jpg\",\"width\":512,\"height\":512,\"caption\":\"Bellunopress\"},\"image\":{\"@id\":\"https:\\\/\\\/www.bellunopress.it\\\/#\\\/schema\\\/logo\\\/image\\\/\"},\"sameAs\":[\"https:\\\/\\\/www.facebook.com\\\/profile.php?id=100008943462799\",\"https:\\\/\\\/x.com\\\/bellunopress\",\"https:\\\/\\\/www.linkedin.com\\\/hp\\\/?dnr=JBzUWaJfMUw8vbXJJ2tVW5-I3jZKvC4wsoxE&amp;amp;amp;amp;amp;amp;trk=nav_responsive_tab_home\",\"https:\\\/\\\/www.youtube.com\\\/channel\\\/UCxL0wu1uN0_3_7hGG0306cw\"]},{\"@type\":\"Person\",\"@id\":\"https:\\\/\\\/www.bellunopress.it\\\/#\\\/schema\\\/person\\\/79bb06722b37ece1c03d3e94beb30d73\",\"name\":\"redazione\",\"image\":{\"@type\":\"ImageObject\",\"inLanguage\":\"fr-FR\",\"@id\":\"https:\\\/\\\/secure.gravatar.com\\\/avatar\\\/37d968a2e67a6fd04c169c4bdef102d0bc5d31b2546345219e348575eb80e9a0?s=96&d=mm&r=g\",\"url\":\"https:\\\/\\\/secure.gravatar.com\\\/avatar\\\/37d968a2e67a6fd04c169c4bdef102d0bc5d31b2546345219e348575eb80e9a0?s=96&d=mm&r=g\",\"contentUrl\":\"https:\\\/\\\/secure.gravatar.com\\\/avatar\\\/37d968a2e67a6fd04c169c4bdef102d0bc5d31b2546345219e348575eb80e9a0?s=96&d=mm&r=g\",\"caption\":\"redazione\"},\"sameAs\":[\"http:\\\/\\\/www.bellunopress.it\",\"https:\\\/\\\/x.com\\\/bellunopress\"],\"url\":\"https:\\\/\\\/www.bellunopress.it\\\/fr\\\/author\\\/redazione\\\/\"}]}<\/script>\n<!-- \/ Yoast SEO plugin. -->","yoast_head_json":{"title":"Nessura richiesta della Fisi dietro le dimissioni di Giovanni Valle da presidente del Comitato promotore dei Mondiali di sci alpino \"Cortina 2015\" - Bellunopress - Dolomiti","robots":{"index":"index","follow":"follow","max-snippet":"max-snippet:-1","max-image-preview":"max-image-preview:large","max-video-preview":"max-video-preview:-1"},"canonical":"https:\/\/www.bellunopress.it\/fr\/2009\/08\/14\/nessura-richiesta-della-fisi-dietro-le-dimissioni-di-giovanni-valle-da-presidente-del-comitato-promotore-dei-mondiali-di-sci-alpino-cortina-2015\/","og_locale":"fr_FR","og_type":"article","og_title":"Nessura richiesta della Fisi dietro le dimissioni di Giovanni Valle da presidente del Comitato promotore dei Mondiali di sci alpino \"Cortina 2015\" - Bellunopress - Dolomiti","og_description":"In relazione ad alcune notizie che hanno associato le dimissioni di Giovanni Valle dalla presidenza del \u201cComitato Promotore\u201d della candidatura di Cortina d\u2019Ampezzo ad ospitare i Mondiali di sci alpino nel 2015 ad un\u2019espressa richiesta pervenuta dalla Fisi alla locale Amministrazione comunale, il presidente del Comitato Veneto, Roberto Bortoluzzi, intende dichiarare quanto segue: \u00abL\u2019incontro avuto [&hellip;]","og_url":"https:\/\/www.bellunopress.it\/fr\/2009\/08\/14\/nessura-richiesta-della-fisi-dietro-le-dimissioni-di-giovanni-valle-da-presidente-del-comitato-promotore-dei-mondiali-di-sci-alpino-cortina-2015\/","og_site_name":"Bellunopress - Dolomiti","article_publisher":"https:\/\/www.facebook.com\/profile.php?id=100008943462799","article_published_time":"2009-08-14T16:17:35+00:00","og_image":[{"url":"http:\/\/www.bellunopress.it\/wp-content\/uploads\/2012\/07\/logo-bellunopress-250x250-2012.jpg","type":"","width":"","height":""}],"author":"redazione","twitter_card":"summary_large_image","twitter_creator":"@bellunopress","twitter_site":"@bellunopress","twitter_misc":{"\u00c9crit par":"redazione","Dur\u00e9e de lecture estim\u00e9e":"2 minutes"},"schema":{"@context":"https:\/\/schema.org","@graph":[{"@type":"Article","@id":"https:\/\/www.bellunopress.it\/2009\/08\/14\/nessura-richiesta-della-fisi-dietro-le-dimissioni-di-giovanni-valle-da-presidente-del-comitato-promotore-dei-mondiali-di-sci-alpino-cortina-2015\/#article","isPartOf":{"@id":"https:\/\/www.bellunopress.it\/2009\/08\/14\/nessura-richiesta-della-fisi-dietro-le-dimissioni-di-giovanni-valle-da-presidente-del-comitato-promotore-dei-mondiali-di-sci-alpino-cortina-2015\/"},"author":{"name":"redazione","@id":"https:\/\/www.bellunopress.it\/#\/schema\/person\/79bb06722b37ece1c03d3e94beb30d73"},"headline":"Nessura richiesta della Fisi dietro le dimissioni di Giovanni Valle da presidente del Comitato promotore dei Mondiali di sci alpino &#8220;Cortina 2015&#8221;","datePublished":"2009-08-14T16:17:35+00:00","mainEntityOfPage":{"@id":"https:\/\/www.bellunopress.it\/2009\/08\/14\/nessura-richiesta-della-fisi-dietro-le-dimissioni-di-giovanni-valle-da-presidente-del-comitato-promotore-dei-mondiali-di-sci-alpino-cortina-2015\/"},"wordCount":481,"publisher":{"@id":"https:\/\/www.bellunopress.it\/#organization"},"articleSection":["Prima Pagina","Sport, tempo libero"],"inLanguage":"fr-FR"},{"@type":"WebPage","@id":"https:\/\/www.bellunopress.it\/2009\/08\/14\/nessura-richiesta-della-fisi-dietro-le-dimissioni-di-giovanni-valle-da-presidente-del-comitato-promotore-dei-mondiali-di-sci-alpino-cortina-2015\/","url":"https:\/\/www.bellunopress.it\/2009\/08\/14\/nessura-richiesta-della-fisi-dietro-le-dimissioni-di-giovanni-valle-da-presidente-del-comitato-promotore-dei-mondiali-di-sci-alpino-cortina-2015\/","name":"Nessura richiesta della Fisi dietro le dimissioni di Giovanni Valle da presidente del Comitato promotore dei Mondiali di sci alpino \"Cortina 2015\" - Bellunopress - Dolomiti","isPartOf":{"@id":"https:\/\/www.bellunopress.it\/#website"},"datePublished":"2009-08-14T16:17:35+00:00","breadcrumb":{"@id":"https:\/\/www.bellunopress.it\/2009\/08\/14\/nessura-richiesta-della-fisi-dietro-le-dimissioni-di-giovanni-valle-da-presidente-del-comitato-promotore-dei-mondiali-di-sci-alpino-cortina-2015\/#breadcrumb"},"inLanguage":"fr-FR","potentialAction":[{"@type":"ReadAction","target":["https:\/\/www.bellunopress.it\/2009\/08\/14\/nessura-richiesta-della-fisi-dietro-le-dimissioni-di-giovanni-valle-da-presidente-del-comitato-promotore-dei-mondiali-di-sci-alpino-cortina-2015\/"]}]},{"@type":"BreadcrumbList","@id":"https:\/\/www.bellunopress.it\/2009\/08\/14\/nessura-richiesta-della-fisi-dietro-le-dimissioni-di-giovanni-valle-da-presidente-del-comitato-promotore-dei-mondiali-di-sci-alpino-cortina-2015\/#breadcrumb","itemListElement":[{"@type":"ListItem","position":1,"name":"Home","item":"https:\/\/www.bellunopress.it\/"},{"@type":"ListItem","position":2,"name":"Nessura richiesta della Fisi dietro le dimissioni di Giovanni Valle da presidente del Comitato promotore dei Mondiali di sci alpino &#8220;Cortina 2015&#8221;"}]},{"@type":"WebSite","@id":"https:\/\/www.bellunopress.it\/#website","url":"https:\/\/www.bellunopress.it\/","name":"Bellunopress - Dolomiti","description":"e-mail: redazione@bellunopress.it","publisher":{"@id":"https:\/\/www.bellunopress.it\/#organization"},"potentialAction":[{"@type":"SearchAction","target":{"@type":"EntryPoint","urlTemplate":"https:\/\/www.bellunopress.it\/?s={search_term_string}"},"query-input":{"@type":"PropertyValueSpecification","valueRequired":true,"valueName":"search_term_string"}}],"inLanguage":"fr-FR"},{"@type":"Organization","@id":"https:\/\/www.bellunopress.it\/#organization","name":"Bellunopress","url":"https:\/\/www.bellunopress.it\/","logo":{"@type":"ImageObject","inLanguage":"fr-FR","@id":"https:\/\/www.bellunopress.it\/#\/schema\/logo\/image\/","url":"https:\/\/www.bellunopress.it\/wp-content\/uploads\/2011\/05\/cropped-logo-bellunopress-.jpg","contentUrl":"https:\/\/www.bellunopress.it\/wp-content\/uploads\/2011\/05\/cropped-logo-bellunopress-.jpg","width":512,"height":512,"caption":"Bellunopress"},"image":{"@id":"https:\/\/www.bellunopress.it\/#\/schema\/logo\/image\/"},"sameAs":["https:\/\/www.facebook.com\/profile.php?id=100008943462799","https:\/\/x.com\/bellunopress","https:\/\/www.linkedin.com\/hp\/?dnr=JBzUWaJfMUw8vbXJJ2tVW5-I3jZKvC4wsoxE&amp;amp;amp;amp;amp;amp;trk=nav_responsive_tab_home","https:\/\/www.youtube.com\/channel\/UCxL0wu1uN0_3_7hGG0306cw"]},{"@type":"Person","@id":"https:\/\/www.bellunopress.it\/#\/schema\/person\/79bb06722b37ece1c03d3e94beb30d73","name":"r\u00e9daction","image":{"@type":"ImageObject","inLanguage":"fr-FR","@id":"https:\/\/secure.gravatar.com\/avatar\/37d968a2e67a6fd04c169c4bdef102d0bc5d31b2546345219e348575eb80e9a0?s=96&d=mm&r=g","url":"https:\/\/secure.gravatar.com\/avatar\/37d968a2e67a6fd04c169c4bdef102d0bc5d31b2546345219e348575eb80e9a0?s=96&d=mm&r=g","contentUrl":"https:\/\/secure.gravatar.com\/avatar\/37d968a2e67a6fd04c169c4bdef102d0bc5d31b2546345219e348575eb80e9a0?s=96&d=mm&r=g","caption":"redazione"},"sameAs":["http:\/\/www.bellunopress.it","https:\/\/x.com\/bellunopress"],"url":"https:\/\/www.bellunopress.it\/fr\/author\/redazione\/"}]}},"_links":{"self":[{"href":"https:\/\/www.bellunopress.it\/fr\/wp-json\/wp\/v2\/posts\/7022","targetHints":{"allow":["GET"]}}],"collection":[{"href":"https:\/\/www.bellunopress.it\/fr\/wp-json\/wp\/v2\/posts"}],"about":[{"href":"https:\/\/www.bellunopress.it\/fr\/wp-json\/wp\/v2\/types\/post"}],"author":[{"embeddable":true,"href":"https:\/\/www.bellunopress.it\/fr\/wp-json\/wp\/v2\/users\/2"}],"replies":[{"embeddable":true,"href":"https:\/\/www.bellunopress.it\/fr\/wp-json\/wp\/v2\/comments?post=7022"}],"version-history":[{"count":1,"href":"https:\/\/www.bellunopress.it\/fr\/wp-json\/wp\/v2\/posts\/7022\/revisions"}],"predecessor-version":[{"id":7023,"href":"https:\/\/www.bellunopress.it\/fr\/wp-json\/wp\/v2\/posts\/7022\/revisions\/7023"}],"wp:attachment":[{"href":"https:\/\/www.bellunopress.it\/fr\/wp-json\/wp\/v2\/media?parent=7022"}],"wp:term":[{"taxonomy":"category","embeddable":true,"href":"https:\/\/www.bellunopress.it\/fr\/wp-json\/wp\/v2\/categories?post=7022"},{"taxonomy":"post_tag","embeddable":true,"href":"https:\/\/www.bellunopress.it\/fr\/wp-json\/wp\/v2\/tags?post=7022"}],"curies":[{"name":"wp","href":"https:\/\/api.w.org\/{rel}","templated":true}]}}