{"id":7018,"date":"2009-08-14T16:47:51","date_gmt":"2009-08-14T15:47:51","guid":{"rendered":"http:\/\/www.bellunopress.it\/?p=7018"},"modified":"2009-08-14T16:47:51","modified_gmt":"2009-08-14T15:47:51","slug":"maurizio-fistarol-serve-una-legge-poche-regole-base-per-la-sicurezza-di-chi-frequenta-sentieri-e-ferrate","status":"publish","type":"post","link":"https:\/\/www.bellunopress.it\/fr\/2009\/08\/14\/maurizio-fistarol-serve-una-legge-poche-regole-base-per-la-sicurezza-di-chi-frequenta-sentieri-e-ferrate\/","title":{"rendered":"Maurizio Fistarol: &#8220;Serve una legge, poche regole base per la sicurezza di chi frequenta sentieri e ferrate&#8221;"},"content":{"rendered":"<figure id=\"attachment_1343\" aria-describedby=\"caption-attachment-1343\" style=\"width: 270px\" class=\"wp-caption alignleft\"><a href=\"http:\/\/www.bellunopress.it\/wp-content\/uploads\/2009\/03\/maurizio-fistarol-270x180.jpg\"><img loading=\"lazy\" decoding=\"async\" class=\"size-medium wp-image-1343\" title=\"maurizio-fistarol-270x180\" src=\"http:\/\/www.bellunopress.it\/wp-content\/uploads\/2009\/03\/maurizio-fistarol-270x180.jpg\" alt=\"Maurizio Fistarol senatore Pd\" width=\"270\" height=\"180\" \/><\/a><figcaption id=\"caption-attachment-1343\" class=\"wp-caption-text\">Maurizio Fistarol senatore Pd<\/figcaption><\/figure>\n<p>\u201cVisto il diffondersi degli incidenti mortali in montagna, anche su percorsi apparentemente agevoli, \u00e8 opportuno istituire una commissione di esperti che valuti una serie di regole minime da tradurre in legge\u201d. E\u2019 questa la proposta che sar\u00e0 presentata dal senatore veneto del Pd, Maurizio Fistarol, non appena riprenderanno i lavori parlamentari. Quella del 2009 si conferma come un&#8217;estate nera per gli incidenti in montagna. L\u2019ultimo in Val Vajont, in provincia di Pordenone, \u00e8 costato la vita ad un 36enne padovano. &#8220;I pericoli &#8211;\u00a0ha dichiarato l\u2019ex sindaco di Belluno che le Dolomiti le frequenta spesso, soprattutto in estate &#8211; non potranno mai essere ridotti a zero, ma si possono prevenire. Vista ormai la frequentazione di massa di sentieri e ferrate quello che serve per andare in montagna sono poche regole di base che, per\u00f2, devono essere applicate come dotarsi di un minimo di equipaggiamento soprattutto per i percorsi pi\u00f9 esposti e una segnalazione migliore di quella esistente\u201d.\u00a0 \u201dLa montagna deve essere conosciuta e rispettata. Per questo potrebbe essere utile realizzare una campagna di informazione anche sui media nazionali. In televisione vediamo tanta pubblicit\u00e0 inutile. Uno spot sociale a questo fine potrebbe servire. Ma senza fare allarmismi ingiustificati. Andare in montagna \u00e8 un\u2019esperienza straordinaria &#8211; ha concluso l\u2019ex sindaco di Belluno &#8211; che va propagandata\u201d.<\/p>","protected":false},"excerpt":{"rendered":"<p>\u201cVisto il diffondersi degli incidenti mortali in montagna, anche su percorsi apparentemente agevoli, \u00e8 opportuno istituire una commissione di esperti che valuti una serie di regole minime da tradurre in legge\u201d. E\u2019 questa la proposta che sar\u00e0 presentata dal senatore veneto del Pd, Maurizio Fistarol, non appena riprenderanno i lavori parlamentari. Quella del 2009 si [&hellip;]<\/p>\n","protected":false},"author":2,"featured_media":0,"comment_status":"closed","ping_status":"open","sticky":false,"template":"","format":"standard","meta":{"footnotes":""},"categories":[5],"tags":[139,63],"class_list":["post-7018","post","type-post","status-publish","format-standard","category-cronaca","tag-belluno","tag-dolomiti"],"yoast_head":"<!-- This site is optimized with the Yoast SEO plugin v28.4 - https:\/\/yoast.com\/product\/yoast-seo-wordpress\/ -->\n<title>Maurizio Fistarol: &quot;Serve una legge, poche regole base per la sicurezza di chi frequenta sentieri e ferrate&quot; - Bellunopress - Dolomiti<\/title>\n<meta name=\"robots\" content=\"index, follow, max-snippet:-1, max-image-preview:large, max-video-preview:-1\" \/>\n<link rel=\"canonical\" href=\"https:\/\/www.bellunopress.it\/fr\/2009\/08\/14\/maurizio-fistarol-serve-una-legge-poche-regole-base-per-la-sicurezza-di-chi-frequenta-sentieri-e-ferrate\/\" \/>\n<meta property=\"og:locale\" content=\"fr_FR\" \/>\n<meta property=\"og:type\" content=\"article\" \/>\n<meta property=\"og:title\" content=\"Maurizio Fistarol: &quot;Serve una legge, poche regole base per la sicurezza di chi frequenta sentieri e ferrate&quot; - Bellunopress - Dolomiti\" \/>\n<meta property=\"og:description\" content=\"\u201cVisto il diffondersi degli incidenti mortali in montagna, anche su percorsi apparentemente agevoli, \u00e8 opportuno istituire una commissione di esperti che valuti una serie di regole minime da tradurre in legge\u201d. E\u2019 questa la proposta che sar\u00e0 presentata dal senatore veneto del Pd, Maurizio Fistarol, non appena riprenderanno i lavori parlamentari. Quella del 2009 si [&hellip;]\" \/>\n<meta property=\"og:url\" content=\"https:\/\/www.bellunopress.it\/fr\/2009\/08\/14\/maurizio-fistarol-serve-una-legge-poche-regole-base-per-la-sicurezza-di-chi-frequenta-sentieri-e-ferrate\/\" \/>\n<meta property=\"og:site_name\" content=\"Bellunopress - Dolomiti\" \/>\n<meta property=\"article:publisher\" content=\"https:\/\/www.facebook.com\/profile.php?id=100008943462799\" \/>\n<meta property=\"article:published_time\" content=\"2009-08-14T15:47:51+00:00\" \/>\n<meta property=\"og:image\" content=\"http:\/\/www.bellunopress.it\/wp-content\/uploads\/2009\/03\/maurizio-fistarol-270x180.jpg\" \/>\n<meta name=\"author\" content=\"redazione\" \/>\n<meta name=\"twitter:card\" content=\"summary_large_image\" \/>\n<meta name=\"twitter:creator\" content=\"@bellunopress\" \/>\n<meta name=\"twitter:site\" content=\"@bellunopress\" \/>\n<meta name=\"twitter:label1\" content=\"\u00c9crit par\" \/>\n\t<meta name=\"twitter:data1\" content=\"redazione\" \/>\n\t<meta name=\"twitter:label2\" content=\"Dur\u00e9e de lecture estim\u00e9e\" \/>\n\t<meta name=\"twitter:data2\" content=\"1 minute\" \/>\n<script type=\"application\/ld+json\" class=\"yoast-schema-graph\">{\"@context\":\"https:\\\/\\\/schema.org\",\"@graph\":[{\"@type\":\"Article\",\"@id\":\"https:\\\/\\\/www.bellunopress.it\\\/2009\\\/08\\\/14\\\/maurizio-fistarol-serve-una-legge-poche-regole-base-per-la-sicurezza-di-chi-frequenta-sentieri-e-ferrate\\\/#article\",\"isPartOf\":{\"@id\":\"https:\\\/\\\/www.bellunopress.it\\\/2009\\\/08\\\/14\\\/maurizio-fistarol-serve-una-legge-poche-regole-base-per-la-sicurezza-di-chi-frequenta-sentieri-e-ferrate\\\/\"},\"author\":{\"name\":\"redazione\",\"@id\":\"https:\\\/\\\/www.bellunopress.it\\\/#\\\/schema\\\/person\\\/79bb06722b37ece1c03d3e94beb30d73\"},\"headline\":\"Maurizio Fistarol: &#8220;Serve una legge, poche regole base per la sicurezza di chi frequenta sentieri e ferrate&#8221;\",\"datePublished\":\"2009-08-14T15:47:51+00:00\",\"mainEntityOfPage\":{\"@id\":\"https:\\\/\\\/www.bellunopress.it\\\/2009\\\/08\\\/14\\\/maurizio-fistarol-serve-una-legge-poche-regole-base-per-la-sicurezza-di-chi-frequenta-sentieri-e-ferrate\\\/\"},\"wordCount\":244,\"publisher\":{\"@id\":\"https:\\\/\\\/www.bellunopress.it\\\/#organization\"},\"image\":{\"@id\":\"https:\\\/\\\/www.bellunopress.it\\\/2009\\\/08\\\/14\\\/maurizio-fistarol-serve-una-legge-poche-regole-base-per-la-sicurezza-di-chi-frequenta-sentieri-e-ferrate\\\/#primaryimage\"},\"thumbnailUrl\":\"http:\\\/\\\/www.bellunopress.it\\\/wp-content\\\/uploads\\\/2009\\\/03\\\/maurizio-fistarol-270x180.jpg\",\"keywords\":[\"Belluno\",\"Dolomiti\"],\"articleSection\":[\"Cronaca\\\/Politica\"],\"inLanguage\":\"fr-FR\"},{\"@type\":\"WebPage\",\"@id\":\"https:\\\/\\\/www.bellunopress.it\\\/2009\\\/08\\\/14\\\/maurizio-fistarol-serve-una-legge-poche-regole-base-per-la-sicurezza-di-chi-frequenta-sentieri-e-ferrate\\\/\",\"url\":\"https:\\\/\\\/www.bellunopress.it\\\/2009\\\/08\\\/14\\\/maurizio-fistarol-serve-una-legge-poche-regole-base-per-la-sicurezza-di-chi-frequenta-sentieri-e-ferrate\\\/\",\"name\":\"Maurizio Fistarol: \\\"Serve una legge, poche regole base per la sicurezza di chi frequenta sentieri e ferrate\\\" - Bellunopress - Dolomiti\",\"isPartOf\":{\"@id\":\"https:\\\/\\\/www.bellunopress.it\\\/#website\"},\"primaryImageOfPage\":{\"@id\":\"https:\\\/\\\/www.bellunopress.it\\\/2009\\\/08\\\/14\\\/maurizio-fistarol-serve-una-legge-poche-regole-base-per-la-sicurezza-di-chi-frequenta-sentieri-e-ferrate\\\/#primaryimage\"},\"image\":{\"@id\":\"https:\\\/\\\/www.bellunopress.it\\\/2009\\\/08\\\/14\\\/maurizio-fistarol-serve-una-legge-poche-regole-base-per-la-sicurezza-di-chi-frequenta-sentieri-e-ferrate\\\/#primaryimage\"},\"thumbnailUrl\":\"http:\\\/\\\/www.bellunopress.it\\\/wp-content\\\/uploads\\\/2009\\\/03\\\/maurizio-fistarol-270x180.jpg\",\"datePublished\":\"2009-08-14T15:47:51+00:00\",\"breadcrumb\":{\"@id\":\"https:\\\/\\\/www.bellunopress.it\\\/2009\\\/08\\\/14\\\/maurizio-fistarol-serve-una-legge-poche-regole-base-per-la-sicurezza-di-chi-frequenta-sentieri-e-ferrate\\\/#breadcrumb\"},\"inLanguage\":\"fr-FR\",\"potentialAction\":[{\"@type\":\"ReadAction\",\"target\":[\"https:\\\/\\\/www.bellunopress.it\\\/2009\\\/08\\\/14\\\/maurizio-fistarol-serve-una-legge-poche-regole-base-per-la-sicurezza-di-chi-frequenta-sentieri-e-ferrate\\\/\"]}]},{\"@type\":\"ImageObject\",\"inLanguage\":\"fr-FR\",\"@id\":\"https:\\\/\\\/www.bellunopress.it\\\/2009\\\/08\\\/14\\\/maurizio-fistarol-serve-una-legge-poche-regole-base-per-la-sicurezza-di-chi-frequenta-sentieri-e-ferrate\\\/#primaryimage\",\"url\":\"http:\\\/\\\/www.bellunopress.it\\\/wp-content\\\/uploads\\\/2009\\\/03\\\/maurizio-fistarol-270x180.jpg\",\"contentUrl\":\"http:\\\/\\\/www.bellunopress.it\\\/wp-content\\\/uploads\\\/2009\\\/03\\\/maurizio-fistarol-270x180.jpg\"},{\"@type\":\"BreadcrumbList\",\"@id\":\"https:\\\/\\\/www.bellunopress.it\\\/2009\\\/08\\\/14\\\/maurizio-fistarol-serve-una-legge-poche-regole-base-per-la-sicurezza-di-chi-frequenta-sentieri-e-ferrate\\\/#breadcrumb\",\"itemListElement\":[{\"@type\":\"ListItem\",\"position\":1,\"name\":\"Home\",\"item\":\"https:\\\/\\\/www.bellunopress.it\\\/\"},{\"@type\":\"ListItem\",\"position\":2,\"name\":\"Maurizio Fistarol: &#8220;Serve una legge, poche regole base per la sicurezza di chi frequenta sentieri e ferrate&#8221;\"}]},{\"@type\":\"WebSite\",\"@id\":\"https:\\\/\\\/www.bellunopress.it\\\/#website\",\"url\":\"https:\\\/\\\/www.bellunopress.it\\\/\",\"name\":\"Bellunopress - Dolomiti\",\"description\":\"e-mail: redazione@bellunopress.it\",\"publisher\":{\"@id\":\"https:\\\/\\\/www.bellunopress.it\\\/#organization\"},\"potentialAction\":[{\"@type\":\"SearchAction\",\"target\":{\"@type\":\"EntryPoint\",\"urlTemplate\":\"https:\\\/\\\/www.bellunopress.it\\\/?s={search_term_string}\"},\"query-input\":{\"@type\":\"PropertyValueSpecification\",\"valueRequired\":true,\"valueName\":\"search_term_string\"}}],\"inLanguage\":\"fr-FR\"},{\"@type\":\"Organization\",\"@id\":\"https:\\\/\\\/www.bellunopress.it\\\/#organization\",\"name\":\"Bellunopress\",\"url\":\"https:\\\/\\\/www.bellunopress.it\\\/\",\"logo\":{\"@type\":\"ImageObject\",\"inLanguage\":\"fr-FR\",\"@id\":\"https:\\\/\\\/www.bellunopress.it\\\/#\\\/schema\\\/logo\\\/image\\\/\",\"url\":\"https:\\\/\\\/www.bellunopress.it\\\/wp-content\\\/uploads\\\/2011\\\/05\\\/cropped-logo-bellunopress-.jpg\",\"contentUrl\":\"https:\\\/\\\/www.bellunopress.it\\\/wp-content\\\/uploads\\\/2011\\\/05\\\/cropped-logo-bellunopress-.jpg\",\"width\":512,\"height\":512,\"caption\":\"Bellunopress\"},\"image\":{\"@id\":\"https:\\\/\\\/www.bellunopress.it\\\/#\\\/schema\\\/logo\\\/image\\\/\"},\"sameAs\":[\"https:\\\/\\\/www.facebook.com\\\/profile.php?id=100008943462799\",\"https:\\\/\\\/x.com\\\/bellunopress\",\"https:\\\/\\\/www.linkedin.com\\\/hp\\\/?dnr=JBzUWaJfMUw8vbXJJ2tVW5-I3jZKvC4wsoxE&amp;amp;amp;amp;amp;amp;trk=nav_responsive_tab_home\",\"https:\\\/\\\/www.youtube.com\\\/channel\\\/UCxL0wu1uN0_3_7hGG0306cw\"]},{\"@type\":\"Person\",\"@id\":\"https:\\\/\\\/www.bellunopress.it\\\/#\\\/schema\\\/person\\\/79bb06722b37ece1c03d3e94beb30d73\",\"name\":\"redazione\",\"image\":{\"@type\":\"ImageObject\",\"inLanguage\":\"fr-FR\",\"@id\":\"https:\\\/\\\/secure.gravatar.com\\\/avatar\\\/37d968a2e67a6fd04c169c4bdef102d0bc5d31b2546345219e348575eb80e9a0?s=96&d=mm&r=g\",\"url\":\"https:\\\/\\\/secure.gravatar.com\\\/avatar\\\/37d968a2e67a6fd04c169c4bdef102d0bc5d31b2546345219e348575eb80e9a0?s=96&d=mm&r=g\",\"contentUrl\":\"https:\\\/\\\/secure.gravatar.com\\\/avatar\\\/37d968a2e67a6fd04c169c4bdef102d0bc5d31b2546345219e348575eb80e9a0?s=96&d=mm&r=g\",\"caption\":\"redazione\"},\"sameAs\":[\"http:\\\/\\\/www.bellunopress.it\",\"https:\\\/\\\/x.com\\\/bellunopress\"],\"url\":\"https:\\\/\\\/www.bellunopress.it\\\/fr\\\/author\\\/redazione\\\/\"}]}<\/script>\n<!-- \/ Yoast SEO plugin. -->","yoast_head_json":{"title":"Maurizio Fistarol: \"Serve una legge, poche regole base per la sicurezza di chi frequenta sentieri e ferrate\" - Bellunopress - Dolomiti","robots":{"index":"index","follow":"follow","max-snippet":"max-snippet:-1","max-image-preview":"max-image-preview:large","max-video-preview":"max-video-preview:-1"},"canonical":"https:\/\/www.bellunopress.it\/fr\/2009\/08\/14\/maurizio-fistarol-serve-una-legge-poche-regole-base-per-la-sicurezza-di-chi-frequenta-sentieri-e-ferrate\/","og_locale":"fr_FR","og_type":"article","og_title":"Maurizio Fistarol: \"Serve una legge, poche regole base per la sicurezza di chi frequenta sentieri e ferrate\" - Bellunopress - Dolomiti","og_description":"\u201cVisto il diffondersi degli incidenti mortali in montagna, anche su percorsi apparentemente agevoli, \u00e8 opportuno istituire una commissione di esperti che valuti una serie di regole minime da tradurre in legge\u201d. E\u2019 questa la proposta che sar\u00e0 presentata dal senatore veneto del Pd, Maurizio Fistarol, non appena riprenderanno i lavori parlamentari. Quella del 2009 si [&hellip;]","og_url":"https:\/\/www.bellunopress.it\/fr\/2009\/08\/14\/maurizio-fistarol-serve-una-legge-poche-regole-base-per-la-sicurezza-di-chi-frequenta-sentieri-e-ferrate\/","og_site_name":"Bellunopress - Dolomiti","article_publisher":"https:\/\/www.facebook.com\/profile.php?id=100008943462799","article_published_time":"2009-08-14T15:47:51+00:00","og_image":[{"url":"http:\/\/www.bellunopress.it\/wp-content\/uploads\/2009\/03\/maurizio-fistarol-270x180.jpg","type":"","width":"","height":""}],"author":"redazione","twitter_card":"summary_large_image","twitter_creator":"@bellunopress","twitter_site":"@bellunopress","twitter_misc":{"\u00c9crit par":"redazione","Dur\u00e9e de lecture estim\u00e9e":"1 minute"},"schema":{"@context":"https:\/\/schema.org","@graph":[{"@type":"Article","@id":"https:\/\/www.bellunopress.it\/2009\/08\/14\/maurizio-fistarol-serve-una-legge-poche-regole-base-per-la-sicurezza-di-chi-frequenta-sentieri-e-ferrate\/#article","isPartOf":{"@id":"https:\/\/www.bellunopress.it\/2009\/08\/14\/maurizio-fistarol-serve-una-legge-poche-regole-base-per-la-sicurezza-di-chi-frequenta-sentieri-e-ferrate\/"},"author":{"name":"redazione","@id":"https:\/\/www.bellunopress.it\/#\/schema\/person\/79bb06722b37ece1c03d3e94beb30d73"},"headline":"Maurizio Fistarol: &#8220;Serve una legge, poche regole base per la sicurezza di chi frequenta sentieri e ferrate&#8221;","datePublished":"2009-08-14T15:47:51+00:00","mainEntityOfPage":{"@id":"https:\/\/www.bellunopress.it\/2009\/08\/14\/maurizio-fistarol-serve-una-legge-poche-regole-base-per-la-sicurezza-di-chi-frequenta-sentieri-e-ferrate\/"},"wordCount":244,"publisher":{"@id":"https:\/\/www.bellunopress.it\/#organization"},"image":{"@id":"https:\/\/www.bellunopress.it\/2009\/08\/14\/maurizio-fistarol-serve-una-legge-poche-regole-base-per-la-sicurezza-di-chi-frequenta-sentieri-e-ferrate\/#primaryimage"},"thumbnailUrl":"http:\/\/www.bellunopress.it\/wp-content\/uploads\/2009\/03\/maurizio-fistarol-270x180.jpg","keywords":["Belluno","Dolomiti"],"articleSection":["Cronaca\/Politica"],"inLanguage":"fr-FR"},{"@type":"WebPage","@id":"https:\/\/www.bellunopress.it\/2009\/08\/14\/maurizio-fistarol-serve-una-legge-poche-regole-base-per-la-sicurezza-di-chi-frequenta-sentieri-e-ferrate\/","url":"https:\/\/www.bellunopress.it\/2009\/08\/14\/maurizio-fistarol-serve-una-legge-poche-regole-base-per-la-sicurezza-di-chi-frequenta-sentieri-e-ferrate\/","name":"Maurizio Fistarol: \"Serve una legge, poche regole base per la sicurezza di chi frequenta sentieri e ferrate\" - Bellunopress - Dolomiti","isPartOf":{"@id":"https:\/\/www.bellunopress.it\/#website"},"primaryImageOfPage":{"@id":"https:\/\/www.bellunopress.it\/2009\/08\/14\/maurizio-fistarol-serve-una-legge-poche-regole-base-per-la-sicurezza-di-chi-frequenta-sentieri-e-ferrate\/#primaryimage"},"image":{"@id":"https:\/\/www.bellunopress.it\/2009\/08\/14\/maurizio-fistarol-serve-una-legge-poche-regole-base-per-la-sicurezza-di-chi-frequenta-sentieri-e-ferrate\/#primaryimage"},"thumbnailUrl":"http:\/\/www.bellunopress.it\/wp-content\/uploads\/2009\/03\/maurizio-fistarol-270x180.jpg","datePublished":"2009-08-14T15:47:51+00:00","breadcrumb":{"@id":"https:\/\/www.bellunopress.it\/2009\/08\/14\/maurizio-fistarol-serve-una-legge-poche-regole-base-per-la-sicurezza-di-chi-frequenta-sentieri-e-ferrate\/#breadcrumb"},"inLanguage":"fr-FR","potentialAction":[{"@type":"ReadAction","target":["https:\/\/www.bellunopress.it\/2009\/08\/14\/maurizio-fistarol-serve-una-legge-poche-regole-base-per-la-sicurezza-di-chi-frequenta-sentieri-e-ferrate\/"]}]},{"@type":"ImageObject","inLanguage":"fr-FR","@id":"https:\/\/www.bellunopress.it\/2009\/08\/14\/maurizio-fistarol-serve-una-legge-poche-regole-base-per-la-sicurezza-di-chi-frequenta-sentieri-e-ferrate\/#primaryimage","url":"http:\/\/www.bellunopress.it\/wp-content\/uploads\/2009\/03\/maurizio-fistarol-270x180.jpg","contentUrl":"http:\/\/www.bellunopress.it\/wp-content\/uploads\/2009\/03\/maurizio-fistarol-270x180.jpg"},{"@type":"BreadcrumbList","@id":"https:\/\/www.bellunopress.it\/2009\/08\/14\/maurizio-fistarol-serve-una-legge-poche-regole-base-per-la-sicurezza-di-chi-frequenta-sentieri-e-ferrate\/#breadcrumb","itemListElement":[{"@type":"ListItem","position":1,"name":"Home","item":"https:\/\/www.bellunopress.it\/"},{"@type":"ListItem","position":2,"name":"Maurizio Fistarol: &#8220;Serve una legge, poche regole base per la sicurezza di chi frequenta sentieri e ferrate&#8221;"}]},{"@type":"WebSite","@id":"https:\/\/www.bellunopress.it\/#website","url":"https:\/\/www.bellunopress.it\/","name":"Bellunopress - Dolomiti","description":"e-mail: redazione@bellunopress.it","publisher":{"@id":"https:\/\/www.bellunopress.it\/#organization"},"potentialAction":[{"@type":"SearchAction","target":{"@type":"EntryPoint","urlTemplate":"https:\/\/www.bellunopress.it\/?s={search_term_string}"},"query-input":{"@type":"PropertyValueSpecification","valueRequired":true,"valueName":"search_term_string"}}],"inLanguage":"fr-FR"},{"@type":"Organization","@id":"https:\/\/www.bellunopress.it\/#organization","name":"Bellunopress","url":"https:\/\/www.bellunopress.it\/","logo":{"@type":"ImageObject","inLanguage":"fr-FR","@id":"https:\/\/www.bellunopress.it\/#\/schema\/logo\/image\/","url":"https:\/\/www.bellunopress.it\/wp-content\/uploads\/2011\/05\/cropped-logo-bellunopress-.jpg","contentUrl":"https:\/\/www.bellunopress.it\/wp-content\/uploads\/2011\/05\/cropped-logo-bellunopress-.jpg","width":512,"height":512,"caption":"Bellunopress"},"image":{"@id":"https:\/\/www.bellunopress.it\/#\/schema\/logo\/image\/"},"sameAs":["https:\/\/www.facebook.com\/profile.php?id=100008943462799","https:\/\/x.com\/bellunopress","https:\/\/www.linkedin.com\/hp\/?dnr=JBzUWaJfMUw8vbXJJ2tVW5-I3jZKvC4wsoxE&amp;amp;amp;amp;amp;amp;trk=nav_responsive_tab_home","https:\/\/www.youtube.com\/channel\/UCxL0wu1uN0_3_7hGG0306cw"]},{"@type":"Person","@id":"https:\/\/www.bellunopress.it\/#\/schema\/person\/79bb06722b37ece1c03d3e94beb30d73","name":"r\u00e9daction","image":{"@type":"ImageObject","inLanguage":"fr-FR","@id":"https:\/\/secure.gravatar.com\/avatar\/37d968a2e67a6fd04c169c4bdef102d0bc5d31b2546345219e348575eb80e9a0?s=96&d=mm&r=g","url":"https:\/\/secure.gravatar.com\/avatar\/37d968a2e67a6fd04c169c4bdef102d0bc5d31b2546345219e348575eb80e9a0?s=96&d=mm&r=g","contentUrl":"https:\/\/secure.gravatar.com\/avatar\/37d968a2e67a6fd04c169c4bdef102d0bc5d31b2546345219e348575eb80e9a0?s=96&d=mm&r=g","caption":"redazione"},"sameAs":["http:\/\/www.bellunopress.it","https:\/\/x.com\/bellunopress"],"url":"https:\/\/www.bellunopress.it\/fr\/author\/redazione\/"}]}},"_links":{"self":[{"href":"https:\/\/www.bellunopress.it\/fr\/wp-json\/wp\/v2\/posts\/7018","targetHints":{"allow":["GET"]}}],"collection":[{"href":"https:\/\/www.bellunopress.it\/fr\/wp-json\/wp\/v2\/posts"}],"about":[{"href":"https:\/\/www.bellunopress.it\/fr\/wp-json\/wp\/v2\/types\/post"}],"author":[{"embeddable":true,"href":"https:\/\/www.bellunopress.it\/fr\/wp-json\/wp\/v2\/users\/2"}],"replies":[{"embeddable":true,"href":"https:\/\/www.bellunopress.it\/fr\/wp-json\/wp\/v2\/comments?post=7018"}],"version-history":[{"count":1,"href":"https:\/\/www.bellunopress.it\/fr\/wp-json\/wp\/v2\/posts\/7018\/revisions"}],"predecessor-version":[{"id":7019,"href":"https:\/\/www.bellunopress.it\/fr\/wp-json\/wp\/v2\/posts\/7018\/revisions\/7019"}],"wp:attachment":[{"href":"https:\/\/www.bellunopress.it\/fr\/wp-json\/wp\/v2\/media?parent=7018"}],"wp:term":[{"taxonomy":"category","embeddable":true,"href":"https:\/\/www.bellunopress.it\/fr\/wp-json\/wp\/v2\/categories?post=7018"},{"taxonomy":"post_tag","embeddable":true,"href":"https:\/\/www.bellunopress.it\/fr\/wp-json\/wp\/v2\/tags?post=7018"}],"curies":[{"name":"wp","href":"https:\/\/api.w.org\/{rel}","templated":true}]}}