{"id":7014,"date":"2009-08-14T16:42:31","date_gmt":"2009-08-14T15:42:31","guid":{"rendered":"http:\/\/www.bellunopress.it\/?p=7014"},"modified":"2009-08-14T16:42:31","modified_gmt":"2009-08-14T15:42:31","slug":"borca-di-cadore-la-seconda-vasca-quella-della-morte-non-si-doveva-fare","status":"publish","type":"post","link":"https:\/\/www.bellunopress.it\/fr\/2009\/08\/14\/borca-di-cadore-la-seconda-vasca-quella-della-morte-non-si-doveva-fare\/","title":{"rendered":"Borca di Cadore: la seconda vasca, quella della morte non si doveva fare!"},"content":{"rendered":"<figure id=\"attachment_7015\" aria-describedby=\"caption-attachment-7015\" style=\"width: 130px\" class=\"wp-caption alignleft\"><a href=\"http:\/\/www.bellunopress.it\/wp-content\/uploads\/2009\/08\/massimo-caproni-progetto-borca.jpg\"><img loading=\"lazy\" decoding=\"async\" class=\"size-medium wp-image-7015\" title=\"massimo-caproni-progetto-borca\" src=\"http:\/\/www.bellunopress.it\/wp-content\/uploads\/2009\/08\/massimo-caproni-progetto-borca.jpg\" alt=\"Massimo Caproni \" width=\"130\" height=\"119\" \/><\/a><figcaption id=\"caption-attachment-7015\" class=\"wp-caption-text\">Massimo Caproni <\/figcaption><\/figure>\n<p>Sulla tragedia di Cancia, interviene il consigliere d&#8217;opposizione del &#8220;Progetto Borca&#8221; Massimo Caproni, con un una dura critica nei confronti del sindaco.\u00a0 &#8220;Mi sono sentito in dovere di scrivere \u201cchiuso per ferie\u201d sulla porta del nostro Municipio &#8211; spiega Caproni &#8211; perch\u00e9 quel sabato mattina, dopo avere chiamato telefonicamente pi\u00f9 volte\u00a0 e pi\u00f9 volte bussato alla porta, nessuno si \u00e8 fatto vivo. Come nel week end precedente, non c\u2019era nessuno. Non \u00e8 possibile tenere chiuso l\u2019unico ufficio pubblico di riferimento per i cittadini in un paese in stato di continua emergenza. Dove avrebbero dovuto\u00a0 rivolgersi i cittadini per avere notizie di prima mano sulla situazione o forse dovevano comprare i giornali del giorno dopo o aspettare la sera per sentire le novit\u00e0\u00a0 dalle radio e\u00a0 telegiornali locali? E se intanto venivano predisposte altre ordinanze, dove potevamo rivolgersi per essere messi al corrente? Dopo quasi un mese dalla tragedia di Cancia,\u00a0 non \u00e8 ancora arrivato nessun segnale forte da parte di chi gestisce la cosa pubblica a Borca di Cadore, iniziando dal sindaco e continuando con l\u2019assessore ai Lavori pubblici De Marchi. Ma a Borca credono che siamo proprio tutti\u00a0 imbecilli, considerato l\u2019atteggiamento che il sindaco continua a tenere verso la tragedia che ci ha colpiti ? La storia non si pu\u00f2 cancellare e le colpe non si possono scansare cos\u00ec facilmente. Gli amministratori di ieri sono quelli di oggi anche se su sedie diverse e pertanto tutti sanno che non hanno mosso un dito quando ne hanno avuto l\u2019opportunit\u00e0, per scongiurare adozioni di progettazioni assurde come la seconda vasca della morte. Non si deve dimenticare che per anni i residenti di Cancia hanno fatto presente che quel secondo invaso non lo volevano. Non si deve dimenticare che invece di spendere soldi per la manutenzione del sistema d\u2019allarme si preferiva investire in raduni di vespe, andati deserti, al quale ha partecipato solo l\u2019assessore De Marchi (delibera di Giunta di \u20ac. 3.900)&#8221;. Massimo Caproni s&#8217;interroga anche su chi abbia pagato &#8220;molte cene in un albergo di Borca e i periodi di vacanza in Sardegna&#8221;. Inoltre, prosegue Caproni, non si deve dimenticare che a Borca i cittadini sono tenuti talmente in considerazione da chi governa, che non esiste nemmeno un cartello con l&#8217;orario di ricevimento del sindaco e degli assessori. &#8220;Non si deve dimenticare che a Borca i consigli comunali si convocano alle 8 del mattino perch\u00e9 al sindaco, come da sua stessa ammissione, fa comodo cos\u00ec! E i cittadini non devono essere messi in grado di partecipare. Dulcis in fundo &#8211; conclude Caproni &#8211;\u00a0 vorrei far presente ai cittadini di Borca che marted\u00ec 18 agosto alle ore 16.00 si terr\u00e0 il consiglio comunale. A tal proposito vi chiedo per\u00f2 di soffermarvi\u00a0 su come \u00e8 stato predisposto l\u2019ordine del giorno, la bassa meschinit\u00e0 della linea politica dell\u2019amministrazione (siamo bravi e belli perch\u00e9 abbiamo i voti! ) si continua a manifestare sbattendo a pi\u00e8 pagina la frana di Cancia e surrogando in precedenza uno dei consiglieri d\u2019opposizione reo di non poter partecipare per questioni lavorative ai consigli comunali convocati alle 8 di mattina. Con orgoglio di essere una delle tante voci fuori dal coro&#8221;.<\/p>","protected":false},"excerpt":{"rendered":"<p>Sulla tragedia di Cancia, interviene il consigliere d&#8217;opposizione del &#8220;Progetto Borca&#8221; Massimo Caproni, con un una dura critica nei confronti del sindaco.\u00a0 &#8220;Mi sono sentito in dovere di scrivere \u201cchiuso per ferie\u201d sulla porta del nostro Municipio &#8211; spiega Caproni &#8211; perch\u00e9 quel sabato mattina, dopo avere chiamato telefonicamente pi\u00f9 volte\u00a0 e pi\u00f9 volte bussato [&hellip;]<\/p>\n","protected":false},"author":2,"featured_media":0,"comment_status":"closed","ping_status":"open","sticky":false,"template":"","format":"standard","meta":{"footnotes":""},"categories":[5,26],"tags":[139,151],"class_list":["post-7014","post","type-post","status-publish","format-standard","category-cronaca","category-prima-pagina","tag-belluno","tag-cadore"],"yoast_head":"<!-- This site is optimized with the Yoast SEO plugin v28.4 - https:\/\/yoast.com\/product\/yoast-seo-wordpress\/ -->\n<title>Borca di Cadore: la seconda vasca, quella della morte non si doveva fare! - Bellunopress - Dolomiti<\/title>\n<meta name=\"robots\" content=\"index, follow, max-snippet:-1, max-image-preview:large, max-video-preview:-1\" \/>\n<link rel=\"canonical\" href=\"https:\/\/www.bellunopress.it\/fr\/2009\/08\/14\/borca-di-cadore-la-seconda-vasca-quella-della-morte-non-si-doveva-fare\/\" \/>\n<meta property=\"og:locale\" content=\"fr_FR\" \/>\n<meta property=\"og:type\" content=\"article\" \/>\n<meta property=\"og:title\" content=\"Borca di Cadore: la seconda vasca, quella della morte non si doveva fare! - Bellunopress - Dolomiti\" \/>\n<meta property=\"og:description\" content=\"Sulla tragedia di Cancia, interviene il consigliere d&#8217;opposizione del &#8220;Progetto Borca&#8221; Massimo Caproni, con un una dura critica nei confronti del sindaco.\u00a0 &#8220;Mi sono sentito in dovere di scrivere \u201cchiuso per ferie\u201d sulla porta del nostro Municipio &#8211; spiega Caproni &#8211; perch\u00e9 quel sabato mattina, dopo avere chiamato telefonicamente pi\u00f9 volte\u00a0 e pi\u00f9 volte bussato [&hellip;]\" \/>\n<meta property=\"og:url\" content=\"https:\/\/www.bellunopress.it\/fr\/2009\/08\/14\/borca-di-cadore-la-seconda-vasca-quella-della-morte-non-si-doveva-fare\/\" \/>\n<meta property=\"og:site_name\" content=\"Bellunopress - Dolomiti\" \/>\n<meta property=\"article:publisher\" content=\"https:\/\/www.facebook.com\/profile.php?id=100008943462799\" \/>\n<meta property=\"article:published_time\" content=\"2009-08-14T15:42:31+00:00\" \/>\n<meta property=\"og:image\" content=\"http:\/\/www.bellunopress.it\/wp-content\/uploads\/2009\/08\/massimo-caproni-progetto-borca.jpg\" \/>\n<meta name=\"author\" content=\"redazione\" \/>\n<meta name=\"twitter:card\" content=\"summary_large_image\" \/>\n<meta name=\"twitter:creator\" content=\"@bellunopress\" \/>\n<meta name=\"twitter:site\" content=\"@bellunopress\" \/>\n<meta name=\"twitter:label1\" content=\"\u00c9crit par\" \/>\n\t<meta name=\"twitter:data1\" content=\"redazione\" \/>\n\t<meta name=\"twitter:label2\" content=\"Dur\u00e9e de lecture estim\u00e9e\" \/>\n\t<meta name=\"twitter:data2\" content=\"3 minutes\" \/>\n<script type=\"application\/ld+json\" class=\"yoast-schema-graph\">{\"@context\":\"https:\\\/\\\/schema.org\",\"@graph\":[{\"@type\":\"Article\",\"@id\":\"https:\\\/\\\/www.bellunopress.it\\\/2009\\\/08\\\/14\\\/borca-di-cadore-la-seconda-vasca-quella-della-morte-non-si-doveva-fare\\\/#article\",\"isPartOf\":{\"@id\":\"https:\\\/\\\/www.bellunopress.it\\\/2009\\\/08\\\/14\\\/borca-di-cadore-la-seconda-vasca-quella-della-morte-non-si-doveva-fare\\\/\"},\"author\":{\"name\":\"redazione\",\"@id\":\"https:\\\/\\\/www.bellunopress.it\\\/#\\\/schema\\\/person\\\/79bb06722b37ece1c03d3e94beb30d73\"},\"headline\":\"Borca di Cadore: la seconda vasca, quella della morte non si doveva fare!\",\"datePublished\":\"2009-08-14T15:42:31+00:00\",\"mainEntityOfPage\":{\"@id\":\"https:\\\/\\\/www.bellunopress.it\\\/2009\\\/08\\\/14\\\/borca-di-cadore-la-seconda-vasca-quella-della-morte-non-si-doveva-fare\\\/\"},\"wordCount\":544,\"publisher\":{\"@id\":\"https:\\\/\\\/www.bellunopress.it\\\/#organization\"},\"image\":{\"@id\":\"https:\\\/\\\/www.bellunopress.it\\\/2009\\\/08\\\/14\\\/borca-di-cadore-la-seconda-vasca-quella-della-morte-non-si-doveva-fare\\\/#primaryimage\"},\"thumbnailUrl\":\"http:\\\/\\\/www.bellunopress.it\\\/wp-content\\\/uploads\\\/2009\\\/08\\\/massimo-caproni-progetto-borca.jpg\",\"keywords\":[\"Belluno\",\"Cadore\"],\"articleSection\":[\"Cronaca\\\/Politica\",\"Prima Pagina\"],\"inLanguage\":\"fr-FR\"},{\"@type\":\"WebPage\",\"@id\":\"https:\\\/\\\/www.bellunopress.it\\\/2009\\\/08\\\/14\\\/borca-di-cadore-la-seconda-vasca-quella-della-morte-non-si-doveva-fare\\\/\",\"url\":\"https:\\\/\\\/www.bellunopress.it\\\/2009\\\/08\\\/14\\\/borca-di-cadore-la-seconda-vasca-quella-della-morte-non-si-doveva-fare\\\/\",\"name\":\"Borca di Cadore: la seconda vasca, quella della morte non si doveva fare! - Bellunopress - Dolomiti\",\"isPartOf\":{\"@id\":\"https:\\\/\\\/www.bellunopress.it\\\/#website\"},\"primaryImageOfPage\":{\"@id\":\"https:\\\/\\\/www.bellunopress.it\\\/2009\\\/08\\\/14\\\/borca-di-cadore-la-seconda-vasca-quella-della-morte-non-si-doveva-fare\\\/#primaryimage\"},\"image\":{\"@id\":\"https:\\\/\\\/www.bellunopress.it\\\/2009\\\/08\\\/14\\\/borca-di-cadore-la-seconda-vasca-quella-della-morte-non-si-doveva-fare\\\/#primaryimage\"},\"thumbnailUrl\":\"http:\\\/\\\/www.bellunopress.it\\\/wp-content\\\/uploads\\\/2009\\\/08\\\/massimo-caproni-progetto-borca.jpg\",\"datePublished\":\"2009-08-14T15:42:31+00:00\",\"breadcrumb\":{\"@id\":\"https:\\\/\\\/www.bellunopress.it\\\/2009\\\/08\\\/14\\\/borca-di-cadore-la-seconda-vasca-quella-della-morte-non-si-doveva-fare\\\/#breadcrumb\"},\"inLanguage\":\"fr-FR\",\"potentialAction\":[{\"@type\":\"ReadAction\",\"target\":[\"https:\\\/\\\/www.bellunopress.it\\\/2009\\\/08\\\/14\\\/borca-di-cadore-la-seconda-vasca-quella-della-morte-non-si-doveva-fare\\\/\"]}]},{\"@type\":\"ImageObject\",\"inLanguage\":\"fr-FR\",\"@id\":\"https:\\\/\\\/www.bellunopress.it\\\/2009\\\/08\\\/14\\\/borca-di-cadore-la-seconda-vasca-quella-della-morte-non-si-doveva-fare\\\/#primaryimage\",\"url\":\"http:\\\/\\\/www.bellunopress.it\\\/wp-content\\\/uploads\\\/2009\\\/08\\\/massimo-caproni-progetto-borca.jpg\",\"contentUrl\":\"http:\\\/\\\/www.bellunopress.it\\\/wp-content\\\/uploads\\\/2009\\\/08\\\/massimo-caproni-progetto-borca.jpg\"},{\"@type\":\"BreadcrumbList\",\"@id\":\"https:\\\/\\\/www.bellunopress.it\\\/2009\\\/08\\\/14\\\/borca-di-cadore-la-seconda-vasca-quella-della-morte-non-si-doveva-fare\\\/#breadcrumb\",\"itemListElement\":[{\"@type\":\"ListItem\",\"position\":1,\"name\":\"Home\",\"item\":\"https:\\\/\\\/www.bellunopress.it\\\/\"},{\"@type\":\"ListItem\",\"position\":2,\"name\":\"Borca di Cadore: la seconda vasca, quella della morte non si doveva fare!\"}]},{\"@type\":\"WebSite\",\"@id\":\"https:\\\/\\\/www.bellunopress.it\\\/#website\",\"url\":\"https:\\\/\\\/www.bellunopress.it\\\/\",\"name\":\"Bellunopress - Dolomiti\",\"description\":\"e-mail: redazione@bellunopress.it\",\"publisher\":{\"@id\":\"https:\\\/\\\/www.bellunopress.it\\\/#organization\"},\"potentialAction\":[{\"@type\":\"SearchAction\",\"target\":{\"@type\":\"EntryPoint\",\"urlTemplate\":\"https:\\\/\\\/www.bellunopress.it\\\/?s={search_term_string}\"},\"query-input\":{\"@type\":\"PropertyValueSpecification\",\"valueRequired\":true,\"valueName\":\"search_term_string\"}}],\"inLanguage\":\"fr-FR\"},{\"@type\":\"Organization\",\"@id\":\"https:\\\/\\\/www.bellunopress.it\\\/#organization\",\"name\":\"Bellunopress\",\"url\":\"https:\\\/\\\/www.bellunopress.it\\\/\",\"logo\":{\"@type\":\"ImageObject\",\"inLanguage\":\"fr-FR\",\"@id\":\"https:\\\/\\\/www.bellunopress.it\\\/#\\\/schema\\\/logo\\\/image\\\/\",\"url\":\"https:\\\/\\\/www.bellunopress.it\\\/wp-content\\\/uploads\\\/2011\\\/05\\\/cropped-logo-bellunopress-.jpg\",\"contentUrl\":\"https:\\\/\\\/www.bellunopress.it\\\/wp-content\\\/uploads\\\/2011\\\/05\\\/cropped-logo-bellunopress-.jpg\",\"width\":512,\"height\":512,\"caption\":\"Bellunopress\"},\"image\":{\"@id\":\"https:\\\/\\\/www.bellunopress.it\\\/#\\\/schema\\\/logo\\\/image\\\/\"},\"sameAs\":[\"https:\\\/\\\/www.facebook.com\\\/profile.php?id=100008943462799\",\"https:\\\/\\\/x.com\\\/bellunopress\",\"https:\\\/\\\/www.linkedin.com\\\/hp\\\/?dnr=JBzUWaJfMUw8vbXJJ2tVW5-I3jZKvC4wsoxE&amp;amp;amp;amp;amp;amp;trk=nav_responsive_tab_home\",\"https:\\\/\\\/www.youtube.com\\\/channel\\\/UCxL0wu1uN0_3_7hGG0306cw\"]},{\"@type\":\"Person\",\"@id\":\"https:\\\/\\\/www.bellunopress.it\\\/#\\\/schema\\\/person\\\/79bb06722b37ece1c03d3e94beb30d73\",\"name\":\"redazione\",\"image\":{\"@type\":\"ImageObject\",\"inLanguage\":\"fr-FR\",\"@id\":\"https:\\\/\\\/secure.gravatar.com\\\/avatar\\\/37d968a2e67a6fd04c169c4bdef102d0bc5d31b2546345219e348575eb80e9a0?s=96&d=mm&r=g\",\"url\":\"https:\\\/\\\/secure.gravatar.com\\\/avatar\\\/37d968a2e67a6fd04c169c4bdef102d0bc5d31b2546345219e348575eb80e9a0?s=96&d=mm&r=g\",\"contentUrl\":\"https:\\\/\\\/secure.gravatar.com\\\/avatar\\\/37d968a2e67a6fd04c169c4bdef102d0bc5d31b2546345219e348575eb80e9a0?s=96&d=mm&r=g\",\"caption\":\"redazione\"},\"sameAs\":[\"http:\\\/\\\/www.bellunopress.it\",\"https:\\\/\\\/x.com\\\/bellunopress\"],\"url\":\"https:\\\/\\\/www.bellunopress.it\\\/fr\\\/author\\\/redazione\\\/\"}]}<\/script>\n<!-- \/ Yoast SEO plugin. -->","yoast_head_json":{"title":"Borca di Cadore: la seconda vasca, quella della morte non si doveva fare! - Bellunopress - Dolomiti","robots":{"index":"index","follow":"follow","max-snippet":"max-snippet:-1","max-image-preview":"max-image-preview:large","max-video-preview":"max-video-preview:-1"},"canonical":"https:\/\/www.bellunopress.it\/fr\/2009\/08\/14\/borca-di-cadore-la-seconda-vasca-quella-della-morte-non-si-doveva-fare\/","og_locale":"fr_FR","og_type":"article","og_title":"Borca di Cadore: la seconda vasca, quella della morte non si doveva fare! - Bellunopress - Dolomiti","og_description":"Sulla tragedia di Cancia, interviene il consigliere d&#8217;opposizione del &#8220;Progetto Borca&#8221; Massimo Caproni, con un una dura critica nei confronti del sindaco.\u00a0 &#8220;Mi sono sentito in dovere di scrivere \u201cchiuso per ferie\u201d sulla porta del nostro Municipio &#8211; spiega Caproni &#8211; perch\u00e9 quel sabato mattina, dopo avere chiamato telefonicamente pi\u00f9 volte\u00a0 e pi\u00f9 volte bussato [&hellip;]","og_url":"https:\/\/www.bellunopress.it\/fr\/2009\/08\/14\/borca-di-cadore-la-seconda-vasca-quella-della-morte-non-si-doveva-fare\/","og_site_name":"Bellunopress - Dolomiti","article_publisher":"https:\/\/www.facebook.com\/profile.php?id=100008943462799","article_published_time":"2009-08-14T15:42:31+00:00","og_image":[{"url":"http:\/\/www.bellunopress.it\/wp-content\/uploads\/2009\/08\/massimo-caproni-progetto-borca.jpg","type":"","width":"","height":""}],"author":"redazione","twitter_card":"summary_large_image","twitter_creator":"@bellunopress","twitter_site":"@bellunopress","twitter_misc":{"\u00c9crit par":"redazione","Dur\u00e9e de lecture estim\u00e9e":"3 minutes"},"schema":{"@context":"https:\/\/schema.org","@graph":[{"@type":"Article","@id":"https:\/\/www.bellunopress.it\/2009\/08\/14\/borca-di-cadore-la-seconda-vasca-quella-della-morte-non-si-doveva-fare\/#article","isPartOf":{"@id":"https:\/\/www.bellunopress.it\/2009\/08\/14\/borca-di-cadore-la-seconda-vasca-quella-della-morte-non-si-doveva-fare\/"},"author":{"name":"redazione","@id":"https:\/\/www.bellunopress.it\/#\/schema\/person\/79bb06722b37ece1c03d3e94beb30d73"},"headline":"Borca di Cadore: la seconda vasca, quella della morte non si doveva fare!","datePublished":"2009-08-14T15:42:31+00:00","mainEntityOfPage":{"@id":"https:\/\/www.bellunopress.it\/2009\/08\/14\/borca-di-cadore-la-seconda-vasca-quella-della-morte-non-si-doveva-fare\/"},"wordCount":544,"publisher":{"@id":"https:\/\/www.bellunopress.it\/#organization"},"image":{"@id":"https:\/\/www.bellunopress.it\/2009\/08\/14\/borca-di-cadore-la-seconda-vasca-quella-della-morte-non-si-doveva-fare\/#primaryimage"},"thumbnailUrl":"http:\/\/www.bellunopress.it\/wp-content\/uploads\/2009\/08\/massimo-caproni-progetto-borca.jpg","keywords":["Belluno","Cadore"],"articleSection":["Cronaca\/Politica","Prima Pagina"],"inLanguage":"fr-FR"},{"@type":"WebPage","@id":"https:\/\/www.bellunopress.it\/2009\/08\/14\/borca-di-cadore-la-seconda-vasca-quella-della-morte-non-si-doveva-fare\/","url":"https:\/\/www.bellunopress.it\/2009\/08\/14\/borca-di-cadore-la-seconda-vasca-quella-della-morte-non-si-doveva-fare\/","name":"Borca di Cadore: la seconda vasca, quella della morte non si doveva fare! - Bellunopress - Dolomiti","isPartOf":{"@id":"https:\/\/www.bellunopress.it\/#website"},"primaryImageOfPage":{"@id":"https:\/\/www.bellunopress.it\/2009\/08\/14\/borca-di-cadore-la-seconda-vasca-quella-della-morte-non-si-doveva-fare\/#primaryimage"},"image":{"@id":"https:\/\/www.bellunopress.it\/2009\/08\/14\/borca-di-cadore-la-seconda-vasca-quella-della-morte-non-si-doveva-fare\/#primaryimage"},"thumbnailUrl":"http:\/\/www.bellunopress.it\/wp-content\/uploads\/2009\/08\/massimo-caproni-progetto-borca.jpg","datePublished":"2009-08-14T15:42:31+00:00","breadcrumb":{"@id":"https:\/\/www.bellunopress.it\/2009\/08\/14\/borca-di-cadore-la-seconda-vasca-quella-della-morte-non-si-doveva-fare\/#breadcrumb"},"inLanguage":"fr-FR","potentialAction":[{"@type":"ReadAction","target":["https:\/\/www.bellunopress.it\/2009\/08\/14\/borca-di-cadore-la-seconda-vasca-quella-della-morte-non-si-doveva-fare\/"]}]},{"@type":"ImageObject","inLanguage":"fr-FR","@id":"https:\/\/www.bellunopress.it\/2009\/08\/14\/borca-di-cadore-la-seconda-vasca-quella-della-morte-non-si-doveva-fare\/#primaryimage","url":"http:\/\/www.bellunopress.it\/wp-content\/uploads\/2009\/08\/massimo-caproni-progetto-borca.jpg","contentUrl":"http:\/\/www.bellunopress.it\/wp-content\/uploads\/2009\/08\/massimo-caproni-progetto-borca.jpg"},{"@type":"BreadcrumbList","@id":"https:\/\/www.bellunopress.it\/2009\/08\/14\/borca-di-cadore-la-seconda-vasca-quella-della-morte-non-si-doveva-fare\/#breadcrumb","itemListElement":[{"@type":"ListItem","position":1,"name":"Home","item":"https:\/\/www.bellunopress.it\/"},{"@type":"ListItem","position":2,"name":"Borca di Cadore: la seconda vasca, quella della morte non si doveva fare!"}]},{"@type":"WebSite","@id":"https:\/\/www.bellunopress.it\/#website","url":"https:\/\/www.bellunopress.it\/","name":"Bellunopress - Dolomiti","description":"e-mail: redazione@bellunopress.it","publisher":{"@id":"https:\/\/www.bellunopress.it\/#organization"},"potentialAction":[{"@type":"SearchAction","target":{"@type":"EntryPoint","urlTemplate":"https:\/\/www.bellunopress.it\/?s={search_term_string}"},"query-input":{"@type":"PropertyValueSpecification","valueRequired":true,"valueName":"search_term_string"}}],"inLanguage":"fr-FR"},{"@type":"Organization","@id":"https:\/\/www.bellunopress.it\/#organization","name":"Bellunopress","url":"https:\/\/www.bellunopress.it\/","logo":{"@type":"ImageObject","inLanguage":"fr-FR","@id":"https:\/\/www.bellunopress.it\/#\/schema\/logo\/image\/","url":"https:\/\/www.bellunopress.it\/wp-content\/uploads\/2011\/05\/cropped-logo-bellunopress-.jpg","contentUrl":"https:\/\/www.bellunopress.it\/wp-content\/uploads\/2011\/05\/cropped-logo-bellunopress-.jpg","width":512,"height":512,"caption":"Bellunopress"},"image":{"@id":"https:\/\/www.bellunopress.it\/#\/schema\/logo\/image\/"},"sameAs":["https:\/\/www.facebook.com\/profile.php?id=100008943462799","https:\/\/x.com\/bellunopress","https:\/\/www.linkedin.com\/hp\/?dnr=JBzUWaJfMUw8vbXJJ2tVW5-I3jZKvC4wsoxE&amp;amp;amp;amp;amp;amp;trk=nav_responsive_tab_home","https:\/\/www.youtube.com\/channel\/UCxL0wu1uN0_3_7hGG0306cw"]},{"@type":"Person","@id":"https:\/\/www.bellunopress.it\/#\/schema\/person\/79bb06722b37ece1c03d3e94beb30d73","name":"r\u00e9daction","image":{"@type":"ImageObject","inLanguage":"fr-FR","@id":"https:\/\/secure.gravatar.com\/avatar\/37d968a2e67a6fd04c169c4bdef102d0bc5d31b2546345219e348575eb80e9a0?s=96&d=mm&r=g","url":"https:\/\/secure.gravatar.com\/avatar\/37d968a2e67a6fd04c169c4bdef102d0bc5d31b2546345219e348575eb80e9a0?s=96&d=mm&r=g","contentUrl":"https:\/\/secure.gravatar.com\/avatar\/37d968a2e67a6fd04c169c4bdef102d0bc5d31b2546345219e348575eb80e9a0?s=96&d=mm&r=g","caption":"redazione"},"sameAs":["http:\/\/www.bellunopress.it","https:\/\/x.com\/bellunopress"],"url":"https:\/\/www.bellunopress.it\/fr\/author\/redazione\/"}]}},"_links":{"self":[{"href":"https:\/\/www.bellunopress.it\/fr\/wp-json\/wp\/v2\/posts\/7014","targetHints":{"allow":["GET"]}}],"collection":[{"href":"https:\/\/www.bellunopress.it\/fr\/wp-json\/wp\/v2\/posts"}],"about":[{"href":"https:\/\/www.bellunopress.it\/fr\/wp-json\/wp\/v2\/types\/post"}],"author":[{"embeddable":true,"href":"https:\/\/www.bellunopress.it\/fr\/wp-json\/wp\/v2\/users\/2"}],"replies":[{"embeddable":true,"href":"https:\/\/www.bellunopress.it\/fr\/wp-json\/wp\/v2\/comments?post=7014"}],"version-history":[{"count":2,"href":"https:\/\/www.bellunopress.it\/fr\/wp-json\/wp\/v2\/posts\/7014\/revisions"}],"predecessor-version":[{"id":7017,"href":"https:\/\/www.bellunopress.it\/fr\/wp-json\/wp\/v2\/posts\/7014\/revisions\/7017"}],"wp:attachment":[{"href":"https:\/\/www.bellunopress.it\/fr\/wp-json\/wp\/v2\/media?parent=7014"}],"wp:term":[{"taxonomy":"category","embeddable":true,"href":"https:\/\/www.bellunopress.it\/fr\/wp-json\/wp\/v2\/categories?post=7014"},{"taxonomy":"post_tag","embeddable":true,"href":"https:\/\/www.bellunopress.it\/fr\/wp-json\/wp\/v2\/tags?post=7014"}],"curies":[{"name":"wp","href":"https:\/\/api.w.org\/{rel}","templated":true}]}}