{"id":7012,"date":"2009-08-14T16:14:14","date_gmt":"2009-08-14T15:14:14","guid":{"rendered":"http:\/\/www.bellunopress.it\/?p=7012"},"modified":"2009-08-14T16:14:14","modified_gmt":"2009-08-14T15:14:14","slug":"iniziative-per-i-veneti-residenti-all%e2%80%99estero-dalla-regione-veneto","status":"publish","type":"post","link":"https:\/\/www.bellunopress.it\/fr\/2009\/08\/14\/iniziative-per-i-veneti-residenti-all%e2%80%99estero-dalla-regione-veneto\/","title":{"rendered":"Iniziative per i veneti residenti all\u2019estero dalla Regione Veneto"},"content":{"rendered":"<p>Nel programma di attivit\u00e0 a favore dei veneti e oriundi veneti residenti all\u2019estero, la giunta regionale ha approvato le iniziative proposte dall\u2019assessore alle Politiche dei Flussi migratori, Oscar De Bona. \u00abSi tratta \u2013 chiarisce l\u2019assessore &#8211; di una serie di provvedimenti finanziari assegnati ad enti pubblici ed associazioni locali per sostenere progetti culturali, formativi, di scambio per giovani oriundi e di ospitalit\u00e0 per emigrati e loro discendenti. La Regione assegna contributi anche ad associazioni di veneti\u00a0 all\u2019estero. Tra questi ultimi ricordo il finanziamento di 37 mila euro al Comitato delle associazioni venete in Argentina (Cava), con sede a Buenos Aires, in occasione del 20. anniversario della propria costituzione. Per celebrare al meglio l\u2019avvenimento e allo scopo di promuovere un ulteriore arricchimento della collettivit\u00e0 veneta nel contesto culturale e sociale argentino, la Regione del Veneto testimonia\u00a0 la propria partecipazione anche con la presenza del Coro Minimo di Belluno\u00bb. Altre iniziative riferite alla provincia di Belluno riguardano: l\u2019acquisto di 100 copie, per l\u2019importo di 1.200 euro, del 3. cd musicale del gruppo \u201cVoci dai cortivi\u201d del capoluogo contenenti una raccolta di brani della tradizione popolare locale da inviare alle comunit\u00e0 oriunde bellunesi all\u2019estero; la ristampa e l\u2019acquisto di 500 copie, per 1.090 euro, del cd \u201cSentimento talian\u201d in quanto, nonostante le numerosissime copie inviate a tutto il mondo continuano a pervenire richieste che meritano di essere soddisfatte; l\u2019acquisto, per 2 mila euro, di 100 copie del volume \u201cVoja de far matane \u2013 alla ricerca del tempo e del zog\u00e0r perduti\u201d edito dall\u2019associazione Antenna anziani onlus di Belluno.<\/p>","protected":false},"excerpt":{"rendered":"<p>Nel programma di attivit\u00e0 a favore dei veneti e oriundi veneti residenti all\u2019estero, la giunta regionale ha approvato le iniziative proposte dall\u2019assessore alle Politiche dei Flussi migratori, Oscar De Bona. \u00abSi tratta \u2013 chiarisce l\u2019assessore &#8211; di una serie di provvedimenti finanziari assegnati ad enti pubblici ed associazioni locali per sostenere progetti culturali, formativi, di [&hellip;]<\/p>\n","protected":false},"author":2,"featured_media":0,"comment_status":"closed","ping_status":"open","sticky":false,"template":"","format":"standard","meta":{"footnotes":""},"categories":[5,26],"tags":[139],"class_list":["post-7012","post","type-post","status-publish","format-standard","category-cronaca","category-prima-pagina","tag-belluno"],"yoast_head":"<!-- This site is optimized with the Yoast SEO plugin v28.4 - https:\/\/yoast.com\/product\/yoast-seo-wordpress\/ -->\n<title>Iniziative per i veneti residenti all\u2019estero dalla Regione Veneto - Bellunopress - Dolomiti<\/title>\n<meta name=\"robots\" content=\"index, follow, max-snippet:-1, max-image-preview:large, max-video-preview:-1\" \/>\n<link rel=\"canonical\" href=\"https:\/\/www.bellunopress.it\/fr\/2009\/08\/14\/iniziative-per-i-veneti-residenti-all\u2019estero-dalla-regione-veneto\/\" \/>\n<meta property=\"og:locale\" content=\"fr_FR\" \/>\n<meta property=\"og:type\" content=\"article\" \/>\n<meta property=\"og:title\" content=\"Iniziative per i veneti residenti all\u2019estero dalla Regione Veneto - Bellunopress - Dolomiti\" \/>\n<meta property=\"og:description\" content=\"Nel programma di attivit\u00e0 a favore dei veneti e oriundi veneti residenti all\u2019estero, la giunta regionale ha approvato le iniziative proposte dall\u2019assessore alle Politiche dei Flussi migratori, Oscar De Bona. \u00abSi tratta \u2013 chiarisce l\u2019assessore &#8211; di una serie di provvedimenti finanziari assegnati ad enti pubblici ed associazioni locali per sostenere progetti culturali, formativi, di [&hellip;]\" \/>\n<meta property=\"og:url\" content=\"https:\/\/www.bellunopress.it\/fr\/2009\/08\/14\/iniziative-per-i-veneti-residenti-all\u2019estero-dalla-regione-veneto\/\" \/>\n<meta property=\"og:site_name\" content=\"Bellunopress - Dolomiti\" \/>\n<meta property=\"article:publisher\" content=\"https:\/\/www.facebook.com\/profile.php?id=100008943462799\" \/>\n<meta property=\"article:published_time\" content=\"2009-08-14T15:14:14+00:00\" \/>\n<meta property=\"og:image\" content=\"http:\/\/www.bellunopress.it\/wp-content\/uploads\/2012\/07\/logo-bellunopress-250x250-2012.jpg\" \/>\n<meta name=\"author\" content=\"redazione\" \/>\n<meta name=\"twitter:card\" content=\"summary_large_image\" \/>\n<meta name=\"twitter:creator\" content=\"@bellunopress\" \/>\n<meta name=\"twitter:site\" content=\"@bellunopress\" \/>\n<meta name=\"twitter:label1\" content=\"\u00c9crit par\" \/>\n\t<meta name=\"twitter:data1\" content=\"redazione\" \/>\n\t<meta name=\"twitter:label2\" content=\"Dur\u00e9e de lecture estim\u00e9e\" \/>\n\t<meta name=\"twitter:data2\" content=\"1 minute\" \/>\n<script type=\"application\/ld+json\" class=\"yoast-schema-graph\">{\"@context\":\"https:\\\/\\\/schema.org\",\"@graph\":[{\"@type\":\"Article\",\"@id\":\"https:\\\/\\\/www.bellunopress.it\\\/2009\\\/08\\\/14\\\/iniziative-per-i-veneti-residenti-all%e2%80%99estero-dalla-regione-veneto\\\/#article\",\"isPartOf\":{\"@id\":\"https:\\\/\\\/www.bellunopress.it\\\/2009\\\/08\\\/14\\\/iniziative-per-i-veneti-residenti-all%e2%80%99estero-dalla-regione-veneto\\\/\"},\"author\":{\"name\":\"redazione\",\"@id\":\"https:\\\/\\\/www.bellunopress.it\\\/#\\\/schema\\\/person\\\/79bb06722b37ece1c03d3e94beb30d73\"},\"headline\":\"Iniziative per i veneti residenti all\u2019estero dalla Regione Veneto\",\"datePublished\":\"2009-08-14T15:14:14+00:00\",\"mainEntityOfPage\":{\"@id\":\"https:\\\/\\\/www.bellunopress.it\\\/2009\\\/08\\\/14\\\/iniziative-per-i-veneti-residenti-all%e2%80%99estero-dalla-regione-veneto\\\/\"},\"wordCount\":266,\"publisher\":{\"@id\":\"https:\\\/\\\/www.bellunopress.it\\\/#organization\"},\"keywords\":[\"Belluno\"],\"articleSection\":[\"Cronaca\\\/Politica\",\"Prima Pagina\"],\"inLanguage\":\"fr-FR\"},{\"@type\":\"WebPage\",\"@id\":\"https:\\\/\\\/www.bellunopress.it\\\/2009\\\/08\\\/14\\\/iniziative-per-i-veneti-residenti-all%e2%80%99estero-dalla-regione-veneto\\\/\",\"url\":\"https:\\\/\\\/www.bellunopress.it\\\/2009\\\/08\\\/14\\\/iniziative-per-i-veneti-residenti-all%e2%80%99estero-dalla-regione-veneto\\\/\",\"name\":\"Iniziative per i veneti residenti all\u2019estero dalla Regione Veneto - Bellunopress - Dolomiti\",\"isPartOf\":{\"@id\":\"https:\\\/\\\/www.bellunopress.it\\\/#website\"},\"datePublished\":\"2009-08-14T15:14:14+00:00\",\"breadcrumb\":{\"@id\":\"https:\\\/\\\/www.bellunopress.it\\\/2009\\\/08\\\/14\\\/iniziative-per-i-veneti-residenti-all%e2%80%99estero-dalla-regione-veneto\\\/#breadcrumb\"},\"inLanguage\":\"fr-FR\",\"potentialAction\":[{\"@type\":\"ReadAction\",\"target\":[\"https:\\\/\\\/www.bellunopress.it\\\/2009\\\/08\\\/14\\\/iniziative-per-i-veneti-residenti-all%e2%80%99estero-dalla-regione-veneto\\\/\"]}]},{\"@type\":\"BreadcrumbList\",\"@id\":\"https:\\\/\\\/www.bellunopress.it\\\/2009\\\/08\\\/14\\\/iniziative-per-i-veneti-residenti-all%e2%80%99estero-dalla-regione-veneto\\\/#breadcrumb\",\"itemListElement\":[{\"@type\":\"ListItem\",\"position\":1,\"name\":\"Home\",\"item\":\"https:\\\/\\\/www.bellunopress.it\\\/\"},{\"@type\":\"ListItem\",\"position\":2,\"name\":\"Iniziative per i veneti residenti all\u2019estero dalla Regione Veneto\"}]},{\"@type\":\"WebSite\",\"@id\":\"https:\\\/\\\/www.bellunopress.it\\\/#website\",\"url\":\"https:\\\/\\\/www.bellunopress.it\\\/\",\"name\":\"Bellunopress - Dolomiti\",\"description\":\"e-mail: redazione@bellunopress.it\",\"publisher\":{\"@id\":\"https:\\\/\\\/www.bellunopress.it\\\/#organization\"},\"potentialAction\":[{\"@type\":\"SearchAction\",\"target\":{\"@type\":\"EntryPoint\",\"urlTemplate\":\"https:\\\/\\\/www.bellunopress.it\\\/?s={search_term_string}\"},\"query-input\":{\"@type\":\"PropertyValueSpecification\",\"valueRequired\":true,\"valueName\":\"search_term_string\"}}],\"inLanguage\":\"fr-FR\"},{\"@type\":\"Organization\",\"@id\":\"https:\\\/\\\/www.bellunopress.it\\\/#organization\",\"name\":\"Bellunopress\",\"url\":\"https:\\\/\\\/www.bellunopress.it\\\/\",\"logo\":{\"@type\":\"ImageObject\",\"inLanguage\":\"fr-FR\",\"@id\":\"https:\\\/\\\/www.bellunopress.it\\\/#\\\/schema\\\/logo\\\/image\\\/\",\"url\":\"https:\\\/\\\/www.bellunopress.it\\\/wp-content\\\/uploads\\\/2011\\\/05\\\/cropped-logo-bellunopress-.jpg\",\"contentUrl\":\"https:\\\/\\\/www.bellunopress.it\\\/wp-content\\\/uploads\\\/2011\\\/05\\\/cropped-logo-bellunopress-.jpg\",\"width\":512,\"height\":512,\"caption\":\"Bellunopress\"},\"image\":{\"@id\":\"https:\\\/\\\/www.bellunopress.it\\\/#\\\/schema\\\/logo\\\/image\\\/\"},\"sameAs\":[\"https:\\\/\\\/www.facebook.com\\\/profile.php?id=100008943462799\",\"https:\\\/\\\/x.com\\\/bellunopress\",\"https:\\\/\\\/www.linkedin.com\\\/hp\\\/?dnr=JBzUWaJfMUw8vbXJJ2tVW5-I3jZKvC4wsoxE&amp;amp;amp;amp;amp;amp;trk=nav_responsive_tab_home\",\"https:\\\/\\\/www.youtube.com\\\/channel\\\/UCxL0wu1uN0_3_7hGG0306cw\"]},{\"@type\":\"Person\",\"@id\":\"https:\\\/\\\/www.bellunopress.it\\\/#\\\/schema\\\/person\\\/79bb06722b37ece1c03d3e94beb30d73\",\"name\":\"redazione\",\"image\":{\"@type\":\"ImageObject\",\"inLanguage\":\"fr-FR\",\"@id\":\"https:\\\/\\\/secure.gravatar.com\\\/avatar\\\/37d968a2e67a6fd04c169c4bdef102d0bc5d31b2546345219e348575eb80e9a0?s=96&d=mm&r=g\",\"url\":\"https:\\\/\\\/secure.gravatar.com\\\/avatar\\\/37d968a2e67a6fd04c169c4bdef102d0bc5d31b2546345219e348575eb80e9a0?s=96&d=mm&r=g\",\"contentUrl\":\"https:\\\/\\\/secure.gravatar.com\\\/avatar\\\/37d968a2e67a6fd04c169c4bdef102d0bc5d31b2546345219e348575eb80e9a0?s=96&d=mm&r=g\",\"caption\":\"redazione\"},\"sameAs\":[\"http:\\\/\\\/www.bellunopress.it\",\"https:\\\/\\\/x.com\\\/bellunopress\"],\"url\":\"https:\\\/\\\/www.bellunopress.it\\\/fr\\\/author\\\/redazione\\\/\"}]}<\/script>\n<!-- \/ Yoast SEO plugin. -->","yoast_head_json":{"title":"Iniziative per i veneti residenti all\u2019estero dalla Regione Veneto - Bellunopress - Dolomiti","robots":{"index":"index","follow":"follow","max-snippet":"max-snippet:-1","max-image-preview":"max-image-preview:large","max-video-preview":"max-video-preview:-1"},"canonical":"https:\/\/www.bellunopress.it\/fr\/2009\/08\/14\/iniziative-per-i-veneti-residenti-all\u2019estero-dalla-regione-veneto\/","og_locale":"fr_FR","og_type":"article","og_title":"Iniziative per i veneti residenti all\u2019estero dalla Regione Veneto - Bellunopress - Dolomiti","og_description":"Nel programma di attivit\u00e0 a favore dei veneti e oriundi veneti residenti all\u2019estero, la giunta regionale ha approvato le iniziative proposte dall\u2019assessore alle Politiche dei Flussi migratori, Oscar De Bona. \u00abSi tratta \u2013 chiarisce l\u2019assessore &#8211; di una serie di provvedimenti finanziari assegnati ad enti pubblici ed associazioni locali per sostenere progetti culturali, formativi, di [&hellip;]","og_url":"https:\/\/www.bellunopress.it\/fr\/2009\/08\/14\/iniziative-per-i-veneti-residenti-all\u2019estero-dalla-regione-veneto\/","og_site_name":"Bellunopress - Dolomiti","article_publisher":"https:\/\/www.facebook.com\/profile.php?id=100008943462799","article_published_time":"2009-08-14T15:14:14+00:00","og_image":[{"url":"http:\/\/www.bellunopress.it\/wp-content\/uploads\/2012\/07\/logo-bellunopress-250x250-2012.jpg","type":"","width":"","height":""}],"author":"redazione","twitter_card":"summary_large_image","twitter_creator":"@bellunopress","twitter_site":"@bellunopress","twitter_misc":{"\u00c9crit par":"redazione","Dur\u00e9e de lecture estim\u00e9e":"1 minute"},"schema":{"@context":"https:\/\/schema.org","@graph":[{"@type":"Article","@id":"https:\/\/www.bellunopress.it\/2009\/08\/14\/iniziative-per-i-veneti-residenti-all%e2%80%99estero-dalla-regione-veneto\/#article","isPartOf":{"@id":"https:\/\/www.bellunopress.it\/2009\/08\/14\/iniziative-per-i-veneti-residenti-all%e2%80%99estero-dalla-regione-veneto\/"},"author":{"name":"redazione","@id":"https:\/\/www.bellunopress.it\/#\/schema\/person\/79bb06722b37ece1c03d3e94beb30d73"},"headline":"Iniziative per i veneti residenti all\u2019estero dalla Regione Veneto","datePublished":"2009-08-14T15:14:14+00:00","mainEntityOfPage":{"@id":"https:\/\/www.bellunopress.it\/2009\/08\/14\/iniziative-per-i-veneti-residenti-all%e2%80%99estero-dalla-regione-veneto\/"},"wordCount":266,"publisher":{"@id":"https:\/\/www.bellunopress.it\/#organization"},"keywords":["Belluno"],"articleSection":["Cronaca\/Politica","Prima Pagina"],"inLanguage":"fr-FR"},{"@type":"WebPage","@id":"https:\/\/www.bellunopress.it\/2009\/08\/14\/iniziative-per-i-veneti-residenti-all%e2%80%99estero-dalla-regione-veneto\/","url":"https:\/\/www.bellunopress.it\/2009\/08\/14\/iniziative-per-i-veneti-residenti-all%e2%80%99estero-dalla-regione-veneto\/","name":"Iniziative per i veneti residenti all\u2019estero dalla Regione Veneto - Bellunopress - Dolomiti","isPartOf":{"@id":"https:\/\/www.bellunopress.it\/#website"},"datePublished":"2009-08-14T15:14:14+00:00","breadcrumb":{"@id":"https:\/\/www.bellunopress.it\/2009\/08\/14\/iniziative-per-i-veneti-residenti-all%e2%80%99estero-dalla-regione-veneto\/#breadcrumb"},"inLanguage":"fr-FR","potentialAction":[{"@type":"ReadAction","target":["https:\/\/www.bellunopress.it\/2009\/08\/14\/iniziative-per-i-veneti-residenti-all%e2%80%99estero-dalla-regione-veneto\/"]}]},{"@type":"BreadcrumbList","@id":"https:\/\/www.bellunopress.it\/2009\/08\/14\/iniziative-per-i-veneti-residenti-all%e2%80%99estero-dalla-regione-veneto\/#breadcrumb","itemListElement":[{"@type":"ListItem","position":1,"name":"Home","item":"https:\/\/www.bellunopress.it\/"},{"@type":"ListItem","position":2,"name":"Iniziative per i veneti residenti all\u2019estero dalla Regione Veneto"}]},{"@type":"WebSite","@id":"https:\/\/www.bellunopress.it\/#website","url":"https:\/\/www.bellunopress.it\/","name":"Bellunopress - Dolomiti","description":"e-mail: redazione@bellunopress.it","publisher":{"@id":"https:\/\/www.bellunopress.it\/#organization"},"potentialAction":[{"@type":"SearchAction","target":{"@type":"EntryPoint","urlTemplate":"https:\/\/www.bellunopress.it\/?s={search_term_string}"},"query-input":{"@type":"PropertyValueSpecification","valueRequired":true,"valueName":"search_term_string"}}],"inLanguage":"fr-FR"},{"@type":"Organization","@id":"https:\/\/www.bellunopress.it\/#organization","name":"Bellunopress","url":"https:\/\/www.bellunopress.it\/","logo":{"@type":"ImageObject","inLanguage":"fr-FR","@id":"https:\/\/www.bellunopress.it\/#\/schema\/logo\/image\/","url":"https:\/\/www.bellunopress.it\/wp-content\/uploads\/2011\/05\/cropped-logo-bellunopress-.jpg","contentUrl":"https:\/\/www.bellunopress.it\/wp-content\/uploads\/2011\/05\/cropped-logo-bellunopress-.jpg","width":512,"height":512,"caption":"Bellunopress"},"image":{"@id":"https:\/\/www.bellunopress.it\/#\/schema\/logo\/image\/"},"sameAs":["https:\/\/www.facebook.com\/profile.php?id=100008943462799","https:\/\/x.com\/bellunopress","https:\/\/www.linkedin.com\/hp\/?dnr=JBzUWaJfMUw8vbXJJ2tVW5-I3jZKvC4wsoxE&amp;amp;amp;amp;amp;amp;trk=nav_responsive_tab_home","https:\/\/www.youtube.com\/channel\/UCxL0wu1uN0_3_7hGG0306cw"]},{"@type":"Person","@id":"https:\/\/www.bellunopress.it\/#\/schema\/person\/79bb06722b37ece1c03d3e94beb30d73","name":"r\u00e9daction","image":{"@type":"ImageObject","inLanguage":"fr-FR","@id":"https:\/\/secure.gravatar.com\/avatar\/37d968a2e67a6fd04c169c4bdef102d0bc5d31b2546345219e348575eb80e9a0?s=96&d=mm&r=g","url":"https:\/\/secure.gravatar.com\/avatar\/37d968a2e67a6fd04c169c4bdef102d0bc5d31b2546345219e348575eb80e9a0?s=96&d=mm&r=g","contentUrl":"https:\/\/secure.gravatar.com\/avatar\/37d968a2e67a6fd04c169c4bdef102d0bc5d31b2546345219e348575eb80e9a0?s=96&d=mm&r=g","caption":"redazione"},"sameAs":["http:\/\/www.bellunopress.it","https:\/\/x.com\/bellunopress"],"url":"https:\/\/www.bellunopress.it\/fr\/author\/redazione\/"}]}},"_links":{"self":[{"href":"https:\/\/www.bellunopress.it\/fr\/wp-json\/wp\/v2\/posts\/7012","targetHints":{"allow":["GET"]}}],"collection":[{"href":"https:\/\/www.bellunopress.it\/fr\/wp-json\/wp\/v2\/posts"}],"about":[{"href":"https:\/\/www.bellunopress.it\/fr\/wp-json\/wp\/v2\/types\/post"}],"author":[{"embeddable":true,"href":"https:\/\/www.bellunopress.it\/fr\/wp-json\/wp\/v2\/users\/2"}],"replies":[{"embeddable":true,"href":"https:\/\/www.bellunopress.it\/fr\/wp-json\/wp\/v2\/comments?post=7012"}],"version-history":[{"count":1,"href":"https:\/\/www.bellunopress.it\/fr\/wp-json\/wp\/v2\/posts\/7012\/revisions"}],"predecessor-version":[{"id":7013,"href":"https:\/\/www.bellunopress.it\/fr\/wp-json\/wp\/v2\/posts\/7012\/revisions\/7013"}],"wp:attachment":[{"href":"https:\/\/www.bellunopress.it\/fr\/wp-json\/wp\/v2\/media?parent=7012"}],"wp:term":[{"taxonomy":"category","embeddable":true,"href":"https:\/\/www.bellunopress.it\/fr\/wp-json\/wp\/v2\/categories?post=7012"},{"taxonomy":"post_tag","embeddable":true,"href":"https:\/\/www.bellunopress.it\/fr\/wp-json\/wp\/v2\/tags?post=7012"}],"curies":[{"name":"wp","href":"https:\/\/api.w.org\/{rel}","templated":true}]}}