{"id":7006,"date":"2009-08-14T09:20:44","date_gmt":"2009-08-14T08:20:44","guid":{"rendered":"http:\/\/www.bellunopress.it\/?p=7006"},"modified":"2009-08-14T09:20:44","modified_gmt":"2009-08-14T08:20:44","slug":"15mo-incontro-del-cortina-calcio-estate","status":"publish","type":"post","link":"https:\/\/www.bellunopress.it\/fr\/2009\/08\/14\/15mo-incontro-del-cortina-calcio-estate\/","title":{"rendered":"15mo incontro del &#8220;Cortina Calcio Estate&#8221;"},"content":{"rendered":"<p><strong>Appuntamento con lo sport domenica 16 agosto: rappresentanti del mondo dello sport, della politica, del giornalismo e dello \u201cspettacolo\u201d si affronteranno sul campo da gioco per aggiudicarsi il primo premio, una pregevole opera in vetro di Murano dello scultore Marco Varisco. Gianni Alemanno, sindaco di Roma, tra i protagonisti pi\u00f9 attesi di questa 15\u00b0 edizione del torneo di calcio ferragostano <\/strong>Cortina d\u2019Ampezzo, 14 agosto 2009 _ Da parte di calciatori, aspiranti o ex c\u2019\u00e8 la corsa per avere un posto in squadra, a Cortina d\u2019Ampezzo, dove sale l\u2019attesa per l\u2019ormai tradizionale torneo di calcio ferragostano per beneficenza. Per festeggiare il traguardo delle 15 candeline si torner\u00e0 alla formula originaria, e cio\u00e8 non pi\u00f9 un triangolare come negli ultimi anni ma una partita regolamentare di 90\u2019 fra due squadre. Saranno di fronte la rappresentativa Comune e Radio Cortina, capitanata dal sindaco Andrea Franceschi, e la Mass Media Veneto, rappresentativa regionale giornalisti, capitanata da Ferruccio Gard, ideatore della manifestazione. La partita, organizzata come ogni estate dalla Gis, sempre sensibile alle manifestazioni benefiche, verr\u00e0 disputata domenica 16 agosto, a partire dalle ore 15.00 presso il Centro Sportivo A. De Rigo, in localit\u00e0 Fiames. Ingresso gratuito con offerta libera a favore della A.B.C. Burlo, l\u2019Associazione di volontariato per i Bambini Chirurgici dell\u2019ospedale Pediatrico \u201cBurlo Garofano\u201d di Trieste. L\u2019Associazione, fondata nel 2005 dal cortinese Luca Alberti, che ne \u00e8 il presidente, ha l\u2019obiettivo di aiutare i bambini affetti da gravi patologie malformative e che necessitano di complessi interventi chirurgici in epoca prevalentemente neonatale.Calcio con nobili finalit\u00e0, pertanto. Nella rappresentativa cortinese, oltre al sindaco- capitano Andrea Franceschi giocheranno fra gli altri l\u2019ex-campione di sci Cristian Ghedina, alcuni scoiattoli (i nomi sono ancora top secret), la voce di Radio Cortina Andrea Gris, il deputato bellunese Maurizio Paniz e Roberto Chin, responsabile delle iniziative solidali di Radio Cortina con l\u2019ampezzana \u201c Squadra del cuore\u201d. Nella Mass Media Veneto, allenata dall\u2019editore e direttore della rivista NYCVE, Carlo Mazzanti, il capitano Ferruccio Gard preannunzia qualche sorpresa, alla ricerca della rivincita dopo la sconfitta dello scorso anno. Tra i protagonisti pi\u00f9 attesi di questa 15\u00b0 edizione del torneo di calcio ferragostano, Gianni Alemanno, sindaco di Roma. \u201cE\u2019 per me fonte di immensa soddisfazione vedere come negli anni sia stato possibile portare avanti con entusiasmo e grande coinvolgimento del pubblico questa manifestazione che, non dimentichiamo, ha uno scopo benefico. Un appuntamento sportivo molto atteso che anima l\u2019estate ampezzana. \u201d, queste le parole di Ferruccio Gard, ideatore dell\u2019evento, noto al grande pubblico come uno dei protagonisti di 90\u00b0 minuti della \u201cBanda Valenti\u201d e attualmente direttore di Art Style. \u00c8 capocannoniere della squadra con 44 reti ed ha annunciato che, una volta arrivato a quota 50, appender\u00e0 le scarpette al chiodo. Calcio d\u2019inizio domenica 16 agosto alle ore 15. In palio un trofeo in vetro di Murano dello scultore Marco Varisco.<br \/>\nDomenica 16 agosto \u2013 ore 15.00<br \/>\nCampo sportivo Antonella De Rigo<br \/>\nLocalit\u00e0 Fiames<br \/>\nIngresso libero<\/p>","protected":false},"excerpt":{"rendered":"<p>Appuntamento con lo sport domenica 16 agosto: rappresentanti del mondo dello sport, della politica, del giornalismo e dello \u201cspettacolo\u201d si affronteranno sul campo da gioco per aggiudicarsi il primo premio, una pregevole opera in vetro di Murano dello scultore Marco Varisco. Gianni Alemanno, sindaco di Roma, tra i protagonisti pi\u00f9 attesi di questa 15\u00b0 edizione [&hellip;]<\/p>\n","protected":false},"author":2,"featured_media":0,"comment_status":"closed","ping_status":"open","sticky":false,"template":"","format":"standard","meta":{"footnotes":""},"categories":[25,8,4],"tags":[],"class_list":["post-7006","post","type-post","status-publish","format-standard","category-pausa-caffe","category-societa-istituzioni","category-sport"],"yoast_head":"<!-- This site is optimized with the Yoast SEO plugin v28.4 - https:\/\/yoast.com\/product\/yoast-seo-wordpress\/ -->\n<title>15mo incontro del &quot;Cortina Calcio Estate&quot; - Bellunopress - Dolomiti<\/title>\n<meta name=\"robots\" content=\"index, follow, max-snippet:-1, max-image-preview:large, max-video-preview:-1\" \/>\n<link rel=\"canonical\" href=\"https:\/\/www.bellunopress.it\/fr\/2009\/08\/14\/15mo-incontro-del-cortina-calcio-estate\/\" \/>\n<meta property=\"og:locale\" content=\"fr_FR\" \/>\n<meta property=\"og:type\" content=\"article\" \/>\n<meta property=\"og:title\" content=\"15mo incontro del &quot;Cortina Calcio Estate&quot; - Bellunopress - Dolomiti\" \/>\n<meta property=\"og:description\" content=\"Appuntamento con lo sport domenica 16 agosto: rappresentanti del mondo dello sport, della politica, del giornalismo e dello \u201cspettacolo\u201d si affronteranno sul campo da gioco per aggiudicarsi il primo premio, una pregevole opera in vetro di Murano dello scultore Marco Varisco. Gianni Alemanno, sindaco di Roma, tra i protagonisti pi\u00f9 attesi di questa 15\u00b0 edizione [&hellip;]\" \/>\n<meta property=\"og:url\" content=\"https:\/\/www.bellunopress.it\/fr\/2009\/08\/14\/15mo-incontro-del-cortina-calcio-estate\/\" \/>\n<meta property=\"og:site_name\" content=\"Bellunopress - Dolomiti\" \/>\n<meta property=\"article:publisher\" content=\"https:\/\/www.facebook.com\/profile.php?id=100008943462799\" \/>\n<meta property=\"article:published_time\" content=\"2009-08-14T08:20:44+00:00\" \/>\n<meta property=\"og:image\" content=\"http:\/\/www.bellunopress.it\/wp-content\/uploads\/2012\/07\/logo-bellunopress-250x250-2012.jpg\" \/>\n<meta name=\"author\" content=\"redazione\" \/>\n<meta name=\"twitter:card\" content=\"summary_large_image\" \/>\n<meta name=\"twitter:creator\" content=\"@bellunopress\" \/>\n<meta name=\"twitter:site\" content=\"@bellunopress\" \/>\n<meta name=\"twitter:label1\" content=\"Written by\" \/>\n\t<meta name=\"twitter:data1\" content=\"redazione\" \/>\n\t<meta name=\"twitter:label2\" content=\"Est. reading time\" \/>\n\t<meta name=\"twitter:data2\" content=\"2 minutes\" \/>\n<script type=\"application\/ld+json\" class=\"yoast-schema-graph\">{\"@context\":\"https:\\\/\\\/schema.org\",\"@graph\":[{\"@type\":\"Article\",\"@id\":\"https:\\\/\\\/www.bellunopress.it\\\/2009\\\/08\\\/14\\\/15mo-incontro-del-cortina-calcio-estate\\\/#article\",\"isPartOf\":{\"@id\":\"https:\\\/\\\/www.bellunopress.it\\\/2009\\\/08\\\/14\\\/15mo-incontro-del-cortina-calcio-estate\\\/\"},\"author\":{\"name\":\"redazione\",\"@id\":\"https:\\\/\\\/www.bellunopress.it\\\/#\\\/schema\\\/person\\\/79bb06722b37ece1c03d3e94beb30d73\"},\"headline\":\"15mo incontro del &#8220;Cortina Calcio Estate&#8221;\",\"datePublished\":\"2009-08-14T08:20:44+00:00\",\"mainEntityOfPage\":{\"@id\":\"https:\\\/\\\/www.bellunopress.it\\\/2009\\\/08\\\/14\\\/15mo-incontro-del-cortina-calcio-estate\\\/\"},\"wordCount\":482,\"publisher\":{\"@id\":\"https:\\\/\\\/www.bellunopress.it\\\/#organization\"},\"articleSection\":[\"Pausa Caff\u00e8\",\"Societ\u00e0, Associazioni, Istituzioni\",\"Sport, tempo libero\"],\"inLanguage\":\"fr-FR\"},{\"@type\":\"WebPage\",\"@id\":\"https:\\\/\\\/www.bellunopress.it\\\/2009\\\/08\\\/14\\\/15mo-incontro-del-cortina-calcio-estate\\\/\",\"url\":\"https:\\\/\\\/www.bellunopress.it\\\/2009\\\/08\\\/14\\\/15mo-incontro-del-cortina-calcio-estate\\\/\",\"name\":\"15mo incontro del \\\"Cortina Calcio Estate\\\" - Bellunopress - Dolomiti\",\"isPartOf\":{\"@id\":\"https:\\\/\\\/www.bellunopress.it\\\/#website\"},\"datePublished\":\"2009-08-14T08:20:44+00:00\",\"breadcrumb\":{\"@id\":\"https:\\\/\\\/www.bellunopress.it\\\/2009\\\/08\\\/14\\\/15mo-incontro-del-cortina-calcio-estate\\\/#breadcrumb\"},\"inLanguage\":\"fr-FR\",\"potentialAction\":[{\"@type\":\"ReadAction\",\"target\":[\"https:\\\/\\\/www.bellunopress.it\\\/2009\\\/08\\\/14\\\/15mo-incontro-del-cortina-calcio-estate\\\/\"]}]},{\"@type\":\"BreadcrumbList\",\"@id\":\"https:\\\/\\\/www.bellunopress.it\\\/2009\\\/08\\\/14\\\/15mo-incontro-del-cortina-calcio-estate\\\/#breadcrumb\",\"itemListElement\":[{\"@type\":\"ListItem\",\"position\":1,\"name\":\"Home\",\"item\":\"https:\\\/\\\/www.bellunopress.it\\\/\"},{\"@type\":\"ListItem\",\"position\":2,\"name\":\"15mo incontro del &#8220;Cortina Calcio Estate&#8221;\"}]},{\"@type\":\"WebSite\",\"@id\":\"https:\\\/\\\/www.bellunopress.it\\\/#website\",\"url\":\"https:\\\/\\\/www.bellunopress.it\\\/\",\"name\":\"Bellunopress - Dolomiti\",\"description\":\"e-mail: redazione@bellunopress.it\",\"publisher\":{\"@id\":\"https:\\\/\\\/www.bellunopress.it\\\/#organization\"},\"potentialAction\":[{\"@type\":\"SearchAction\",\"target\":{\"@type\":\"EntryPoint\",\"urlTemplate\":\"https:\\\/\\\/www.bellunopress.it\\\/?s={search_term_string}\"},\"query-input\":{\"@type\":\"PropertyValueSpecification\",\"valueRequired\":true,\"valueName\":\"search_term_string\"}}],\"inLanguage\":\"fr-FR\"},{\"@type\":\"Organization\",\"@id\":\"https:\\\/\\\/www.bellunopress.it\\\/#organization\",\"name\":\"Bellunopress\",\"url\":\"https:\\\/\\\/www.bellunopress.it\\\/\",\"logo\":{\"@type\":\"ImageObject\",\"inLanguage\":\"fr-FR\",\"@id\":\"https:\\\/\\\/www.bellunopress.it\\\/#\\\/schema\\\/logo\\\/image\\\/\",\"url\":\"https:\\\/\\\/www.bellunopress.it\\\/wp-content\\\/uploads\\\/2011\\\/05\\\/cropped-logo-bellunopress-.jpg\",\"contentUrl\":\"https:\\\/\\\/www.bellunopress.it\\\/wp-content\\\/uploads\\\/2011\\\/05\\\/cropped-logo-bellunopress-.jpg\",\"width\":512,\"height\":512,\"caption\":\"Bellunopress\"},\"image\":{\"@id\":\"https:\\\/\\\/www.bellunopress.it\\\/#\\\/schema\\\/logo\\\/image\\\/\"},\"sameAs\":[\"https:\\\/\\\/www.facebook.com\\\/profile.php?id=100008943462799\",\"https:\\\/\\\/x.com\\\/bellunopress\",\"https:\\\/\\\/www.linkedin.com\\\/hp\\\/?dnr=JBzUWaJfMUw8vbXJJ2tVW5-I3jZKvC4wsoxE&amp;amp;amp;amp;amp;amp;trk=nav_responsive_tab_home\",\"https:\\\/\\\/www.youtube.com\\\/channel\\\/UCxL0wu1uN0_3_7hGG0306cw\"]},{\"@type\":\"Person\",\"@id\":\"https:\\\/\\\/www.bellunopress.it\\\/#\\\/schema\\\/person\\\/79bb06722b37ece1c03d3e94beb30d73\",\"name\":\"redazione\",\"image\":{\"@type\":\"ImageObject\",\"inLanguage\":\"fr-FR\",\"@id\":\"https:\\\/\\\/secure.gravatar.com\\\/avatar\\\/37d968a2e67a6fd04c169c4bdef102d0bc5d31b2546345219e348575eb80e9a0?s=96&d=mm&r=g\",\"url\":\"https:\\\/\\\/secure.gravatar.com\\\/avatar\\\/37d968a2e67a6fd04c169c4bdef102d0bc5d31b2546345219e348575eb80e9a0?s=96&d=mm&r=g\",\"contentUrl\":\"https:\\\/\\\/secure.gravatar.com\\\/avatar\\\/37d968a2e67a6fd04c169c4bdef102d0bc5d31b2546345219e348575eb80e9a0?s=96&d=mm&r=g\",\"caption\":\"redazione\"},\"sameAs\":[\"http:\\\/\\\/www.bellunopress.it\",\"https:\\\/\\\/x.com\\\/bellunopress\"],\"url\":\"https:\\\/\\\/www.bellunopress.it\\\/fr\\\/author\\\/redazione\\\/\"}]}<\/script>\n<!-- \/ Yoast SEO plugin. -->","yoast_head_json":{"title":"15mo incontro del \"Cortina Calcio Estate\" - Bellunopress - Dolomiti","robots":{"index":"index","follow":"follow","max-snippet":"max-snippet:-1","max-image-preview":"max-image-preview:large","max-video-preview":"max-video-preview:-1"},"canonical":"https:\/\/www.bellunopress.it\/fr\/2009\/08\/14\/15mo-incontro-del-cortina-calcio-estate\/","og_locale":"fr_FR","og_type":"article","og_title":"15mo incontro del \"Cortina Calcio Estate\" - Bellunopress - Dolomiti","og_description":"Appuntamento con lo sport domenica 16 agosto: rappresentanti del mondo dello sport, della politica, del giornalismo e dello \u201cspettacolo\u201d si affronteranno sul campo da gioco per aggiudicarsi il primo premio, una pregevole opera in vetro di Murano dello scultore Marco Varisco. Gianni Alemanno, sindaco di Roma, tra i protagonisti pi\u00f9 attesi di questa 15\u00b0 edizione [&hellip;]","og_url":"https:\/\/www.bellunopress.it\/fr\/2009\/08\/14\/15mo-incontro-del-cortina-calcio-estate\/","og_site_name":"Bellunopress - Dolomiti","article_publisher":"https:\/\/www.facebook.com\/profile.php?id=100008943462799","article_published_time":"2009-08-14T08:20:44+00:00","og_image":[{"url":"http:\/\/www.bellunopress.it\/wp-content\/uploads\/2012\/07\/logo-bellunopress-250x250-2012.jpg","type":"","width":"","height":""}],"author":"redazione","twitter_card":"summary_large_image","twitter_creator":"@bellunopress","twitter_site":"@bellunopress","twitter_misc":{"Written by":"redazione","Est. reading time":"2 minutes"},"schema":{"@context":"https:\/\/schema.org","@graph":[{"@type":"Article","@id":"https:\/\/www.bellunopress.it\/2009\/08\/14\/15mo-incontro-del-cortina-calcio-estate\/#article","isPartOf":{"@id":"https:\/\/www.bellunopress.it\/2009\/08\/14\/15mo-incontro-del-cortina-calcio-estate\/"},"author":{"name":"redazione","@id":"https:\/\/www.bellunopress.it\/#\/schema\/person\/79bb06722b37ece1c03d3e94beb30d73"},"headline":"15mo incontro del &#8220;Cortina Calcio Estate&#8221;","datePublished":"2009-08-14T08:20:44+00:00","mainEntityOfPage":{"@id":"https:\/\/www.bellunopress.it\/2009\/08\/14\/15mo-incontro-del-cortina-calcio-estate\/"},"wordCount":482,"publisher":{"@id":"https:\/\/www.bellunopress.it\/#organization"},"articleSection":["Pausa Caff\u00e8","Societ\u00e0, Associazioni, Istituzioni","Sport, tempo libero"],"inLanguage":"fr-FR"},{"@type":"WebPage","@id":"https:\/\/www.bellunopress.it\/2009\/08\/14\/15mo-incontro-del-cortina-calcio-estate\/","url":"https:\/\/www.bellunopress.it\/2009\/08\/14\/15mo-incontro-del-cortina-calcio-estate\/","name":"15mo incontro del \"Cortina Calcio Estate\" - Bellunopress - Dolomiti","isPartOf":{"@id":"https:\/\/www.bellunopress.it\/#website"},"datePublished":"2009-08-14T08:20:44+00:00","breadcrumb":{"@id":"https:\/\/www.bellunopress.it\/2009\/08\/14\/15mo-incontro-del-cortina-calcio-estate\/#breadcrumb"},"inLanguage":"fr-FR","potentialAction":[{"@type":"ReadAction","target":["https:\/\/www.bellunopress.it\/2009\/08\/14\/15mo-incontro-del-cortina-calcio-estate\/"]}]},{"@type":"BreadcrumbList","@id":"https:\/\/www.bellunopress.it\/2009\/08\/14\/15mo-incontro-del-cortina-calcio-estate\/#breadcrumb","itemListElement":[{"@type":"ListItem","position":1,"name":"Home","item":"https:\/\/www.bellunopress.it\/"},{"@type":"ListItem","position":2,"name":"15mo incontro del &#8220;Cortina Calcio Estate&#8221;"}]},{"@type":"WebSite","@id":"https:\/\/www.bellunopress.it\/#website","url":"https:\/\/www.bellunopress.it\/","name":"Bellunopress - Dolomiti","description":"e-mail: redazione@bellunopress.it","publisher":{"@id":"https:\/\/www.bellunopress.it\/#organization"},"potentialAction":[{"@type":"SearchAction","target":{"@type":"EntryPoint","urlTemplate":"https:\/\/www.bellunopress.it\/?s={search_term_string}"},"query-input":{"@type":"PropertyValueSpecification","valueRequired":true,"valueName":"search_term_string"}}],"inLanguage":"fr-FR"},{"@type":"Organization","@id":"https:\/\/www.bellunopress.it\/#organization","name":"Bellunopress","url":"https:\/\/www.bellunopress.it\/","logo":{"@type":"ImageObject","inLanguage":"fr-FR","@id":"https:\/\/www.bellunopress.it\/#\/schema\/logo\/image\/","url":"https:\/\/www.bellunopress.it\/wp-content\/uploads\/2011\/05\/cropped-logo-bellunopress-.jpg","contentUrl":"https:\/\/www.bellunopress.it\/wp-content\/uploads\/2011\/05\/cropped-logo-bellunopress-.jpg","width":512,"height":512,"caption":"Bellunopress"},"image":{"@id":"https:\/\/www.bellunopress.it\/#\/schema\/logo\/image\/"},"sameAs":["https:\/\/www.facebook.com\/profile.php?id=100008943462799","https:\/\/x.com\/bellunopress","https:\/\/www.linkedin.com\/hp\/?dnr=JBzUWaJfMUw8vbXJJ2tVW5-I3jZKvC4wsoxE&amp;amp;amp;amp;amp;amp;trk=nav_responsive_tab_home","https:\/\/www.youtube.com\/channel\/UCxL0wu1uN0_3_7hGG0306cw"]},{"@type":"Person","@id":"https:\/\/www.bellunopress.it\/#\/schema\/person\/79bb06722b37ece1c03d3e94beb30d73","name":"r\u00e9daction","image":{"@type":"ImageObject","inLanguage":"fr-FR","@id":"https:\/\/secure.gravatar.com\/avatar\/37d968a2e67a6fd04c169c4bdef102d0bc5d31b2546345219e348575eb80e9a0?s=96&d=mm&r=g","url":"https:\/\/secure.gravatar.com\/avatar\/37d968a2e67a6fd04c169c4bdef102d0bc5d31b2546345219e348575eb80e9a0?s=96&d=mm&r=g","contentUrl":"https:\/\/secure.gravatar.com\/avatar\/37d968a2e67a6fd04c169c4bdef102d0bc5d31b2546345219e348575eb80e9a0?s=96&d=mm&r=g","caption":"redazione"},"sameAs":["http:\/\/www.bellunopress.it","https:\/\/x.com\/bellunopress"],"url":"https:\/\/www.bellunopress.it\/fr\/author\/redazione\/"}]}},"_links":{"self":[{"href":"https:\/\/www.bellunopress.it\/fr\/wp-json\/wp\/v2\/posts\/7006","targetHints":{"allow":["GET"]}}],"collection":[{"href":"https:\/\/www.bellunopress.it\/fr\/wp-json\/wp\/v2\/posts"}],"about":[{"href":"https:\/\/www.bellunopress.it\/fr\/wp-json\/wp\/v2\/types\/post"}],"author":[{"embeddable":true,"href":"https:\/\/www.bellunopress.it\/fr\/wp-json\/wp\/v2\/users\/2"}],"replies":[{"embeddable":true,"href":"https:\/\/www.bellunopress.it\/fr\/wp-json\/wp\/v2\/comments?post=7006"}],"version-history":[{"count":1,"href":"https:\/\/www.bellunopress.it\/fr\/wp-json\/wp\/v2\/posts\/7006\/revisions"}],"predecessor-version":[{"id":7007,"href":"https:\/\/www.bellunopress.it\/fr\/wp-json\/wp\/v2\/posts\/7006\/revisions\/7007"}],"wp:attachment":[{"href":"https:\/\/www.bellunopress.it\/fr\/wp-json\/wp\/v2\/media?parent=7006"}],"wp:term":[{"taxonomy":"category","embeddable":true,"href":"https:\/\/www.bellunopress.it\/fr\/wp-json\/wp\/v2\/categories?post=7006"},{"taxonomy":"post_tag","embeddable":true,"href":"https:\/\/www.bellunopress.it\/fr\/wp-json\/wp\/v2\/tags?post=7006"}],"curies":[{"name":"wp","href":"https:\/\/api.w.org\/{rel}","templated":true}]}}