{"id":70002,"date":"2015-07-09T20:35:18","date_gmt":"2015-07-09T18:35:18","guid":{"rendered":"http:\/\/www.bellunopress.it\/?p=70002"},"modified":"2015-07-09T20:35:18","modified_gmt":"2015-07-09T18:35:18","slug":"numerosi-interventi-in-montagna-del-soccorso-alpino","status":"publish","type":"post","link":"https:\/\/www.bellunopress.it\/fr\/2015\/07\/09\/numerosi-interventi-in-montagna-del-soccorso-alpino\/","title":{"rendered":"Numerosi interventi in montagna del Soccorso alpino"},"content":{"rendered":"<p><a href=\"http:\/\/www.bellunopress.it\/wp-content\/uploads\/2015\/07\/soccorso-alpino-tre-cime.jpg\"><img loading=\"lazy\" decoding=\"async\" class=\"alignleft size-full wp-image-69837\" src=\"http:\/\/www.bellunopress.it\/wp-content\/uploads\/2015\/07\/soccorso-alpino-tre-cime.jpg\" alt=\"soccorso alpino tre cime\" width=\"300\" height=\"188\" \/><\/a>Belluno, 09-07-15 \u00a0Impegnativa giornata per il Suem 118 e il Soccorso alpino, con numerosi interventi sulle montagne bellunesi. Alle 13.20, il Soccorso alpino di Cortina ha raggiunto in jeep un escursionista di Brescia, G.B., 65 anni, che, scivolato sul sentiero numero 410 di Col Drusc\u00e8, si era procurato un trauma alla gamba. I soccorritori lo hanno accompagnato all&#8217;ospedale di Cortina.<\/p>\n<p>Alle 15, l&#8217;elicottero di Bolzano \u00e8 intervenuto sulle Tre Cime di Lavaredo per due alpinisti infortunatisi in due diverse vie: il primo per un sasso cadutogli sul braccio sull&#8217;ultimo tiro dello Spigolo Giallo, Cima Piccola; il secondo volato sulla Preuss, Piccolissima, e recuperato con un possibile politrauma. I due rocciatori sono stati trasportati a San Candido e a Bressanone. Presente personale del Soccorso alpino di Auronzo. L&#8217;elicottero dell&#8217;Aiut Alpin Dolomites di Bolzano \u00e8 invece stato inviato sul Peralba, dove un escursionista che stava scendendo dal sentiero attrezzato sul versante ovest \u00e8 caduto, rompendosi una gamba. Sul posto il Soccorso alpino di Sappada.<\/p>\n<p>L&#8217;eliambulanza dell&#8217;Aiut Alpin si \u00e8 successivamente diretta sotto le Tre Cime, in Val del Aga, per un tuturista con un trauma alla gamba. Sempre ad Auronzo, il Soccorso alpino sta andando incontro in Val Giralba a un&#8217;escursionista bloccata dalla fatica.<\/p>","protected":false},"excerpt":{"rendered":"<p>Belluno, 09-07-15 \u00a0Impegnativa giornata per il Suem 118 e il Soccorso alpino, con numerosi interventi sulle montagne bellunesi. Alle 13.20, il Soccorso alpino di Cortina ha raggiunto in jeep un escursionista di Brescia, G.B., 65 anni, che, scivolato sul sentiero numero 410 di Col Drusc\u00e8, si era procurato un trauma alla gamba. I soccorritori lo [&hellip;]<\/p>\n","protected":false},"author":2,"featured_media":0,"comment_status":"closed","ping_status":"open","sticky":false,"template":"","format":"standard","meta":{"footnotes":""},"categories":[5,26],"tags":[],"class_list":["post-70002","post","type-post","status-publish","format-standard","category-cronaca","category-prima-pagina"],"yoast_head":"<!-- This site is optimized with the Yoast SEO plugin v28.4 - https:\/\/yoast.com\/product\/yoast-seo-wordpress\/ -->\n<title>Numerosi interventi in montagna del Soccorso alpino - Bellunopress - Dolomiti<\/title>\n<meta name=\"robots\" content=\"index, follow, max-snippet:-1, max-image-preview:large, max-video-preview:-1\" \/>\n<link rel=\"canonical\" href=\"https:\/\/www.bellunopress.it\/fr\/2015\/07\/09\/numerosi-interventi-in-montagna-del-soccorso-alpino\/\" \/>\n<meta property=\"og:locale\" content=\"fr_FR\" \/>\n<meta property=\"og:type\" content=\"article\" \/>\n<meta property=\"og:title\" content=\"Numerosi interventi in montagna del Soccorso alpino - Bellunopress - Dolomiti\" \/>\n<meta property=\"og:description\" content=\"Belluno, 09-07-15 \u00a0Impegnativa giornata per il Suem 118 e il Soccorso alpino, con numerosi interventi sulle montagne bellunesi. Alle 13.20, il Soccorso alpino di Cortina ha raggiunto in jeep un escursionista di Brescia, G.B., 65 anni, che, scivolato sul sentiero numero 410 di Col Drusc\u00e8, si era procurato un trauma alla gamba. I soccorritori lo [&hellip;]\" \/>\n<meta property=\"og:url\" content=\"https:\/\/www.bellunopress.it\/fr\/2015\/07\/09\/numerosi-interventi-in-montagna-del-soccorso-alpino\/\" \/>\n<meta property=\"og:site_name\" content=\"Bellunopress - Dolomiti\" \/>\n<meta property=\"article:publisher\" content=\"https:\/\/www.facebook.com\/profile.php?id=100008943462799\" \/>\n<meta property=\"article:published_time\" content=\"2015-07-09T18:35:18+00:00\" \/>\n<meta property=\"og:image\" content=\"http:\/\/www.bellunopress.it\/wp-content\/uploads\/2015\/07\/soccorso-alpino-tre-cime.jpg\" \/>\n<meta name=\"author\" content=\"redazione\" \/>\n<meta name=\"twitter:card\" content=\"summary_large_image\" \/>\n<meta name=\"twitter:creator\" content=\"@bellunopress\" \/>\n<meta name=\"twitter:site\" content=\"@bellunopress\" \/>\n<meta name=\"twitter:label1\" content=\"\u00c9crit par\" \/>\n\t<meta name=\"twitter:data1\" content=\"redazione\" \/>\n\t<meta name=\"twitter:label2\" content=\"Dur\u00e9e de lecture estim\u00e9e\" \/>\n\t<meta name=\"twitter:data2\" content=\"1 minute\" \/>\n<script type=\"application\/ld+json\" class=\"yoast-schema-graph\">{\"@context\":\"https:\\\/\\\/schema.org\",\"@graph\":[{\"@type\":\"Article\",\"@id\":\"https:\\\/\\\/www.bellunopress.it\\\/2015\\\/07\\\/09\\\/numerosi-interventi-in-montagna-del-soccorso-alpino\\\/#article\",\"isPartOf\":{\"@id\":\"https:\\\/\\\/www.bellunopress.it\\\/2015\\\/07\\\/09\\\/numerosi-interventi-in-montagna-del-soccorso-alpino\\\/\"},\"author\":{\"name\":\"redazione\",\"@id\":\"https:\\\/\\\/www.bellunopress.it\\\/#\\\/schema\\\/person\\\/79bb06722b37ece1c03d3e94beb30d73\"},\"headline\":\"Numerosi interventi in montagna del Soccorso alpino\",\"datePublished\":\"2015-07-09T18:35:18+00:00\",\"mainEntityOfPage\":{\"@id\":\"https:\\\/\\\/www.bellunopress.it\\\/2015\\\/07\\\/09\\\/numerosi-interventi-in-montagna-del-soccorso-alpino\\\/\"},\"wordCount\":210,\"publisher\":{\"@id\":\"https:\\\/\\\/www.bellunopress.it\\\/#organization\"},\"image\":{\"@id\":\"https:\\\/\\\/www.bellunopress.it\\\/2015\\\/07\\\/09\\\/numerosi-interventi-in-montagna-del-soccorso-alpino\\\/#primaryimage\"},\"thumbnailUrl\":\"http:\\\/\\\/www.bellunopress.it\\\/wp-content\\\/uploads\\\/2015\\\/07\\\/soccorso-alpino-tre-cime.jpg\",\"articleSection\":[\"Cronaca\\\/Politica\",\"Prima Pagina\"],\"inLanguage\":\"fr-FR\"},{\"@type\":\"WebPage\",\"@id\":\"https:\\\/\\\/www.bellunopress.it\\\/2015\\\/07\\\/09\\\/numerosi-interventi-in-montagna-del-soccorso-alpino\\\/\",\"url\":\"https:\\\/\\\/www.bellunopress.it\\\/2015\\\/07\\\/09\\\/numerosi-interventi-in-montagna-del-soccorso-alpino\\\/\",\"name\":\"Numerosi interventi in montagna del Soccorso alpino - Bellunopress - Dolomiti\",\"isPartOf\":{\"@id\":\"https:\\\/\\\/www.bellunopress.it\\\/#website\"},\"primaryImageOfPage\":{\"@id\":\"https:\\\/\\\/www.bellunopress.it\\\/2015\\\/07\\\/09\\\/numerosi-interventi-in-montagna-del-soccorso-alpino\\\/#primaryimage\"},\"image\":{\"@id\":\"https:\\\/\\\/www.bellunopress.it\\\/2015\\\/07\\\/09\\\/numerosi-interventi-in-montagna-del-soccorso-alpino\\\/#primaryimage\"},\"thumbnailUrl\":\"http:\\\/\\\/www.bellunopress.it\\\/wp-content\\\/uploads\\\/2015\\\/07\\\/soccorso-alpino-tre-cime.jpg\",\"datePublished\":\"2015-07-09T18:35:18+00:00\",\"breadcrumb\":{\"@id\":\"https:\\\/\\\/www.bellunopress.it\\\/2015\\\/07\\\/09\\\/numerosi-interventi-in-montagna-del-soccorso-alpino\\\/#breadcrumb\"},\"inLanguage\":\"fr-FR\",\"potentialAction\":[{\"@type\":\"ReadAction\",\"target\":[\"https:\\\/\\\/www.bellunopress.it\\\/2015\\\/07\\\/09\\\/numerosi-interventi-in-montagna-del-soccorso-alpino\\\/\"]}]},{\"@type\":\"ImageObject\",\"inLanguage\":\"fr-FR\",\"@id\":\"https:\\\/\\\/www.bellunopress.it\\\/2015\\\/07\\\/09\\\/numerosi-interventi-in-montagna-del-soccorso-alpino\\\/#primaryimage\",\"url\":\"http:\\\/\\\/www.bellunopress.it\\\/wp-content\\\/uploads\\\/2015\\\/07\\\/soccorso-alpino-tre-cime.jpg\",\"contentUrl\":\"http:\\\/\\\/www.bellunopress.it\\\/wp-content\\\/uploads\\\/2015\\\/07\\\/soccorso-alpino-tre-cime.jpg\"},{\"@type\":\"BreadcrumbList\",\"@id\":\"https:\\\/\\\/www.bellunopress.it\\\/2015\\\/07\\\/09\\\/numerosi-interventi-in-montagna-del-soccorso-alpino\\\/#breadcrumb\",\"itemListElement\":[{\"@type\":\"ListItem\",\"position\":1,\"name\":\"Home\",\"item\":\"https:\\\/\\\/www.bellunopress.it\\\/\"},{\"@type\":\"ListItem\",\"position\":2,\"name\":\"Numerosi interventi in montagna del Soccorso alpino\"}]},{\"@type\":\"WebSite\",\"@id\":\"https:\\\/\\\/www.bellunopress.it\\\/#website\",\"url\":\"https:\\\/\\\/www.bellunopress.it\\\/\",\"name\":\"Bellunopress - Dolomiti\",\"description\":\"e-mail: redazione@bellunopress.it\",\"publisher\":{\"@id\":\"https:\\\/\\\/www.bellunopress.it\\\/#organization\"},\"potentialAction\":[{\"@type\":\"SearchAction\",\"target\":{\"@type\":\"EntryPoint\",\"urlTemplate\":\"https:\\\/\\\/www.bellunopress.it\\\/?s={search_term_string}\"},\"query-input\":{\"@type\":\"PropertyValueSpecification\",\"valueRequired\":true,\"valueName\":\"search_term_string\"}}],\"inLanguage\":\"fr-FR\"},{\"@type\":\"Organization\",\"@id\":\"https:\\\/\\\/www.bellunopress.it\\\/#organization\",\"name\":\"Bellunopress\",\"url\":\"https:\\\/\\\/www.bellunopress.it\\\/\",\"logo\":{\"@type\":\"ImageObject\",\"inLanguage\":\"fr-FR\",\"@id\":\"https:\\\/\\\/www.bellunopress.it\\\/#\\\/schema\\\/logo\\\/image\\\/\",\"url\":\"https:\\\/\\\/www.bellunopress.it\\\/wp-content\\\/uploads\\\/2011\\\/05\\\/cropped-logo-bellunopress-.jpg\",\"contentUrl\":\"https:\\\/\\\/www.bellunopress.it\\\/wp-content\\\/uploads\\\/2011\\\/05\\\/cropped-logo-bellunopress-.jpg\",\"width\":512,\"height\":512,\"caption\":\"Bellunopress\"},\"image\":{\"@id\":\"https:\\\/\\\/www.bellunopress.it\\\/#\\\/schema\\\/logo\\\/image\\\/\"},\"sameAs\":[\"https:\\\/\\\/www.facebook.com\\\/profile.php?id=100008943462799\",\"https:\\\/\\\/x.com\\\/bellunopress\",\"https:\\\/\\\/www.linkedin.com\\\/hp\\\/?dnr=JBzUWaJfMUw8vbXJJ2tVW5-I3jZKvC4wsoxE&amp;amp;amp;amp;amp;amp;trk=nav_responsive_tab_home\",\"https:\\\/\\\/www.youtube.com\\\/channel\\\/UCxL0wu1uN0_3_7hGG0306cw\"]},{\"@type\":\"Person\",\"@id\":\"https:\\\/\\\/www.bellunopress.it\\\/#\\\/schema\\\/person\\\/79bb06722b37ece1c03d3e94beb30d73\",\"name\":\"redazione\",\"image\":{\"@type\":\"ImageObject\",\"inLanguage\":\"fr-FR\",\"@id\":\"https:\\\/\\\/secure.gravatar.com\\\/avatar\\\/37d968a2e67a6fd04c169c4bdef102d0bc5d31b2546345219e348575eb80e9a0?s=96&d=mm&r=g\",\"url\":\"https:\\\/\\\/secure.gravatar.com\\\/avatar\\\/37d968a2e67a6fd04c169c4bdef102d0bc5d31b2546345219e348575eb80e9a0?s=96&d=mm&r=g\",\"contentUrl\":\"https:\\\/\\\/secure.gravatar.com\\\/avatar\\\/37d968a2e67a6fd04c169c4bdef102d0bc5d31b2546345219e348575eb80e9a0?s=96&d=mm&r=g\",\"caption\":\"redazione\"},\"sameAs\":[\"http:\\\/\\\/www.bellunopress.it\",\"https:\\\/\\\/x.com\\\/bellunopress\"],\"url\":\"https:\\\/\\\/www.bellunopress.it\\\/fr\\\/author\\\/redazione\\\/\"}]}<\/script>\n<!-- \/ Yoast SEO plugin. -->","yoast_head_json":{"title":"Numerosi interventi in montagna del Soccorso alpino - Bellunopress - Dolomiti","robots":{"index":"index","follow":"follow","max-snippet":"max-snippet:-1","max-image-preview":"max-image-preview:large","max-video-preview":"max-video-preview:-1"},"canonical":"https:\/\/www.bellunopress.it\/fr\/2015\/07\/09\/numerosi-interventi-in-montagna-del-soccorso-alpino\/","og_locale":"fr_FR","og_type":"article","og_title":"Numerosi interventi in montagna del Soccorso alpino - Bellunopress - Dolomiti","og_description":"Belluno, 09-07-15 \u00a0Impegnativa giornata per il Suem 118 e il Soccorso alpino, con numerosi interventi sulle montagne bellunesi. Alle 13.20, il Soccorso alpino di Cortina ha raggiunto in jeep un escursionista di Brescia, G.B., 65 anni, che, scivolato sul sentiero numero 410 di Col Drusc\u00e8, si era procurato un trauma alla gamba. I soccorritori lo [&hellip;]","og_url":"https:\/\/www.bellunopress.it\/fr\/2015\/07\/09\/numerosi-interventi-in-montagna-del-soccorso-alpino\/","og_site_name":"Bellunopress - Dolomiti","article_publisher":"https:\/\/www.facebook.com\/profile.php?id=100008943462799","article_published_time":"2015-07-09T18:35:18+00:00","og_image":[{"url":"http:\/\/www.bellunopress.it\/wp-content\/uploads\/2015\/07\/soccorso-alpino-tre-cime.jpg","type":"","width":"","height":""}],"author":"redazione","twitter_card":"summary_large_image","twitter_creator":"@bellunopress","twitter_site":"@bellunopress","twitter_misc":{"\u00c9crit par":"redazione","Dur\u00e9e de lecture estim\u00e9e":"1 minute"},"schema":{"@context":"https:\/\/schema.org","@graph":[{"@type":"Article","@id":"https:\/\/www.bellunopress.it\/2015\/07\/09\/numerosi-interventi-in-montagna-del-soccorso-alpino\/#article","isPartOf":{"@id":"https:\/\/www.bellunopress.it\/2015\/07\/09\/numerosi-interventi-in-montagna-del-soccorso-alpino\/"},"author":{"name":"redazione","@id":"https:\/\/www.bellunopress.it\/#\/schema\/person\/79bb06722b37ece1c03d3e94beb30d73"},"headline":"Numerosi interventi in montagna del Soccorso alpino","datePublished":"2015-07-09T18:35:18+00:00","mainEntityOfPage":{"@id":"https:\/\/www.bellunopress.it\/2015\/07\/09\/numerosi-interventi-in-montagna-del-soccorso-alpino\/"},"wordCount":210,"publisher":{"@id":"https:\/\/www.bellunopress.it\/#organization"},"image":{"@id":"https:\/\/www.bellunopress.it\/2015\/07\/09\/numerosi-interventi-in-montagna-del-soccorso-alpino\/#primaryimage"},"thumbnailUrl":"http:\/\/www.bellunopress.it\/wp-content\/uploads\/2015\/07\/soccorso-alpino-tre-cime.jpg","articleSection":["Cronaca\/Politica","Prima Pagina"],"inLanguage":"fr-FR"},{"@type":"WebPage","@id":"https:\/\/www.bellunopress.it\/2015\/07\/09\/numerosi-interventi-in-montagna-del-soccorso-alpino\/","url":"https:\/\/www.bellunopress.it\/2015\/07\/09\/numerosi-interventi-in-montagna-del-soccorso-alpino\/","name":"Numerosi interventi in montagna del Soccorso alpino - Bellunopress - Dolomiti","isPartOf":{"@id":"https:\/\/www.bellunopress.it\/#website"},"primaryImageOfPage":{"@id":"https:\/\/www.bellunopress.it\/2015\/07\/09\/numerosi-interventi-in-montagna-del-soccorso-alpino\/#primaryimage"},"image":{"@id":"https:\/\/www.bellunopress.it\/2015\/07\/09\/numerosi-interventi-in-montagna-del-soccorso-alpino\/#primaryimage"},"thumbnailUrl":"http:\/\/www.bellunopress.it\/wp-content\/uploads\/2015\/07\/soccorso-alpino-tre-cime.jpg","datePublished":"2015-07-09T18:35:18+00:00","breadcrumb":{"@id":"https:\/\/www.bellunopress.it\/2015\/07\/09\/numerosi-interventi-in-montagna-del-soccorso-alpino\/#breadcrumb"},"inLanguage":"fr-FR","potentialAction":[{"@type":"ReadAction","target":["https:\/\/www.bellunopress.it\/2015\/07\/09\/numerosi-interventi-in-montagna-del-soccorso-alpino\/"]}]},{"@type":"ImageObject","inLanguage":"fr-FR","@id":"https:\/\/www.bellunopress.it\/2015\/07\/09\/numerosi-interventi-in-montagna-del-soccorso-alpino\/#primaryimage","url":"http:\/\/www.bellunopress.it\/wp-content\/uploads\/2015\/07\/soccorso-alpino-tre-cime.jpg","contentUrl":"http:\/\/www.bellunopress.it\/wp-content\/uploads\/2015\/07\/soccorso-alpino-tre-cime.jpg"},{"@type":"BreadcrumbList","@id":"https:\/\/www.bellunopress.it\/2015\/07\/09\/numerosi-interventi-in-montagna-del-soccorso-alpino\/#breadcrumb","itemListElement":[{"@type":"ListItem","position":1,"name":"Home","item":"https:\/\/www.bellunopress.it\/"},{"@type":"ListItem","position":2,"name":"Numerosi interventi in montagna del Soccorso alpino"}]},{"@type":"WebSite","@id":"https:\/\/www.bellunopress.it\/#website","url":"https:\/\/www.bellunopress.it\/","name":"Bellunopress - Dolomiti","description":"e-mail: redazione@bellunopress.it","publisher":{"@id":"https:\/\/www.bellunopress.it\/#organization"},"potentialAction":[{"@type":"SearchAction","target":{"@type":"EntryPoint","urlTemplate":"https:\/\/www.bellunopress.it\/?s={search_term_string}"},"query-input":{"@type":"PropertyValueSpecification","valueRequired":true,"valueName":"search_term_string"}}],"inLanguage":"fr-FR"},{"@type":"Organization","@id":"https:\/\/www.bellunopress.it\/#organization","name":"Bellunopress","url":"https:\/\/www.bellunopress.it\/","logo":{"@type":"ImageObject","inLanguage":"fr-FR","@id":"https:\/\/www.bellunopress.it\/#\/schema\/logo\/image\/","url":"https:\/\/www.bellunopress.it\/wp-content\/uploads\/2011\/05\/cropped-logo-bellunopress-.jpg","contentUrl":"https:\/\/www.bellunopress.it\/wp-content\/uploads\/2011\/05\/cropped-logo-bellunopress-.jpg","width":512,"height":512,"caption":"Bellunopress"},"image":{"@id":"https:\/\/www.bellunopress.it\/#\/schema\/logo\/image\/"},"sameAs":["https:\/\/www.facebook.com\/profile.php?id=100008943462799","https:\/\/x.com\/bellunopress","https:\/\/www.linkedin.com\/hp\/?dnr=JBzUWaJfMUw8vbXJJ2tVW5-I3jZKvC4wsoxE&amp;amp;amp;amp;amp;amp;trk=nav_responsive_tab_home","https:\/\/www.youtube.com\/channel\/UCxL0wu1uN0_3_7hGG0306cw"]},{"@type":"Person","@id":"https:\/\/www.bellunopress.it\/#\/schema\/person\/79bb06722b37ece1c03d3e94beb30d73","name":"r\u00e9daction","image":{"@type":"ImageObject","inLanguage":"fr-FR","@id":"https:\/\/secure.gravatar.com\/avatar\/37d968a2e67a6fd04c169c4bdef102d0bc5d31b2546345219e348575eb80e9a0?s=96&d=mm&r=g","url":"https:\/\/secure.gravatar.com\/avatar\/37d968a2e67a6fd04c169c4bdef102d0bc5d31b2546345219e348575eb80e9a0?s=96&d=mm&r=g","contentUrl":"https:\/\/secure.gravatar.com\/avatar\/37d968a2e67a6fd04c169c4bdef102d0bc5d31b2546345219e348575eb80e9a0?s=96&d=mm&r=g","caption":"redazione"},"sameAs":["http:\/\/www.bellunopress.it","https:\/\/x.com\/bellunopress"],"url":"https:\/\/www.bellunopress.it\/fr\/author\/redazione\/"}]}},"_links":{"self":[{"href":"https:\/\/www.bellunopress.it\/fr\/wp-json\/wp\/v2\/posts\/70002","targetHints":{"allow":["GET"]}}],"collection":[{"href":"https:\/\/www.bellunopress.it\/fr\/wp-json\/wp\/v2\/posts"}],"about":[{"href":"https:\/\/www.bellunopress.it\/fr\/wp-json\/wp\/v2\/types\/post"}],"author":[{"embeddable":true,"href":"https:\/\/www.bellunopress.it\/fr\/wp-json\/wp\/v2\/users\/2"}],"replies":[{"embeddable":true,"href":"https:\/\/www.bellunopress.it\/fr\/wp-json\/wp\/v2\/comments?post=70002"}],"version-history":[{"count":1,"href":"https:\/\/www.bellunopress.it\/fr\/wp-json\/wp\/v2\/posts\/70002\/revisions"}],"predecessor-version":[{"id":70003,"href":"https:\/\/www.bellunopress.it\/fr\/wp-json\/wp\/v2\/posts\/70002\/revisions\/70003"}],"wp:attachment":[{"href":"https:\/\/www.bellunopress.it\/fr\/wp-json\/wp\/v2\/media?parent=70002"}],"wp:term":[{"taxonomy":"category","embeddable":true,"href":"https:\/\/www.bellunopress.it\/fr\/wp-json\/wp\/v2\/categories?post=70002"},{"taxonomy":"post_tag","embeddable":true,"href":"https:\/\/www.bellunopress.it\/fr\/wp-json\/wp\/v2\/tags?post=70002"}],"curies":[{"name":"wp","href":"https:\/\/api.w.org\/{rel}","templated":true}]}}