{"id":69999,"date":"2015-07-09T20:30:12","date_gmt":"2015-07-09T18:30:12","guid":{"rendered":"http:\/\/www.bellunopress.it\/?p=69999"},"modified":"2015-07-09T20:30:12","modified_gmt":"2015-07-09T18:30:12","slug":"oltre-700-militari-allesercitazione-delle-truppe-alpine-sulle-5-torri","status":"publish","type":"post","link":"https:\/\/www.bellunopress.it\/fr\/2015\/07\/09\/oltre-700-militari-allesercitazione-delle-truppe-alpine-sulle-5-torri\/","title":{"rendered":"Oltre 700 militari all&#8217;esercitazione delle Truppe alpine sulle 5 Torri"},"content":{"rendered":"<p><a href=\"http:\/\/www.bellunopress.it\/wp-content\/uploads\/2015\/07\/Esercito_esercitazione_5_Torri.jpg\"><img loading=\"lazy\" decoding=\"async\" class=\"alignleft size-full wp-image-70000\" src=\"http:\/\/www.bellunopress.it\/wp-content\/uploads\/2015\/07\/Esercito_esercitazione_5_Torri.jpg\" alt=\"Esercito_esercitazione_5_Torri\" width=\"300\" height=\"200\" \/><\/a>Cortina d\u2019Ampezzo, 9 luglio 2015. Oltre 700 militari di 11 paesi hanno partecipato all\u2019esercitazione organizzata dal Comando Truppe Alpine dell\u2019Esercito in localit\u00e0 5 Torri, dove 100 anni fa l\u2019Esercito Italiano combatt\u00e9 nelle trincee a oltre 2200 metri di quota.<\/p>\n<p>Alla giornata conclusiva hanno partecipato il capo di Stato Maggiore della Difesa, generale Claudio Graziano, il capo di Stato Maggiore dell&#8217;Esercito, generale di Corpo d\u2019Armata Danilo Errico, il comandante delle Forze Operative Terrestri generale di Corpo d\u2019Armata Alberto Primicerj e il comandante delle Truppe Alpine generale di Corpo d\u2019Armata Federico Bonato.<\/p>\n<p>Le autorit\u00e0 civili e militari e il pubblico intervenuto hanno assistito ad una significativa attivit\u00e0 addestrativa delle truppe da montagna. L\u2019esercitazione, ha rappresentato l\u2019occasione per testare il livello di capacit\u00e0 raggiunto in addestramento dagli alpini, implementando le tecniche alpinistiche per il movimento e per il soccorso in montagna congiuntamente ad altre Forze Armate italiane e straniere di Austria, Bulgaria, Germania, Giordania, FYROM (Former Yugoslav Republic of Macedonia), Oman, Regno Unito, Slovenia, Spagna e Svizzera, e affinare la cooperazione con altre unit\u00e0 specialistiche dell\u2019Esercito Italiano.<\/p>\n<p>Il generale Graziano, durante il suo intervento ha affermato che \u201cquesta esercitazione \u00e8 segno della trasformazione e della continuit\u00e0 in cui bisogna muoversi. In un momento di risorse limitate, \u00e8 necessario esaltare le nostre eccellenze. Tra le molte capacit\u00e0 c&#8217;\u00e8 quella di combattere in montagna, peculiarit\u00e0 che ci \u00e8 riconosciuta nel mondo. Il coraggio fisico e mentale e la resistenza che oggi questi uomini e queste donne hanno dimostrato in esercitazione &#8211; ha aggiunto il capo di Stato Maggiore della Difesa &#8211; sono elementi fondamentali per un soldato. Oggi siamo pi\u00f9 preparati ma con lo stesso spirito di chi combatt\u00e9 la prima guerra mondiale su queste montagne.<\/p>\n<p>Il capo di Stato Maggiore dell\u2019Esercito, dopo aver ringraziato le autorit\u00e0 intervenute, ha evidenziato come \u201cl\u2019esercitazione odierna abbia costituito una preziosa opportunit\u00e0 per affinare la cooperazione in ambiente di alta montagna in ambito joint e combined, grazie alla partecipazione di personale proveniente da altre Forze Armate e Nazioni alleate\u201d.<\/p>\n<p>Attivit\u00e0 addestrative in montagna, in condizioni estreme, contribuiscono ad incrementare la sicurezza dei militari impegnati nelle operazioni internazionali e allo stesso tempo consolidano la capacit\u00e0 \u201cdual use\u201d della forza armata di intervenire su tutto il territorio italiano a supporto della comunit\u00e0 nazionale.<br \/>\n\u200b<\/p>","protected":false},"excerpt":{"rendered":"<p>Cortina d\u2019Ampezzo, 9 luglio 2015. Oltre 700 militari di 11 paesi hanno partecipato all\u2019esercitazione organizzata dal Comando Truppe Alpine dell\u2019Esercito in localit\u00e0 5 Torri, dove 100 anni fa l\u2019Esercito Italiano combatt\u00e9 nelle trincee a oltre 2200 metri di quota. Alla giornata conclusiva hanno partecipato il capo di Stato Maggiore della Difesa, generale Claudio Graziano, il [&hellip;]<\/p>\n","protected":false},"author":2,"featured_media":0,"comment_status":"closed","ping_status":"open","sticky":false,"template":"","format":"standard","meta":{"footnotes":""},"categories":[5,26,8],"tags":[],"class_list":["post-69999","post","type-post","status-publish","format-standard","category-cronaca","category-prima-pagina","category-societa-istituzioni"],"yoast_head":"<!-- This site is optimized with the Yoast SEO plugin v28.4 - https:\/\/yoast.com\/product\/yoast-seo-wordpress\/ -->\n<title>Oltre 700 militari all&#039;esercitazione delle Truppe alpine sulle 5 Torri - Bellunopress - Dolomiti<\/title>\n<meta name=\"robots\" content=\"index, follow, max-snippet:-1, max-image-preview:large, max-video-preview:-1\" \/>\n<link rel=\"canonical\" href=\"https:\/\/www.bellunopress.it\/fr\/2015\/07\/09\/oltre-700-militari-allesercitazione-delle-truppe-alpine-sulle-5-torri\/\" \/>\n<meta property=\"og:locale\" content=\"fr_FR\" \/>\n<meta property=\"og:type\" content=\"article\" \/>\n<meta property=\"og:title\" content=\"Oltre 700 militari all&#039;esercitazione delle Truppe alpine sulle 5 Torri - Bellunopress - Dolomiti\" \/>\n<meta property=\"og:description\" content=\"Cortina d\u2019Ampezzo, 9 luglio 2015. Oltre 700 militari di 11 paesi hanno partecipato all\u2019esercitazione organizzata dal Comando Truppe Alpine dell\u2019Esercito in localit\u00e0 5 Torri, dove 100 anni fa l\u2019Esercito Italiano combatt\u00e9 nelle trincee a oltre 2200 metri di quota. Alla giornata conclusiva hanno partecipato il capo di Stato Maggiore della Difesa, generale Claudio Graziano, il [&hellip;]\" \/>\n<meta property=\"og:url\" content=\"https:\/\/www.bellunopress.it\/fr\/2015\/07\/09\/oltre-700-militari-allesercitazione-delle-truppe-alpine-sulle-5-torri\/\" \/>\n<meta property=\"og:site_name\" content=\"Bellunopress - Dolomiti\" \/>\n<meta property=\"article:publisher\" content=\"https:\/\/www.facebook.com\/profile.php?id=100008943462799\" \/>\n<meta property=\"article:published_time\" content=\"2015-07-09T18:30:12+00:00\" \/>\n<meta property=\"og:image\" content=\"http:\/\/www.bellunopress.it\/wp-content\/uploads\/2015\/07\/Esercito_esercitazione_5_Torri.jpg\" \/>\n<meta name=\"author\" content=\"redazione\" \/>\n<meta name=\"twitter:card\" content=\"summary_large_image\" \/>\n<meta name=\"twitter:creator\" content=\"@bellunopress\" \/>\n<meta name=\"twitter:site\" content=\"@bellunopress\" \/>\n<meta name=\"twitter:label1\" content=\"\u00c9crit par\" \/>\n\t<meta name=\"twitter:data1\" content=\"redazione\" \/>\n\t<meta name=\"twitter:label2\" content=\"Dur\u00e9e de lecture estim\u00e9e\" \/>\n\t<meta name=\"twitter:data2\" content=\"2 minutes\" \/>\n<script type=\"application\/ld+json\" class=\"yoast-schema-graph\">{\"@context\":\"https:\\\/\\\/schema.org\",\"@graph\":[{\"@type\":\"Article\",\"@id\":\"https:\\\/\\\/www.bellunopress.it\\\/2015\\\/07\\\/09\\\/oltre-700-militari-allesercitazione-delle-truppe-alpine-sulle-5-torri\\\/#article\",\"isPartOf\":{\"@id\":\"https:\\\/\\\/www.bellunopress.it\\\/2015\\\/07\\\/09\\\/oltre-700-militari-allesercitazione-delle-truppe-alpine-sulle-5-torri\\\/\"},\"author\":{\"name\":\"redazione\",\"@id\":\"https:\\\/\\\/www.bellunopress.it\\\/#\\\/schema\\\/person\\\/79bb06722b37ece1c03d3e94beb30d73\"},\"headline\":\"Oltre 700 militari all&#8217;esercitazione delle Truppe alpine sulle 5 Torri\",\"datePublished\":\"2015-07-09T18:30:12+00:00\",\"mainEntityOfPage\":{\"@id\":\"https:\\\/\\\/www.bellunopress.it\\\/2015\\\/07\\\/09\\\/oltre-700-militari-allesercitazione-delle-truppe-alpine-sulle-5-torri\\\/\"},\"wordCount\":384,\"publisher\":{\"@id\":\"https:\\\/\\\/www.bellunopress.it\\\/#organization\"},\"image\":{\"@id\":\"https:\\\/\\\/www.bellunopress.it\\\/2015\\\/07\\\/09\\\/oltre-700-militari-allesercitazione-delle-truppe-alpine-sulle-5-torri\\\/#primaryimage\"},\"thumbnailUrl\":\"http:\\\/\\\/www.bellunopress.it\\\/wp-content\\\/uploads\\\/2015\\\/07\\\/Esercito_esercitazione_5_Torri.jpg\",\"articleSection\":[\"Cronaca\\\/Politica\",\"Prima Pagina\",\"Societ\u00e0, Associazioni, Istituzioni\"],\"inLanguage\":\"fr-FR\"},{\"@type\":\"WebPage\",\"@id\":\"https:\\\/\\\/www.bellunopress.it\\\/2015\\\/07\\\/09\\\/oltre-700-militari-allesercitazione-delle-truppe-alpine-sulle-5-torri\\\/\",\"url\":\"https:\\\/\\\/www.bellunopress.it\\\/2015\\\/07\\\/09\\\/oltre-700-militari-allesercitazione-delle-truppe-alpine-sulle-5-torri\\\/\",\"name\":\"Oltre 700 militari all'esercitazione delle Truppe alpine sulle 5 Torri - Bellunopress - Dolomiti\",\"isPartOf\":{\"@id\":\"https:\\\/\\\/www.bellunopress.it\\\/#website\"},\"primaryImageOfPage\":{\"@id\":\"https:\\\/\\\/www.bellunopress.it\\\/2015\\\/07\\\/09\\\/oltre-700-militari-allesercitazione-delle-truppe-alpine-sulle-5-torri\\\/#primaryimage\"},\"image\":{\"@id\":\"https:\\\/\\\/www.bellunopress.it\\\/2015\\\/07\\\/09\\\/oltre-700-militari-allesercitazione-delle-truppe-alpine-sulle-5-torri\\\/#primaryimage\"},\"thumbnailUrl\":\"http:\\\/\\\/www.bellunopress.it\\\/wp-content\\\/uploads\\\/2015\\\/07\\\/Esercito_esercitazione_5_Torri.jpg\",\"datePublished\":\"2015-07-09T18:30:12+00:00\",\"breadcrumb\":{\"@id\":\"https:\\\/\\\/www.bellunopress.it\\\/2015\\\/07\\\/09\\\/oltre-700-militari-allesercitazione-delle-truppe-alpine-sulle-5-torri\\\/#breadcrumb\"},\"inLanguage\":\"fr-FR\",\"potentialAction\":[{\"@type\":\"ReadAction\",\"target\":[\"https:\\\/\\\/www.bellunopress.it\\\/2015\\\/07\\\/09\\\/oltre-700-militari-allesercitazione-delle-truppe-alpine-sulle-5-torri\\\/\"]}]},{\"@type\":\"ImageObject\",\"inLanguage\":\"fr-FR\",\"@id\":\"https:\\\/\\\/www.bellunopress.it\\\/2015\\\/07\\\/09\\\/oltre-700-militari-allesercitazione-delle-truppe-alpine-sulle-5-torri\\\/#primaryimage\",\"url\":\"http:\\\/\\\/www.bellunopress.it\\\/wp-content\\\/uploads\\\/2015\\\/07\\\/Esercito_esercitazione_5_Torri.jpg\",\"contentUrl\":\"http:\\\/\\\/www.bellunopress.it\\\/wp-content\\\/uploads\\\/2015\\\/07\\\/Esercito_esercitazione_5_Torri.jpg\"},{\"@type\":\"BreadcrumbList\",\"@id\":\"https:\\\/\\\/www.bellunopress.it\\\/2015\\\/07\\\/09\\\/oltre-700-militari-allesercitazione-delle-truppe-alpine-sulle-5-torri\\\/#breadcrumb\",\"itemListElement\":[{\"@type\":\"ListItem\",\"position\":1,\"name\":\"Home\",\"item\":\"https:\\\/\\\/www.bellunopress.it\\\/\"},{\"@type\":\"ListItem\",\"position\":2,\"name\":\"Oltre 700 militari all&#8217;esercitazione delle Truppe alpine sulle 5 Torri\"}]},{\"@type\":\"WebSite\",\"@id\":\"https:\\\/\\\/www.bellunopress.it\\\/#website\",\"url\":\"https:\\\/\\\/www.bellunopress.it\\\/\",\"name\":\"Bellunopress - Dolomiti\",\"description\":\"e-mail: redazione@bellunopress.it\",\"publisher\":{\"@id\":\"https:\\\/\\\/www.bellunopress.it\\\/#organization\"},\"potentialAction\":[{\"@type\":\"SearchAction\",\"target\":{\"@type\":\"EntryPoint\",\"urlTemplate\":\"https:\\\/\\\/www.bellunopress.it\\\/?s={search_term_string}\"},\"query-input\":{\"@type\":\"PropertyValueSpecification\",\"valueRequired\":true,\"valueName\":\"search_term_string\"}}],\"inLanguage\":\"fr-FR\"},{\"@type\":\"Organization\",\"@id\":\"https:\\\/\\\/www.bellunopress.it\\\/#organization\",\"name\":\"Bellunopress\",\"url\":\"https:\\\/\\\/www.bellunopress.it\\\/\",\"logo\":{\"@type\":\"ImageObject\",\"inLanguage\":\"fr-FR\",\"@id\":\"https:\\\/\\\/www.bellunopress.it\\\/#\\\/schema\\\/logo\\\/image\\\/\",\"url\":\"https:\\\/\\\/www.bellunopress.it\\\/wp-content\\\/uploads\\\/2011\\\/05\\\/cropped-logo-bellunopress-.jpg\",\"contentUrl\":\"https:\\\/\\\/www.bellunopress.it\\\/wp-content\\\/uploads\\\/2011\\\/05\\\/cropped-logo-bellunopress-.jpg\",\"width\":512,\"height\":512,\"caption\":\"Bellunopress\"},\"image\":{\"@id\":\"https:\\\/\\\/www.bellunopress.it\\\/#\\\/schema\\\/logo\\\/image\\\/\"},\"sameAs\":[\"https:\\\/\\\/www.facebook.com\\\/profile.php?id=100008943462799\",\"https:\\\/\\\/x.com\\\/bellunopress\",\"https:\\\/\\\/www.linkedin.com\\\/hp\\\/?dnr=JBzUWaJfMUw8vbXJJ2tVW5-I3jZKvC4wsoxE&amp;amp;amp;amp;amp;amp;trk=nav_responsive_tab_home\",\"https:\\\/\\\/www.youtube.com\\\/channel\\\/UCxL0wu1uN0_3_7hGG0306cw\"]},{\"@type\":\"Person\",\"@id\":\"https:\\\/\\\/www.bellunopress.it\\\/#\\\/schema\\\/person\\\/79bb06722b37ece1c03d3e94beb30d73\",\"name\":\"redazione\",\"image\":{\"@type\":\"ImageObject\",\"inLanguage\":\"fr-FR\",\"@id\":\"https:\\\/\\\/secure.gravatar.com\\\/avatar\\\/37d968a2e67a6fd04c169c4bdef102d0bc5d31b2546345219e348575eb80e9a0?s=96&d=mm&r=g\",\"url\":\"https:\\\/\\\/secure.gravatar.com\\\/avatar\\\/37d968a2e67a6fd04c169c4bdef102d0bc5d31b2546345219e348575eb80e9a0?s=96&d=mm&r=g\",\"contentUrl\":\"https:\\\/\\\/secure.gravatar.com\\\/avatar\\\/37d968a2e67a6fd04c169c4bdef102d0bc5d31b2546345219e348575eb80e9a0?s=96&d=mm&r=g\",\"caption\":\"redazione\"},\"sameAs\":[\"http:\\\/\\\/www.bellunopress.it\",\"https:\\\/\\\/x.com\\\/bellunopress\"],\"url\":\"https:\\\/\\\/www.bellunopress.it\\\/fr\\\/author\\\/redazione\\\/\"}]}<\/script>\n<!-- \/ Yoast SEO plugin. -->","yoast_head_json":{"title":"Oltre 700 militari all'esercitazione delle Truppe alpine sulle 5 Torri - Bellunopress - Dolomiti","robots":{"index":"index","follow":"follow","max-snippet":"max-snippet:-1","max-image-preview":"max-image-preview:large","max-video-preview":"max-video-preview:-1"},"canonical":"https:\/\/www.bellunopress.it\/fr\/2015\/07\/09\/oltre-700-militari-allesercitazione-delle-truppe-alpine-sulle-5-torri\/","og_locale":"fr_FR","og_type":"article","og_title":"Oltre 700 militari all'esercitazione delle Truppe alpine sulle 5 Torri - Bellunopress - Dolomiti","og_description":"Cortina d\u2019Ampezzo, 9 luglio 2015. Oltre 700 militari di 11 paesi hanno partecipato all\u2019esercitazione organizzata dal Comando Truppe Alpine dell\u2019Esercito in localit\u00e0 5 Torri, dove 100 anni fa l\u2019Esercito Italiano combatt\u00e9 nelle trincee a oltre 2200 metri di quota. Alla giornata conclusiva hanno partecipato il capo di Stato Maggiore della Difesa, generale Claudio Graziano, il [&hellip;]","og_url":"https:\/\/www.bellunopress.it\/fr\/2015\/07\/09\/oltre-700-militari-allesercitazione-delle-truppe-alpine-sulle-5-torri\/","og_site_name":"Bellunopress - Dolomiti","article_publisher":"https:\/\/www.facebook.com\/profile.php?id=100008943462799","article_published_time":"2015-07-09T18:30:12+00:00","og_image":[{"url":"http:\/\/www.bellunopress.it\/wp-content\/uploads\/2015\/07\/Esercito_esercitazione_5_Torri.jpg","type":"","width":"","height":""}],"author":"redazione","twitter_card":"summary_large_image","twitter_creator":"@bellunopress","twitter_site":"@bellunopress","twitter_misc":{"\u00c9crit par":"redazione","Dur\u00e9e de lecture estim\u00e9e":"2 minutes"},"schema":{"@context":"https:\/\/schema.org","@graph":[{"@type":"Article","@id":"https:\/\/www.bellunopress.it\/2015\/07\/09\/oltre-700-militari-allesercitazione-delle-truppe-alpine-sulle-5-torri\/#article","isPartOf":{"@id":"https:\/\/www.bellunopress.it\/2015\/07\/09\/oltre-700-militari-allesercitazione-delle-truppe-alpine-sulle-5-torri\/"},"author":{"name":"redazione","@id":"https:\/\/www.bellunopress.it\/#\/schema\/person\/79bb06722b37ece1c03d3e94beb30d73"},"headline":"Oltre 700 militari all&#8217;esercitazione delle Truppe alpine sulle 5 Torri","datePublished":"2015-07-09T18:30:12+00:00","mainEntityOfPage":{"@id":"https:\/\/www.bellunopress.it\/2015\/07\/09\/oltre-700-militari-allesercitazione-delle-truppe-alpine-sulle-5-torri\/"},"wordCount":384,"publisher":{"@id":"https:\/\/www.bellunopress.it\/#organization"},"image":{"@id":"https:\/\/www.bellunopress.it\/2015\/07\/09\/oltre-700-militari-allesercitazione-delle-truppe-alpine-sulle-5-torri\/#primaryimage"},"thumbnailUrl":"http:\/\/www.bellunopress.it\/wp-content\/uploads\/2015\/07\/Esercito_esercitazione_5_Torri.jpg","articleSection":["Cronaca\/Politica","Prima Pagina","Societ\u00e0, Associazioni, Istituzioni"],"inLanguage":"fr-FR"},{"@type":"WebPage","@id":"https:\/\/www.bellunopress.it\/2015\/07\/09\/oltre-700-militari-allesercitazione-delle-truppe-alpine-sulle-5-torri\/","url":"https:\/\/www.bellunopress.it\/2015\/07\/09\/oltre-700-militari-allesercitazione-delle-truppe-alpine-sulle-5-torri\/","name":"Oltre 700 militari all'esercitazione delle Truppe alpine sulle 5 Torri - Bellunopress - Dolomiti","isPartOf":{"@id":"https:\/\/www.bellunopress.it\/#website"},"primaryImageOfPage":{"@id":"https:\/\/www.bellunopress.it\/2015\/07\/09\/oltre-700-militari-allesercitazione-delle-truppe-alpine-sulle-5-torri\/#primaryimage"},"image":{"@id":"https:\/\/www.bellunopress.it\/2015\/07\/09\/oltre-700-militari-allesercitazione-delle-truppe-alpine-sulle-5-torri\/#primaryimage"},"thumbnailUrl":"http:\/\/www.bellunopress.it\/wp-content\/uploads\/2015\/07\/Esercito_esercitazione_5_Torri.jpg","datePublished":"2015-07-09T18:30:12+00:00","breadcrumb":{"@id":"https:\/\/www.bellunopress.it\/2015\/07\/09\/oltre-700-militari-allesercitazione-delle-truppe-alpine-sulle-5-torri\/#breadcrumb"},"inLanguage":"fr-FR","potentialAction":[{"@type":"ReadAction","target":["https:\/\/www.bellunopress.it\/2015\/07\/09\/oltre-700-militari-allesercitazione-delle-truppe-alpine-sulle-5-torri\/"]}]},{"@type":"ImageObject","inLanguage":"fr-FR","@id":"https:\/\/www.bellunopress.it\/2015\/07\/09\/oltre-700-militari-allesercitazione-delle-truppe-alpine-sulle-5-torri\/#primaryimage","url":"http:\/\/www.bellunopress.it\/wp-content\/uploads\/2015\/07\/Esercito_esercitazione_5_Torri.jpg","contentUrl":"http:\/\/www.bellunopress.it\/wp-content\/uploads\/2015\/07\/Esercito_esercitazione_5_Torri.jpg"},{"@type":"BreadcrumbList","@id":"https:\/\/www.bellunopress.it\/2015\/07\/09\/oltre-700-militari-allesercitazione-delle-truppe-alpine-sulle-5-torri\/#breadcrumb","itemListElement":[{"@type":"ListItem","position":1,"name":"Home","item":"https:\/\/www.bellunopress.it\/"},{"@type":"ListItem","position":2,"name":"Oltre 700 militari all&#8217;esercitazione delle Truppe alpine sulle 5 Torri"}]},{"@type":"WebSite","@id":"https:\/\/www.bellunopress.it\/#website","url":"https:\/\/www.bellunopress.it\/","name":"Bellunopress - Dolomiti","description":"e-mail: redazione@bellunopress.it","publisher":{"@id":"https:\/\/www.bellunopress.it\/#organization"},"potentialAction":[{"@type":"SearchAction","target":{"@type":"EntryPoint","urlTemplate":"https:\/\/www.bellunopress.it\/?s={search_term_string}"},"query-input":{"@type":"PropertyValueSpecification","valueRequired":true,"valueName":"search_term_string"}}],"inLanguage":"fr-FR"},{"@type":"Organization","@id":"https:\/\/www.bellunopress.it\/#organization","name":"Bellunopress","url":"https:\/\/www.bellunopress.it\/","logo":{"@type":"ImageObject","inLanguage":"fr-FR","@id":"https:\/\/www.bellunopress.it\/#\/schema\/logo\/image\/","url":"https:\/\/www.bellunopress.it\/wp-content\/uploads\/2011\/05\/cropped-logo-bellunopress-.jpg","contentUrl":"https:\/\/www.bellunopress.it\/wp-content\/uploads\/2011\/05\/cropped-logo-bellunopress-.jpg","width":512,"height":512,"caption":"Bellunopress"},"image":{"@id":"https:\/\/www.bellunopress.it\/#\/schema\/logo\/image\/"},"sameAs":["https:\/\/www.facebook.com\/profile.php?id=100008943462799","https:\/\/x.com\/bellunopress","https:\/\/www.linkedin.com\/hp\/?dnr=JBzUWaJfMUw8vbXJJ2tVW5-I3jZKvC4wsoxE&amp;amp;amp;amp;amp;amp;trk=nav_responsive_tab_home","https:\/\/www.youtube.com\/channel\/UCxL0wu1uN0_3_7hGG0306cw"]},{"@type":"Person","@id":"https:\/\/www.bellunopress.it\/#\/schema\/person\/79bb06722b37ece1c03d3e94beb30d73","name":"r\u00e9daction","image":{"@type":"ImageObject","inLanguage":"fr-FR","@id":"https:\/\/secure.gravatar.com\/avatar\/37d968a2e67a6fd04c169c4bdef102d0bc5d31b2546345219e348575eb80e9a0?s=96&d=mm&r=g","url":"https:\/\/secure.gravatar.com\/avatar\/37d968a2e67a6fd04c169c4bdef102d0bc5d31b2546345219e348575eb80e9a0?s=96&d=mm&r=g","contentUrl":"https:\/\/secure.gravatar.com\/avatar\/37d968a2e67a6fd04c169c4bdef102d0bc5d31b2546345219e348575eb80e9a0?s=96&d=mm&r=g","caption":"redazione"},"sameAs":["http:\/\/www.bellunopress.it","https:\/\/x.com\/bellunopress"],"url":"https:\/\/www.bellunopress.it\/fr\/author\/redazione\/"}]}},"_links":{"self":[{"href":"https:\/\/www.bellunopress.it\/fr\/wp-json\/wp\/v2\/posts\/69999","targetHints":{"allow":["GET"]}}],"collection":[{"href":"https:\/\/www.bellunopress.it\/fr\/wp-json\/wp\/v2\/posts"}],"about":[{"href":"https:\/\/www.bellunopress.it\/fr\/wp-json\/wp\/v2\/types\/post"}],"author":[{"embeddable":true,"href":"https:\/\/www.bellunopress.it\/fr\/wp-json\/wp\/v2\/users\/2"}],"replies":[{"embeddable":true,"href":"https:\/\/www.bellunopress.it\/fr\/wp-json\/wp\/v2\/comments?post=69999"}],"version-history":[{"count":1,"href":"https:\/\/www.bellunopress.it\/fr\/wp-json\/wp\/v2\/posts\/69999\/revisions"}],"predecessor-version":[{"id":70001,"href":"https:\/\/www.bellunopress.it\/fr\/wp-json\/wp\/v2\/posts\/69999\/revisions\/70001"}],"wp:attachment":[{"href":"https:\/\/www.bellunopress.it\/fr\/wp-json\/wp\/v2\/media?parent=69999"}],"wp:term":[{"taxonomy":"category","embeddable":true,"href":"https:\/\/www.bellunopress.it\/fr\/wp-json\/wp\/v2\/categories?post=69999"},{"taxonomy":"post_tag","embeddable":true,"href":"https:\/\/www.bellunopress.it\/fr\/wp-json\/wp\/v2\/tags?post=69999"}],"curies":[{"name":"wp","href":"https:\/\/api.w.org\/{rel}","templated":true}]}}