{"id":69991,"date":"2015-07-09T18:25:52","date_gmt":"2015-07-09T16:25:52","guid":{"rendered":"http:\/\/www.bellunopress.it\/?p=69991"},"modified":"2015-07-09T18:25:52","modified_gmt":"2015-07-09T16:25:52","slug":"il-soccorso-alpino-cerca-volontari-per-sabato-e-domenica-per-preparare-gli-scatoloni-di-aiuti-per-il-nepal","status":"publish","type":"post","link":"https:\/\/www.bellunopress.it\/fr\/2015\/07\/09\/il-soccorso-alpino-cerca-volontari-per-sabato-e-domenica-per-preparare-gli-scatoloni-di-aiuti-per-il-nepal\/","title":{"rendered":"Il Soccorso alpino cerca volontari per sabato e domenica per preparare gli scatoloni di aiuti per il Nepal"},"content":{"rendered":"<p><a href=\"http:\/\/www.bellunopress.it\/wp-content\/uploads\/2013\/08\/soccorso-alpino-II-zona-dolomiti-bellunesi.jpg\"><img loading=\"lazy\" decoding=\"async\" class=\"alignleft size-full wp-image-51694\" src=\"http:\/\/www.bellunopress.it\/wp-content\/uploads\/2013\/08\/soccorso-alpino-II-zona-dolomiti-bellunesi.jpg\" alt=\"soccorso alpino II zona dolomiti bellunesi\" width=\"270\" height=\"270\" srcset=\"https:\/\/www.bellunopress.it\/wp-content\/uploads\/2013\/08\/soccorso-alpino-II-zona-dolomiti-bellunesi.jpg 270w, https:\/\/www.bellunopress.it\/wp-content\/uploads\/2013\/08\/soccorso-alpino-II-zona-dolomiti-bellunesi-150x150.jpg 150w\" sizes=\"auto, (max-width: 270px) 100vw, 270px\" \/><\/a>Sabato 11 e domenica 12 \u00a0luglio, a partire dalle ore 08.30, presso la base del Corpo Forestale dello Stato di Belluno (zona aeroporto) si provveder\u00e0 alla selezione\/inscatolamento del vestiario ed altro donato da bellunesi e trevigiani per il Nepal, in attesa che Stato e\/o Regione, ovvero qualche ente governativo o non governativo, gi\u00e0 allo scopo sollecitati, provveda al successivo invio, considerati che il tempo passato e la decongestione dell\u2019emergenza pu\u00f2 ora garantire che il materiale non vada perso come in altri casi \u00e8 occorso.<\/p>\n<p>Per questa ragione Il Soccorso Alpino, che ha gi\u00e0 prodotto uno sforzo notevole nel medio periodo (trasporti, acquisto cartoni, pallets ed altro materiale) e che ha avuto sino ad ora un importante sostegno dal Corpo Forestale dello Stato, richiede gentilmente un aiuto concreto da parte di associazioni locali e singole persone sensibili al tema Nepal. Un tema che gi\u00e0 pochi giorni (ore) dopo l\u2019apice dell\u2019evento stesso, perch\u00e9 forse territorio di soli sassi e sole montagne, \u00e8 sparito dal grande focus mediatico, diversamente da altre tragedie ed eventi similari che hanno invece avuto per settimane intere l\u2019attenzione del mondo.<\/p>\n<p>Crediamo nella politica dei piccoli passi e dei passi concreti, per questo, con l\u2019aiuto di quanti aderiranno a questo invito (lavoro) riusciremo a selezionare e stokkare secondo l\u2019ordine richiesto il grande volume di generosit\u00e0 ora depositato nell\u2019hangar del CFS.<\/p>\n<p>Si precisa che la suddetta attivit\u00e0 proseguir\u00e0 nei giorno 11 e 12 luglio, ovvero senza soluzione di continuit\u00e0, sino al termine del lavoro.<\/p>\n<p>Si ringrazia quanti, \u2026 tanti si auspica in ragione della grande mole di lavoro da effettuare, aderiranno a questo invito garantendo la loro preziosa collaborazione per le comunit\u00e0 del Nepal.<\/p>\n<p>Ti aspettiamo e ringraziamo.<\/p>\n<p>NOTE: Si consiglia di avere a seguito guanti da lavoro ed eventuale pranzo al sacco per chi si ferma pi\u00f9 di mezza giornata. Altri dispositivi verranno eventualmente forniti dal CNSAS.<\/p>\n<p>Per eventuali informazioni, ovvero per dare la propria disponibilit\u00e0 fare riferimento al CNSAS \u201cDolomiti Bellunesi\u201d 0437-930961 * info@cnsas.veneto.it dalle ore 08.30 alle 13.00 e dalle 14.30 alle 17.30 dei giorni feriali, evitando di utilizzare facebook.<\/p>\n<p>IL CNSAS \u201cDolomiti Bellunesi\u201d<\/p>","protected":false},"excerpt":{"rendered":"<p>Sabato 11 e domenica 12 \u00a0luglio, a partire dalle ore 08.30, presso la base del Corpo Forestale dello Stato di Belluno (zona aeroporto) si provveder\u00e0 alla selezione\/inscatolamento del vestiario ed altro donato da bellunesi e trevigiani per il Nepal, in attesa che Stato e\/o Regione, ovvero qualche ente governativo o non governativo, gi\u00e0 allo scopo [&hellip;]<\/p>\n","protected":false},"author":2,"featured_media":0,"comment_status":"closed","ping_status":"open","sticky":false,"template":"","format":"standard","meta":{"footnotes":""},"categories":[26,8],"tags":[],"class_list":["post-69991","post","type-post","status-publish","format-standard","category-prima-pagina","category-societa-istituzioni"],"yoast_head":"<!-- This site is optimized with the Yoast SEO plugin v28.4 - https:\/\/yoast.com\/product\/yoast-seo-wordpress\/ -->\n<title>Il Soccorso alpino cerca volontari per sabato e domenica per preparare gli scatoloni di aiuti per il Nepal - Bellunopress - Dolomiti<\/title>\n<meta name=\"robots\" content=\"index, follow, max-snippet:-1, max-image-preview:large, max-video-preview:-1\" \/>\n<link rel=\"canonical\" href=\"https:\/\/www.bellunopress.it\/fr\/2015\/07\/09\/il-soccorso-alpino-cerca-volontari-per-sabato-e-domenica-per-preparare-gli-scatoloni-di-aiuti-per-il-nepal\/\" \/>\n<meta property=\"og:locale\" content=\"fr_FR\" \/>\n<meta property=\"og:type\" content=\"article\" \/>\n<meta property=\"og:title\" content=\"Il Soccorso alpino cerca volontari per sabato e domenica per preparare gli scatoloni di aiuti per il Nepal - Bellunopress - Dolomiti\" \/>\n<meta property=\"og:description\" content=\"Sabato 11 e domenica 12 \u00a0luglio, a partire dalle ore 08.30, presso la base del Corpo Forestale dello Stato di Belluno (zona aeroporto) si provveder\u00e0 alla selezione\/inscatolamento del vestiario ed altro donato da bellunesi e trevigiani per il Nepal, in attesa che Stato e\/o Regione, ovvero qualche ente governativo o non governativo, gi\u00e0 allo scopo [&hellip;]\" \/>\n<meta property=\"og:url\" content=\"https:\/\/www.bellunopress.it\/fr\/2015\/07\/09\/il-soccorso-alpino-cerca-volontari-per-sabato-e-domenica-per-preparare-gli-scatoloni-di-aiuti-per-il-nepal\/\" \/>\n<meta property=\"og:site_name\" content=\"Bellunopress - Dolomiti\" \/>\n<meta property=\"article:publisher\" content=\"https:\/\/www.facebook.com\/profile.php?id=100008943462799\" \/>\n<meta property=\"article:published_time\" content=\"2015-07-09T16:25:52+00:00\" \/>\n<meta property=\"og:image\" content=\"http:\/\/www.bellunopress.it\/wp-content\/uploads\/2013\/08\/soccorso-alpino-II-zona-dolomiti-bellunesi.jpg\" \/>\n<meta name=\"author\" content=\"redazione\" \/>\n<meta name=\"twitter:card\" content=\"summary_large_image\" \/>\n<meta name=\"twitter:creator\" content=\"@bellunopress\" \/>\n<meta name=\"twitter:site\" content=\"@bellunopress\" \/>\n<meta name=\"twitter:label1\" content=\"Written by\" \/>\n\t<meta name=\"twitter:data1\" content=\"redazione\" \/>\n\t<meta name=\"twitter:label2\" content=\"Est. reading time\" \/>\n\t<meta name=\"twitter:data2\" content=\"2 minutes\" \/>\n<script type=\"application\/ld+json\" class=\"yoast-schema-graph\">{\"@context\":\"https:\\\/\\\/schema.org\",\"@graph\":[{\"@type\":\"Article\",\"@id\":\"https:\\\/\\\/www.bellunopress.it\\\/2015\\\/07\\\/09\\\/il-soccorso-alpino-cerca-volontari-per-sabato-e-domenica-per-preparare-gli-scatoloni-di-aiuti-per-il-nepal\\\/#article\",\"isPartOf\":{\"@id\":\"https:\\\/\\\/www.bellunopress.it\\\/2015\\\/07\\\/09\\\/il-soccorso-alpino-cerca-volontari-per-sabato-e-domenica-per-preparare-gli-scatoloni-di-aiuti-per-il-nepal\\\/\"},\"author\":{\"name\":\"redazione\",\"@id\":\"https:\\\/\\\/www.bellunopress.it\\\/#\\\/schema\\\/person\\\/79bb06722b37ece1c03d3e94beb30d73\"},\"headline\":\"Il Soccorso alpino cerca volontari per sabato e domenica per preparare gli scatoloni di aiuti per il Nepal\",\"datePublished\":\"2015-07-09T16:25:52+00:00\",\"mainEntityOfPage\":{\"@id\":\"https:\\\/\\\/www.bellunopress.it\\\/2015\\\/07\\\/09\\\/il-soccorso-alpino-cerca-volontari-per-sabato-e-domenica-per-preparare-gli-scatoloni-di-aiuti-per-il-nepal\\\/\"},\"wordCount\":364,\"publisher\":{\"@id\":\"https:\\\/\\\/www.bellunopress.it\\\/#organization\"},\"image\":{\"@id\":\"https:\\\/\\\/www.bellunopress.it\\\/2015\\\/07\\\/09\\\/il-soccorso-alpino-cerca-volontari-per-sabato-e-domenica-per-preparare-gli-scatoloni-di-aiuti-per-il-nepal\\\/#primaryimage\"},\"thumbnailUrl\":\"http:\\\/\\\/www.bellunopress.it\\\/wp-content\\\/uploads\\\/2013\\\/08\\\/soccorso-alpino-II-zona-dolomiti-bellunesi.jpg\",\"articleSection\":[\"Prima Pagina\",\"Societ\u00e0, Associazioni, Istituzioni\"],\"inLanguage\":\"fr-FR\"},{\"@type\":\"WebPage\",\"@id\":\"https:\\\/\\\/www.bellunopress.it\\\/2015\\\/07\\\/09\\\/il-soccorso-alpino-cerca-volontari-per-sabato-e-domenica-per-preparare-gli-scatoloni-di-aiuti-per-il-nepal\\\/\",\"url\":\"https:\\\/\\\/www.bellunopress.it\\\/2015\\\/07\\\/09\\\/il-soccorso-alpino-cerca-volontari-per-sabato-e-domenica-per-preparare-gli-scatoloni-di-aiuti-per-il-nepal\\\/\",\"name\":\"Il Soccorso alpino cerca volontari per sabato e domenica per preparare gli scatoloni di aiuti per il Nepal - Bellunopress - Dolomiti\",\"isPartOf\":{\"@id\":\"https:\\\/\\\/www.bellunopress.it\\\/#website\"},\"primaryImageOfPage\":{\"@id\":\"https:\\\/\\\/www.bellunopress.it\\\/2015\\\/07\\\/09\\\/il-soccorso-alpino-cerca-volontari-per-sabato-e-domenica-per-preparare-gli-scatoloni-di-aiuti-per-il-nepal\\\/#primaryimage\"},\"image\":{\"@id\":\"https:\\\/\\\/www.bellunopress.it\\\/2015\\\/07\\\/09\\\/il-soccorso-alpino-cerca-volontari-per-sabato-e-domenica-per-preparare-gli-scatoloni-di-aiuti-per-il-nepal\\\/#primaryimage\"},\"thumbnailUrl\":\"http:\\\/\\\/www.bellunopress.it\\\/wp-content\\\/uploads\\\/2013\\\/08\\\/soccorso-alpino-II-zona-dolomiti-bellunesi.jpg\",\"datePublished\":\"2015-07-09T16:25:52+00:00\",\"breadcrumb\":{\"@id\":\"https:\\\/\\\/www.bellunopress.it\\\/2015\\\/07\\\/09\\\/il-soccorso-alpino-cerca-volontari-per-sabato-e-domenica-per-preparare-gli-scatoloni-di-aiuti-per-il-nepal\\\/#breadcrumb\"},\"inLanguage\":\"fr-FR\",\"potentialAction\":[{\"@type\":\"ReadAction\",\"target\":[\"https:\\\/\\\/www.bellunopress.it\\\/2015\\\/07\\\/09\\\/il-soccorso-alpino-cerca-volontari-per-sabato-e-domenica-per-preparare-gli-scatoloni-di-aiuti-per-il-nepal\\\/\"]}]},{\"@type\":\"ImageObject\",\"inLanguage\":\"fr-FR\",\"@id\":\"https:\\\/\\\/www.bellunopress.it\\\/2015\\\/07\\\/09\\\/il-soccorso-alpino-cerca-volontari-per-sabato-e-domenica-per-preparare-gli-scatoloni-di-aiuti-per-il-nepal\\\/#primaryimage\",\"url\":\"http:\\\/\\\/www.bellunopress.it\\\/wp-content\\\/uploads\\\/2013\\\/08\\\/soccorso-alpino-II-zona-dolomiti-bellunesi.jpg\",\"contentUrl\":\"http:\\\/\\\/www.bellunopress.it\\\/wp-content\\\/uploads\\\/2013\\\/08\\\/soccorso-alpino-II-zona-dolomiti-bellunesi.jpg\"},{\"@type\":\"BreadcrumbList\",\"@id\":\"https:\\\/\\\/www.bellunopress.it\\\/2015\\\/07\\\/09\\\/il-soccorso-alpino-cerca-volontari-per-sabato-e-domenica-per-preparare-gli-scatoloni-di-aiuti-per-il-nepal\\\/#breadcrumb\",\"itemListElement\":[{\"@type\":\"ListItem\",\"position\":1,\"name\":\"Home\",\"item\":\"https:\\\/\\\/www.bellunopress.it\\\/\"},{\"@type\":\"ListItem\",\"position\":2,\"name\":\"Il Soccorso alpino cerca volontari per sabato e domenica per preparare gli scatoloni di aiuti per il Nepal\"}]},{\"@type\":\"WebSite\",\"@id\":\"https:\\\/\\\/www.bellunopress.it\\\/#website\",\"url\":\"https:\\\/\\\/www.bellunopress.it\\\/\",\"name\":\"Bellunopress - Dolomiti\",\"description\":\"e-mail: redazione@bellunopress.it\",\"publisher\":{\"@id\":\"https:\\\/\\\/www.bellunopress.it\\\/#organization\"},\"potentialAction\":[{\"@type\":\"SearchAction\",\"target\":{\"@type\":\"EntryPoint\",\"urlTemplate\":\"https:\\\/\\\/www.bellunopress.it\\\/?s={search_term_string}\"},\"query-input\":{\"@type\":\"PropertyValueSpecification\",\"valueRequired\":true,\"valueName\":\"search_term_string\"}}],\"inLanguage\":\"fr-FR\"},{\"@type\":\"Organization\",\"@id\":\"https:\\\/\\\/www.bellunopress.it\\\/#organization\",\"name\":\"Bellunopress\",\"url\":\"https:\\\/\\\/www.bellunopress.it\\\/\",\"logo\":{\"@type\":\"ImageObject\",\"inLanguage\":\"fr-FR\",\"@id\":\"https:\\\/\\\/www.bellunopress.it\\\/#\\\/schema\\\/logo\\\/image\\\/\",\"url\":\"https:\\\/\\\/www.bellunopress.it\\\/wp-content\\\/uploads\\\/2011\\\/05\\\/cropped-logo-bellunopress-.jpg\",\"contentUrl\":\"https:\\\/\\\/www.bellunopress.it\\\/wp-content\\\/uploads\\\/2011\\\/05\\\/cropped-logo-bellunopress-.jpg\",\"width\":512,\"height\":512,\"caption\":\"Bellunopress\"},\"image\":{\"@id\":\"https:\\\/\\\/www.bellunopress.it\\\/#\\\/schema\\\/logo\\\/image\\\/\"},\"sameAs\":[\"https:\\\/\\\/www.facebook.com\\\/profile.php?id=100008943462799\",\"https:\\\/\\\/x.com\\\/bellunopress\",\"https:\\\/\\\/www.linkedin.com\\\/hp\\\/?dnr=JBzUWaJfMUw8vbXJJ2tVW5-I3jZKvC4wsoxE&amp;amp;amp;amp;amp;amp;trk=nav_responsive_tab_home\",\"https:\\\/\\\/www.youtube.com\\\/channel\\\/UCxL0wu1uN0_3_7hGG0306cw\"]},{\"@type\":\"Person\",\"@id\":\"https:\\\/\\\/www.bellunopress.it\\\/#\\\/schema\\\/person\\\/79bb06722b37ece1c03d3e94beb30d73\",\"name\":\"redazione\",\"image\":{\"@type\":\"ImageObject\",\"inLanguage\":\"fr-FR\",\"@id\":\"https:\\\/\\\/secure.gravatar.com\\\/avatar\\\/37d968a2e67a6fd04c169c4bdef102d0bc5d31b2546345219e348575eb80e9a0?s=96&d=mm&r=g\",\"url\":\"https:\\\/\\\/secure.gravatar.com\\\/avatar\\\/37d968a2e67a6fd04c169c4bdef102d0bc5d31b2546345219e348575eb80e9a0?s=96&d=mm&r=g\",\"contentUrl\":\"https:\\\/\\\/secure.gravatar.com\\\/avatar\\\/37d968a2e67a6fd04c169c4bdef102d0bc5d31b2546345219e348575eb80e9a0?s=96&d=mm&r=g\",\"caption\":\"redazione\"},\"sameAs\":[\"http:\\\/\\\/www.bellunopress.it\",\"https:\\\/\\\/x.com\\\/bellunopress\"],\"url\":\"https:\\\/\\\/www.bellunopress.it\\\/fr\\\/author\\\/redazione\\\/\"}]}<\/script>\n<!-- \/ Yoast SEO plugin. -->","yoast_head_json":{"title":"Il Soccorso alpino cerca volontari per sabato e domenica per preparare gli scatoloni di aiuti per il Nepal - Bellunopress - Dolomiti","robots":{"index":"index","follow":"follow","max-snippet":"max-snippet:-1","max-image-preview":"max-image-preview:large","max-video-preview":"max-video-preview:-1"},"canonical":"https:\/\/www.bellunopress.it\/fr\/2015\/07\/09\/il-soccorso-alpino-cerca-volontari-per-sabato-e-domenica-per-preparare-gli-scatoloni-di-aiuti-per-il-nepal\/","og_locale":"fr_FR","og_type":"article","og_title":"Il Soccorso alpino cerca volontari per sabato e domenica per preparare gli scatoloni di aiuti per il Nepal - Bellunopress - Dolomiti","og_description":"Sabato 11 e domenica 12 \u00a0luglio, a partire dalle ore 08.30, presso la base del Corpo Forestale dello Stato di Belluno (zona aeroporto) si provveder\u00e0 alla selezione\/inscatolamento del vestiario ed altro donato da bellunesi e trevigiani per il Nepal, in attesa che Stato e\/o Regione, ovvero qualche ente governativo o non governativo, gi\u00e0 allo scopo [&hellip;]","og_url":"https:\/\/www.bellunopress.it\/fr\/2015\/07\/09\/il-soccorso-alpino-cerca-volontari-per-sabato-e-domenica-per-preparare-gli-scatoloni-di-aiuti-per-il-nepal\/","og_site_name":"Bellunopress - Dolomiti","article_publisher":"https:\/\/www.facebook.com\/profile.php?id=100008943462799","article_published_time":"2015-07-09T16:25:52+00:00","og_image":[{"url":"http:\/\/www.bellunopress.it\/wp-content\/uploads\/2013\/08\/soccorso-alpino-II-zona-dolomiti-bellunesi.jpg","type":"","width":"","height":""}],"author":"redazione","twitter_card":"summary_large_image","twitter_creator":"@bellunopress","twitter_site":"@bellunopress","twitter_misc":{"Written by":"redazione","Est. reading time":"2 minutes"},"schema":{"@context":"https:\/\/schema.org","@graph":[{"@type":"Article","@id":"https:\/\/www.bellunopress.it\/2015\/07\/09\/il-soccorso-alpino-cerca-volontari-per-sabato-e-domenica-per-preparare-gli-scatoloni-di-aiuti-per-il-nepal\/#article","isPartOf":{"@id":"https:\/\/www.bellunopress.it\/2015\/07\/09\/il-soccorso-alpino-cerca-volontari-per-sabato-e-domenica-per-preparare-gli-scatoloni-di-aiuti-per-il-nepal\/"},"author":{"name":"redazione","@id":"https:\/\/www.bellunopress.it\/#\/schema\/person\/79bb06722b37ece1c03d3e94beb30d73"},"headline":"Il Soccorso alpino cerca volontari per sabato e domenica per preparare gli scatoloni di aiuti per il Nepal","datePublished":"2015-07-09T16:25:52+00:00","mainEntityOfPage":{"@id":"https:\/\/www.bellunopress.it\/2015\/07\/09\/il-soccorso-alpino-cerca-volontari-per-sabato-e-domenica-per-preparare-gli-scatoloni-di-aiuti-per-il-nepal\/"},"wordCount":364,"publisher":{"@id":"https:\/\/www.bellunopress.it\/#organization"},"image":{"@id":"https:\/\/www.bellunopress.it\/2015\/07\/09\/il-soccorso-alpino-cerca-volontari-per-sabato-e-domenica-per-preparare-gli-scatoloni-di-aiuti-per-il-nepal\/#primaryimage"},"thumbnailUrl":"http:\/\/www.bellunopress.it\/wp-content\/uploads\/2013\/08\/soccorso-alpino-II-zona-dolomiti-bellunesi.jpg","articleSection":["Prima Pagina","Societ\u00e0, Associazioni, Istituzioni"],"inLanguage":"fr-FR"},{"@type":"WebPage","@id":"https:\/\/www.bellunopress.it\/2015\/07\/09\/il-soccorso-alpino-cerca-volontari-per-sabato-e-domenica-per-preparare-gli-scatoloni-di-aiuti-per-il-nepal\/","url":"https:\/\/www.bellunopress.it\/2015\/07\/09\/il-soccorso-alpino-cerca-volontari-per-sabato-e-domenica-per-preparare-gli-scatoloni-di-aiuti-per-il-nepal\/","name":"Il Soccorso alpino cerca volontari per sabato e domenica per preparare gli scatoloni di aiuti per il Nepal - Bellunopress - Dolomiti","isPartOf":{"@id":"https:\/\/www.bellunopress.it\/#website"},"primaryImageOfPage":{"@id":"https:\/\/www.bellunopress.it\/2015\/07\/09\/il-soccorso-alpino-cerca-volontari-per-sabato-e-domenica-per-preparare-gli-scatoloni-di-aiuti-per-il-nepal\/#primaryimage"},"image":{"@id":"https:\/\/www.bellunopress.it\/2015\/07\/09\/il-soccorso-alpino-cerca-volontari-per-sabato-e-domenica-per-preparare-gli-scatoloni-di-aiuti-per-il-nepal\/#primaryimage"},"thumbnailUrl":"http:\/\/www.bellunopress.it\/wp-content\/uploads\/2013\/08\/soccorso-alpino-II-zona-dolomiti-bellunesi.jpg","datePublished":"2015-07-09T16:25:52+00:00","breadcrumb":{"@id":"https:\/\/www.bellunopress.it\/2015\/07\/09\/il-soccorso-alpino-cerca-volontari-per-sabato-e-domenica-per-preparare-gli-scatoloni-di-aiuti-per-il-nepal\/#breadcrumb"},"inLanguage":"fr-FR","potentialAction":[{"@type":"ReadAction","target":["https:\/\/www.bellunopress.it\/2015\/07\/09\/il-soccorso-alpino-cerca-volontari-per-sabato-e-domenica-per-preparare-gli-scatoloni-di-aiuti-per-il-nepal\/"]}]},{"@type":"ImageObject","inLanguage":"fr-FR","@id":"https:\/\/www.bellunopress.it\/2015\/07\/09\/il-soccorso-alpino-cerca-volontari-per-sabato-e-domenica-per-preparare-gli-scatoloni-di-aiuti-per-il-nepal\/#primaryimage","url":"http:\/\/www.bellunopress.it\/wp-content\/uploads\/2013\/08\/soccorso-alpino-II-zona-dolomiti-bellunesi.jpg","contentUrl":"http:\/\/www.bellunopress.it\/wp-content\/uploads\/2013\/08\/soccorso-alpino-II-zona-dolomiti-bellunesi.jpg"},{"@type":"BreadcrumbList","@id":"https:\/\/www.bellunopress.it\/2015\/07\/09\/il-soccorso-alpino-cerca-volontari-per-sabato-e-domenica-per-preparare-gli-scatoloni-di-aiuti-per-il-nepal\/#breadcrumb","itemListElement":[{"@type":"ListItem","position":1,"name":"Home","item":"https:\/\/www.bellunopress.it\/"},{"@type":"ListItem","position":2,"name":"Il Soccorso alpino cerca volontari per sabato e domenica per preparare gli scatoloni di aiuti per il Nepal"}]},{"@type":"WebSite","@id":"https:\/\/www.bellunopress.it\/#website","url":"https:\/\/www.bellunopress.it\/","name":"Bellunopress - Dolomiti","description":"e-mail: redazione@bellunopress.it","publisher":{"@id":"https:\/\/www.bellunopress.it\/#organization"},"potentialAction":[{"@type":"SearchAction","target":{"@type":"EntryPoint","urlTemplate":"https:\/\/www.bellunopress.it\/?s={search_term_string}"},"query-input":{"@type":"PropertyValueSpecification","valueRequired":true,"valueName":"search_term_string"}}],"inLanguage":"fr-FR"},{"@type":"Organization","@id":"https:\/\/www.bellunopress.it\/#organization","name":"Bellunopress","url":"https:\/\/www.bellunopress.it\/","logo":{"@type":"ImageObject","inLanguage":"fr-FR","@id":"https:\/\/www.bellunopress.it\/#\/schema\/logo\/image\/","url":"https:\/\/www.bellunopress.it\/wp-content\/uploads\/2011\/05\/cropped-logo-bellunopress-.jpg","contentUrl":"https:\/\/www.bellunopress.it\/wp-content\/uploads\/2011\/05\/cropped-logo-bellunopress-.jpg","width":512,"height":512,"caption":"Bellunopress"},"image":{"@id":"https:\/\/www.bellunopress.it\/#\/schema\/logo\/image\/"},"sameAs":["https:\/\/www.facebook.com\/profile.php?id=100008943462799","https:\/\/x.com\/bellunopress","https:\/\/www.linkedin.com\/hp\/?dnr=JBzUWaJfMUw8vbXJJ2tVW5-I3jZKvC4wsoxE&amp;amp;amp;amp;amp;amp;trk=nav_responsive_tab_home","https:\/\/www.youtube.com\/channel\/UCxL0wu1uN0_3_7hGG0306cw"]},{"@type":"Person","@id":"https:\/\/www.bellunopress.it\/#\/schema\/person\/79bb06722b37ece1c03d3e94beb30d73","name":"r\u00e9daction","image":{"@type":"ImageObject","inLanguage":"fr-FR","@id":"https:\/\/secure.gravatar.com\/avatar\/37d968a2e67a6fd04c169c4bdef102d0bc5d31b2546345219e348575eb80e9a0?s=96&d=mm&r=g","url":"https:\/\/secure.gravatar.com\/avatar\/37d968a2e67a6fd04c169c4bdef102d0bc5d31b2546345219e348575eb80e9a0?s=96&d=mm&r=g","contentUrl":"https:\/\/secure.gravatar.com\/avatar\/37d968a2e67a6fd04c169c4bdef102d0bc5d31b2546345219e348575eb80e9a0?s=96&d=mm&r=g","caption":"redazione"},"sameAs":["http:\/\/www.bellunopress.it","https:\/\/x.com\/bellunopress"],"url":"https:\/\/www.bellunopress.it\/fr\/author\/redazione\/"}]}},"_links":{"self":[{"href":"https:\/\/www.bellunopress.it\/fr\/wp-json\/wp\/v2\/posts\/69991","targetHints":{"allow":["GET"]}}],"collection":[{"href":"https:\/\/www.bellunopress.it\/fr\/wp-json\/wp\/v2\/posts"}],"about":[{"href":"https:\/\/www.bellunopress.it\/fr\/wp-json\/wp\/v2\/types\/post"}],"author":[{"embeddable":true,"href":"https:\/\/www.bellunopress.it\/fr\/wp-json\/wp\/v2\/users\/2"}],"replies":[{"embeddable":true,"href":"https:\/\/www.bellunopress.it\/fr\/wp-json\/wp\/v2\/comments?post=69991"}],"version-history":[{"count":1,"href":"https:\/\/www.bellunopress.it\/fr\/wp-json\/wp\/v2\/posts\/69991\/revisions"}],"predecessor-version":[{"id":69992,"href":"https:\/\/www.bellunopress.it\/fr\/wp-json\/wp\/v2\/posts\/69991\/revisions\/69992"}],"wp:attachment":[{"href":"https:\/\/www.bellunopress.it\/fr\/wp-json\/wp\/v2\/media?parent=69991"}],"wp:term":[{"taxonomy":"category","embeddable":true,"href":"https:\/\/www.bellunopress.it\/fr\/wp-json\/wp\/v2\/categories?post=69991"},{"taxonomy":"post_tag","embeddable":true,"href":"https:\/\/www.bellunopress.it\/fr\/wp-json\/wp\/v2\/tags?post=69991"}],"curies":[{"name":"wp","href":"https:\/\/api.w.org\/{rel}","templated":true}]}}