{"id":69986,"date":"2015-07-09T16:28:16","date_gmt":"2015-07-09T14:28:16","guid":{"rendered":"http:\/\/www.bellunopress.it\/?p=69986"},"modified":"2015-07-09T16:30:42","modified_gmt":"2015-07-09T14:30:42","slug":"lirvv-istituto-regionale-ville-venete-a-fianco-del-territorio-colpito-dalla-tromba-daria","status":"publish","type":"post","link":"https:\/\/www.bellunopress.it\/fr\/2015\/07\/09\/lirvv-istituto-regionale-ville-venete-a-fianco-del-territorio-colpito-dalla-tromba-daria\/","title":{"rendered":"L&#8217;Irvv,\u00a0Istituto regionale ville venete,\u00a0a fianco del territorio colpito dalla tromba d\u2019aria"},"content":{"rendered":"<figure id=\"attachment_69987\" aria-describedby=\"caption-attachment-69987\" style=\"width: 300px\" class=\"wp-caption alignleft\"><a href=\"http:\/\/www.bellunopress.it\/wp-content\/uploads\/2015\/07\/Villa-Fini-rasa-al-suolo-dal-maltempo.jpg\"><img loading=\"lazy\" decoding=\"async\" class=\"size-full wp-image-69987\" src=\"http:\/\/www.bellunopress.it\/wp-content\/uploads\/2015\/07\/Villa-Fini-rasa-al-suolo-dal-maltempo.jpg\" alt=\"Villa Fini - Dolo \" width=\"300\" height=\"199\" \/><\/a><figcaption id=\"caption-attachment-69987\" class=\"wp-caption-text\">Villa Fini &#8211; Dolo<\/figcaption><\/figure>\n<p>Villa Fini a Dolo, \u00e8 stata rasa al suolo. Villa Ducale, Villa Caggiano, barchesse e pertinenze, tra Dolo e Sambruson, sono finite nel vortice della terribile tromba d\u2019aria che ha colpito nella giornata di ieri il territorio della Riviera del Brenta. I danni sono ingenti, in molti casi non quantificabili, in quanto \u00e8 stato compromesso per sempre un patrimonio di arte e cultura.<br \/>\nD\u2019intesa con il presidente della Regione del Veneto Luca Zaia, l\u2019IRVV si propone di destinare risorse per finanziare un apposito bando, gi\u00e0 peraltro operativo da qualche anno, al fine di poter intervenire a supporto delle dimore danneggiate dalla calamit\u00e0 naturale, fornendo tutto l\u2019aiuto possibile agli interessati, anche per le procedure di messa in sicurezza e di quantificazione del danno.<\/p>\n<p>\u201cIl primo pensiero va alle vittime, ai feriti e a tutti i cittadini che hanno subito la forza del tornado\u201d &#8211; dichiara la presidente Giuliana Fontanella \u2013 \u201cHo gi\u00e0 avuto modo di apprezzare personalmente l\u2019impegno e la solidariet\u00e0 di molti veneti, che non faranno mancare il loro supporto e aiuti concreti per la ricostruzione&#8221;.<\/p>","protected":false},"excerpt":{"rendered":"<p>Villa Fini a Dolo, \u00e8 stata rasa al suolo. Villa Ducale, Villa Caggiano, barchesse e pertinenze, tra Dolo e Sambruson, sono finite nel vortice della terribile tromba d\u2019aria che ha colpito nella giornata di ieri il territorio della Riviera del Brenta. I danni sono ingenti, in molti casi non quantificabili, in quanto \u00e8 stato compromesso [&hellip;]<\/p>\n","protected":false},"author":2,"featured_media":0,"comment_status":"closed","ping_status":"open","sticky":false,"template":"","format":"standard","meta":{"footnotes":""},"categories":[3,5,26],"tags":[],"class_list":["post-69986","post","type-post","status-publish","format-standard","category-arte-cultura-spettacoli-scienza-archivi","category-cronaca","category-prima-pagina"],"yoast_head":"<!-- This site is optimized with the Yoast SEO plugin v28.4 - https:\/\/yoast.com\/product\/yoast-seo-wordpress\/ -->\n<title>L&#039;Irvv,\u00a0Istituto regionale ville venete,\u00a0a fianco del territorio colpito dalla tromba d\u2019aria - Bellunopress - Dolomiti<\/title>\n<meta name=\"robots\" content=\"index, follow, max-snippet:-1, max-image-preview:large, max-video-preview:-1\" \/>\n<link rel=\"canonical\" href=\"https:\/\/www.bellunopress.it\/fr\/2015\/07\/09\/lirvv-istituto-regionale-ville-venete-a-fianco-del-territorio-colpito-dalla-tromba-daria\/\" \/>\n<meta property=\"og:locale\" content=\"fr_FR\" \/>\n<meta property=\"og:type\" content=\"article\" \/>\n<meta property=\"og:title\" content=\"L&#039;Irvv,\u00a0Istituto regionale ville venete,\u00a0a fianco del territorio colpito dalla tromba d\u2019aria - Bellunopress - Dolomiti\" \/>\n<meta property=\"og:description\" content=\"Villa Fini a Dolo, \u00e8 stata rasa al suolo. Villa Ducale, Villa Caggiano, barchesse e pertinenze, tra Dolo e Sambruson, sono finite nel vortice della terribile tromba d\u2019aria che ha colpito nella giornata di ieri il territorio della Riviera del Brenta. I danni sono ingenti, in molti casi non quantificabili, in quanto \u00e8 stato compromesso [&hellip;]\" \/>\n<meta property=\"og:url\" content=\"https:\/\/www.bellunopress.it\/fr\/2015\/07\/09\/lirvv-istituto-regionale-ville-venete-a-fianco-del-territorio-colpito-dalla-tromba-daria\/\" \/>\n<meta property=\"og:site_name\" content=\"Bellunopress - Dolomiti\" \/>\n<meta property=\"article:publisher\" content=\"https:\/\/www.facebook.com\/profile.php?id=100008943462799\" \/>\n<meta property=\"article:published_time\" content=\"2015-07-09T14:28:16+00:00\" \/>\n<meta property=\"article:modified_time\" content=\"2015-07-09T14:30:42+00:00\" \/>\n<meta property=\"og:image\" content=\"http:\/\/www.bellunopress.it\/wp-content\/uploads\/2015\/07\/Villa-Fini-rasa-al-suolo-dal-maltempo.jpg\" \/>\n<meta name=\"author\" content=\"redazione\" \/>\n<meta name=\"twitter:card\" content=\"summary_large_image\" \/>\n<meta name=\"twitter:creator\" content=\"@bellunopress\" \/>\n<meta name=\"twitter:site\" content=\"@bellunopress\" \/>\n<meta name=\"twitter:label1\" content=\"\u00c9crit par\" \/>\n\t<meta name=\"twitter:data1\" content=\"redazione\" \/>\n\t<meta name=\"twitter:label2\" content=\"Dur\u00e9e de lecture estim\u00e9e\" \/>\n\t<meta name=\"twitter:data2\" content=\"1 minute\" \/>\n<script type=\"application\/ld+json\" class=\"yoast-schema-graph\">{\"@context\":\"https:\\\/\\\/schema.org\",\"@graph\":[{\"@type\":\"Article\",\"@id\":\"https:\\\/\\\/www.bellunopress.it\\\/2015\\\/07\\\/09\\\/lirvv-istituto-regionale-ville-venete-a-fianco-del-territorio-colpito-dalla-tromba-daria\\\/#article\",\"isPartOf\":{\"@id\":\"https:\\\/\\\/www.bellunopress.it\\\/2015\\\/07\\\/09\\\/lirvv-istituto-regionale-ville-venete-a-fianco-del-territorio-colpito-dalla-tromba-daria\\\/\"},\"author\":{\"name\":\"redazione\",\"@id\":\"https:\\\/\\\/www.bellunopress.it\\\/#\\\/schema\\\/person\\\/79bb06722b37ece1c03d3e94beb30d73\"},\"headline\":\"L&#8217;Irvv,\u00a0Istituto regionale ville venete,\u00a0a fianco del territorio colpito dalla tromba d\u2019aria\",\"datePublished\":\"2015-07-09T14:28:16+00:00\",\"dateModified\":\"2015-07-09T14:30:42+00:00\",\"mainEntityOfPage\":{\"@id\":\"https:\\\/\\\/www.bellunopress.it\\\/2015\\\/07\\\/09\\\/lirvv-istituto-regionale-ville-venete-a-fianco-del-territorio-colpito-dalla-tromba-daria\\\/\"},\"wordCount\":204,\"publisher\":{\"@id\":\"https:\\\/\\\/www.bellunopress.it\\\/#organization\"},\"image\":{\"@id\":\"https:\\\/\\\/www.bellunopress.it\\\/2015\\\/07\\\/09\\\/lirvv-istituto-regionale-ville-venete-a-fianco-del-territorio-colpito-dalla-tromba-daria\\\/#primaryimage\"},\"thumbnailUrl\":\"http:\\\/\\\/www.bellunopress.it\\\/wp-content\\\/uploads\\\/2015\\\/07\\\/Villa-Fini-rasa-al-suolo-dal-maltempo.jpg\",\"articleSection\":[\"Arte, Cultura, Spettacoli, Scienza\",\"Cronaca\\\/Politica\",\"Prima Pagina\"],\"inLanguage\":\"fr-FR\"},{\"@type\":\"WebPage\",\"@id\":\"https:\\\/\\\/www.bellunopress.it\\\/2015\\\/07\\\/09\\\/lirvv-istituto-regionale-ville-venete-a-fianco-del-territorio-colpito-dalla-tromba-daria\\\/\",\"url\":\"https:\\\/\\\/www.bellunopress.it\\\/2015\\\/07\\\/09\\\/lirvv-istituto-regionale-ville-venete-a-fianco-del-territorio-colpito-dalla-tromba-daria\\\/\",\"name\":\"L'Irvv,\u00a0Istituto regionale ville venete,\u00a0a fianco del territorio colpito dalla tromba d\u2019aria - Bellunopress - Dolomiti\",\"isPartOf\":{\"@id\":\"https:\\\/\\\/www.bellunopress.it\\\/#website\"},\"primaryImageOfPage\":{\"@id\":\"https:\\\/\\\/www.bellunopress.it\\\/2015\\\/07\\\/09\\\/lirvv-istituto-regionale-ville-venete-a-fianco-del-territorio-colpito-dalla-tromba-daria\\\/#primaryimage\"},\"image\":{\"@id\":\"https:\\\/\\\/www.bellunopress.it\\\/2015\\\/07\\\/09\\\/lirvv-istituto-regionale-ville-venete-a-fianco-del-territorio-colpito-dalla-tromba-daria\\\/#primaryimage\"},\"thumbnailUrl\":\"http:\\\/\\\/www.bellunopress.it\\\/wp-content\\\/uploads\\\/2015\\\/07\\\/Villa-Fini-rasa-al-suolo-dal-maltempo.jpg\",\"datePublished\":\"2015-07-09T14:28:16+00:00\",\"dateModified\":\"2015-07-09T14:30:42+00:00\",\"breadcrumb\":{\"@id\":\"https:\\\/\\\/www.bellunopress.it\\\/2015\\\/07\\\/09\\\/lirvv-istituto-regionale-ville-venete-a-fianco-del-territorio-colpito-dalla-tromba-daria\\\/#breadcrumb\"},\"inLanguage\":\"fr-FR\",\"potentialAction\":[{\"@type\":\"ReadAction\",\"target\":[\"https:\\\/\\\/www.bellunopress.it\\\/2015\\\/07\\\/09\\\/lirvv-istituto-regionale-ville-venete-a-fianco-del-territorio-colpito-dalla-tromba-daria\\\/\"]}]},{\"@type\":\"ImageObject\",\"inLanguage\":\"fr-FR\",\"@id\":\"https:\\\/\\\/www.bellunopress.it\\\/2015\\\/07\\\/09\\\/lirvv-istituto-regionale-ville-venete-a-fianco-del-territorio-colpito-dalla-tromba-daria\\\/#primaryimage\",\"url\":\"http:\\\/\\\/www.bellunopress.it\\\/wp-content\\\/uploads\\\/2015\\\/07\\\/Villa-Fini-rasa-al-suolo-dal-maltempo.jpg\",\"contentUrl\":\"http:\\\/\\\/www.bellunopress.it\\\/wp-content\\\/uploads\\\/2015\\\/07\\\/Villa-Fini-rasa-al-suolo-dal-maltempo.jpg\"},{\"@type\":\"BreadcrumbList\",\"@id\":\"https:\\\/\\\/www.bellunopress.it\\\/2015\\\/07\\\/09\\\/lirvv-istituto-regionale-ville-venete-a-fianco-del-territorio-colpito-dalla-tromba-daria\\\/#breadcrumb\",\"itemListElement\":[{\"@type\":\"ListItem\",\"position\":1,\"name\":\"Home\",\"item\":\"https:\\\/\\\/www.bellunopress.it\\\/\"},{\"@type\":\"ListItem\",\"position\":2,\"name\":\"L&#8217;Irvv,\u00a0Istituto regionale ville venete,\u00a0a fianco del territorio colpito dalla tromba d\u2019aria\"}]},{\"@type\":\"WebSite\",\"@id\":\"https:\\\/\\\/www.bellunopress.it\\\/#website\",\"url\":\"https:\\\/\\\/www.bellunopress.it\\\/\",\"name\":\"Bellunopress - Dolomiti\",\"description\":\"e-mail: redazione@bellunopress.it\",\"publisher\":{\"@id\":\"https:\\\/\\\/www.bellunopress.it\\\/#organization\"},\"potentialAction\":[{\"@type\":\"SearchAction\",\"target\":{\"@type\":\"EntryPoint\",\"urlTemplate\":\"https:\\\/\\\/www.bellunopress.it\\\/?s={search_term_string}\"},\"query-input\":{\"@type\":\"PropertyValueSpecification\",\"valueRequired\":true,\"valueName\":\"search_term_string\"}}],\"inLanguage\":\"fr-FR\"},{\"@type\":\"Organization\",\"@id\":\"https:\\\/\\\/www.bellunopress.it\\\/#organization\",\"name\":\"Bellunopress\",\"url\":\"https:\\\/\\\/www.bellunopress.it\\\/\",\"logo\":{\"@type\":\"ImageObject\",\"inLanguage\":\"fr-FR\",\"@id\":\"https:\\\/\\\/www.bellunopress.it\\\/#\\\/schema\\\/logo\\\/image\\\/\",\"url\":\"https:\\\/\\\/www.bellunopress.it\\\/wp-content\\\/uploads\\\/2011\\\/05\\\/cropped-logo-bellunopress-.jpg\",\"contentUrl\":\"https:\\\/\\\/www.bellunopress.it\\\/wp-content\\\/uploads\\\/2011\\\/05\\\/cropped-logo-bellunopress-.jpg\",\"width\":512,\"height\":512,\"caption\":\"Bellunopress\"},\"image\":{\"@id\":\"https:\\\/\\\/www.bellunopress.it\\\/#\\\/schema\\\/logo\\\/image\\\/\"},\"sameAs\":[\"https:\\\/\\\/www.facebook.com\\\/profile.php?id=100008943462799\",\"https:\\\/\\\/x.com\\\/bellunopress\",\"https:\\\/\\\/www.linkedin.com\\\/hp\\\/?dnr=JBzUWaJfMUw8vbXJJ2tVW5-I3jZKvC4wsoxE&amp;amp;amp;amp;amp;amp;trk=nav_responsive_tab_home\",\"https:\\\/\\\/www.youtube.com\\\/channel\\\/UCxL0wu1uN0_3_7hGG0306cw\"]},{\"@type\":\"Person\",\"@id\":\"https:\\\/\\\/www.bellunopress.it\\\/#\\\/schema\\\/person\\\/79bb06722b37ece1c03d3e94beb30d73\",\"name\":\"redazione\",\"image\":{\"@type\":\"ImageObject\",\"inLanguage\":\"fr-FR\",\"@id\":\"https:\\\/\\\/secure.gravatar.com\\\/avatar\\\/37d968a2e67a6fd04c169c4bdef102d0bc5d31b2546345219e348575eb80e9a0?s=96&d=mm&r=g\",\"url\":\"https:\\\/\\\/secure.gravatar.com\\\/avatar\\\/37d968a2e67a6fd04c169c4bdef102d0bc5d31b2546345219e348575eb80e9a0?s=96&d=mm&r=g\",\"contentUrl\":\"https:\\\/\\\/secure.gravatar.com\\\/avatar\\\/37d968a2e67a6fd04c169c4bdef102d0bc5d31b2546345219e348575eb80e9a0?s=96&d=mm&r=g\",\"caption\":\"redazione\"},\"sameAs\":[\"http:\\\/\\\/www.bellunopress.it\",\"https:\\\/\\\/x.com\\\/bellunopress\"],\"url\":\"https:\\\/\\\/www.bellunopress.it\\\/fr\\\/author\\\/redazione\\\/\"}]}<\/script>\n<!-- \/ Yoast SEO plugin. -->","yoast_head_json":{"title":"L'Irvv,\u00a0Istituto regionale ville venete,\u00a0a fianco del territorio colpito dalla tromba d\u2019aria - Bellunopress - Dolomiti","robots":{"index":"index","follow":"follow","max-snippet":"max-snippet:-1","max-image-preview":"max-image-preview:large","max-video-preview":"max-video-preview:-1"},"canonical":"https:\/\/www.bellunopress.it\/fr\/2015\/07\/09\/lirvv-istituto-regionale-ville-venete-a-fianco-del-territorio-colpito-dalla-tromba-daria\/","og_locale":"fr_FR","og_type":"article","og_title":"L'Irvv,\u00a0Istituto regionale ville venete,\u00a0a fianco del territorio colpito dalla tromba d\u2019aria - Bellunopress - Dolomiti","og_description":"Villa Fini a Dolo, \u00e8 stata rasa al suolo. Villa Ducale, Villa Caggiano, barchesse e pertinenze, tra Dolo e Sambruson, sono finite nel vortice della terribile tromba d\u2019aria che ha colpito nella giornata di ieri il territorio della Riviera del Brenta. I danni sono ingenti, in molti casi non quantificabili, in quanto \u00e8 stato compromesso [&hellip;]","og_url":"https:\/\/www.bellunopress.it\/fr\/2015\/07\/09\/lirvv-istituto-regionale-ville-venete-a-fianco-del-territorio-colpito-dalla-tromba-daria\/","og_site_name":"Bellunopress - Dolomiti","article_publisher":"https:\/\/www.facebook.com\/profile.php?id=100008943462799","article_published_time":"2015-07-09T14:28:16+00:00","article_modified_time":"2015-07-09T14:30:42+00:00","og_image":[{"url":"http:\/\/www.bellunopress.it\/wp-content\/uploads\/2015\/07\/Villa-Fini-rasa-al-suolo-dal-maltempo.jpg","type":"","width":"","height":""}],"author":"redazione","twitter_card":"summary_large_image","twitter_creator":"@bellunopress","twitter_site":"@bellunopress","twitter_misc":{"\u00c9crit par":"redazione","Dur\u00e9e de lecture estim\u00e9e":"1 minute"},"schema":{"@context":"https:\/\/schema.org","@graph":[{"@type":"Article","@id":"https:\/\/www.bellunopress.it\/2015\/07\/09\/lirvv-istituto-regionale-ville-venete-a-fianco-del-territorio-colpito-dalla-tromba-daria\/#article","isPartOf":{"@id":"https:\/\/www.bellunopress.it\/2015\/07\/09\/lirvv-istituto-regionale-ville-venete-a-fianco-del-territorio-colpito-dalla-tromba-daria\/"},"author":{"name":"redazione","@id":"https:\/\/www.bellunopress.it\/#\/schema\/person\/79bb06722b37ece1c03d3e94beb30d73"},"headline":"L&#8217;Irvv,\u00a0Istituto regionale ville venete,\u00a0a fianco del territorio colpito dalla tromba d\u2019aria","datePublished":"2015-07-09T14:28:16+00:00","dateModified":"2015-07-09T14:30:42+00:00","mainEntityOfPage":{"@id":"https:\/\/www.bellunopress.it\/2015\/07\/09\/lirvv-istituto-regionale-ville-venete-a-fianco-del-territorio-colpito-dalla-tromba-daria\/"},"wordCount":204,"publisher":{"@id":"https:\/\/www.bellunopress.it\/#organization"},"image":{"@id":"https:\/\/www.bellunopress.it\/2015\/07\/09\/lirvv-istituto-regionale-ville-venete-a-fianco-del-territorio-colpito-dalla-tromba-daria\/#primaryimage"},"thumbnailUrl":"http:\/\/www.bellunopress.it\/wp-content\/uploads\/2015\/07\/Villa-Fini-rasa-al-suolo-dal-maltempo.jpg","articleSection":["Arte, Cultura, Spettacoli, Scienza","Cronaca\/Politica","Prima Pagina"],"inLanguage":"fr-FR"},{"@type":"WebPage","@id":"https:\/\/www.bellunopress.it\/2015\/07\/09\/lirvv-istituto-regionale-ville-venete-a-fianco-del-territorio-colpito-dalla-tromba-daria\/","url":"https:\/\/www.bellunopress.it\/2015\/07\/09\/lirvv-istituto-regionale-ville-venete-a-fianco-del-territorio-colpito-dalla-tromba-daria\/","name":"L'Irvv,\u00a0Istituto regionale ville venete,\u00a0a fianco del territorio colpito dalla tromba d\u2019aria - Bellunopress - Dolomiti","isPartOf":{"@id":"https:\/\/www.bellunopress.it\/#website"},"primaryImageOfPage":{"@id":"https:\/\/www.bellunopress.it\/2015\/07\/09\/lirvv-istituto-regionale-ville-venete-a-fianco-del-territorio-colpito-dalla-tromba-daria\/#primaryimage"},"image":{"@id":"https:\/\/www.bellunopress.it\/2015\/07\/09\/lirvv-istituto-regionale-ville-venete-a-fianco-del-territorio-colpito-dalla-tromba-daria\/#primaryimage"},"thumbnailUrl":"http:\/\/www.bellunopress.it\/wp-content\/uploads\/2015\/07\/Villa-Fini-rasa-al-suolo-dal-maltempo.jpg","datePublished":"2015-07-09T14:28:16+00:00","dateModified":"2015-07-09T14:30:42+00:00","breadcrumb":{"@id":"https:\/\/www.bellunopress.it\/2015\/07\/09\/lirvv-istituto-regionale-ville-venete-a-fianco-del-territorio-colpito-dalla-tromba-daria\/#breadcrumb"},"inLanguage":"fr-FR","potentialAction":[{"@type":"ReadAction","target":["https:\/\/www.bellunopress.it\/2015\/07\/09\/lirvv-istituto-regionale-ville-venete-a-fianco-del-territorio-colpito-dalla-tromba-daria\/"]}]},{"@type":"ImageObject","inLanguage":"fr-FR","@id":"https:\/\/www.bellunopress.it\/2015\/07\/09\/lirvv-istituto-regionale-ville-venete-a-fianco-del-territorio-colpito-dalla-tromba-daria\/#primaryimage","url":"http:\/\/www.bellunopress.it\/wp-content\/uploads\/2015\/07\/Villa-Fini-rasa-al-suolo-dal-maltempo.jpg","contentUrl":"http:\/\/www.bellunopress.it\/wp-content\/uploads\/2015\/07\/Villa-Fini-rasa-al-suolo-dal-maltempo.jpg"},{"@type":"BreadcrumbList","@id":"https:\/\/www.bellunopress.it\/2015\/07\/09\/lirvv-istituto-regionale-ville-venete-a-fianco-del-territorio-colpito-dalla-tromba-daria\/#breadcrumb","itemListElement":[{"@type":"ListItem","position":1,"name":"Home","item":"https:\/\/www.bellunopress.it\/"},{"@type":"ListItem","position":2,"name":"L&#8217;Irvv,\u00a0Istituto regionale ville venete,\u00a0a fianco del territorio colpito dalla tromba d\u2019aria"}]},{"@type":"WebSite","@id":"https:\/\/www.bellunopress.it\/#website","url":"https:\/\/www.bellunopress.it\/","name":"Bellunopress - Dolomiti","description":"e-mail: redazione@bellunopress.it","publisher":{"@id":"https:\/\/www.bellunopress.it\/#organization"},"potentialAction":[{"@type":"SearchAction","target":{"@type":"EntryPoint","urlTemplate":"https:\/\/www.bellunopress.it\/?s={search_term_string}"},"query-input":{"@type":"PropertyValueSpecification","valueRequired":true,"valueName":"search_term_string"}}],"inLanguage":"fr-FR"},{"@type":"Organization","@id":"https:\/\/www.bellunopress.it\/#organization","name":"Bellunopress","url":"https:\/\/www.bellunopress.it\/","logo":{"@type":"ImageObject","inLanguage":"fr-FR","@id":"https:\/\/www.bellunopress.it\/#\/schema\/logo\/image\/","url":"https:\/\/www.bellunopress.it\/wp-content\/uploads\/2011\/05\/cropped-logo-bellunopress-.jpg","contentUrl":"https:\/\/www.bellunopress.it\/wp-content\/uploads\/2011\/05\/cropped-logo-bellunopress-.jpg","width":512,"height":512,"caption":"Bellunopress"},"image":{"@id":"https:\/\/www.bellunopress.it\/#\/schema\/logo\/image\/"},"sameAs":["https:\/\/www.facebook.com\/profile.php?id=100008943462799","https:\/\/x.com\/bellunopress","https:\/\/www.linkedin.com\/hp\/?dnr=JBzUWaJfMUw8vbXJJ2tVW5-I3jZKvC4wsoxE&amp;amp;amp;amp;amp;amp;trk=nav_responsive_tab_home","https:\/\/www.youtube.com\/channel\/UCxL0wu1uN0_3_7hGG0306cw"]},{"@type":"Person","@id":"https:\/\/www.bellunopress.it\/#\/schema\/person\/79bb06722b37ece1c03d3e94beb30d73","name":"r\u00e9daction","image":{"@type":"ImageObject","inLanguage":"fr-FR","@id":"https:\/\/secure.gravatar.com\/avatar\/37d968a2e67a6fd04c169c4bdef102d0bc5d31b2546345219e348575eb80e9a0?s=96&d=mm&r=g","url":"https:\/\/secure.gravatar.com\/avatar\/37d968a2e67a6fd04c169c4bdef102d0bc5d31b2546345219e348575eb80e9a0?s=96&d=mm&r=g","contentUrl":"https:\/\/secure.gravatar.com\/avatar\/37d968a2e67a6fd04c169c4bdef102d0bc5d31b2546345219e348575eb80e9a0?s=96&d=mm&r=g","caption":"redazione"},"sameAs":["http:\/\/www.bellunopress.it","https:\/\/x.com\/bellunopress"],"url":"https:\/\/www.bellunopress.it\/fr\/author\/redazione\/"}]}},"_links":{"self":[{"href":"https:\/\/www.bellunopress.it\/fr\/wp-json\/wp\/v2\/posts\/69986","targetHints":{"allow":["GET"]}}],"collection":[{"href":"https:\/\/www.bellunopress.it\/fr\/wp-json\/wp\/v2\/posts"}],"about":[{"href":"https:\/\/www.bellunopress.it\/fr\/wp-json\/wp\/v2\/types\/post"}],"author":[{"embeddable":true,"href":"https:\/\/www.bellunopress.it\/fr\/wp-json\/wp\/v2\/users\/2"}],"replies":[{"embeddable":true,"href":"https:\/\/www.bellunopress.it\/fr\/wp-json\/wp\/v2\/comments?post=69986"}],"version-history":[{"count":1,"href":"https:\/\/www.bellunopress.it\/fr\/wp-json\/wp\/v2\/posts\/69986\/revisions"}],"predecessor-version":[{"id":69988,"href":"https:\/\/www.bellunopress.it\/fr\/wp-json\/wp\/v2\/posts\/69986\/revisions\/69988"}],"wp:attachment":[{"href":"https:\/\/www.bellunopress.it\/fr\/wp-json\/wp\/v2\/media?parent=69986"}],"wp:term":[{"taxonomy":"category","embeddable":true,"href":"https:\/\/www.bellunopress.it\/fr\/wp-json\/wp\/v2\/categories?post=69986"},{"taxonomy":"post_tag","embeddable":true,"href":"https:\/\/www.bellunopress.it\/fr\/wp-json\/wp\/v2\/tags?post=69986"}],"curies":[{"name":"wp","href":"https:\/\/api.w.org\/{rel}","templated":true}]}}