{"id":6998,"date":"2009-08-13T20:52:31","date_gmt":"2009-08-13T19:52:31","guid":{"rendered":"http:\/\/www.bellunopress.it\/?p=6998"},"modified":"2010-02-19T15:45:06","modified_gmt":"2010-02-19T14:45:06","slug":"la-beffa-di-baldenich-i%e2%80%9d-il-16-giugno-1944-dodici-partigiani-neutralizzano-le-guardie-e-liberano-70-prigionieri","status":"publish","type":"post","link":"https:\/\/www.bellunopress.it\/fr\/2009\/08\/13\/la-beffa-di-baldenich-i%e2%80%9d-il-16-giugno-1944-dodici-partigiani-neutralizzano-le-guardie-e-liberano-70-prigionieri\/","title":{"rendered":"&#8220;La beffa di Baldenich I\u201d: Il 16 giugno 1944 dodici partigiani neutralizzano le guardie e liberano 70 prigionieri."},"content":{"rendered":"<figure id=\"attachment_6996\" aria-describedby=\"caption-attachment-6996\" style=\"width: 169px\" class=\"wp-caption alignleft\"><a href=\"http:\/\/www.bellunopress.it\/wp-content\/uploads\/2009\/08\/mariano-mandolesi-carlo1.jpg\"><img loading=\"lazy\" decoding=\"async\" class=\"size-medium wp-image-6996\" title=\"mariano-mandolesi-carlo\" src=\"http:\/\/www.bellunopress.it\/wp-content\/uploads\/2009\/08\/mariano-mandolesi-carlo1.jpg\" alt=\"Mariano Mandolesi\" width=\"169\" height=\"200\" \/><\/a><figcaption id=\"caption-attachment-6996\" class=\"wp-caption-text\">Mariano Mandolesi<\/figcaption><\/figure>\n<p><strong>L\u2019Operazione Baldenich, nota anche come Beffa di Baldenich, \u00e8 il blitz portato a termine con successo da 12 partigiani nel giugno del \u201944. Travestiti da soldati tedeschi entrano nel carcere e liberano 70 prigionieri politici senza sparare un colpo. I dettagli dell\u2019operazione sono stati raccontati da uno dei protagonisti, \u201cCarlo\u201d il Comandante della Piazza di Belluno durante la guerra di liberazione. Ovvero il partigiano Mariano Mandolesi nato a Gaeta il 9 settembre del 1920 ed insignito della cittadinanza onoraria dal Comune di Belluno con cerimonia del 12 aprile 1976. Il 28 Aprile 1945 Mandolesi ripeter\u00e0 con successo il blitz, beffando per la seconda volta i tedeschi.<\/strong><br \/>\nLa mattina del 16 giugno 1944 alle ore 7 e mezza del mattino, otto soldati in uniforme tedesca si presentano all\u2019ingresso delle carceri di Baldenich con quattro prigionieri al seguito. In realt\u00e0 i dodici uomini sono tutti partigiani italiani e sovietici della Brigata Pisacane, Divisione Nino Nannetti, travestiti per penetrare nelle carceri e liberare i prigionieri politici. A mettere a punto il piano la sera prima \u00e8 il comandante \u201cCarlo\u201d, Mariano Mandolesi, insieme a De Luca.\u00a0<\/p>\n<figure id=\"attachment_6997\" aria-describedby=\"caption-attachment-6997\" style=\"width: 270px\" class=\"wp-caption alignright\"><a href=\"http:\/\/www.bellunopress.it\/wp-content\/uploads\/2009\/08\/carcere-ingresso.jpg\"><img loading=\"lazy\" decoding=\"async\" class=\"size-medium wp-image-6997\" title=\"carcere-ingresso\" src=\"http:\/\/www.bellunopress.it\/wp-content\/uploads\/2009\/08\/carcere-ingresso.jpg\" alt=\"ingresso del carcere\" width=\"270\" height=\"180\" \/><\/a><figcaption id=\"caption-attachment-6997\" class=\"wp-caption-text\">ingresso del carcere<\/figcaption><\/figure>\n<p>\u00a0\u201cA Baldenich ci sono 16 carabinieri &#8211; spiega De Luca a Mandolesi &#8211; 14 della gendarmeria e 2 di guardia sopra i camminamenti. Nei bracci ci sono 10 secondini, spesso aiutati da \u201ccomuni\u201d. Prima di giungere al piazzale del carcere troveremo Lino che ci informer\u00e0 sui movimenti di stamane. E all\u2019uscita, liberati tutti i prigionieri politici, troveremo Nasi ad aspettarci con i camions\u201d. De Luca chiama poi gli otto partigiani russi, Miscia, Kuznetsov, Tim, Mik, Vasilij, Aljoska, Timofej e Orlov dicendo loro di indossare le uniformi tedesche, per l\u2019ultimo controllo. Miscia, che aveva i gradi da maresciallo, oltre al tascapane portava la pistola d\u2019ordinanza Walther P38 calibro 9 parabellum e la maschinenpistole, un robusto mitra in calibro 9 parabellum che sparava solo a raffica. Sembrava tutto in regola, berretti, nastrini, mostrine, scarpe. Solo Orlov aveva con s\u00e9 un fucile mitragliatore russo DP 1928 calibro 7.62 caratterizzato dal caricatore a padella contenente 47 colpi . \u201cMoj Degtjar\u00ebv\u201d disse (dal nome del tecnico che aveva realizzato l\u2019arma che \u00e8 rimasta in dotazione negli eserciti dei paesi satelliti dell\u2019ex Unione Sovietica\u00a0 fino ai giorni nostri) . \u201cNon puoi portarlo, sarebbe un pericolo per tutti\u201d gli disse De Luca. \u201cLui pericoloso per tedeschi non per noi\u201d ribatt\u00e9 Orlov. Intervenne allora Mandolesi assicurando che la faccenda sarebbe stata sistemata prima della partenza. Alle sei e mezza del mattino dopo De Luca sal\u00ec su una balla di paglia prendendo la parola. \u201cCompagni, \u00e8 venuto il momento di spiegarvi in che cosa consiste l\u2019operazione. Dopo che vi avr\u00f2 parlato, nessuno potr\u00e0 uscire dalla caserma, n\u00e9 potr\u00e0 allontanarsi durante il trasferimento a Belluno. Una precauzione a cui da molto tempo non si pu\u00f2 pi\u00f9 rinunciare. Il vostro compito \u00e8 quello di liberare i prigionieri politici che si trovano nel carcere. Non solo Milo, ma tutti! Abbiamo esaminato attentamente tutte le possibilit\u00e0 ed i mezzi necessari al successo dell\u2019azione. E sono state scartate tutte le ipotesi che prevedono l\u2019uso della forza.\u00a0 Baldenich, infatti, \u00e8 un carcere che pu\u00f2 essere difeso anche da pochi uomini; senza contare che ai primi spari comincerebbero ad arrivare i rinforzi nemici dalle caserme della citt\u00e0. I nostri 12 uomini dovranno agire con astuzia, senza colpo ferire. Si tratta indubbiamente di un\u2019operazione estremamente pericolosa ma \u00e8 l\u2019unico sistema che possiamo seguire.\u00a0 <a href=\"http:\/\/www.bellunopress.it\/wp-content\/uploads\/2009\/08\/carcere-bl.jpg\"><img loading=\"lazy\" decoding=\"async\" class=\"alignleft size-medium wp-image-6999\" title=\"carcere-bl\" src=\"http:\/\/www.bellunopress.it\/wp-content\/uploads\/2009\/08\/carcere-bl.jpg\" alt=\"\" width=\"270\" height=\"180\" \/><\/a>Conosciamo le dislocazioni dei vari locali del carcere, sappiamo il numero delle unit\u00e0 di guardia. Le recinzioni sono difese da circuiti elettrici ma non siamo riusciti a sapere come disattivarli. Diciotto compagni resteranno fuori delle mura, per coprire le spalle alla pattuglia che penetrer\u00e0 nel carcere. Nella zona non si dovr\u00e0 avere il minimo sospetto della presenza di partigiani. Se tutto andr\u00e0 bene potrete allontanarvi sui camions che Nasi far\u00e0 dislocare nei punti stabiliti. Vi prego soltanto di ricordare che questa azione non ci deve costare un solo uomo, n\u00e9 una sola cartuccia. Ma deve riportare alla libert\u00e0 e alla vita 70 compagni\u201d. Erano le 7 di mattina. Mandolesi prima di avviarsi si raccomanda di controllare le armi, che nessuno abbia il colpo in canna. \u201cPerch\u00e9 prima di sparare dovete essere assolutamente certi che quella \u00e8 l\u2019ultima possibilit\u00e0 di salvezza\u201d. Un attimo prima di lasciare la caserma Orlov trattiene per la manica Mandolesi per dirgli \u201cComandier io portare Degtjar\u00ebv, arma di voi prigionieri\u201d. \u201cD\u2019accordo \u2013 rispose Mandolesi \u2013 diremo che quell\u2019arma era nostra\u201d. Nel tragitto dalla caserma a Baldenich fila tutto liscio. C\u2019era il rischio che i partigiani travestiti da tedeschi con i prigionieri al seguito incrociassero una pattuglia di autetici tedeschi e venissero smascherati. Anche perch\u00e9 sulla testa di Mandolesi c\u2019era una taglia di alcuni milioni. Il primo punto del programma per\u00f2 va a vuoto. Infatti Lino Piazza, che doveva trovarsi insieme alla fidanzata per riferire eventuali novit\u00e0 delle ultime ore nel carcere, turni di guardia ecc. non c\u2019\u00e8. Si decide comunque di proseguire. Miscia, in divisa da maresciallo bussa con decisione. Il carabiniere dallo spioncino, visto il maresciallo cede il posto ad un sottufficiale che apre il portone e li fa entrare. Nel cortile rimangono tre partigiani con 16 carabinieri. Miscia entra nell\u2019ufficio matricole seguito da Mandolesi, Marat, Mink, Aljoska e Orlov. Appena dentro della porta si ferma Nicolotto, vicino al telefono. Hermes e Kuznetsov chiudevano il gruppo. <a href=\"http:\/\/www.bellunopress.it\/wp-content\/uploads\/2009\/08\/carcere-3.jpg\"><img loading=\"lazy\" decoding=\"async\" class=\"alignright size-medium wp-image-7000\" title=\"carcere baldenich\" src=\"http:\/\/www.bellunopress.it\/wp-content\/uploads\/2009\/08\/carcere-3.jpg\" alt=\"\" width=\"270\" height=\"180\" \/><\/a>L\u2019impiegato chiede a Miscia i documenti di carcerazione. \u201cIo niet capire\u201d risponde Miscia in un tedesco che tradisce la sua nazionalit\u00e0 d\u2019origine. \u201cCamerata, io per imprigionare questi uomini ho bisogno di carte, documenti. Dove li hai?\u201d E Miscia \u201cNiet capire\u201d. Interviene allora il maresciallo delle guardie \u201cPapir, papir\u201d E Miscia \u201cSoldati grande reich afere fucili prigionieri\u201d indicando l\u2019arma di Orlov. Ma non c\u2019\u00e8 verso, Miscia finge di non capire ed insiste in quel \u201cniet\u201d tutto russo che per fortuna sfugge ai carcerieri. Doveva guadagnare tempo in attesa che che arrivasse un secondino con le chiavi. La situazione si fa tesa, con Miscia che alterna momenti di calma a scatti d\u2019ira, interpretati come manifestazioni d\u2019autorit\u00e0. Ma non c\u2019\u00e8 soluzione, la burocrazia pretende le carte con i nomi per rinchiudere quei prigionieri. Carte che evidentemente i partigiani non potevano avere. Esasperata, una delle guardie chiede: \u201cPossibile che tra voi nessuno parli italiano?\u201d Ma in quel momento entra un secondino col mazzo di chiavi in mano. Kuznetsov lo scaraventa al centro dell\u2019ufficio, Mandolesi intanto punta la pistola verso l\u2019impiegato e il maresciallo dicendo \u201cTutti parliamo l\u2019italiano\u201d! Nicolotto intanto aveva afferrato il telefono pronto a strappare i cavi. \u201cNon fate scherzi o vi brucio le cervella \u2013 dice Mandolesi ai due carcerieri, e chiede loro &#8211;\u00a0 c\u2019\u00e8 qualche allarme collegato al telefono\u201d? \u201cNo, non c\u2019\u00e8\u201d gli rispondono. Nicolotto strappa la linea telefonica e scosta le tendine, come segnale convenuto per avvisare i compagni che aspettavano di sotto. Tim fa un cenno a Vasilij e quelli rimasti in cortile puntano i fucili contro una sentinella del camminamento. Timofej spalanca il portone e fa entrare altri 5 partigiani. Tim ordina alle sentinelle di scendere in cortile con le braccia alzate e tenendo il mitra sopra la testa. Mandolesi, Nicolotto e Kuznestov vanno a liberare Milo. Mentre Vasilij e Timofej avevano gi\u00e0 disarmato tutti e controllavano che i carabinieri finissero di spogliarsi. Ma questi non si erano resi conto di ci\u00f2 che stava succedendo e continuavano a dichiarare la loro fedelt\u00e0 ad Hitler e Mussolini, protestando per l\u2019incomprensibile atteggiamento dei tre camerati tedeschi. Ermes per farli tacere li rinchiuse nella cella di Milo minacciandoli con la pistola col silenziatore. I partigiani, divisi in quattro gruppi, aprivano tutte le celle. \u201cVenivano fuori in mutandine, chi con i calzoni del pigiama, chi con la giubba militare\u201d racconta Mandolesi, che viene abbracciato da Bianchi. Nella quarta cella Banchieri era gi\u00e0 vestito, pettinato e con un paio di scarpe bianche estive ai piedi. Banchieri era un uomo che aveva trascorso i 2 terzi della sua vita all\u2019estero, fuggiasco, esule o incarcerato. Era nato in una ricca famiglia di Feltre. Laureatosi in legge si era dedicato ad una intensa attivit\u00e0 politica contro il fascismo, dovendo per questo emigrare in Francia. Richiamato in Italia dal partito comunista, fu tra i primi a conoscere il carcere fascista. Nelle celle lasciate libere dai prigionieri vennero rinchiusi i carabinieri ed i secondini. Il portone principale era chiuso. Milo doveva avere le chiavi, ma nella confusione generale non\u00a0 si riusciva a trovare. Mandolesi libera i ferri che fermano il portone e con una spallata riesce ad aprirlo. Missione compiuta.<br \/>\nRoberto De Nart<\/p>","protected":false},"excerpt":{"rendered":"<p>L\u2019Operazione Baldenich, nota anche come Beffa di Baldenich, \u00e8 il blitz portato a termine con successo da 12 partigiani nel giugno del \u201944. Travestiti da soldati tedeschi entrano nel carcere e liberano 70 prigionieri politici senza sparare un colpo. I dettagli dell\u2019operazione sono stati raccontati da uno dei protagonisti, \u201cCarlo\u201d il Comandante della Piazza di [&hellip;]<\/p>\n","protected":false},"author":2,"featured_media":0,"comment_status":"closed","ping_status":"open","sticky":false,"template":"","format":"standard","meta":{"footnotes":""},"categories":[49,26],"tags":[194,195,196,170],"class_list":["post-6998","post","type-post","status-publish","format-standard","category-speciali","category-prima-pagina","tag-carcere-belluno","tag-mariano-mandolesi","tag-operazione-baldenich","tag-partigiani"],"yoast_head":"<!-- This site is optimized with the Yoast SEO plugin v28.4 - https:\/\/yoast.com\/product\/yoast-seo-wordpress\/ -->\n<title>&quot;La beffa di Baldenich I\u201d: Il 16 giugno 1944 dodici partigiani neutralizzano le guardie e liberano 70 prigionieri. - Bellunopress - Dolomiti<\/title>\n<meta name=\"robots\" content=\"index, follow, max-snippet:-1, max-image-preview:large, max-video-preview:-1\" \/>\n<link rel=\"canonical\" href=\"https:\/\/www.bellunopress.it\/fr\/2009\/08\/13\/la-beffa-di-baldenich-i\u201d-il-16-giugno-1944-dodici-partigiani-neutralizzano-le-guardie-e-liberano-70-prigionieri\/\" \/>\n<meta property=\"og:locale\" content=\"fr_FR\" \/>\n<meta property=\"og:type\" content=\"article\" \/>\n<meta property=\"og:title\" content=\"&quot;La beffa di Baldenich I\u201d: Il 16 giugno 1944 dodici partigiani neutralizzano le guardie e liberano 70 prigionieri. - Bellunopress - Dolomiti\" \/>\n<meta property=\"og:description\" content=\"L\u2019Operazione Baldenich, nota anche come Beffa di Baldenich, \u00e8 il blitz portato a termine con successo da 12 partigiani nel giugno del \u201944. Travestiti da soldati tedeschi entrano nel carcere e liberano 70 prigionieri politici senza sparare un colpo. I dettagli dell\u2019operazione sono stati raccontati da uno dei protagonisti, \u201cCarlo\u201d il Comandante della Piazza di [&hellip;]\" \/>\n<meta property=\"og:url\" content=\"https:\/\/www.bellunopress.it\/fr\/2009\/08\/13\/la-beffa-di-baldenich-i\u201d-il-16-giugno-1944-dodici-partigiani-neutralizzano-le-guardie-e-liberano-70-prigionieri\/\" \/>\n<meta property=\"og:site_name\" content=\"Bellunopress - Dolomiti\" \/>\n<meta property=\"article:publisher\" content=\"https:\/\/www.facebook.com\/profile.php?id=100008943462799\" \/>\n<meta property=\"article:published_time\" content=\"2009-08-13T19:52:31+00:00\" \/>\n<meta property=\"article:modified_time\" content=\"2010-02-19T14:45:06+00:00\" \/>\n<meta property=\"og:image\" content=\"http:\/\/www.bellunopress.it\/wp-content\/uploads\/2009\/08\/mariano-mandolesi-carlo1.jpg\" \/>\n<meta name=\"author\" content=\"redazione\" \/>\n<meta name=\"twitter:card\" content=\"summary_large_image\" \/>\n<meta name=\"twitter:creator\" content=\"@bellunopress\" \/>\n<meta name=\"twitter:site\" content=\"@bellunopress\" \/>\n<meta name=\"twitter:label1\" content=\"Written by\" \/>\n\t<meta name=\"twitter:data1\" content=\"redazione\" \/>\n\t<meta name=\"twitter:label2\" content=\"Est. reading time\" \/>\n\t<meta name=\"twitter:data2\" content=\"7 minutes\" \/>\n<script type=\"application\/ld+json\" class=\"yoast-schema-graph\">{\"@context\":\"https:\\\/\\\/schema.org\",\"@graph\":[{\"@type\":\"Article\",\"@id\":\"https:\\\/\\\/www.bellunopress.it\\\/2009\\\/08\\\/13\\\/la-beffa-di-baldenich-i%e2%80%9d-il-16-giugno-1944-dodici-partigiani-neutralizzano-le-guardie-e-liberano-70-prigionieri\\\/#article\",\"isPartOf\":{\"@id\":\"https:\\\/\\\/www.bellunopress.it\\\/2009\\\/08\\\/13\\\/la-beffa-di-baldenich-i%e2%80%9d-il-16-giugno-1944-dodici-partigiani-neutralizzano-le-guardie-e-liberano-70-prigionieri\\\/\"},\"author\":{\"name\":\"redazione\",\"@id\":\"https:\\\/\\\/www.bellunopress.it\\\/#\\\/schema\\\/person\\\/79bb06722b37ece1c03d3e94beb30d73\"},\"headline\":\"&#8220;La beffa di Baldenich I\u201d: Il 16 giugno 1944 dodici partigiani neutralizzano le guardie e liberano 70 prigionieri.\",\"datePublished\":\"2009-08-13T19:52:31+00:00\",\"dateModified\":\"2010-02-19T14:45:06+00:00\",\"mainEntityOfPage\":{\"@id\":\"https:\\\/\\\/www.bellunopress.it\\\/2009\\\/08\\\/13\\\/la-beffa-di-baldenich-i%e2%80%9d-il-16-giugno-1944-dodici-partigiani-neutralizzano-le-guardie-e-liberano-70-prigionieri\\\/\"},\"wordCount\":1430,\"publisher\":{\"@id\":\"https:\\\/\\\/www.bellunopress.it\\\/#organization\"},\"image\":{\"@id\":\"https:\\\/\\\/www.bellunopress.it\\\/2009\\\/08\\\/13\\\/la-beffa-di-baldenich-i%e2%80%9d-il-16-giugno-1944-dodici-partigiani-neutralizzano-le-guardie-e-liberano-70-prigionieri\\\/#primaryimage\"},\"thumbnailUrl\":\"http:\\\/\\\/www.bellunopress.it\\\/wp-content\\\/uploads\\\/2009\\\/08\\\/mariano-mandolesi-carlo1.jpg\",\"keywords\":[\"carcere belluno\",\"mariano mandolesi\",\"operazione baldenich\",\"partigiani\"],\"articleSection\":[\"Gli speciali di Bellunopress\",\"Prima Pagina\"],\"inLanguage\":\"fr-FR\"},{\"@type\":\"WebPage\",\"@id\":\"https:\\\/\\\/www.bellunopress.it\\\/2009\\\/08\\\/13\\\/la-beffa-di-baldenich-i%e2%80%9d-il-16-giugno-1944-dodici-partigiani-neutralizzano-le-guardie-e-liberano-70-prigionieri\\\/\",\"url\":\"https:\\\/\\\/www.bellunopress.it\\\/2009\\\/08\\\/13\\\/la-beffa-di-baldenich-i%e2%80%9d-il-16-giugno-1944-dodici-partigiani-neutralizzano-le-guardie-e-liberano-70-prigionieri\\\/\",\"name\":\"\\\"La beffa di Baldenich I\u201d: Il 16 giugno 1944 dodici partigiani neutralizzano le guardie e liberano 70 prigionieri. - Bellunopress - Dolomiti\",\"isPartOf\":{\"@id\":\"https:\\\/\\\/www.bellunopress.it\\\/#website\"},\"primaryImageOfPage\":{\"@id\":\"https:\\\/\\\/www.bellunopress.it\\\/2009\\\/08\\\/13\\\/la-beffa-di-baldenich-i%e2%80%9d-il-16-giugno-1944-dodici-partigiani-neutralizzano-le-guardie-e-liberano-70-prigionieri\\\/#primaryimage\"},\"image\":{\"@id\":\"https:\\\/\\\/www.bellunopress.it\\\/2009\\\/08\\\/13\\\/la-beffa-di-baldenich-i%e2%80%9d-il-16-giugno-1944-dodici-partigiani-neutralizzano-le-guardie-e-liberano-70-prigionieri\\\/#primaryimage\"},\"thumbnailUrl\":\"http:\\\/\\\/www.bellunopress.it\\\/wp-content\\\/uploads\\\/2009\\\/08\\\/mariano-mandolesi-carlo1.jpg\",\"datePublished\":\"2009-08-13T19:52:31+00:00\",\"dateModified\":\"2010-02-19T14:45:06+00:00\",\"breadcrumb\":{\"@id\":\"https:\\\/\\\/www.bellunopress.it\\\/2009\\\/08\\\/13\\\/la-beffa-di-baldenich-i%e2%80%9d-il-16-giugno-1944-dodici-partigiani-neutralizzano-le-guardie-e-liberano-70-prigionieri\\\/#breadcrumb\"},\"inLanguage\":\"fr-FR\",\"potentialAction\":[{\"@type\":\"ReadAction\",\"target\":[\"https:\\\/\\\/www.bellunopress.it\\\/2009\\\/08\\\/13\\\/la-beffa-di-baldenich-i%e2%80%9d-il-16-giugno-1944-dodici-partigiani-neutralizzano-le-guardie-e-liberano-70-prigionieri\\\/\"]}]},{\"@type\":\"ImageObject\",\"inLanguage\":\"fr-FR\",\"@id\":\"https:\\\/\\\/www.bellunopress.it\\\/2009\\\/08\\\/13\\\/la-beffa-di-baldenich-i%e2%80%9d-il-16-giugno-1944-dodici-partigiani-neutralizzano-le-guardie-e-liberano-70-prigionieri\\\/#primaryimage\",\"url\":\"http:\\\/\\\/www.bellunopress.it\\\/wp-content\\\/uploads\\\/2009\\\/08\\\/mariano-mandolesi-carlo1.jpg\",\"contentUrl\":\"http:\\\/\\\/www.bellunopress.it\\\/wp-content\\\/uploads\\\/2009\\\/08\\\/mariano-mandolesi-carlo1.jpg\"},{\"@type\":\"BreadcrumbList\",\"@id\":\"https:\\\/\\\/www.bellunopress.it\\\/2009\\\/08\\\/13\\\/la-beffa-di-baldenich-i%e2%80%9d-il-16-giugno-1944-dodici-partigiani-neutralizzano-le-guardie-e-liberano-70-prigionieri\\\/#breadcrumb\",\"itemListElement\":[{\"@type\":\"ListItem\",\"position\":1,\"name\":\"Home\",\"item\":\"https:\\\/\\\/www.bellunopress.it\\\/\"},{\"@type\":\"ListItem\",\"position\":2,\"name\":\"&#8220;La beffa di Baldenich I\u201d: Il 16 giugno 1944 dodici partigiani neutralizzano le guardie e liberano 70 prigionieri.\"}]},{\"@type\":\"WebSite\",\"@id\":\"https:\\\/\\\/www.bellunopress.it\\\/#website\",\"url\":\"https:\\\/\\\/www.bellunopress.it\\\/\",\"name\":\"Bellunopress - Dolomiti\",\"description\":\"e-mail: redazione@bellunopress.it\",\"publisher\":{\"@id\":\"https:\\\/\\\/www.bellunopress.it\\\/#organization\"},\"potentialAction\":[{\"@type\":\"SearchAction\",\"target\":{\"@type\":\"EntryPoint\",\"urlTemplate\":\"https:\\\/\\\/www.bellunopress.it\\\/?s={search_term_string}\"},\"query-input\":{\"@type\":\"PropertyValueSpecification\",\"valueRequired\":true,\"valueName\":\"search_term_string\"}}],\"inLanguage\":\"fr-FR\"},{\"@type\":\"Organization\",\"@id\":\"https:\\\/\\\/www.bellunopress.it\\\/#organization\",\"name\":\"Bellunopress\",\"url\":\"https:\\\/\\\/www.bellunopress.it\\\/\",\"logo\":{\"@type\":\"ImageObject\",\"inLanguage\":\"fr-FR\",\"@id\":\"https:\\\/\\\/www.bellunopress.it\\\/#\\\/schema\\\/logo\\\/image\\\/\",\"url\":\"https:\\\/\\\/www.bellunopress.it\\\/wp-content\\\/uploads\\\/2011\\\/05\\\/cropped-logo-bellunopress-.jpg\",\"contentUrl\":\"https:\\\/\\\/www.bellunopress.it\\\/wp-content\\\/uploads\\\/2011\\\/05\\\/cropped-logo-bellunopress-.jpg\",\"width\":512,\"height\":512,\"caption\":\"Bellunopress\"},\"image\":{\"@id\":\"https:\\\/\\\/www.bellunopress.it\\\/#\\\/schema\\\/logo\\\/image\\\/\"},\"sameAs\":[\"https:\\\/\\\/www.facebook.com\\\/profile.php?id=100008943462799\",\"https:\\\/\\\/x.com\\\/bellunopress\",\"https:\\\/\\\/www.linkedin.com\\\/hp\\\/?dnr=JBzUWaJfMUw8vbXJJ2tVW5-I3jZKvC4wsoxE&amp;amp;amp;amp;amp;amp;trk=nav_responsive_tab_home\",\"https:\\\/\\\/www.youtube.com\\\/channel\\\/UCxL0wu1uN0_3_7hGG0306cw\"]},{\"@type\":\"Person\",\"@id\":\"https:\\\/\\\/www.bellunopress.it\\\/#\\\/schema\\\/person\\\/79bb06722b37ece1c03d3e94beb30d73\",\"name\":\"redazione\",\"image\":{\"@type\":\"ImageObject\",\"inLanguage\":\"fr-FR\",\"@id\":\"https:\\\/\\\/secure.gravatar.com\\\/avatar\\\/37d968a2e67a6fd04c169c4bdef102d0bc5d31b2546345219e348575eb80e9a0?s=96&d=mm&r=g\",\"url\":\"https:\\\/\\\/secure.gravatar.com\\\/avatar\\\/37d968a2e67a6fd04c169c4bdef102d0bc5d31b2546345219e348575eb80e9a0?s=96&d=mm&r=g\",\"contentUrl\":\"https:\\\/\\\/secure.gravatar.com\\\/avatar\\\/37d968a2e67a6fd04c169c4bdef102d0bc5d31b2546345219e348575eb80e9a0?s=96&d=mm&r=g\",\"caption\":\"redazione\"},\"sameAs\":[\"http:\\\/\\\/www.bellunopress.it\",\"https:\\\/\\\/x.com\\\/bellunopress\"],\"url\":\"https:\\\/\\\/www.bellunopress.it\\\/fr\\\/author\\\/redazione\\\/\"}]}<\/script>\n<!-- \/ Yoast SEO plugin. -->","yoast_head_json":{"title":"\"La beffa di Baldenich I\u201d: Il 16 giugno 1944 dodici partigiani neutralizzano le guardie e liberano 70 prigionieri. - Bellunopress - Dolomiti","robots":{"index":"index","follow":"follow","max-snippet":"max-snippet:-1","max-image-preview":"max-image-preview:large","max-video-preview":"max-video-preview:-1"},"canonical":"https:\/\/www.bellunopress.it\/fr\/2009\/08\/13\/la-beffa-di-baldenich-i\u201d-il-16-giugno-1944-dodici-partigiani-neutralizzano-le-guardie-e-liberano-70-prigionieri\/","og_locale":"fr_FR","og_type":"article","og_title":"\"La beffa di Baldenich I\u201d: Il 16 giugno 1944 dodici partigiani neutralizzano le guardie e liberano 70 prigionieri. - Bellunopress - Dolomiti","og_description":"L\u2019Operazione Baldenich, nota anche come Beffa di Baldenich, \u00e8 il blitz portato a termine con successo da 12 partigiani nel giugno del \u201944. Travestiti da soldati tedeschi entrano nel carcere e liberano 70 prigionieri politici senza sparare un colpo. I dettagli dell\u2019operazione sono stati raccontati da uno dei protagonisti, \u201cCarlo\u201d il Comandante della Piazza di [&hellip;]","og_url":"https:\/\/www.bellunopress.it\/fr\/2009\/08\/13\/la-beffa-di-baldenich-i\u201d-il-16-giugno-1944-dodici-partigiani-neutralizzano-le-guardie-e-liberano-70-prigionieri\/","og_site_name":"Bellunopress - Dolomiti","article_publisher":"https:\/\/www.facebook.com\/profile.php?id=100008943462799","article_published_time":"2009-08-13T19:52:31+00:00","article_modified_time":"2010-02-19T14:45:06+00:00","og_image":[{"url":"http:\/\/www.bellunopress.it\/wp-content\/uploads\/2009\/08\/mariano-mandolesi-carlo1.jpg","type":"","width":"","height":""}],"author":"redazione","twitter_card":"summary_large_image","twitter_creator":"@bellunopress","twitter_site":"@bellunopress","twitter_misc":{"Written by":"redazione","Est. reading time":"7 minutes"},"schema":{"@context":"https:\/\/schema.org","@graph":[{"@type":"Article","@id":"https:\/\/www.bellunopress.it\/2009\/08\/13\/la-beffa-di-baldenich-i%e2%80%9d-il-16-giugno-1944-dodici-partigiani-neutralizzano-le-guardie-e-liberano-70-prigionieri\/#article","isPartOf":{"@id":"https:\/\/www.bellunopress.it\/2009\/08\/13\/la-beffa-di-baldenich-i%e2%80%9d-il-16-giugno-1944-dodici-partigiani-neutralizzano-le-guardie-e-liberano-70-prigionieri\/"},"author":{"name":"redazione","@id":"https:\/\/www.bellunopress.it\/#\/schema\/person\/79bb06722b37ece1c03d3e94beb30d73"},"headline":"&#8220;La beffa di Baldenich I\u201d: Il 16 giugno 1944 dodici partigiani neutralizzano le guardie e liberano 70 prigionieri.","datePublished":"2009-08-13T19:52:31+00:00","dateModified":"2010-02-19T14:45:06+00:00","mainEntityOfPage":{"@id":"https:\/\/www.bellunopress.it\/2009\/08\/13\/la-beffa-di-baldenich-i%e2%80%9d-il-16-giugno-1944-dodici-partigiani-neutralizzano-le-guardie-e-liberano-70-prigionieri\/"},"wordCount":1430,"publisher":{"@id":"https:\/\/www.bellunopress.it\/#organization"},"image":{"@id":"https:\/\/www.bellunopress.it\/2009\/08\/13\/la-beffa-di-baldenich-i%e2%80%9d-il-16-giugno-1944-dodici-partigiani-neutralizzano-le-guardie-e-liberano-70-prigionieri\/#primaryimage"},"thumbnailUrl":"http:\/\/www.bellunopress.it\/wp-content\/uploads\/2009\/08\/mariano-mandolesi-carlo1.jpg","keywords":["carcere belluno","mariano mandolesi","operazione baldenich","partigiani"],"articleSection":["Gli speciali di Bellunopress","Prima Pagina"],"inLanguage":"fr-FR"},{"@type":"WebPage","@id":"https:\/\/www.bellunopress.it\/2009\/08\/13\/la-beffa-di-baldenich-i%e2%80%9d-il-16-giugno-1944-dodici-partigiani-neutralizzano-le-guardie-e-liberano-70-prigionieri\/","url":"https:\/\/www.bellunopress.it\/2009\/08\/13\/la-beffa-di-baldenich-i%e2%80%9d-il-16-giugno-1944-dodici-partigiani-neutralizzano-le-guardie-e-liberano-70-prigionieri\/","name":"\"La beffa di Baldenich I\u201d: Il 16 giugno 1944 dodici partigiani neutralizzano le guardie e liberano 70 prigionieri. - Bellunopress - Dolomiti","isPartOf":{"@id":"https:\/\/www.bellunopress.it\/#website"},"primaryImageOfPage":{"@id":"https:\/\/www.bellunopress.it\/2009\/08\/13\/la-beffa-di-baldenich-i%e2%80%9d-il-16-giugno-1944-dodici-partigiani-neutralizzano-le-guardie-e-liberano-70-prigionieri\/#primaryimage"},"image":{"@id":"https:\/\/www.bellunopress.it\/2009\/08\/13\/la-beffa-di-baldenich-i%e2%80%9d-il-16-giugno-1944-dodici-partigiani-neutralizzano-le-guardie-e-liberano-70-prigionieri\/#primaryimage"},"thumbnailUrl":"http:\/\/www.bellunopress.it\/wp-content\/uploads\/2009\/08\/mariano-mandolesi-carlo1.jpg","datePublished":"2009-08-13T19:52:31+00:00","dateModified":"2010-02-19T14:45:06+00:00","breadcrumb":{"@id":"https:\/\/www.bellunopress.it\/2009\/08\/13\/la-beffa-di-baldenich-i%e2%80%9d-il-16-giugno-1944-dodici-partigiani-neutralizzano-le-guardie-e-liberano-70-prigionieri\/#breadcrumb"},"inLanguage":"fr-FR","potentialAction":[{"@type":"ReadAction","target":["https:\/\/www.bellunopress.it\/2009\/08\/13\/la-beffa-di-baldenich-i%e2%80%9d-il-16-giugno-1944-dodici-partigiani-neutralizzano-le-guardie-e-liberano-70-prigionieri\/"]}]},{"@type":"ImageObject","inLanguage":"fr-FR","@id":"https:\/\/www.bellunopress.it\/2009\/08\/13\/la-beffa-di-baldenich-i%e2%80%9d-il-16-giugno-1944-dodici-partigiani-neutralizzano-le-guardie-e-liberano-70-prigionieri\/#primaryimage","url":"http:\/\/www.bellunopress.it\/wp-content\/uploads\/2009\/08\/mariano-mandolesi-carlo1.jpg","contentUrl":"http:\/\/www.bellunopress.it\/wp-content\/uploads\/2009\/08\/mariano-mandolesi-carlo1.jpg"},{"@type":"BreadcrumbList","@id":"https:\/\/www.bellunopress.it\/2009\/08\/13\/la-beffa-di-baldenich-i%e2%80%9d-il-16-giugno-1944-dodici-partigiani-neutralizzano-le-guardie-e-liberano-70-prigionieri\/#breadcrumb","itemListElement":[{"@type":"ListItem","position":1,"name":"Home","item":"https:\/\/www.bellunopress.it\/"},{"@type":"ListItem","position":2,"name":"&#8220;La beffa di Baldenich I\u201d: Il 16 giugno 1944 dodici partigiani neutralizzano le guardie e liberano 70 prigionieri."}]},{"@type":"WebSite","@id":"https:\/\/www.bellunopress.it\/#website","url":"https:\/\/www.bellunopress.it\/","name":"Bellunopress - Dolomiti","description":"e-mail: redazione@bellunopress.it","publisher":{"@id":"https:\/\/www.bellunopress.it\/#organization"},"potentialAction":[{"@type":"SearchAction","target":{"@type":"EntryPoint","urlTemplate":"https:\/\/www.bellunopress.it\/?s={search_term_string}"},"query-input":{"@type":"PropertyValueSpecification","valueRequired":true,"valueName":"search_term_string"}}],"inLanguage":"fr-FR"},{"@type":"Organization","@id":"https:\/\/www.bellunopress.it\/#organization","name":"Bellunopress","url":"https:\/\/www.bellunopress.it\/","logo":{"@type":"ImageObject","inLanguage":"fr-FR","@id":"https:\/\/www.bellunopress.it\/#\/schema\/logo\/image\/","url":"https:\/\/www.bellunopress.it\/wp-content\/uploads\/2011\/05\/cropped-logo-bellunopress-.jpg","contentUrl":"https:\/\/www.bellunopress.it\/wp-content\/uploads\/2011\/05\/cropped-logo-bellunopress-.jpg","width":512,"height":512,"caption":"Bellunopress"},"image":{"@id":"https:\/\/www.bellunopress.it\/#\/schema\/logo\/image\/"},"sameAs":["https:\/\/www.facebook.com\/profile.php?id=100008943462799","https:\/\/x.com\/bellunopress","https:\/\/www.linkedin.com\/hp\/?dnr=JBzUWaJfMUw8vbXJJ2tVW5-I3jZKvC4wsoxE&amp;amp;amp;amp;amp;amp;trk=nav_responsive_tab_home","https:\/\/www.youtube.com\/channel\/UCxL0wu1uN0_3_7hGG0306cw"]},{"@type":"Person","@id":"https:\/\/www.bellunopress.it\/#\/schema\/person\/79bb06722b37ece1c03d3e94beb30d73","name":"r\u00e9daction","image":{"@type":"ImageObject","inLanguage":"fr-FR","@id":"https:\/\/secure.gravatar.com\/avatar\/37d968a2e67a6fd04c169c4bdef102d0bc5d31b2546345219e348575eb80e9a0?s=96&d=mm&r=g","url":"https:\/\/secure.gravatar.com\/avatar\/37d968a2e67a6fd04c169c4bdef102d0bc5d31b2546345219e348575eb80e9a0?s=96&d=mm&r=g","contentUrl":"https:\/\/secure.gravatar.com\/avatar\/37d968a2e67a6fd04c169c4bdef102d0bc5d31b2546345219e348575eb80e9a0?s=96&d=mm&r=g","caption":"redazione"},"sameAs":["http:\/\/www.bellunopress.it","https:\/\/x.com\/bellunopress"],"url":"https:\/\/www.bellunopress.it\/fr\/author\/redazione\/"}]}},"_links":{"self":[{"href":"https:\/\/www.bellunopress.it\/fr\/wp-json\/wp\/v2\/posts\/6998","targetHints":{"allow":["GET"]}}],"collection":[{"href":"https:\/\/www.bellunopress.it\/fr\/wp-json\/wp\/v2\/posts"}],"about":[{"href":"https:\/\/www.bellunopress.it\/fr\/wp-json\/wp\/v2\/types\/post"}],"author":[{"embeddable":true,"href":"https:\/\/www.bellunopress.it\/fr\/wp-json\/wp\/v2\/users\/2"}],"replies":[{"embeddable":true,"href":"https:\/\/www.bellunopress.it\/fr\/wp-json\/wp\/v2\/comments?post=6998"}],"version-history":[{"count":3,"href":"https:\/\/www.bellunopress.it\/fr\/wp-json\/wp\/v2\/posts\/6998\/revisions"}],"predecessor-version":[{"id":12708,"href":"https:\/\/www.bellunopress.it\/fr\/wp-json\/wp\/v2\/posts\/6998\/revisions\/12708"}],"wp:attachment":[{"href":"https:\/\/www.bellunopress.it\/fr\/wp-json\/wp\/v2\/media?parent=6998"}],"wp:term":[{"taxonomy":"category","embeddable":true,"href":"https:\/\/www.bellunopress.it\/fr\/wp-json\/wp\/v2\/categories?post=6998"},{"taxonomy":"post_tag","embeddable":true,"href":"https:\/\/www.bellunopress.it\/fr\/wp-json\/wp\/v2\/tags?post=6998"}],"curies":[{"name":"wp","href":"https:\/\/api.w.org\/{rel}","templated":true}]}}