{"id":6988,"date":"2009-08-13T19:44:18","date_gmt":"2009-08-13T18:44:18","guid":{"rendered":"http:\/\/www.bellunopress.it\/?p=6988"},"modified":"2009-08-13T19:44:18","modified_gmt":"2009-08-13T18:44:18","slug":"domenica-la-15a-edizione-del-giro-del-lago-di-santa-croce","status":"publish","type":"post","link":"https:\/\/www.bellunopress.it\/fr\/2009\/08\/13\/domenica-la-15a-edizione-del-giro-del-lago-di-santa-croce\/","title":{"rendered":"Domenica la 15a edizione del Giro del Lago di Santa Croce"},"content":{"rendered":"<p>\u201cL\u2019obiettivo, se il tempo ci assister\u00e0, \u00e8 di raggiungere e magari superare quota 3500 partecipanti\u201d. Questo \u00e8 l\u2019auspicio espresso da Vittorio Mares, presidente del \u201cComitato Alpago 2ruote&amp;solidariet\u00e0\u201d, per la quindicesima edizione del Giro del Lago di Santa Croce. La pedalata cicloturistica, aperta a tutti, \u00e8 in programma per le ore 10.00 di domenica 16 agosto 2009. Partenza e arrivo a Puos d\u2019Alpago, dopo aver toccato le localit\u00e0 di Farra, Poiatte, Santa Croce, La Secca e Bastia, per complessivi 17,4 km. \u201cE\u2019 un felice connubio tra sport e solidariet\u00e0 \u2013 ricorda Mares &#8211; capace di far pedalare i cuori prima ancora delle gambe. Una festa su due ruote ove non c\u2019\u00e8 un vincitore assoluto, ma dove vincitori sono tutti coloro che\u00a0 partecipano, nella consapevolezza di correre con fierezza e gioia contro il cancro, male che pi\u00f9 di ogni altro toglie la dignit\u00e0 e la speranza all\u2019uomo\u201d. Va, infatti, ricordato come la quota di iscrizione di 5 Euro sar\u00e0 interamente devoluta all\u2019associazione pordenonese \u201cVia di Natale\u201d; soldi che andranno ad alimentare il\u00a0 Fondo di Gestione della Casa \u201cVia di Natale\u201d, struttura nata per dare assistenza ai malati terminali oncologici dell\u2019\u201dHospice via di Natale\u201d e ospitalit\u00e0 gratuita ai familiari dei malati ricoverati presso il Centro di Riferimento Oncologico di Aviano (PN), ma anche ai pazienti oncologici in terapia ambulatoriale. Al via, tra gli altri, i campioni della Nazionale Italiana Calcio Olimpionici: Vincenzo Maenza, pluricampione olimpico di lotta greco-romana, Loris Stecca, campione del mondo di pugilato, Claudio Desolati, Alberto Malusci, Marco Gori e Lorenzo Amoroso, calciatori gi\u00e0 in forza a diverse formazioni di serie A. Nelle ultime ore si \u00e8 aggiunta anche Giovanna Troldi, gi\u00e0 campionessa del mondo di pattinaggio a rotelle e pluricampionessa italiana di ciclismo su strada e pista. Sicuri protagonisti anche i monociclisti, i funamboli su una ruota solo, che non mancheranno di incuriosire i partecipanti al Giro del Lago.<br \/>\nA loro, come a tutti i partecipanti, sar\u00e0 donata la tradizionale maglietta della manifestazione, griffata dall\u2019artista veneziana Renata Carraro.<br \/>\nL\u2019edizione 2009 si muove tra novit\u00e0 e gradite riconferme. Per celebrare i 15 anni di attivit\u00e0, grazie alla preziosa collaborazione del Circolo Filatelico e Numismatico di Belluno, \u00e8 stata stampata una apposita cartolina celebrativa e preparato un annullo speciale per il giorno della manifestazione. A garantire l\u2019ordine pubblico e la sicurezza, oltre alle forze dell\u2019ordine e ai volontari, torneranno gli uomini dell\u2019Associazione Nazionale Carabinieri in Congedo, da anni impegnati in un analogo servizio al Giro d\u2019Italia di ciclismo; la sicurezza del tracciato passa anche attraverso la chiusura al traffico di mezza carreggiata nel senso di marcia dei partecipanti; saranno presenti, ad aprire e chiudere la manifestazione, una trentina di auto e moto storiche del Club Serenissima di Conegliano; un particolare saluto ai partecipanti al Giro lo porter\u00e0 invece l\u2019alpagoto Gianangelo Dal Borgo: ai comandi del suo aereo Corvo Bianco effettuer\u00e0 un paio di passaggi a bassa quota sopra l\u2019abitato di Puos d\u2019Alpago; per chi desidera fermarsi a pranzo, tra le diverse opzioni possibili, va segnalato come sia stato studiato un men\u00f9 completo, grazie alla disponibilit\u00e0 del Rugby Alpago. Maggiori informazioni sulla manifestazione possono essere reperite contattando lo 0437.49277 o visitando il sito <a href=\"http:\/\/www.2ruotealpago.it\">www.2ruotealpago.it<\/a>. Si ricorda che le iscrizioni possono essere perfezionate presso la sede del Comitato, in piazza Papa Luciani a Puos d\u2019Alpago, sino a 15 minuti prima della partenza.<\/p>","protected":false},"excerpt":{"rendered":"<p>\u201cL\u2019obiettivo, se il tempo ci assister\u00e0, \u00e8 di raggiungere e magari superare quota 3500 partecipanti\u201d. Questo \u00e8 l\u2019auspicio espresso da Vittorio Mares, presidente del \u201cComitato Alpago 2ruote&amp;solidariet\u00e0\u201d, per la quindicesima edizione del Giro del Lago di Santa Croce. La pedalata cicloturistica, aperta a tutti, \u00e8 in programma per le ore 10.00 di domenica 16 agosto [&hellip;]<\/p>\n","protected":false},"author":2,"featured_media":0,"comment_status":"closed","ping_status":"open","sticky":false,"template":"","format":"standard","meta":{"footnotes":""},"categories":[25,4],"tags":[139],"class_list":["post-6988","post","type-post","status-publish","format-standard","category-pausa-caffe","category-sport","tag-belluno"],"yoast_head":"<!-- This site is optimized with the Yoast SEO plugin v28.4 - https:\/\/yoast.com\/product\/yoast-seo-wordpress\/ -->\n<title>Domenica la 15a edizione del Giro del Lago di Santa Croce - Bellunopress - Dolomiti<\/title>\n<meta name=\"robots\" content=\"index, follow, max-snippet:-1, max-image-preview:large, max-video-preview:-1\" \/>\n<link rel=\"canonical\" href=\"https:\/\/www.bellunopress.it\/fr\/2009\/08\/13\/domenica-la-15a-edizione-del-giro-del-lago-di-santa-croce\/\" \/>\n<meta property=\"og:locale\" content=\"fr_FR\" \/>\n<meta property=\"og:type\" content=\"article\" \/>\n<meta property=\"og:title\" content=\"Domenica la 15a edizione del Giro del Lago di Santa Croce - Bellunopress - Dolomiti\" \/>\n<meta property=\"og:description\" content=\"\u201cL\u2019obiettivo, se il tempo ci assister\u00e0, \u00e8 di raggiungere e magari superare quota 3500 partecipanti\u201d. Questo \u00e8 l\u2019auspicio espresso da Vittorio Mares, presidente del \u201cComitato Alpago 2ruote&amp;solidariet\u00e0\u201d, per la quindicesima edizione del Giro del Lago di Santa Croce. La pedalata cicloturistica, aperta a tutti, \u00e8 in programma per le ore 10.00 di domenica 16 agosto [&hellip;]\" \/>\n<meta property=\"og:url\" content=\"https:\/\/www.bellunopress.it\/fr\/2009\/08\/13\/domenica-la-15a-edizione-del-giro-del-lago-di-santa-croce\/\" \/>\n<meta property=\"og:site_name\" content=\"Bellunopress - Dolomiti\" \/>\n<meta property=\"article:publisher\" content=\"https:\/\/www.facebook.com\/profile.php?id=100008943462799\" \/>\n<meta property=\"article:published_time\" content=\"2009-08-13T18:44:18+00:00\" \/>\n<meta property=\"og:image\" content=\"http:\/\/www.bellunopress.it\/wp-content\/uploads\/2012\/07\/logo-bellunopress-250x250-2012.jpg\" \/>\n<meta name=\"author\" content=\"redazione\" \/>\n<meta name=\"twitter:card\" content=\"summary_large_image\" \/>\n<meta name=\"twitter:creator\" content=\"@bellunopress\" \/>\n<meta name=\"twitter:site\" content=\"@bellunopress\" \/>\n<meta name=\"twitter:label1\" content=\"Written by\" \/>\n\t<meta name=\"twitter:data1\" content=\"redazione\" \/>\n\t<meta name=\"twitter:label2\" content=\"Est. reading time\" \/>\n\t<meta name=\"twitter:data2\" content=\"3 minutes\" \/>\n<script type=\"application\/ld+json\" class=\"yoast-schema-graph\">{\"@context\":\"https:\\\/\\\/schema.org\",\"@graph\":[{\"@type\":\"Article\",\"@id\":\"https:\\\/\\\/www.bellunopress.it\\\/2009\\\/08\\\/13\\\/domenica-la-15a-edizione-del-giro-del-lago-di-santa-croce\\\/#article\",\"isPartOf\":{\"@id\":\"https:\\\/\\\/www.bellunopress.it\\\/2009\\\/08\\\/13\\\/domenica-la-15a-edizione-del-giro-del-lago-di-santa-croce\\\/\"},\"author\":{\"name\":\"redazione\",\"@id\":\"https:\\\/\\\/www.bellunopress.it\\\/#\\\/schema\\\/person\\\/79bb06722b37ece1c03d3e94beb30d73\"},\"headline\":\"Domenica la 15a edizione del Giro del Lago di Santa Croce\",\"datePublished\":\"2009-08-13T18:44:18+00:00\",\"mainEntityOfPage\":{\"@id\":\"https:\\\/\\\/www.bellunopress.it\\\/2009\\\/08\\\/13\\\/domenica-la-15a-edizione-del-giro-del-lago-di-santa-croce\\\/\"},\"wordCount\":563,\"publisher\":{\"@id\":\"https:\\\/\\\/www.bellunopress.it\\\/#organization\"},\"keywords\":[\"Belluno\"],\"articleSection\":[\"Pausa Caff\u00e8\",\"Sport, tempo libero\"],\"inLanguage\":\"fr-FR\"},{\"@type\":\"WebPage\",\"@id\":\"https:\\\/\\\/www.bellunopress.it\\\/2009\\\/08\\\/13\\\/domenica-la-15a-edizione-del-giro-del-lago-di-santa-croce\\\/\",\"url\":\"https:\\\/\\\/www.bellunopress.it\\\/2009\\\/08\\\/13\\\/domenica-la-15a-edizione-del-giro-del-lago-di-santa-croce\\\/\",\"name\":\"Domenica la 15a edizione del Giro del Lago di Santa Croce - Bellunopress - Dolomiti\",\"isPartOf\":{\"@id\":\"https:\\\/\\\/www.bellunopress.it\\\/#website\"},\"datePublished\":\"2009-08-13T18:44:18+00:00\",\"breadcrumb\":{\"@id\":\"https:\\\/\\\/www.bellunopress.it\\\/2009\\\/08\\\/13\\\/domenica-la-15a-edizione-del-giro-del-lago-di-santa-croce\\\/#breadcrumb\"},\"inLanguage\":\"fr-FR\",\"potentialAction\":[{\"@type\":\"ReadAction\",\"target\":[\"https:\\\/\\\/www.bellunopress.it\\\/2009\\\/08\\\/13\\\/domenica-la-15a-edizione-del-giro-del-lago-di-santa-croce\\\/\"]}]},{\"@type\":\"BreadcrumbList\",\"@id\":\"https:\\\/\\\/www.bellunopress.it\\\/2009\\\/08\\\/13\\\/domenica-la-15a-edizione-del-giro-del-lago-di-santa-croce\\\/#breadcrumb\",\"itemListElement\":[{\"@type\":\"ListItem\",\"position\":1,\"name\":\"Home\",\"item\":\"https:\\\/\\\/www.bellunopress.it\\\/\"},{\"@type\":\"ListItem\",\"position\":2,\"name\":\"Domenica la 15a edizione del Giro del Lago di Santa Croce\"}]},{\"@type\":\"WebSite\",\"@id\":\"https:\\\/\\\/www.bellunopress.it\\\/#website\",\"url\":\"https:\\\/\\\/www.bellunopress.it\\\/\",\"name\":\"Bellunopress - Dolomiti\",\"description\":\"e-mail: redazione@bellunopress.it\",\"publisher\":{\"@id\":\"https:\\\/\\\/www.bellunopress.it\\\/#organization\"},\"potentialAction\":[{\"@type\":\"SearchAction\",\"target\":{\"@type\":\"EntryPoint\",\"urlTemplate\":\"https:\\\/\\\/www.bellunopress.it\\\/?s={search_term_string}\"},\"query-input\":{\"@type\":\"PropertyValueSpecification\",\"valueRequired\":true,\"valueName\":\"search_term_string\"}}],\"inLanguage\":\"fr-FR\"},{\"@type\":\"Organization\",\"@id\":\"https:\\\/\\\/www.bellunopress.it\\\/#organization\",\"name\":\"Bellunopress\",\"url\":\"https:\\\/\\\/www.bellunopress.it\\\/\",\"logo\":{\"@type\":\"ImageObject\",\"inLanguage\":\"fr-FR\",\"@id\":\"https:\\\/\\\/www.bellunopress.it\\\/#\\\/schema\\\/logo\\\/image\\\/\",\"url\":\"https:\\\/\\\/www.bellunopress.it\\\/wp-content\\\/uploads\\\/2011\\\/05\\\/cropped-logo-bellunopress-.jpg\",\"contentUrl\":\"https:\\\/\\\/www.bellunopress.it\\\/wp-content\\\/uploads\\\/2011\\\/05\\\/cropped-logo-bellunopress-.jpg\",\"width\":512,\"height\":512,\"caption\":\"Bellunopress\"},\"image\":{\"@id\":\"https:\\\/\\\/www.bellunopress.it\\\/#\\\/schema\\\/logo\\\/image\\\/\"},\"sameAs\":[\"https:\\\/\\\/www.facebook.com\\\/profile.php?id=100008943462799\",\"https:\\\/\\\/x.com\\\/bellunopress\",\"https:\\\/\\\/www.linkedin.com\\\/hp\\\/?dnr=JBzUWaJfMUw8vbXJJ2tVW5-I3jZKvC4wsoxE&amp;amp;amp;amp;amp;amp;trk=nav_responsive_tab_home\",\"https:\\\/\\\/www.youtube.com\\\/channel\\\/UCxL0wu1uN0_3_7hGG0306cw\"]},{\"@type\":\"Person\",\"@id\":\"https:\\\/\\\/www.bellunopress.it\\\/#\\\/schema\\\/person\\\/79bb06722b37ece1c03d3e94beb30d73\",\"name\":\"redazione\",\"image\":{\"@type\":\"ImageObject\",\"inLanguage\":\"fr-FR\",\"@id\":\"https:\\\/\\\/secure.gravatar.com\\\/avatar\\\/37d968a2e67a6fd04c169c4bdef102d0bc5d31b2546345219e348575eb80e9a0?s=96&d=mm&r=g\",\"url\":\"https:\\\/\\\/secure.gravatar.com\\\/avatar\\\/37d968a2e67a6fd04c169c4bdef102d0bc5d31b2546345219e348575eb80e9a0?s=96&d=mm&r=g\",\"contentUrl\":\"https:\\\/\\\/secure.gravatar.com\\\/avatar\\\/37d968a2e67a6fd04c169c4bdef102d0bc5d31b2546345219e348575eb80e9a0?s=96&d=mm&r=g\",\"caption\":\"redazione\"},\"sameAs\":[\"http:\\\/\\\/www.bellunopress.it\",\"https:\\\/\\\/x.com\\\/bellunopress\"],\"url\":\"https:\\\/\\\/www.bellunopress.it\\\/fr\\\/author\\\/redazione\\\/\"}]}<\/script>\n<!-- \/ Yoast SEO plugin. -->","yoast_head_json":{"title":"Domenica la 15a edizione del Giro del Lago di Santa Croce - Bellunopress - Dolomiti","robots":{"index":"index","follow":"follow","max-snippet":"max-snippet:-1","max-image-preview":"max-image-preview:large","max-video-preview":"max-video-preview:-1"},"canonical":"https:\/\/www.bellunopress.it\/fr\/2009\/08\/13\/domenica-la-15a-edizione-del-giro-del-lago-di-santa-croce\/","og_locale":"fr_FR","og_type":"article","og_title":"Domenica la 15a edizione del Giro del Lago di Santa Croce - Bellunopress - Dolomiti","og_description":"\u201cL\u2019obiettivo, se il tempo ci assister\u00e0, \u00e8 di raggiungere e magari superare quota 3500 partecipanti\u201d. Questo \u00e8 l\u2019auspicio espresso da Vittorio Mares, presidente del \u201cComitato Alpago 2ruote&amp;solidariet\u00e0\u201d, per la quindicesima edizione del Giro del Lago di Santa Croce. La pedalata cicloturistica, aperta a tutti, \u00e8 in programma per le ore 10.00 di domenica 16 agosto [&hellip;]","og_url":"https:\/\/www.bellunopress.it\/fr\/2009\/08\/13\/domenica-la-15a-edizione-del-giro-del-lago-di-santa-croce\/","og_site_name":"Bellunopress - Dolomiti","article_publisher":"https:\/\/www.facebook.com\/profile.php?id=100008943462799","article_published_time":"2009-08-13T18:44:18+00:00","og_image":[{"url":"http:\/\/www.bellunopress.it\/wp-content\/uploads\/2012\/07\/logo-bellunopress-250x250-2012.jpg","type":"","width":"","height":""}],"author":"redazione","twitter_card":"summary_large_image","twitter_creator":"@bellunopress","twitter_site":"@bellunopress","twitter_misc":{"Written by":"redazione","Est. reading time":"3 minutes"},"schema":{"@context":"https:\/\/schema.org","@graph":[{"@type":"Article","@id":"https:\/\/www.bellunopress.it\/2009\/08\/13\/domenica-la-15a-edizione-del-giro-del-lago-di-santa-croce\/#article","isPartOf":{"@id":"https:\/\/www.bellunopress.it\/2009\/08\/13\/domenica-la-15a-edizione-del-giro-del-lago-di-santa-croce\/"},"author":{"name":"redazione","@id":"https:\/\/www.bellunopress.it\/#\/schema\/person\/79bb06722b37ece1c03d3e94beb30d73"},"headline":"Domenica la 15a edizione del Giro del Lago di Santa Croce","datePublished":"2009-08-13T18:44:18+00:00","mainEntityOfPage":{"@id":"https:\/\/www.bellunopress.it\/2009\/08\/13\/domenica-la-15a-edizione-del-giro-del-lago-di-santa-croce\/"},"wordCount":563,"publisher":{"@id":"https:\/\/www.bellunopress.it\/#organization"},"keywords":["Belluno"],"articleSection":["Pausa Caff\u00e8","Sport, tempo libero"],"inLanguage":"fr-FR"},{"@type":"WebPage","@id":"https:\/\/www.bellunopress.it\/2009\/08\/13\/domenica-la-15a-edizione-del-giro-del-lago-di-santa-croce\/","url":"https:\/\/www.bellunopress.it\/2009\/08\/13\/domenica-la-15a-edizione-del-giro-del-lago-di-santa-croce\/","name":"Domenica la 15a edizione del Giro del Lago di Santa Croce - Bellunopress - Dolomiti","isPartOf":{"@id":"https:\/\/www.bellunopress.it\/#website"},"datePublished":"2009-08-13T18:44:18+00:00","breadcrumb":{"@id":"https:\/\/www.bellunopress.it\/2009\/08\/13\/domenica-la-15a-edizione-del-giro-del-lago-di-santa-croce\/#breadcrumb"},"inLanguage":"fr-FR","potentialAction":[{"@type":"ReadAction","target":["https:\/\/www.bellunopress.it\/2009\/08\/13\/domenica-la-15a-edizione-del-giro-del-lago-di-santa-croce\/"]}]},{"@type":"BreadcrumbList","@id":"https:\/\/www.bellunopress.it\/2009\/08\/13\/domenica-la-15a-edizione-del-giro-del-lago-di-santa-croce\/#breadcrumb","itemListElement":[{"@type":"ListItem","position":1,"name":"Home","item":"https:\/\/www.bellunopress.it\/"},{"@type":"ListItem","position":2,"name":"Domenica la 15a edizione del Giro del Lago di Santa Croce"}]},{"@type":"WebSite","@id":"https:\/\/www.bellunopress.it\/#website","url":"https:\/\/www.bellunopress.it\/","name":"Bellunopress - Dolomiti","description":"e-mail: redazione@bellunopress.it","publisher":{"@id":"https:\/\/www.bellunopress.it\/#organization"},"potentialAction":[{"@type":"SearchAction","target":{"@type":"EntryPoint","urlTemplate":"https:\/\/www.bellunopress.it\/?s={search_term_string}"},"query-input":{"@type":"PropertyValueSpecification","valueRequired":true,"valueName":"search_term_string"}}],"inLanguage":"fr-FR"},{"@type":"Organization","@id":"https:\/\/www.bellunopress.it\/#organization","name":"Bellunopress","url":"https:\/\/www.bellunopress.it\/","logo":{"@type":"ImageObject","inLanguage":"fr-FR","@id":"https:\/\/www.bellunopress.it\/#\/schema\/logo\/image\/","url":"https:\/\/www.bellunopress.it\/wp-content\/uploads\/2011\/05\/cropped-logo-bellunopress-.jpg","contentUrl":"https:\/\/www.bellunopress.it\/wp-content\/uploads\/2011\/05\/cropped-logo-bellunopress-.jpg","width":512,"height":512,"caption":"Bellunopress"},"image":{"@id":"https:\/\/www.bellunopress.it\/#\/schema\/logo\/image\/"},"sameAs":["https:\/\/www.facebook.com\/profile.php?id=100008943462799","https:\/\/x.com\/bellunopress","https:\/\/www.linkedin.com\/hp\/?dnr=JBzUWaJfMUw8vbXJJ2tVW5-I3jZKvC4wsoxE&amp;amp;amp;amp;amp;amp;trk=nav_responsive_tab_home","https:\/\/www.youtube.com\/channel\/UCxL0wu1uN0_3_7hGG0306cw"]},{"@type":"Person","@id":"https:\/\/www.bellunopress.it\/#\/schema\/person\/79bb06722b37ece1c03d3e94beb30d73","name":"r\u00e9daction","image":{"@type":"ImageObject","inLanguage":"fr-FR","@id":"https:\/\/secure.gravatar.com\/avatar\/37d968a2e67a6fd04c169c4bdef102d0bc5d31b2546345219e348575eb80e9a0?s=96&d=mm&r=g","url":"https:\/\/secure.gravatar.com\/avatar\/37d968a2e67a6fd04c169c4bdef102d0bc5d31b2546345219e348575eb80e9a0?s=96&d=mm&r=g","contentUrl":"https:\/\/secure.gravatar.com\/avatar\/37d968a2e67a6fd04c169c4bdef102d0bc5d31b2546345219e348575eb80e9a0?s=96&d=mm&r=g","caption":"redazione"},"sameAs":["http:\/\/www.bellunopress.it","https:\/\/x.com\/bellunopress"],"url":"https:\/\/www.bellunopress.it\/fr\/author\/redazione\/"}]}},"_links":{"self":[{"href":"https:\/\/www.bellunopress.it\/fr\/wp-json\/wp\/v2\/posts\/6988","targetHints":{"allow":["GET"]}}],"collection":[{"href":"https:\/\/www.bellunopress.it\/fr\/wp-json\/wp\/v2\/posts"}],"about":[{"href":"https:\/\/www.bellunopress.it\/fr\/wp-json\/wp\/v2\/types\/post"}],"author":[{"embeddable":true,"href":"https:\/\/www.bellunopress.it\/fr\/wp-json\/wp\/v2\/users\/2"}],"replies":[{"embeddable":true,"href":"https:\/\/www.bellunopress.it\/fr\/wp-json\/wp\/v2\/comments?post=6988"}],"version-history":[{"count":1,"href":"https:\/\/www.bellunopress.it\/fr\/wp-json\/wp\/v2\/posts\/6988\/revisions"}],"predecessor-version":[{"id":6989,"href":"https:\/\/www.bellunopress.it\/fr\/wp-json\/wp\/v2\/posts\/6988\/revisions\/6989"}],"wp:attachment":[{"href":"https:\/\/www.bellunopress.it\/fr\/wp-json\/wp\/v2\/media?parent=6988"}],"wp:term":[{"taxonomy":"category","embeddable":true,"href":"https:\/\/www.bellunopress.it\/fr\/wp-json\/wp\/v2\/categories?post=6988"},{"taxonomy":"post_tag","embeddable":true,"href":"https:\/\/www.bellunopress.it\/fr\/wp-json\/wp\/v2\/tags?post=6988"}],"curies":[{"name":"wp","href":"https:\/\/api.w.org\/{rel}","templated":true}]}}