{"id":6986,"date":"2009-08-13T18:06:47","date_gmt":"2009-08-13T17:06:47","guid":{"rendered":"http:\/\/www.bellunopress.it\/?p=6986"},"modified":"2009-08-13T18:06:47","modified_gmt":"2009-08-13T17:06:47","slug":"feltre-gli-appuntamenti-del-fine-settimana-di-ferragosto","status":"publish","type":"post","link":"https:\/\/www.bellunopress.it\/fr\/2009\/08\/13\/feltre-gli-appuntamenti-del-fine-settimana-di-ferragosto\/","title":{"rendered":"Feltre: gli appuntamenti del fine settimana di Ferragosto"},"content":{"rendered":"<p>Sabato 15 e domenica 16 agosto (10.00-12.30 e 16.00-19.00) \u2013 Galleria Via Claudia Augusta \u201cReperti industriali\u201d &#8211; Mostra di Adone Brugnerotto. Con il titolo &#8216;Reperti industriali&#8217;, Adone Brugnerotto propone nobilitandoli, vecchi angoli di fabbrica ed oggetti d&#8217;uso comune in quegli ambienti, specie obsoleti e dimenticati. Adone Brugnerotto, trevigiano, si \u00e8 dedicato alla pittura fin da giovanissimo. L&#8217;ambiente industriale che ha frequentato per decenni ha avuto ed ha un&#8217;influenza nella sua ricerca artistica, tanto che i suoi temi pi\u00f9 recenti, come nelle opere esposte a Feltre, si rifanno alle suggestioni che la fabbrica gli ha trasmesso. Dopo le iniziali partecipazioni ai concorsi banditi dalla Fondazione Bevilacqua La Masa, ha tenuto esposizioni in importanti gallerie e Biennali, nazionali ed internazionali. La personale feltrina, realizzata anche grazie alla collaborazione dell&#8217;Associazione \u201cFenice. Arte, Cultura, Turismo\u201d, rappresenta il suo primo approdo in provincia di Belluno per una mostra che sar\u00e0 visitabile nei week-end dalle 10.00 alle 12.30 e dalle 16.00 alle 19.00. Un momento significativo si avr\u00e0 sabato 22 agosto, quando, alle 18.00, sempre nella Galleria Via Claudia Augusta, Brugnerotto \u201cdialogher\u00e0\u201d con Paolo Del Giudice, un collega che si \u00e8 sempre dimostrato, oltre che critico di vaglia, un grande estimatore della \u201cpittura in nero\u201d di Brugnerotto.<br \/>\nDomenica 16 agosto, ore 20.30 &#8211; Eremo della Chiesetta dell&#8217;Annunziata &#8211; Monte Telva &#8211; Zermen (In caso di maltempo Chiesa di Zermen)<br \/>\n&#8220;Ville, borghi e chiese: itinerari d&#8217;arte e musica nel Feltrino&#8221; (Con il patrocinio della Citt\u00e0 di Feltre) Relatore Mauro De Cet<br \/>\n&#8220;Il Canto dell&#8217;eremo&#8221;. In Unum Ensemble (Elena Modena (canto, arpa, viella, percussioni), Claudio Zinutti (canto, lyra, percussioni), Ilario Gregoletto (cialamello, flauti diritti), Vincenzo Muriano, Matteo Biasion, Diego Piaia (voci, lyra, organistrum e percussioni).<br \/>\nDomenica 16 agosto, ore 18.00 \u2013 Santuario dei SS. Vittore e Corona Concerto del coro \u201cSilvulae Cantores\u201d diretto dal maestro Giuseppe Botta<br \/>\n(Con il patrocinio della Citt\u00e0 di Feltre). Il coro Silvulae Cantores si \u00e8 formato a Trieste nel 1992 ed \u00e8 magistralmente diretto dal maestro Giuseppe Botta, un nome di grande prestigio nel campo della musica lirica. Botta, tenore affermato, si \u00e8 diplomato al conservatorio G. Tartini di Trieste e, nella sua carriera, vanta numerosissimi concerti come interprete solista in opere molto importanti, che lo hanno portato ad interpretare oltre duecento ruoli tra principali e comprimari, con esibizioni nei migliori teatri di tutto il mondo. Primo vincitore assoluto del \u201cPuccini d\u2019Oro\u201d, ha intrapreso anche attivit\u00e0 teatrali e cinematografiche. Il programma comprende: \u201cTsur M\u00ecschelo\u201d (Antico canto ebraico), \u201cMaldito seja quen non loar\u00e0\u201d e \u201cNas mentes senpre teer (Sec. XIV-XV), \u201cBone Jesu\u201d (Poulanc), Ave Verum\u201d (Coral), Wayfaring Stranger\u201d (Spiritual), \u201cLaudate Dominum\u201d (Mozart), \u201cAve Maria\u201d (Donizetti), \u201cMos\u00e8\u201d (Rossini), \u201cCantique de Racine\u201d (Faur\u00e8), \u201cLord of the Morning\u201d (Spiritual).<br \/>\nL&#8217;ingresso \u00e8 libero.<br \/>\nSabato 15 e domenica 16 agosto (10.30-12.30 e 16.00-19.00) \u2013 Teatro de La Sena<br \/>\nNell&#8217;orario indicato, possibilit\u00e0 di visitare (accesso \u20ac 1,00) il Teatro &#8220;La Sena&#8221;, con ingressi curati dall&#8217;Associazione &#8220;Il Fondaco per Feltre&#8221;.<br \/>\nDa sabato 8 agosto, alla Galleria d&#8217;arte moderna &#8220;Carlo Rizzarda&#8221;, sono visitabili le due sale di nuova realizzazione dedicate agli Artisti Feltrini del &#8216;900 ed alla Collezione d&#8217;arte di Liana Bortolon.<br \/>\nDopo aver suscitato l&#8217;interesse e l&#8217;ammirazione del pubblico nella mostra \u201cArtisti del &#8216;900. La collezione d&#8217;arte contemporanea Liana Bortolon\u201d tenuta nel 2007 &#8211; 2008, le opere raccolte dalla giornalista e critico d&#8217;arte di origine feltrina, in oltre trent&#8217;anni di attivit\u00e0 professionale, trovano stabile collocazione nel salone centrale del sottotetto di palazzo Cumano. Vi si possono ammirare, in un nuovo funzionale allestimento curato dall&#8217;arch. Ferruccio Franzoia, i lavori di alcuni dei massimi maestri del &#8216;900 tra i quali\u00a0 Pablo Picasso, Marc Chagall, Mario Sironi, Massimo Campigli, Bruno Cassinari, Ennio Morlotti, Gino Severini, Aligi Sassu, Jos\u00e8 Ortega, Valentino Vago ed altri.<br \/>\nIn un altro ambiente, viene approfondita, invece, la temperie artistica feltrina del &#8216;900. Il secondo dopoguerra ha rappresentato per Feltre un periodo culturalmente molto fecondo. Sul versante artistico si sono affermate alcune personalit\u00e0 che hanno innescato un vivace dibattito ritrovandosi in quelli che Silvio Guarnieri definiva cenacoli di \u201cvaria cultura, scienza e attualit\u00e0\u201d quali il Caff\u00e8 Mimiola, la trattoria \u201cAl Sole\u201d, il Caff\u00e8 Grande e la galleria \u201cAl Sole\u201d. I principali animatori furono Bruno Milano, Tancredi Parmeggiani, Gianpiero Fachin, Toni Piccolotto, Vittore Bonsembiante, Romano Parmeggiani, Rino D&#8217;Ambros, Addis Pugliese, Gianni Palminteri e Renato Soppelsa. A questi si \u00e8 poi aggiunto Francesco Guerra. Vi sono stati inoltre alcuni artisti che, pur iniziando la loro carriera artistica a Feltre, si sono allontanati dalla citt\u00e0 per cercare altrove affermazione o stimoli. \u00c8 il caso di Walter Resentera, Renzo Biasion, Attilio Corsetti, Romano Ocri e Giovanni Pivetta. Oltre alle due sale espositive \u00e8 stato ricavato un deposito visitabile e un soppalco destinato ad ospitare l&#8217;archivio della galleria composto dal fondo Rizzarda e da quello Bortolon.<br \/>\nInfo: Comune di Feltre \u2013 Ufficio Musei: Tel. 0439\/885242, email <a href=\"mailto:museo@comune.feltre.bl.it\">museo@comune.feltre.bl.it<\/a>. Sito web: <a href=\"http:\/\/www.comune.feltre.bl.it\">www.comune.feltre.bl.it<\/a>.<\/p>","protected":false},"excerpt":{"rendered":"<p>Sabato 15 e domenica 16 agosto (10.00-12.30 e 16.00-19.00) \u2013 Galleria Via Claudia Augusta \u201cReperti industriali\u201d &#8211; Mostra di Adone Brugnerotto. Con il titolo &#8216;Reperti industriali&#8217;, Adone Brugnerotto propone nobilitandoli, vecchi angoli di fabbrica ed oggetti d&#8217;uso comune in quegli ambienti, specie obsoleti e dimenticati. Adone Brugnerotto, trevigiano, si \u00e8 dedicato alla pittura fin da [&hellip;]<\/p>\n","protected":false},"author":2,"featured_media":0,"comment_status":"closed","ping_status":"open","sticky":false,"template":"","format":"standard","meta":{"footnotes":""},"categories":[3,25],"tags":[139,302,2261],"class_list":["post-6986","post","type-post","status-publish","format-standard","category-arte-cultura-spettacoli-scienza-archivi","category-pausa-caffe","tag-belluno","tag-feltre","tag-feltrino"],"yoast_head":"<!-- This site is optimized with the Yoast SEO plugin v28.4 - https:\/\/yoast.com\/product\/yoast-seo-wordpress\/ -->\n<title>Feltre: gli appuntamenti del fine settimana di Ferragosto - Bellunopress - Dolomiti<\/title>\n<meta name=\"robots\" content=\"index, follow, max-snippet:-1, max-image-preview:large, max-video-preview:-1\" \/>\n<link rel=\"canonical\" href=\"https:\/\/www.bellunopress.it\/fr\/2009\/08\/13\/feltre-gli-appuntamenti-del-fine-settimana-di-ferragosto\/\" \/>\n<meta property=\"og:locale\" content=\"fr_FR\" \/>\n<meta property=\"og:type\" content=\"article\" \/>\n<meta property=\"og:title\" content=\"Feltre: gli appuntamenti del fine settimana di Ferragosto - Bellunopress - Dolomiti\" \/>\n<meta property=\"og:description\" content=\"Sabato 15 e domenica 16 agosto (10.00-12.30 e 16.00-19.00) \u2013 Galleria Via Claudia Augusta \u201cReperti industriali\u201d &#8211; Mostra di Adone Brugnerotto. Con il titolo &#8216;Reperti industriali&#8217;, Adone Brugnerotto propone nobilitandoli, vecchi angoli di fabbrica ed oggetti d&#8217;uso comune in quegli ambienti, specie obsoleti e dimenticati. Adone Brugnerotto, trevigiano, si \u00e8 dedicato alla pittura fin da [&hellip;]\" \/>\n<meta property=\"og:url\" content=\"https:\/\/www.bellunopress.it\/fr\/2009\/08\/13\/feltre-gli-appuntamenti-del-fine-settimana-di-ferragosto\/\" \/>\n<meta property=\"og:site_name\" content=\"Bellunopress - Dolomiti\" \/>\n<meta property=\"article:publisher\" content=\"https:\/\/www.facebook.com\/profile.php?id=100008943462799\" \/>\n<meta property=\"article:published_time\" content=\"2009-08-13T17:06:47+00:00\" \/>\n<meta property=\"og:image\" content=\"http:\/\/www.bellunopress.it\/wp-content\/uploads\/2012\/07\/logo-bellunopress-250x250-2012.jpg\" \/>\n<meta name=\"author\" content=\"redazione\" \/>\n<meta name=\"twitter:card\" content=\"summary_large_image\" \/>\n<meta name=\"twitter:creator\" content=\"@bellunopress\" \/>\n<meta name=\"twitter:site\" content=\"@bellunopress\" \/>\n<meta name=\"twitter:label1\" content=\"\u00c9crit par\" \/>\n\t<meta name=\"twitter:data1\" content=\"redazione\" \/>\n\t<meta name=\"twitter:label2\" content=\"Dur\u00e9e de lecture estim\u00e9e\" \/>\n\t<meta name=\"twitter:data2\" content=\"4 minutes\" \/>\n<script type=\"application\/ld+json\" class=\"yoast-schema-graph\">{\"@context\":\"https:\\\/\\\/schema.org\",\"@graph\":[{\"@type\":\"Article\",\"@id\":\"https:\\\/\\\/www.bellunopress.it\\\/2009\\\/08\\\/13\\\/feltre-gli-appuntamenti-del-fine-settimana-di-ferragosto\\\/#article\",\"isPartOf\":{\"@id\":\"https:\\\/\\\/www.bellunopress.it\\\/2009\\\/08\\\/13\\\/feltre-gli-appuntamenti-del-fine-settimana-di-ferragosto\\\/\"},\"author\":{\"name\":\"redazione\",\"@id\":\"https:\\\/\\\/www.bellunopress.it\\\/#\\\/schema\\\/person\\\/79bb06722b37ece1c03d3e94beb30d73\"},\"headline\":\"Feltre: gli appuntamenti del fine settimana di Ferragosto\",\"datePublished\":\"2009-08-13T17:06:47+00:00\",\"mainEntityOfPage\":{\"@id\":\"https:\\\/\\\/www.bellunopress.it\\\/2009\\\/08\\\/13\\\/feltre-gli-appuntamenti-del-fine-settimana-di-ferragosto\\\/\"},\"wordCount\":794,\"publisher\":{\"@id\":\"https:\\\/\\\/www.bellunopress.it\\\/#organization\"},\"keywords\":[\"Belluno\",\"Feltre\",\"feltrino\"],\"articleSection\":[\"Arte, Cultura, Spettacoli, Scienza\",\"Pausa Caff\u00e8\"],\"inLanguage\":\"fr-FR\"},{\"@type\":\"WebPage\",\"@id\":\"https:\\\/\\\/www.bellunopress.it\\\/2009\\\/08\\\/13\\\/feltre-gli-appuntamenti-del-fine-settimana-di-ferragosto\\\/\",\"url\":\"https:\\\/\\\/www.bellunopress.it\\\/2009\\\/08\\\/13\\\/feltre-gli-appuntamenti-del-fine-settimana-di-ferragosto\\\/\",\"name\":\"Feltre: gli appuntamenti del fine settimana di Ferragosto - Bellunopress - Dolomiti\",\"isPartOf\":{\"@id\":\"https:\\\/\\\/www.bellunopress.it\\\/#website\"},\"datePublished\":\"2009-08-13T17:06:47+00:00\",\"breadcrumb\":{\"@id\":\"https:\\\/\\\/www.bellunopress.it\\\/2009\\\/08\\\/13\\\/feltre-gli-appuntamenti-del-fine-settimana-di-ferragosto\\\/#breadcrumb\"},\"inLanguage\":\"fr-FR\",\"potentialAction\":[{\"@type\":\"ReadAction\",\"target\":[\"https:\\\/\\\/www.bellunopress.it\\\/2009\\\/08\\\/13\\\/feltre-gli-appuntamenti-del-fine-settimana-di-ferragosto\\\/\"]}]},{\"@type\":\"BreadcrumbList\",\"@id\":\"https:\\\/\\\/www.bellunopress.it\\\/2009\\\/08\\\/13\\\/feltre-gli-appuntamenti-del-fine-settimana-di-ferragosto\\\/#breadcrumb\",\"itemListElement\":[{\"@type\":\"ListItem\",\"position\":1,\"name\":\"Home\",\"item\":\"https:\\\/\\\/www.bellunopress.it\\\/\"},{\"@type\":\"ListItem\",\"position\":2,\"name\":\"Feltre: gli appuntamenti del fine settimana di Ferragosto\"}]},{\"@type\":\"WebSite\",\"@id\":\"https:\\\/\\\/www.bellunopress.it\\\/#website\",\"url\":\"https:\\\/\\\/www.bellunopress.it\\\/\",\"name\":\"Bellunopress - Dolomiti\",\"description\":\"e-mail: redazione@bellunopress.it\",\"publisher\":{\"@id\":\"https:\\\/\\\/www.bellunopress.it\\\/#organization\"},\"potentialAction\":[{\"@type\":\"SearchAction\",\"target\":{\"@type\":\"EntryPoint\",\"urlTemplate\":\"https:\\\/\\\/www.bellunopress.it\\\/?s={search_term_string}\"},\"query-input\":{\"@type\":\"PropertyValueSpecification\",\"valueRequired\":true,\"valueName\":\"search_term_string\"}}],\"inLanguage\":\"fr-FR\"},{\"@type\":\"Organization\",\"@id\":\"https:\\\/\\\/www.bellunopress.it\\\/#organization\",\"name\":\"Bellunopress\",\"url\":\"https:\\\/\\\/www.bellunopress.it\\\/\",\"logo\":{\"@type\":\"ImageObject\",\"inLanguage\":\"fr-FR\",\"@id\":\"https:\\\/\\\/www.bellunopress.it\\\/#\\\/schema\\\/logo\\\/image\\\/\",\"url\":\"https:\\\/\\\/www.bellunopress.it\\\/wp-content\\\/uploads\\\/2011\\\/05\\\/cropped-logo-bellunopress-.jpg\",\"contentUrl\":\"https:\\\/\\\/www.bellunopress.it\\\/wp-content\\\/uploads\\\/2011\\\/05\\\/cropped-logo-bellunopress-.jpg\",\"width\":512,\"height\":512,\"caption\":\"Bellunopress\"},\"image\":{\"@id\":\"https:\\\/\\\/www.bellunopress.it\\\/#\\\/schema\\\/logo\\\/image\\\/\"},\"sameAs\":[\"https:\\\/\\\/www.facebook.com\\\/profile.php?id=100008943462799\",\"https:\\\/\\\/x.com\\\/bellunopress\",\"https:\\\/\\\/www.linkedin.com\\\/hp\\\/?dnr=JBzUWaJfMUw8vbXJJ2tVW5-I3jZKvC4wsoxE&amp;amp;amp;amp;amp;amp;trk=nav_responsive_tab_home\",\"https:\\\/\\\/www.youtube.com\\\/channel\\\/UCxL0wu1uN0_3_7hGG0306cw\"]},{\"@type\":\"Person\",\"@id\":\"https:\\\/\\\/www.bellunopress.it\\\/#\\\/schema\\\/person\\\/79bb06722b37ece1c03d3e94beb30d73\",\"name\":\"redazione\",\"image\":{\"@type\":\"ImageObject\",\"inLanguage\":\"fr-FR\",\"@id\":\"https:\\\/\\\/secure.gravatar.com\\\/avatar\\\/37d968a2e67a6fd04c169c4bdef102d0bc5d31b2546345219e348575eb80e9a0?s=96&d=mm&r=g\",\"url\":\"https:\\\/\\\/secure.gravatar.com\\\/avatar\\\/37d968a2e67a6fd04c169c4bdef102d0bc5d31b2546345219e348575eb80e9a0?s=96&d=mm&r=g\",\"contentUrl\":\"https:\\\/\\\/secure.gravatar.com\\\/avatar\\\/37d968a2e67a6fd04c169c4bdef102d0bc5d31b2546345219e348575eb80e9a0?s=96&d=mm&r=g\",\"caption\":\"redazione\"},\"sameAs\":[\"http:\\\/\\\/www.bellunopress.it\",\"https:\\\/\\\/x.com\\\/bellunopress\"],\"url\":\"https:\\\/\\\/www.bellunopress.it\\\/fr\\\/author\\\/redazione\\\/\"}]}<\/script>\n<!-- \/ Yoast SEO plugin. -->","yoast_head_json":{"title":"Feltre: gli appuntamenti del fine settimana di Ferragosto - Bellunopress - Dolomiti","robots":{"index":"index","follow":"follow","max-snippet":"max-snippet:-1","max-image-preview":"max-image-preview:large","max-video-preview":"max-video-preview:-1"},"canonical":"https:\/\/www.bellunopress.it\/fr\/2009\/08\/13\/feltre-gli-appuntamenti-del-fine-settimana-di-ferragosto\/","og_locale":"fr_FR","og_type":"article","og_title":"Feltre: gli appuntamenti del fine settimana di Ferragosto - Bellunopress - Dolomiti","og_description":"Sabato 15 e domenica 16 agosto (10.00-12.30 e 16.00-19.00) \u2013 Galleria Via Claudia Augusta \u201cReperti industriali\u201d &#8211; Mostra di Adone Brugnerotto. Con il titolo &#8216;Reperti industriali&#8217;, Adone Brugnerotto propone nobilitandoli, vecchi angoli di fabbrica ed oggetti d&#8217;uso comune in quegli ambienti, specie obsoleti e dimenticati. Adone Brugnerotto, trevigiano, si \u00e8 dedicato alla pittura fin da [&hellip;]","og_url":"https:\/\/www.bellunopress.it\/fr\/2009\/08\/13\/feltre-gli-appuntamenti-del-fine-settimana-di-ferragosto\/","og_site_name":"Bellunopress - Dolomiti","article_publisher":"https:\/\/www.facebook.com\/profile.php?id=100008943462799","article_published_time":"2009-08-13T17:06:47+00:00","og_image":[{"url":"http:\/\/www.bellunopress.it\/wp-content\/uploads\/2012\/07\/logo-bellunopress-250x250-2012.jpg","type":"","width":"","height":""}],"author":"redazione","twitter_card":"summary_large_image","twitter_creator":"@bellunopress","twitter_site":"@bellunopress","twitter_misc":{"\u00c9crit par":"redazione","Dur\u00e9e de lecture estim\u00e9e":"4 minutes"},"schema":{"@context":"https:\/\/schema.org","@graph":[{"@type":"Article","@id":"https:\/\/www.bellunopress.it\/2009\/08\/13\/feltre-gli-appuntamenti-del-fine-settimana-di-ferragosto\/#article","isPartOf":{"@id":"https:\/\/www.bellunopress.it\/2009\/08\/13\/feltre-gli-appuntamenti-del-fine-settimana-di-ferragosto\/"},"author":{"name":"redazione","@id":"https:\/\/www.bellunopress.it\/#\/schema\/person\/79bb06722b37ece1c03d3e94beb30d73"},"headline":"Feltre: gli appuntamenti del fine settimana di Ferragosto","datePublished":"2009-08-13T17:06:47+00:00","mainEntityOfPage":{"@id":"https:\/\/www.bellunopress.it\/2009\/08\/13\/feltre-gli-appuntamenti-del-fine-settimana-di-ferragosto\/"},"wordCount":794,"publisher":{"@id":"https:\/\/www.bellunopress.it\/#organization"},"keywords":["Belluno","Feltre","feltrino"],"articleSection":["Arte, Cultura, Spettacoli, Scienza","Pausa Caff\u00e8"],"inLanguage":"fr-FR"},{"@type":"WebPage","@id":"https:\/\/www.bellunopress.it\/2009\/08\/13\/feltre-gli-appuntamenti-del-fine-settimana-di-ferragosto\/","url":"https:\/\/www.bellunopress.it\/2009\/08\/13\/feltre-gli-appuntamenti-del-fine-settimana-di-ferragosto\/","name":"Feltre: gli appuntamenti del fine settimana di Ferragosto - Bellunopress - Dolomiti","isPartOf":{"@id":"https:\/\/www.bellunopress.it\/#website"},"datePublished":"2009-08-13T17:06:47+00:00","breadcrumb":{"@id":"https:\/\/www.bellunopress.it\/2009\/08\/13\/feltre-gli-appuntamenti-del-fine-settimana-di-ferragosto\/#breadcrumb"},"inLanguage":"fr-FR","potentialAction":[{"@type":"ReadAction","target":["https:\/\/www.bellunopress.it\/2009\/08\/13\/feltre-gli-appuntamenti-del-fine-settimana-di-ferragosto\/"]}]},{"@type":"BreadcrumbList","@id":"https:\/\/www.bellunopress.it\/2009\/08\/13\/feltre-gli-appuntamenti-del-fine-settimana-di-ferragosto\/#breadcrumb","itemListElement":[{"@type":"ListItem","position":1,"name":"Home","item":"https:\/\/www.bellunopress.it\/"},{"@type":"ListItem","position":2,"name":"Feltre: gli appuntamenti del fine settimana di Ferragosto"}]},{"@type":"WebSite","@id":"https:\/\/www.bellunopress.it\/#website","url":"https:\/\/www.bellunopress.it\/","name":"Bellunopress - Dolomiti","description":"e-mail: redazione@bellunopress.it","publisher":{"@id":"https:\/\/www.bellunopress.it\/#organization"},"potentialAction":[{"@type":"SearchAction","target":{"@type":"EntryPoint","urlTemplate":"https:\/\/www.bellunopress.it\/?s={search_term_string}"},"query-input":{"@type":"PropertyValueSpecification","valueRequired":true,"valueName":"search_term_string"}}],"inLanguage":"fr-FR"},{"@type":"Organization","@id":"https:\/\/www.bellunopress.it\/#organization","name":"Bellunopress","url":"https:\/\/www.bellunopress.it\/","logo":{"@type":"ImageObject","inLanguage":"fr-FR","@id":"https:\/\/www.bellunopress.it\/#\/schema\/logo\/image\/","url":"https:\/\/www.bellunopress.it\/wp-content\/uploads\/2011\/05\/cropped-logo-bellunopress-.jpg","contentUrl":"https:\/\/www.bellunopress.it\/wp-content\/uploads\/2011\/05\/cropped-logo-bellunopress-.jpg","width":512,"height":512,"caption":"Bellunopress"},"image":{"@id":"https:\/\/www.bellunopress.it\/#\/schema\/logo\/image\/"},"sameAs":["https:\/\/www.facebook.com\/profile.php?id=100008943462799","https:\/\/x.com\/bellunopress","https:\/\/www.linkedin.com\/hp\/?dnr=JBzUWaJfMUw8vbXJJ2tVW5-I3jZKvC4wsoxE&amp;amp;amp;amp;amp;amp;trk=nav_responsive_tab_home","https:\/\/www.youtube.com\/channel\/UCxL0wu1uN0_3_7hGG0306cw"]},{"@type":"Person","@id":"https:\/\/www.bellunopress.it\/#\/schema\/person\/79bb06722b37ece1c03d3e94beb30d73","name":"r\u00e9daction","image":{"@type":"ImageObject","inLanguage":"fr-FR","@id":"https:\/\/secure.gravatar.com\/avatar\/37d968a2e67a6fd04c169c4bdef102d0bc5d31b2546345219e348575eb80e9a0?s=96&d=mm&r=g","url":"https:\/\/secure.gravatar.com\/avatar\/37d968a2e67a6fd04c169c4bdef102d0bc5d31b2546345219e348575eb80e9a0?s=96&d=mm&r=g","contentUrl":"https:\/\/secure.gravatar.com\/avatar\/37d968a2e67a6fd04c169c4bdef102d0bc5d31b2546345219e348575eb80e9a0?s=96&d=mm&r=g","caption":"redazione"},"sameAs":["http:\/\/www.bellunopress.it","https:\/\/x.com\/bellunopress"],"url":"https:\/\/www.bellunopress.it\/fr\/author\/redazione\/"}]}},"_links":{"self":[{"href":"https:\/\/www.bellunopress.it\/fr\/wp-json\/wp\/v2\/posts\/6986","targetHints":{"allow":["GET"]}}],"collection":[{"href":"https:\/\/www.bellunopress.it\/fr\/wp-json\/wp\/v2\/posts"}],"about":[{"href":"https:\/\/www.bellunopress.it\/fr\/wp-json\/wp\/v2\/types\/post"}],"author":[{"embeddable":true,"href":"https:\/\/www.bellunopress.it\/fr\/wp-json\/wp\/v2\/users\/2"}],"replies":[{"embeddable":true,"href":"https:\/\/www.bellunopress.it\/fr\/wp-json\/wp\/v2\/comments?post=6986"}],"version-history":[{"count":1,"href":"https:\/\/www.bellunopress.it\/fr\/wp-json\/wp\/v2\/posts\/6986\/revisions"}],"predecessor-version":[{"id":6987,"href":"https:\/\/www.bellunopress.it\/fr\/wp-json\/wp\/v2\/posts\/6986\/revisions\/6987"}],"wp:attachment":[{"href":"https:\/\/www.bellunopress.it\/fr\/wp-json\/wp\/v2\/media?parent=6986"}],"wp:term":[{"taxonomy":"category","embeddable":true,"href":"https:\/\/www.bellunopress.it\/fr\/wp-json\/wp\/v2\/categories?post=6986"},{"taxonomy":"post_tag","embeddable":true,"href":"https:\/\/www.bellunopress.it\/fr\/wp-json\/wp\/v2\/tags?post=6986"}],"curies":[{"name":"wp","href":"https:\/\/api.w.org\/{rel}","templated":true}]}}