{"id":6978,"date":"2009-08-13T17:28:34","date_gmt":"2009-08-13T16:28:34","guid":{"rendered":"http:\/\/www.bellunopress.it\/?p=6978"},"modified":"2009-08-13T17:28:34","modified_gmt":"2009-08-13T16:28:34","slug":"provincia-variazione-di-bilancio-per-finanziare-il-fondo-di-solidarieta-labbonamento-unico-studenti-e-il-night-bus","status":"publish","type":"post","link":"https:\/\/www.bellunopress.it\/fr\/2009\/08\/13\/provincia-variazione-di-bilancio-per-finanziare-il-fondo-di-solidarieta-labbonamento-unico-studenti-e-il-night-bus\/","title":{"rendered":"Provincia: variazione di bilancio per finanziare il Fondo di solidariet\u00e0, l&#8217;abbonamento Unico studenti e il Night Bus"},"content":{"rendered":"<figure id=\"attachment_6979\" aria-describedby=\"caption-attachment-6979\" style=\"width: 208px\" class=\"wp-caption alignleft\"><a href=\"http:\/\/www.bellunopress.it\/wp-content\/uploads\/2009\/08\/silver-de-zolt.jpg\"><img loading=\"lazy\" decoding=\"async\" class=\"size-medium wp-image-6979\" title=\"silver-de-zolt\" src=\"http:\/\/www.bellunopress.it\/wp-content\/uploads\/2009\/08\/silver-de-zolt.jpg\" alt=\"Silver De Zolt assessore provinciale ai Trasporti\" width=\"208\" height=\"240\" \/><\/a><figcaption id=\"caption-attachment-6979\" class=\"wp-caption-text\">Silver De Zolt assessore provinciale ai Trasporti<\/figcaption><\/figure>\n<p>La giunta provinciale, nella riunione di mercoled\u00ec, ha approvato la variazione di bilancio che assegna 250 mila euro per il Fondo di solidariet\u00e0, 250 mila euro per l\u2019abbonamento agevolato \u201cUnico studenti\u201de 44 mila euro per il servizio \u201cNight Bus\u201d. \u00abGrazie alla variazione al bilancio di previsione dell\u2019esercizio 2009 &#8211; spiega il presidente Gianpaolo Bottacin &#8211;\u00a0 abbiamo potuto rendere operativo il fondo di solidariet\u00e0. I soldi che la precedente Amministrazione aveva stanziato erano quelli provenienti dal demanio idrico e perci\u00f2 erano vincolati per legge ad opere relative alla tutela del territorio, al dissesto idrogeologico e al rischio idrico. E dunque, tecnicamente non si potevano utilizzare. Con la variazione approvata ieri, invece &#8211; conclude Bottacin &#8211; il fondo \u00e8 finalmente a disposizione dei lavoratori bellunesi in difficolt\u00e0\u00bb. Sull&#8217;abbonamento e il servizio Night Bus interviene l&#8217;assessore ai Trasporti Silver De Zolt. \u00abAnche per l\u2019anno scolastico 2009-2010 manterremo l\u2019 \u201cUnico studenti\u201d \u2013 spiega De Zolt &#8211; L&#8217;abbonamento agevolato al servizio pubblico di trasporto urbano ed extra urbano \u00e8 un servizio importante che abbiamo confermato soprattutto per venire incontro ai cittadini residenti in aree geografiche decentrate e alle famiglie che hanno pi\u00f9 di un figlio che va a scuola. Da parte dell\u2019amministrazione provinciale si tratta di uno sforzo importante \u2013 dice ancora De Zolt \u2013 come importante \u00e8 l\u2019impegno relativo al servizio di trasporto notturno \u201cNight Bus\u201d, necessario per garantire ai giovani un divertimento in sicurezza\u00bb.<\/p>","protected":false},"excerpt":{"rendered":"<p>La giunta provinciale, nella riunione di mercoled\u00ec, ha approvato la variazione di bilancio che assegna 250 mila euro per il Fondo di solidariet\u00e0, 250 mila euro per l\u2019abbonamento agevolato \u201cUnico studenti\u201de 44 mila euro per il servizio \u201cNight Bus\u201d. \u00abGrazie alla variazione al bilancio di previsione dell\u2019esercizio 2009 &#8211; spiega il presidente Gianpaolo Bottacin &#8211;\u00a0 [&hellip;]<\/p>\n","protected":false},"author":2,"featured_media":0,"comment_status":"closed","ping_status":"open","sticky":false,"template":"","format":"standard","meta":{"footnotes":""},"categories":[5],"tags":[139],"class_list":["post-6978","post","type-post","status-publish","format-standard","category-cronaca","tag-belluno"],"yoast_head":"<!-- This site is optimized with the Yoast SEO plugin v28.4 - https:\/\/yoast.com\/product\/yoast-seo-wordpress\/ -->\n<title>Provincia: variazione di bilancio per finanziare il Fondo di solidariet\u00e0, l&#039;abbonamento Unico studenti e il Night Bus - Bellunopress - Dolomiti<\/title>\n<meta name=\"robots\" content=\"index, follow, max-snippet:-1, max-image-preview:large, max-video-preview:-1\" \/>\n<link rel=\"canonical\" href=\"https:\/\/www.bellunopress.it\/fr\/2009\/08\/13\/provincia-variazione-di-bilancio-per-finanziare-il-fondo-di-solidarieta-labbonamento-unico-studenti-e-il-night-bus\/\" \/>\n<meta property=\"og:locale\" content=\"fr_FR\" \/>\n<meta property=\"og:type\" content=\"article\" \/>\n<meta property=\"og:title\" content=\"Provincia: variazione di bilancio per finanziare il Fondo di solidariet\u00e0, l&#039;abbonamento Unico studenti e il Night Bus - Bellunopress - Dolomiti\" \/>\n<meta property=\"og:description\" content=\"La giunta provinciale, nella riunione di mercoled\u00ec, ha approvato la variazione di bilancio che assegna 250 mila euro per il Fondo di solidariet\u00e0, 250 mila euro per l\u2019abbonamento agevolato \u201cUnico studenti\u201de 44 mila euro per il servizio \u201cNight Bus\u201d. \u00abGrazie alla variazione al bilancio di previsione dell\u2019esercizio 2009 &#8211; spiega il presidente Gianpaolo Bottacin &#8211;\u00a0 [&hellip;]\" \/>\n<meta property=\"og:url\" content=\"https:\/\/www.bellunopress.it\/fr\/2009\/08\/13\/provincia-variazione-di-bilancio-per-finanziare-il-fondo-di-solidarieta-labbonamento-unico-studenti-e-il-night-bus\/\" \/>\n<meta property=\"og:site_name\" content=\"Bellunopress - Dolomiti\" \/>\n<meta property=\"article:publisher\" content=\"https:\/\/www.facebook.com\/profile.php?id=100008943462799\" \/>\n<meta property=\"article:published_time\" content=\"2009-08-13T16:28:34+00:00\" \/>\n<meta property=\"og:image\" content=\"http:\/\/www.bellunopress.it\/wp-content\/uploads\/2009\/08\/silver-de-zolt.jpg\" \/>\n<meta name=\"author\" content=\"redazione\" \/>\n<meta name=\"twitter:card\" content=\"summary_large_image\" \/>\n<meta name=\"twitter:creator\" content=\"@bellunopress\" \/>\n<meta name=\"twitter:site\" content=\"@bellunopress\" \/>\n<meta name=\"twitter:label1\" content=\"\u00c9crit par\" \/>\n\t<meta name=\"twitter:data1\" content=\"redazione\" \/>\n\t<meta name=\"twitter:label2\" content=\"Dur\u00e9e de lecture estim\u00e9e\" \/>\n\t<meta name=\"twitter:data2\" content=\"1 minute\" \/>\n<script type=\"application\/ld+json\" class=\"yoast-schema-graph\">{\"@context\":\"https:\\\/\\\/schema.org\",\"@graph\":[{\"@type\":\"Article\",\"@id\":\"https:\\\/\\\/www.bellunopress.it\\\/2009\\\/08\\\/13\\\/provincia-variazione-di-bilancio-per-finanziare-il-fondo-di-solidarieta-labbonamento-unico-studenti-e-il-night-bus\\\/#article\",\"isPartOf\":{\"@id\":\"https:\\\/\\\/www.bellunopress.it\\\/2009\\\/08\\\/13\\\/provincia-variazione-di-bilancio-per-finanziare-il-fondo-di-solidarieta-labbonamento-unico-studenti-e-il-night-bus\\\/\"},\"author\":{\"name\":\"redazione\",\"@id\":\"https:\\\/\\\/www.bellunopress.it\\\/#\\\/schema\\\/person\\\/79bb06722b37ece1c03d3e94beb30d73\"},\"headline\":\"Provincia: variazione di bilancio per finanziare il Fondo di solidariet\u00e0, l&#8217;abbonamento Unico studenti e il Night Bus\",\"datePublished\":\"2009-08-13T16:28:34+00:00\",\"mainEntityOfPage\":{\"@id\":\"https:\\\/\\\/www.bellunopress.it\\\/2009\\\/08\\\/13\\\/provincia-variazione-di-bilancio-per-finanziare-il-fondo-di-solidarieta-labbonamento-unico-studenti-e-il-night-bus\\\/\"},\"wordCount\":263,\"publisher\":{\"@id\":\"https:\\\/\\\/www.bellunopress.it\\\/#organization\"},\"image\":{\"@id\":\"https:\\\/\\\/www.bellunopress.it\\\/2009\\\/08\\\/13\\\/provincia-variazione-di-bilancio-per-finanziare-il-fondo-di-solidarieta-labbonamento-unico-studenti-e-il-night-bus\\\/#primaryimage\"},\"thumbnailUrl\":\"http:\\\/\\\/www.bellunopress.it\\\/wp-content\\\/uploads\\\/2009\\\/08\\\/silver-de-zolt.jpg\",\"keywords\":[\"Belluno\"],\"articleSection\":[\"Cronaca\\\/Politica\"],\"inLanguage\":\"fr-FR\"},{\"@type\":\"WebPage\",\"@id\":\"https:\\\/\\\/www.bellunopress.it\\\/2009\\\/08\\\/13\\\/provincia-variazione-di-bilancio-per-finanziare-il-fondo-di-solidarieta-labbonamento-unico-studenti-e-il-night-bus\\\/\",\"url\":\"https:\\\/\\\/www.bellunopress.it\\\/2009\\\/08\\\/13\\\/provincia-variazione-di-bilancio-per-finanziare-il-fondo-di-solidarieta-labbonamento-unico-studenti-e-il-night-bus\\\/\",\"name\":\"Provincia: variazione di bilancio per finanziare il Fondo di solidariet\u00e0, l'abbonamento Unico studenti e il Night Bus - Bellunopress - Dolomiti\",\"isPartOf\":{\"@id\":\"https:\\\/\\\/www.bellunopress.it\\\/#website\"},\"primaryImageOfPage\":{\"@id\":\"https:\\\/\\\/www.bellunopress.it\\\/2009\\\/08\\\/13\\\/provincia-variazione-di-bilancio-per-finanziare-il-fondo-di-solidarieta-labbonamento-unico-studenti-e-il-night-bus\\\/#primaryimage\"},\"image\":{\"@id\":\"https:\\\/\\\/www.bellunopress.it\\\/2009\\\/08\\\/13\\\/provincia-variazione-di-bilancio-per-finanziare-il-fondo-di-solidarieta-labbonamento-unico-studenti-e-il-night-bus\\\/#primaryimage\"},\"thumbnailUrl\":\"http:\\\/\\\/www.bellunopress.it\\\/wp-content\\\/uploads\\\/2009\\\/08\\\/silver-de-zolt.jpg\",\"datePublished\":\"2009-08-13T16:28:34+00:00\",\"breadcrumb\":{\"@id\":\"https:\\\/\\\/www.bellunopress.it\\\/2009\\\/08\\\/13\\\/provincia-variazione-di-bilancio-per-finanziare-il-fondo-di-solidarieta-labbonamento-unico-studenti-e-il-night-bus\\\/#breadcrumb\"},\"inLanguage\":\"fr-FR\",\"potentialAction\":[{\"@type\":\"ReadAction\",\"target\":[\"https:\\\/\\\/www.bellunopress.it\\\/2009\\\/08\\\/13\\\/provincia-variazione-di-bilancio-per-finanziare-il-fondo-di-solidarieta-labbonamento-unico-studenti-e-il-night-bus\\\/\"]}]},{\"@type\":\"ImageObject\",\"inLanguage\":\"fr-FR\",\"@id\":\"https:\\\/\\\/www.bellunopress.it\\\/2009\\\/08\\\/13\\\/provincia-variazione-di-bilancio-per-finanziare-il-fondo-di-solidarieta-labbonamento-unico-studenti-e-il-night-bus\\\/#primaryimage\",\"url\":\"http:\\\/\\\/www.bellunopress.it\\\/wp-content\\\/uploads\\\/2009\\\/08\\\/silver-de-zolt.jpg\",\"contentUrl\":\"http:\\\/\\\/www.bellunopress.it\\\/wp-content\\\/uploads\\\/2009\\\/08\\\/silver-de-zolt.jpg\"},{\"@type\":\"BreadcrumbList\",\"@id\":\"https:\\\/\\\/www.bellunopress.it\\\/2009\\\/08\\\/13\\\/provincia-variazione-di-bilancio-per-finanziare-il-fondo-di-solidarieta-labbonamento-unico-studenti-e-il-night-bus\\\/#breadcrumb\",\"itemListElement\":[{\"@type\":\"ListItem\",\"position\":1,\"name\":\"Home\",\"item\":\"https:\\\/\\\/www.bellunopress.it\\\/\"},{\"@type\":\"ListItem\",\"position\":2,\"name\":\"Provincia: variazione di bilancio per finanziare il Fondo di solidariet\u00e0, l&#8217;abbonamento Unico studenti e il Night Bus\"}]},{\"@type\":\"WebSite\",\"@id\":\"https:\\\/\\\/www.bellunopress.it\\\/#website\",\"url\":\"https:\\\/\\\/www.bellunopress.it\\\/\",\"name\":\"Bellunopress - Dolomiti\",\"description\":\"e-mail: redazione@bellunopress.it\",\"publisher\":{\"@id\":\"https:\\\/\\\/www.bellunopress.it\\\/#organization\"},\"potentialAction\":[{\"@type\":\"SearchAction\",\"target\":{\"@type\":\"EntryPoint\",\"urlTemplate\":\"https:\\\/\\\/www.bellunopress.it\\\/?s={search_term_string}\"},\"query-input\":{\"@type\":\"PropertyValueSpecification\",\"valueRequired\":true,\"valueName\":\"search_term_string\"}}],\"inLanguage\":\"fr-FR\"},{\"@type\":\"Organization\",\"@id\":\"https:\\\/\\\/www.bellunopress.it\\\/#organization\",\"name\":\"Bellunopress\",\"url\":\"https:\\\/\\\/www.bellunopress.it\\\/\",\"logo\":{\"@type\":\"ImageObject\",\"inLanguage\":\"fr-FR\",\"@id\":\"https:\\\/\\\/www.bellunopress.it\\\/#\\\/schema\\\/logo\\\/image\\\/\",\"url\":\"https:\\\/\\\/www.bellunopress.it\\\/wp-content\\\/uploads\\\/2011\\\/05\\\/cropped-logo-bellunopress-.jpg\",\"contentUrl\":\"https:\\\/\\\/www.bellunopress.it\\\/wp-content\\\/uploads\\\/2011\\\/05\\\/cropped-logo-bellunopress-.jpg\",\"width\":512,\"height\":512,\"caption\":\"Bellunopress\"},\"image\":{\"@id\":\"https:\\\/\\\/www.bellunopress.it\\\/#\\\/schema\\\/logo\\\/image\\\/\"},\"sameAs\":[\"https:\\\/\\\/www.facebook.com\\\/profile.php?id=100008943462799\",\"https:\\\/\\\/x.com\\\/bellunopress\",\"https:\\\/\\\/www.linkedin.com\\\/hp\\\/?dnr=JBzUWaJfMUw8vbXJJ2tVW5-I3jZKvC4wsoxE&amp;amp;amp;amp;amp;amp;trk=nav_responsive_tab_home\",\"https:\\\/\\\/www.youtube.com\\\/channel\\\/UCxL0wu1uN0_3_7hGG0306cw\"]},{\"@type\":\"Person\",\"@id\":\"https:\\\/\\\/www.bellunopress.it\\\/#\\\/schema\\\/person\\\/79bb06722b37ece1c03d3e94beb30d73\",\"name\":\"redazione\",\"image\":{\"@type\":\"ImageObject\",\"inLanguage\":\"fr-FR\",\"@id\":\"https:\\\/\\\/secure.gravatar.com\\\/avatar\\\/37d968a2e67a6fd04c169c4bdef102d0bc5d31b2546345219e348575eb80e9a0?s=96&d=mm&r=g\",\"url\":\"https:\\\/\\\/secure.gravatar.com\\\/avatar\\\/37d968a2e67a6fd04c169c4bdef102d0bc5d31b2546345219e348575eb80e9a0?s=96&d=mm&r=g\",\"contentUrl\":\"https:\\\/\\\/secure.gravatar.com\\\/avatar\\\/37d968a2e67a6fd04c169c4bdef102d0bc5d31b2546345219e348575eb80e9a0?s=96&d=mm&r=g\",\"caption\":\"redazione\"},\"sameAs\":[\"http:\\\/\\\/www.bellunopress.it\",\"https:\\\/\\\/x.com\\\/bellunopress\"],\"url\":\"https:\\\/\\\/www.bellunopress.it\\\/fr\\\/author\\\/redazione\\\/\"}]}<\/script>\n<!-- \/ Yoast SEO plugin. -->","yoast_head_json":{"title":"Provincia: variazione di bilancio per finanziare il Fondo di solidariet\u00e0, l'abbonamento Unico studenti e il Night Bus - Bellunopress - Dolomiti","robots":{"index":"index","follow":"follow","max-snippet":"max-snippet:-1","max-image-preview":"max-image-preview:large","max-video-preview":"max-video-preview:-1"},"canonical":"https:\/\/www.bellunopress.it\/fr\/2009\/08\/13\/provincia-variazione-di-bilancio-per-finanziare-il-fondo-di-solidarieta-labbonamento-unico-studenti-e-il-night-bus\/","og_locale":"fr_FR","og_type":"article","og_title":"Provincia: variazione di bilancio per finanziare il Fondo di solidariet\u00e0, l'abbonamento Unico studenti e il Night Bus - Bellunopress - Dolomiti","og_description":"La giunta provinciale, nella riunione di mercoled\u00ec, ha approvato la variazione di bilancio che assegna 250 mila euro per il Fondo di solidariet\u00e0, 250 mila euro per l\u2019abbonamento agevolato \u201cUnico studenti\u201de 44 mila euro per il servizio \u201cNight Bus\u201d. \u00abGrazie alla variazione al bilancio di previsione dell\u2019esercizio 2009 &#8211; spiega il presidente Gianpaolo Bottacin &#8211;\u00a0 [&hellip;]","og_url":"https:\/\/www.bellunopress.it\/fr\/2009\/08\/13\/provincia-variazione-di-bilancio-per-finanziare-il-fondo-di-solidarieta-labbonamento-unico-studenti-e-il-night-bus\/","og_site_name":"Bellunopress - Dolomiti","article_publisher":"https:\/\/www.facebook.com\/profile.php?id=100008943462799","article_published_time":"2009-08-13T16:28:34+00:00","og_image":[{"url":"http:\/\/www.bellunopress.it\/wp-content\/uploads\/2009\/08\/silver-de-zolt.jpg","type":"","width":"","height":""}],"author":"redazione","twitter_card":"summary_large_image","twitter_creator":"@bellunopress","twitter_site":"@bellunopress","twitter_misc":{"\u00c9crit par":"redazione","Dur\u00e9e de lecture estim\u00e9e":"1 minute"},"schema":{"@context":"https:\/\/schema.org","@graph":[{"@type":"Article","@id":"https:\/\/www.bellunopress.it\/2009\/08\/13\/provincia-variazione-di-bilancio-per-finanziare-il-fondo-di-solidarieta-labbonamento-unico-studenti-e-il-night-bus\/#article","isPartOf":{"@id":"https:\/\/www.bellunopress.it\/2009\/08\/13\/provincia-variazione-di-bilancio-per-finanziare-il-fondo-di-solidarieta-labbonamento-unico-studenti-e-il-night-bus\/"},"author":{"name":"redazione","@id":"https:\/\/www.bellunopress.it\/#\/schema\/person\/79bb06722b37ece1c03d3e94beb30d73"},"headline":"Provincia: variazione di bilancio per finanziare il Fondo di solidariet\u00e0, l&#8217;abbonamento Unico studenti e il Night Bus","datePublished":"2009-08-13T16:28:34+00:00","mainEntityOfPage":{"@id":"https:\/\/www.bellunopress.it\/2009\/08\/13\/provincia-variazione-di-bilancio-per-finanziare-il-fondo-di-solidarieta-labbonamento-unico-studenti-e-il-night-bus\/"},"wordCount":263,"publisher":{"@id":"https:\/\/www.bellunopress.it\/#organization"},"image":{"@id":"https:\/\/www.bellunopress.it\/2009\/08\/13\/provincia-variazione-di-bilancio-per-finanziare-il-fondo-di-solidarieta-labbonamento-unico-studenti-e-il-night-bus\/#primaryimage"},"thumbnailUrl":"http:\/\/www.bellunopress.it\/wp-content\/uploads\/2009\/08\/silver-de-zolt.jpg","keywords":["Belluno"],"articleSection":["Cronaca\/Politica"],"inLanguage":"fr-FR"},{"@type":"WebPage","@id":"https:\/\/www.bellunopress.it\/2009\/08\/13\/provincia-variazione-di-bilancio-per-finanziare-il-fondo-di-solidarieta-labbonamento-unico-studenti-e-il-night-bus\/","url":"https:\/\/www.bellunopress.it\/2009\/08\/13\/provincia-variazione-di-bilancio-per-finanziare-il-fondo-di-solidarieta-labbonamento-unico-studenti-e-il-night-bus\/","name":"Provincia: variazione di bilancio per finanziare il Fondo di solidariet\u00e0, l'abbonamento Unico studenti e il Night Bus - Bellunopress - Dolomiti","isPartOf":{"@id":"https:\/\/www.bellunopress.it\/#website"},"primaryImageOfPage":{"@id":"https:\/\/www.bellunopress.it\/2009\/08\/13\/provincia-variazione-di-bilancio-per-finanziare-il-fondo-di-solidarieta-labbonamento-unico-studenti-e-il-night-bus\/#primaryimage"},"image":{"@id":"https:\/\/www.bellunopress.it\/2009\/08\/13\/provincia-variazione-di-bilancio-per-finanziare-il-fondo-di-solidarieta-labbonamento-unico-studenti-e-il-night-bus\/#primaryimage"},"thumbnailUrl":"http:\/\/www.bellunopress.it\/wp-content\/uploads\/2009\/08\/silver-de-zolt.jpg","datePublished":"2009-08-13T16:28:34+00:00","breadcrumb":{"@id":"https:\/\/www.bellunopress.it\/2009\/08\/13\/provincia-variazione-di-bilancio-per-finanziare-il-fondo-di-solidarieta-labbonamento-unico-studenti-e-il-night-bus\/#breadcrumb"},"inLanguage":"fr-FR","potentialAction":[{"@type":"ReadAction","target":["https:\/\/www.bellunopress.it\/2009\/08\/13\/provincia-variazione-di-bilancio-per-finanziare-il-fondo-di-solidarieta-labbonamento-unico-studenti-e-il-night-bus\/"]}]},{"@type":"ImageObject","inLanguage":"fr-FR","@id":"https:\/\/www.bellunopress.it\/2009\/08\/13\/provincia-variazione-di-bilancio-per-finanziare-il-fondo-di-solidarieta-labbonamento-unico-studenti-e-il-night-bus\/#primaryimage","url":"http:\/\/www.bellunopress.it\/wp-content\/uploads\/2009\/08\/silver-de-zolt.jpg","contentUrl":"http:\/\/www.bellunopress.it\/wp-content\/uploads\/2009\/08\/silver-de-zolt.jpg"},{"@type":"BreadcrumbList","@id":"https:\/\/www.bellunopress.it\/2009\/08\/13\/provincia-variazione-di-bilancio-per-finanziare-il-fondo-di-solidarieta-labbonamento-unico-studenti-e-il-night-bus\/#breadcrumb","itemListElement":[{"@type":"ListItem","position":1,"name":"Home","item":"https:\/\/www.bellunopress.it\/"},{"@type":"ListItem","position":2,"name":"Provincia: variazione di bilancio per finanziare il Fondo di solidariet\u00e0, l&#8217;abbonamento Unico studenti e il Night Bus"}]},{"@type":"WebSite","@id":"https:\/\/www.bellunopress.it\/#website","url":"https:\/\/www.bellunopress.it\/","name":"Bellunopress - Dolomiti","description":"e-mail: redazione@bellunopress.it","publisher":{"@id":"https:\/\/www.bellunopress.it\/#organization"},"potentialAction":[{"@type":"SearchAction","target":{"@type":"EntryPoint","urlTemplate":"https:\/\/www.bellunopress.it\/?s={search_term_string}"},"query-input":{"@type":"PropertyValueSpecification","valueRequired":true,"valueName":"search_term_string"}}],"inLanguage":"fr-FR"},{"@type":"Organization","@id":"https:\/\/www.bellunopress.it\/#organization","name":"Bellunopress","url":"https:\/\/www.bellunopress.it\/","logo":{"@type":"ImageObject","inLanguage":"fr-FR","@id":"https:\/\/www.bellunopress.it\/#\/schema\/logo\/image\/","url":"https:\/\/www.bellunopress.it\/wp-content\/uploads\/2011\/05\/cropped-logo-bellunopress-.jpg","contentUrl":"https:\/\/www.bellunopress.it\/wp-content\/uploads\/2011\/05\/cropped-logo-bellunopress-.jpg","width":512,"height":512,"caption":"Bellunopress"},"image":{"@id":"https:\/\/www.bellunopress.it\/#\/schema\/logo\/image\/"},"sameAs":["https:\/\/www.facebook.com\/profile.php?id=100008943462799","https:\/\/x.com\/bellunopress","https:\/\/www.linkedin.com\/hp\/?dnr=JBzUWaJfMUw8vbXJJ2tVW5-I3jZKvC4wsoxE&amp;amp;amp;amp;amp;amp;trk=nav_responsive_tab_home","https:\/\/www.youtube.com\/channel\/UCxL0wu1uN0_3_7hGG0306cw"]},{"@type":"Person","@id":"https:\/\/www.bellunopress.it\/#\/schema\/person\/79bb06722b37ece1c03d3e94beb30d73","name":"r\u00e9daction","image":{"@type":"ImageObject","inLanguage":"fr-FR","@id":"https:\/\/secure.gravatar.com\/avatar\/37d968a2e67a6fd04c169c4bdef102d0bc5d31b2546345219e348575eb80e9a0?s=96&d=mm&r=g","url":"https:\/\/secure.gravatar.com\/avatar\/37d968a2e67a6fd04c169c4bdef102d0bc5d31b2546345219e348575eb80e9a0?s=96&d=mm&r=g","contentUrl":"https:\/\/secure.gravatar.com\/avatar\/37d968a2e67a6fd04c169c4bdef102d0bc5d31b2546345219e348575eb80e9a0?s=96&d=mm&r=g","caption":"redazione"},"sameAs":["http:\/\/www.bellunopress.it","https:\/\/x.com\/bellunopress"],"url":"https:\/\/www.bellunopress.it\/fr\/author\/redazione\/"}]}},"_links":{"self":[{"href":"https:\/\/www.bellunopress.it\/fr\/wp-json\/wp\/v2\/posts\/6978","targetHints":{"allow":["GET"]}}],"collection":[{"href":"https:\/\/www.bellunopress.it\/fr\/wp-json\/wp\/v2\/posts"}],"about":[{"href":"https:\/\/www.bellunopress.it\/fr\/wp-json\/wp\/v2\/types\/post"}],"author":[{"embeddable":true,"href":"https:\/\/www.bellunopress.it\/fr\/wp-json\/wp\/v2\/users\/2"}],"replies":[{"embeddable":true,"href":"https:\/\/www.bellunopress.it\/fr\/wp-json\/wp\/v2\/comments?post=6978"}],"version-history":[{"count":1,"href":"https:\/\/www.bellunopress.it\/fr\/wp-json\/wp\/v2\/posts\/6978\/revisions"}],"predecessor-version":[{"id":6980,"href":"https:\/\/www.bellunopress.it\/fr\/wp-json\/wp\/v2\/posts\/6978\/revisions\/6980"}],"wp:attachment":[{"href":"https:\/\/www.bellunopress.it\/fr\/wp-json\/wp\/v2\/media?parent=6978"}],"wp:term":[{"taxonomy":"category","embeddable":true,"href":"https:\/\/www.bellunopress.it\/fr\/wp-json\/wp\/v2\/categories?post=6978"},{"taxonomy":"post_tag","embeddable":true,"href":"https:\/\/www.bellunopress.it\/fr\/wp-json\/wp\/v2\/tags?post=6978"}],"curies":[{"name":"wp","href":"https:\/\/api.w.org\/{rel}","templated":true}]}}