{"id":6932,"date":"2009-08-11T17:39:35","date_gmt":"2009-08-11T16:39:35","guid":{"rendered":"http:\/\/www.bellunopress.it\/?p=6932"},"modified":"2009-08-11T17:39:35","modified_gmt":"2009-08-11T16:39:35","slug":"frana-di-borca-di-cadore-le-precisazioni-di-valerio-tabacchi-per-progetto-borca","status":"publish","type":"post","link":"https:\/\/www.bellunopress.it\/fr\/2009\/08\/11\/frana-di-borca-di-cadore-le-precisazioni-di-valerio-tabacchi-per-progetto-borca\/","title":{"rendered":"Frana di Borca di Cadore, le precisazioni di Valerio Tabacchi per &#8220;Progetto Borca&#8221;"},"content":{"rendered":"<p>Sulla polemica apparsa nella stampa locale in relazione alla frana di Borca di Cadore, interviene Valerio Tabacchi, in rappresentanza del &#8220;Progetto Borca&#8221;, per alcune precisazioni.<br \/>\n&#8220;Avendo letto le lettere del sig. Cherubino Miana e del sig. Alberto Molin che si riferiscono al mio intervento di sabato scorso &#8211; scrive Tabacchi &#8211;\u00a0 con la presente intendo precisare quanto segue: la memoria sar\u00e0 anche cattiva relativamente alla frana di Borca, ma nuove costruzioni o ampliamenti dell\u2019esistente a Cancia sono stati concessi\u00a0 anche dopo il 1960. Addirittura dopo la frana di 13 anni fa e qui casca l\u2019asino visto che l\u2019attuale Sindaco, allora faceva gi\u00e0 l\u2019Assessore e dunque non pu\u00f2 essere giustificato come pare di capire dalla lettera del sig. Miana.<br \/>\nnessuno diventa professore, sta di fatto che la mia famiglia, sia per discendenza paterna che materna, ha vissuto sotto la frana di Borca. Mio nonno, che oggi non c\u2019\u00e8 pi\u00f9, 13 anni fa \u00e8 stato portato in salvo sulle spalle da mio padre e mia pro zia quest\u2019anno \u00e8 stata sfollata a Valle di Cadore. Pertanto la realt\u00e0 vissuta la conosco meglio del sig.Molin che non mi risulta risieda a Borca. Mi dispiace dissentire dal sig. Molin quando parla di strumentalizzazioni politiche, non penso lo sia chiedere una risposta alla richiesta di convocazione urgente del Consiglio Comunale che \u00e8 stata presentata 20 venti giorni fa e che il Sindaco non ha esaminato in quanto in ferie. La gente vuole sapere perch\u00e9 l\u2019attuale maggioranza che governa da 14 anni a Borca non \u00e8 riuscita ad ottenere una soluzione per rendere pi\u00f9 serena la vita di 450 abitanti e cosa intende fare d\u2019ora in avanti. Il problema, e lo ribadisco, \u00e8 che a tutt\u2019oggi non si \u00e8 capito se l\u2019Amministrazione\u00a0 sia favorevole alla costruzione di un invaso pi\u00f9 grande oppure sia contraria come il Comitato. Mi dispiace, ma con tutto il rispetto, non avere questa risposta ma sapere che i nostri amministratori partecipino valentemente alle riunioni con gli amici della Santanch\u00e8 non \u00e8 abbastanza per rassicurare me o gli altri cittadini di Borca&#8221;.<\/p>","protected":false},"excerpt":{"rendered":"<p>Sulla polemica apparsa nella stampa locale in relazione alla frana di Borca di Cadore, interviene Valerio Tabacchi, in rappresentanza del &#8220;Progetto Borca&#8221;, per alcune precisazioni. &#8220;Avendo letto le lettere del sig. Cherubino Miana e del sig. Alberto Molin che si riferiscono al mio intervento di sabato scorso &#8211; scrive Tabacchi &#8211;\u00a0 con la presente intendo [&hellip;]<\/p>\n","protected":false},"author":2,"featured_media":0,"comment_status":"closed","ping_status":"open","sticky":false,"template":"","format":"standard","meta":{"footnotes":""},"categories":[5,26],"tags":[151],"class_list":["post-6932","post","type-post","status-publish","format-standard","category-cronaca","category-prima-pagina","tag-cadore"],"yoast_head":"<!-- This site is optimized with the Yoast SEO plugin v28.4 - https:\/\/yoast.com\/product\/yoast-seo-wordpress\/ -->\n<title>Frana di Borca di Cadore, le precisazioni di Valerio Tabacchi per &quot;Progetto Borca&quot; - Bellunopress - Dolomiti<\/title>\n<meta name=\"robots\" content=\"index, follow, max-snippet:-1, max-image-preview:large, max-video-preview:-1\" \/>\n<link rel=\"canonical\" href=\"https:\/\/www.bellunopress.it\/fr\/2009\/08\/11\/frana-di-borca-di-cadore-le-precisazioni-di-valerio-tabacchi-per-progetto-borca\/\" \/>\n<meta property=\"og:locale\" content=\"fr_FR\" \/>\n<meta property=\"og:type\" content=\"article\" \/>\n<meta property=\"og:title\" content=\"Frana di Borca di Cadore, le precisazioni di Valerio Tabacchi per &quot;Progetto Borca&quot; - Bellunopress - Dolomiti\" \/>\n<meta property=\"og:description\" content=\"Sulla polemica apparsa nella stampa locale in relazione alla frana di Borca di Cadore, interviene Valerio Tabacchi, in rappresentanza del &#8220;Progetto Borca&#8221;, per alcune precisazioni. &#8220;Avendo letto le lettere del sig. Cherubino Miana e del sig. Alberto Molin che si riferiscono al mio intervento di sabato scorso &#8211; scrive Tabacchi &#8211;\u00a0 con la presente intendo [&hellip;]\" \/>\n<meta property=\"og:url\" content=\"https:\/\/www.bellunopress.it\/fr\/2009\/08\/11\/frana-di-borca-di-cadore-le-precisazioni-di-valerio-tabacchi-per-progetto-borca\/\" \/>\n<meta property=\"og:site_name\" content=\"Bellunopress - Dolomiti\" \/>\n<meta property=\"article:publisher\" content=\"https:\/\/www.facebook.com\/profile.php?id=100008943462799\" \/>\n<meta property=\"article:published_time\" content=\"2009-08-11T16:39:35+00:00\" \/>\n<meta property=\"og:image\" content=\"http:\/\/www.bellunopress.it\/wp-content\/uploads\/2012\/07\/logo-bellunopress-250x250-2012.jpg\" \/>\n<meta name=\"author\" content=\"redazione\" \/>\n<meta name=\"twitter:card\" content=\"summary_large_image\" \/>\n<meta name=\"twitter:creator\" content=\"@bellunopress\" \/>\n<meta name=\"twitter:site\" content=\"@bellunopress\" \/>\n<meta name=\"twitter:label1\" content=\"\u00c9crit par\" \/>\n\t<meta name=\"twitter:data1\" content=\"redazione\" \/>\n\t<meta name=\"twitter:label2\" content=\"Dur\u00e9e de lecture estim\u00e9e\" \/>\n\t<meta name=\"twitter:data2\" content=\"2 minutes\" \/>\n<script type=\"application\/ld+json\" class=\"yoast-schema-graph\">{\"@context\":\"https:\\\/\\\/schema.org\",\"@graph\":[{\"@type\":\"Article\",\"@id\":\"https:\\\/\\\/www.bellunopress.it\\\/2009\\\/08\\\/11\\\/frana-di-borca-di-cadore-le-precisazioni-di-valerio-tabacchi-per-progetto-borca\\\/#article\",\"isPartOf\":{\"@id\":\"https:\\\/\\\/www.bellunopress.it\\\/2009\\\/08\\\/11\\\/frana-di-borca-di-cadore-le-precisazioni-di-valerio-tabacchi-per-progetto-borca\\\/\"},\"author\":{\"name\":\"redazione\",\"@id\":\"https:\\\/\\\/www.bellunopress.it\\\/#\\\/schema\\\/person\\\/79bb06722b37ece1c03d3e94beb30d73\"},\"headline\":\"Frana di Borca di Cadore, le precisazioni di Valerio Tabacchi per &#8220;Progetto Borca&#8221;\",\"datePublished\":\"2009-08-11T16:39:35+00:00\",\"mainEntityOfPage\":{\"@id\":\"https:\\\/\\\/www.bellunopress.it\\\/2009\\\/08\\\/11\\\/frana-di-borca-di-cadore-le-precisazioni-di-valerio-tabacchi-per-progetto-borca\\\/\"},\"wordCount\":349,\"publisher\":{\"@id\":\"https:\\\/\\\/www.bellunopress.it\\\/#organization\"},\"keywords\":[\"Cadore\"],\"articleSection\":[\"Cronaca\\\/Politica\",\"Prima Pagina\"],\"inLanguage\":\"fr-FR\"},{\"@type\":\"WebPage\",\"@id\":\"https:\\\/\\\/www.bellunopress.it\\\/2009\\\/08\\\/11\\\/frana-di-borca-di-cadore-le-precisazioni-di-valerio-tabacchi-per-progetto-borca\\\/\",\"url\":\"https:\\\/\\\/www.bellunopress.it\\\/2009\\\/08\\\/11\\\/frana-di-borca-di-cadore-le-precisazioni-di-valerio-tabacchi-per-progetto-borca\\\/\",\"name\":\"Frana di Borca di Cadore, le precisazioni di Valerio Tabacchi per \\\"Progetto Borca\\\" - Bellunopress - Dolomiti\",\"isPartOf\":{\"@id\":\"https:\\\/\\\/www.bellunopress.it\\\/#website\"},\"datePublished\":\"2009-08-11T16:39:35+00:00\",\"breadcrumb\":{\"@id\":\"https:\\\/\\\/www.bellunopress.it\\\/2009\\\/08\\\/11\\\/frana-di-borca-di-cadore-le-precisazioni-di-valerio-tabacchi-per-progetto-borca\\\/#breadcrumb\"},\"inLanguage\":\"fr-FR\",\"potentialAction\":[{\"@type\":\"ReadAction\",\"target\":[\"https:\\\/\\\/www.bellunopress.it\\\/2009\\\/08\\\/11\\\/frana-di-borca-di-cadore-le-precisazioni-di-valerio-tabacchi-per-progetto-borca\\\/\"]}]},{\"@type\":\"BreadcrumbList\",\"@id\":\"https:\\\/\\\/www.bellunopress.it\\\/2009\\\/08\\\/11\\\/frana-di-borca-di-cadore-le-precisazioni-di-valerio-tabacchi-per-progetto-borca\\\/#breadcrumb\",\"itemListElement\":[{\"@type\":\"ListItem\",\"position\":1,\"name\":\"Home\",\"item\":\"https:\\\/\\\/www.bellunopress.it\\\/\"},{\"@type\":\"ListItem\",\"position\":2,\"name\":\"Frana di Borca di Cadore, le precisazioni di Valerio Tabacchi per &#8220;Progetto Borca&#8221;\"}]},{\"@type\":\"WebSite\",\"@id\":\"https:\\\/\\\/www.bellunopress.it\\\/#website\",\"url\":\"https:\\\/\\\/www.bellunopress.it\\\/\",\"name\":\"Bellunopress - Dolomiti\",\"description\":\"e-mail: redazione@bellunopress.it\",\"publisher\":{\"@id\":\"https:\\\/\\\/www.bellunopress.it\\\/#organization\"},\"potentialAction\":[{\"@type\":\"SearchAction\",\"target\":{\"@type\":\"EntryPoint\",\"urlTemplate\":\"https:\\\/\\\/www.bellunopress.it\\\/?s={search_term_string}\"},\"query-input\":{\"@type\":\"PropertyValueSpecification\",\"valueRequired\":true,\"valueName\":\"search_term_string\"}}],\"inLanguage\":\"fr-FR\"},{\"@type\":\"Organization\",\"@id\":\"https:\\\/\\\/www.bellunopress.it\\\/#organization\",\"name\":\"Bellunopress\",\"url\":\"https:\\\/\\\/www.bellunopress.it\\\/\",\"logo\":{\"@type\":\"ImageObject\",\"inLanguage\":\"fr-FR\",\"@id\":\"https:\\\/\\\/www.bellunopress.it\\\/#\\\/schema\\\/logo\\\/image\\\/\",\"url\":\"https:\\\/\\\/www.bellunopress.it\\\/wp-content\\\/uploads\\\/2011\\\/05\\\/cropped-logo-bellunopress-.jpg\",\"contentUrl\":\"https:\\\/\\\/www.bellunopress.it\\\/wp-content\\\/uploads\\\/2011\\\/05\\\/cropped-logo-bellunopress-.jpg\",\"width\":512,\"height\":512,\"caption\":\"Bellunopress\"},\"image\":{\"@id\":\"https:\\\/\\\/www.bellunopress.it\\\/#\\\/schema\\\/logo\\\/image\\\/\"},\"sameAs\":[\"https:\\\/\\\/www.facebook.com\\\/profile.php?id=100008943462799\",\"https:\\\/\\\/x.com\\\/bellunopress\",\"https:\\\/\\\/www.linkedin.com\\\/hp\\\/?dnr=JBzUWaJfMUw8vbXJJ2tVW5-I3jZKvC4wsoxE&amp;amp;amp;amp;amp;amp;trk=nav_responsive_tab_home\",\"https:\\\/\\\/www.youtube.com\\\/channel\\\/UCxL0wu1uN0_3_7hGG0306cw\"]},{\"@type\":\"Person\",\"@id\":\"https:\\\/\\\/www.bellunopress.it\\\/#\\\/schema\\\/person\\\/79bb06722b37ece1c03d3e94beb30d73\",\"name\":\"redazione\",\"image\":{\"@type\":\"ImageObject\",\"inLanguage\":\"fr-FR\",\"@id\":\"https:\\\/\\\/secure.gravatar.com\\\/avatar\\\/37d968a2e67a6fd04c169c4bdef102d0bc5d31b2546345219e348575eb80e9a0?s=96&d=mm&r=g\",\"url\":\"https:\\\/\\\/secure.gravatar.com\\\/avatar\\\/37d968a2e67a6fd04c169c4bdef102d0bc5d31b2546345219e348575eb80e9a0?s=96&d=mm&r=g\",\"contentUrl\":\"https:\\\/\\\/secure.gravatar.com\\\/avatar\\\/37d968a2e67a6fd04c169c4bdef102d0bc5d31b2546345219e348575eb80e9a0?s=96&d=mm&r=g\",\"caption\":\"redazione\"},\"sameAs\":[\"http:\\\/\\\/www.bellunopress.it\",\"https:\\\/\\\/x.com\\\/bellunopress\"],\"url\":\"https:\\\/\\\/www.bellunopress.it\\\/fr\\\/author\\\/redazione\\\/\"}]}<\/script>\n<!-- \/ Yoast SEO plugin. -->","yoast_head_json":{"title":"Frana di Borca di Cadore, le precisazioni di Valerio Tabacchi per \"Progetto Borca\" - Bellunopress - Dolomiti","robots":{"index":"index","follow":"follow","max-snippet":"max-snippet:-1","max-image-preview":"max-image-preview:large","max-video-preview":"max-video-preview:-1"},"canonical":"https:\/\/www.bellunopress.it\/fr\/2009\/08\/11\/frana-di-borca-di-cadore-le-precisazioni-di-valerio-tabacchi-per-progetto-borca\/","og_locale":"fr_FR","og_type":"article","og_title":"Frana di Borca di Cadore, le precisazioni di Valerio Tabacchi per \"Progetto Borca\" - Bellunopress - Dolomiti","og_description":"Sulla polemica apparsa nella stampa locale in relazione alla frana di Borca di Cadore, interviene Valerio Tabacchi, in rappresentanza del &#8220;Progetto Borca&#8221;, per alcune precisazioni. &#8220;Avendo letto le lettere del sig. Cherubino Miana e del sig. Alberto Molin che si riferiscono al mio intervento di sabato scorso &#8211; scrive Tabacchi &#8211;\u00a0 con la presente intendo [&hellip;]","og_url":"https:\/\/www.bellunopress.it\/fr\/2009\/08\/11\/frana-di-borca-di-cadore-le-precisazioni-di-valerio-tabacchi-per-progetto-borca\/","og_site_name":"Bellunopress - Dolomiti","article_publisher":"https:\/\/www.facebook.com\/profile.php?id=100008943462799","article_published_time":"2009-08-11T16:39:35+00:00","og_image":[{"url":"http:\/\/www.bellunopress.it\/wp-content\/uploads\/2012\/07\/logo-bellunopress-250x250-2012.jpg","type":"","width":"","height":""}],"author":"redazione","twitter_card":"summary_large_image","twitter_creator":"@bellunopress","twitter_site":"@bellunopress","twitter_misc":{"\u00c9crit par":"redazione","Dur\u00e9e de lecture estim\u00e9e":"2 minutes"},"schema":{"@context":"https:\/\/schema.org","@graph":[{"@type":"Article","@id":"https:\/\/www.bellunopress.it\/2009\/08\/11\/frana-di-borca-di-cadore-le-precisazioni-di-valerio-tabacchi-per-progetto-borca\/#article","isPartOf":{"@id":"https:\/\/www.bellunopress.it\/2009\/08\/11\/frana-di-borca-di-cadore-le-precisazioni-di-valerio-tabacchi-per-progetto-borca\/"},"author":{"name":"redazione","@id":"https:\/\/www.bellunopress.it\/#\/schema\/person\/79bb06722b37ece1c03d3e94beb30d73"},"headline":"Frana di Borca di Cadore, le precisazioni di Valerio Tabacchi per &#8220;Progetto Borca&#8221;","datePublished":"2009-08-11T16:39:35+00:00","mainEntityOfPage":{"@id":"https:\/\/www.bellunopress.it\/2009\/08\/11\/frana-di-borca-di-cadore-le-precisazioni-di-valerio-tabacchi-per-progetto-borca\/"},"wordCount":349,"publisher":{"@id":"https:\/\/www.bellunopress.it\/#organization"},"keywords":["Cadore"],"articleSection":["Cronaca\/Politica","Prima Pagina"],"inLanguage":"fr-FR"},{"@type":"WebPage","@id":"https:\/\/www.bellunopress.it\/2009\/08\/11\/frana-di-borca-di-cadore-le-precisazioni-di-valerio-tabacchi-per-progetto-borca\/","url":"https:\/\/www.bellunopress.it\/2009\/08\/11\/frana-di-borca-di-cadore-le-precisazioni-di-valerio-tabacchi-per-progetto-borca\/","name":"Frana di Borca di Cadore, le precisazioni di Valerio Tabacchi per \"Progetto Borca\" - Bellunopress - Dolomiti","isPartOf":{"@id":"https:\/\/www.bellunopress.it\/#website"},"datePublished":"2009-08-11T16:39:35+00:00","breadcrumb":{"@id":"https:\/\/www.bellunopress.it\/2009\/08\/11\/frana-di-borca-di-cadore-le-precisazioni-di-valerio-tabacchi-per-progetto-borca\/#breadcrumb"},"inLanguage":"fr-FR","potentialAction":[{"@type":"ReadAction","target":["https:\/\/www.bellunopress.it\/2009\/08\/11\/frana-di-borca-di-cadore-le-precisazioni-di-valerio-tabacchi-per-progetto-borca\/"]}]},{"@type":"BreadcrumbList","@id":"https:\/\/www.bellunopress.it\/2009\/08\/11\/frana-di-borca-di-cadore-le-precisazioni-di-valerio-tabacchi-per-progetto-borca\/#breadcrumb","itemListElement":[{"@type":"ListItem","position":1,"name":"Home","item":"https:\/\/www.bellunopress.it\/"},{"@type":"ListItem","position":2,"name":"Frana di Borca di Cadore, le precisazioni di Valerio Tabacchi per &#8220;Progetto Borca&#8221;"}]},{"@type":"WebSite","@id":"https:\/\/www.bellunopress.it\/#website","url":"https:\/\/www.bellunopress.it\/","name":"Bellunopress - Dolomiti","description":"e-mail: redazione@bellunopress.it","publisher":{"@id":"https:\/\/www.bellunopress.it\/#organization"},"potentialAction":[{"@type":"SearchAction","target":{"@type":"EntryPoint","urlTemplate":"https:\/\/www.bellunopress.it\/?s={search_term_string}"},"query-input":{"@type":"PropertyValueSpecification","valueRequired":true,"valueName":"search_term_string"}}],"inLanguage":"fr-FR"},{"@type":"Organization","@id":"https:\/\/www.bellunopress.it\/#organization","name":"Bellunopress","url":"https:\/\/www.bellunopress.it\/","logo":{"@type":"ImageObject","inLanguage":"fr-FR","@id":"https:\/\/www.bellunopress.it\/#\/schema\/logo\/image\/","url":"https:\/\/www.bellunopress.it\/wp-content\/uploads\/2011\/05\/cropped-logo-bellunopress-.jpg","contentUrl":"https:\/\/www.bellunopress.it\/wp-content\/uploads\/2011\/05\/cropped-logo-bellunopress-.jpg","width":512,"height":512,"caption":"Bellunopress"},"image":{"@id":"https:\/\/www.bellunopress.it\/#\/schema\/logo\/image\/"},"sameAs":["https:\/\/www.facebook.com\/profile.php?id=100008943462799","https:\/\/x.com\/bellunopress","https:\/\/www.linkedin.com\/hp\/?dnr=JBzUWaJfMUw8vbXJJ2tVW5-I3jZKvC4wsoxE&amp;amp;amp;amp;amp;amp;trk=nav_responsive_tab_home","https:\/\/www.youtube.com\/channel\/UCxL0wu1uN0_3_7hGG0306cw"]},{"@type":"Person","@id":"https:\/\/www.bellunopress.it\/#\/schema\/person\/79bb06722b37ece1c03d3e94beb30d73","name":"r\u00e9daction","image":{"@type":"ImageObject","inLanguage":"fr-FR","@id":"https:\/\/secure.gravatar.com\/avatar\/37d968a2e67a6fd04c169c4bdef102d0bc5d31b2546345219e348575eb80e9a0?s=96&d=mm&r=g","url":"https:\/\/secure.gravatar.com\/avatar\/37d968a2e67a6fd04c169c4bdef102d0bc5d31b2546345219e348575eb80e9a0?s=96&d=mm&r=g","contentUrl":"https:\/\/secure.gravatar.com\/avatar\/37d968a2e67a6fd04c169c4bdef102d0bc5d31b2546345219e348575eb80e9a0?s=96&d=mm&r=g","caption":"redazione"},"sameAs":["http:\/\/www.bellunopress.it","https:\/\/x.com\/bellunopress"],"url":"https:\/\/www.bellunopress.it\/fr\/author\/redazione\/"}]}},"_links":{"self":[{"href":"https:\/\/www.bellunopress.it\/fr\/wp-json\/wp\/v2\/posts\/6932","targetHints":{"allow":["GET"]}}],"collection":[{"href":"https:\/\/www.bellunopress.it\/fr\/wp-json\/wp\/v2\/posts"}],"about":[{"href":"https:\/\/www.bellunopress.it\/fr\/wp-json\/wp\/v2\/types\/post"}],"author":[{"embeddable":true,"href":"https:\/\/www.bellunopress.it\/fr\/wp-json\/wp\/v2\/users\/2"}],"replies":[{"embeddable":true,"href":"https:\/\/www.bellunopress.it\/fr\/wp-json\/wp\/v2\/comments?post=6932"}],"version-history":[{"count":1,"href":"https:\/\/www.bellunopress.it\/fr\/wp-json\/wp\/v2\/posts\/6932\/revisions"}],"predecessor-version":[{"id":6933,"href":"https:\/\/www.bellunopress.it\/fr\/wp-json\/wp\/v2\/posts\/6932\/revisions\/6933"}],"wp:attachment":[{"href":"https:\/\/www.bellunopress.it\/fr\/wp-json\/wp\/v2\/media?parent=6932"}],"wp:term":[{"taxonomy":"category","embeddable":true,"href":"https:\/\/www.bellunopress.it\/fr\/wp-json\/wp\/v2\/categories?post=6932"},{"taxonomy":"post_tag","embeddable":true,"href":"https:\/\/www.bellunopress.it\/fr\/wp-json\/wp\/v2\/tags?post=6932"}],"curies":[{"name":"wp","href":"https:\/\/api.w.org\/{rel}","templated":true}]}}