{"id":6930,"date":"2009-08-11T17:33:21","date_gmt":"2009-08-11T16:33:21","guid":{"rendered":"http:\/\/www.bellunopress.it\/?p=6930"},"modified":"2009-08-11T17:33:21","modified_gmt":"2009-08-11T16:33:21","slug":"de-bona-forte-impegno-della-regione-per-l%e2%80%99integrazione-degli-immigrati-regolari","status":"publish","type":"post","link":"https:\/\/www.bellunopress.it\/fr\/2009\/08\/11\/de-bona-forte-impegno-della-regione-per-l%e2%80%99integrazione-degli-immigrati-regolari\/","title":{"rendered":"De Bona: forte impegno della Regione per l\u2019integrazione degli immigrati regolari"},"content":{"rendered":"<p>Una serie di\u00a0 provvedimenti destinati all\u2019accoglienza e all\u2019integrazione di immigrati regolari nel territorio veneto sono stati approvati dalla Giunta regionale su iniziativa dell\u2019assessore alle Politiche dei Flussi migratori, Oscar De Bona.\u00a0 \u00abSi tratta dell\u2019attuazione \u2013 spiega De Bona \u2013 delle azioni previste nell\u2019area di intervento per la gestione e l\u2019accoglienza dei flussi migratori legali per motivi di lavoro, per programmi formativi propedeutici all\u2019integrazione e per iniziative in ambito scolastico\u00bb. Un importante impegno finanziario infatti, ripartito tra le Conferenze dei sindaci del Veneto (nel Bellunese all\u2019Ulss 1 \u20ac. 72.621 a all\u2019Ulss 2 \u20ac. 55.475), \u00e8 rivolto al settore dell\u2019integrazione sociale e scolastica dei figli degli immigrati.\u00a0 \u00abConsiderata la crescente presenza di alunni nelle scuole del Veneto \u2013 precisa l\u2019assessore \u2013 saranno sostenuti in via prioritaria interventi per attivare corsi di facilitazione linguistica e progetti di conoscenza delle diverse culture. Contestualmente si terranno lezioni per la formazione e l\u2019aggiornamento degli insegnanti e degli operatori della scuola\u00bb. Appartiene all\u2019area \u201cFormazione\u201d, assegnata alle Province, il sostegno al processo di integrazione sociale e lavorativa degli immigrati adulti regolarmente presenti sul territorio attraverso programmi di insegnamento della lingua, della cultura e dell\u2019educazione civica italiana; di informazione sulle sicurezza nei luoghi di lavoro; di formazione e aggiornamento degli operatori di servizi, mediatori linguistico-culturali, operatori di sportello e on-line. Sempre per quanto riguarda le politiche a favore degli stranieri adulti in Veneto per motivi di lavoro, la Giunta di palazzo Balbi ha affidato anche per il 2009 all\u2019ente regionale Veneto Lavoro la realizzazione di azioni per garantire e sviluppare i servizi di informazione e di assistenza tecnica offerti dallo Sportello Rientro, per diffondere il Patto di accoglienza e altri strumenti formativi presso le associazioni degli immigrati iscritte al Registro regionale, per consolidare i tavoli tecnici con gli operatori locali dei Paesi d\u2019origine degli stranieri per lo scambio di informazioni.<\/p>","protected":false},"excerpt":{"rendered":"<p>Una serie di\u00a0 provvedimenti destinati all\u2019accoglienza e all\u2019integrazione di immigrati regolari nel territorio veneto sono stati approvati dalla Giunta regionale su iniziativa dell\u2019assessore alle Politiche dei Flussi migratori, Oscar De Bona.\u00a0 \u00abSi tratta dell\u2019attuazione \u2013 spiega De Bona \u2013 delle azioni previste nell\u2019area di intervento per la gestione e l\u2019accoglienza dei flussi migratori legali per [&hellip;]<\/p>\n","protected":false},"author":2,"featured_media":0,"comment_status":"closed","ping_status":"open","sticky":false,"template":"","format":"standard","meta":{"footnotes":""},"categories":[5,26],"tags":[],"class_list":["post-6930","post","type-post","status-publish","format-standard","category-cronaca","category-prima-pagina"],"yoast_head":"<!-- This site is optimized with the Yoast SEO plugin v28.4 - https:\/\/yoast.com\/product\/yoast-seo-wordpress\/ -->\n<title>De Bona: forte impegno della Regione per l\u2019integrazione degli immigrati regolari - Bellunopress - Dolomiti<\/title>\n<meta name=\"robots\" content=\"index, follow, max-snippet:-1, max-image-preview:large, max-video-preview:-1\" \/>\n<link rel=\"canonical\" href=\"https:\/\/www.bellunopress.it\/fr\/2009\/08\/11\/de-bona-forte-impegno-della-regione-per-l\u2019integrazione-degli-immigrati-regolari\/\" \/>\n<meta property=\"og:locale\" content=\"fr_FR\" \/>\n<meta property=\"og:type\" content=\"article\" \/>\n<meta property=\"og:title\" content=\"De Bona: forte impegno della Regione per l\u2019integrazione degli immigrati regolari - Bellunopress - Dolomiti\" \/>\n<meta property=\"og:description\" content=\"Una serie di\u00a0 provvedimenti destinati all\u2019accoglienza e all\u2019integrazione di immigrati regolari nel territorio veneto sono stati approvati dalla Giunta regionale su iniziativa dell\u2019assessore alle Politiche dei Flussi migratori, Oscar De Bona.\u00a0 \u00abSi tratta dell\u2019attuazione \u2013 spiega De Bona \u2013 delle azioni previste nell\u2019area di intervento per la gestione e l\u2019accoglienza dei flussi migratori legali per [&hellip;]\" \/>\n<meta property=\"og:url\" content=\"https:\/\/www.bellunopress.it\/fr\/2009\/08\/11\/de-bona-forte-impegno-della-regione-per-l\u2019integrazione-degli-immigrati-regolari\/\" \/>\n<meta property=\"og:site_name\" content=\"Bellunopress - Dolomiti\" \/>\n<meta property=\"article:publisher\" content=\"https:\/\/www.facebook.com\/profile.php?id=100008943462799\" \/>\n<meta property=\"article:published_time\" content=\"2009-08-11T16:33:21+00:00\" \/>\n<meta property=\"og:image\" content=\"http:\/\/www.bellunopress.it\/wp-content\/uploads\/2012\/07\/logo-bellunopress-250x250-2012.jpg\" \/>\n<meta name=\"author\" content=\"redazione\" \/>\n<meta name=\"twitter:card\" content=\"summary_large_image\" \/>\n<meta name=\"twitter:creator\" content=\"@bellunopress\" \/>\n<meta name=\"twitter:site\" content=\"@bellunopress\" \/>\n<meta name=\"twitter:label1\" content=\"\u00c9crit par\" \/>\n\t<meta name=\"twitter:data1\" content=\"redazione\" \/>\n\t<meta name=\"twitter:label2\" content=\"Dur\u00e9e de lecture estim\u00e9e\" \/>\n\t<meta name=\"twitter:data2\" content=\"2 minutes\" \/>\n<script type=\"application\/ld+json\" class=\"yoast-schema-graph\">{\"@context\":\"https:\\\/\\\/schema.org\",\"@graph\":[{\"@type\":\"Article\",\"@id\":\"https:\\\/\\\/www.bellunopress.it\\\/2009\\\/08\\\/11\\\/de-bona-forte-impegno-della-regione-per-l%e2%80%99integrazione-degli-immigrati-regolari\\\/#article\",\"isPartOf\":{\"@id\":\"https:\\\/\\\/www.bellunopress.it\\\/2009\\\/08\\\/11\\\/de-bona-forte-impegno-della-regione-per-l%e2%80%99integrazione-degli-immigrati-regolari\\\/\"},\"author\":{\"name\":\"redazione\",\"@id\":\"https:\\\/\\\/www.bellunopress.it\\\/#\\\/schema\\\/person\\\/79bb06722b37ece1c03d3e94beb30d73\"},\"headline\":\"De Bona: forte impegno della Regione per l\u2019integrazione degli immigrati regolari\",\"datePublished\":\"2009-08-11T16:33:21+00:00\",\"mainEntityOfPage\":{\"@id\":\"https:\\\/\\\/www.bellunopress.it\\\/2009\\\/08\\\/11\\\/de-bona-forte-impegno-della-regione-per-l%e2%80%99integrazione-degli-immigrati-regolari\\\/\"},\"wordCount\":317,\"publisher\":{\"@id\":\"https:\\\/\\\/www.bellunopress.it\\\/#organization\"},\"articleSection\":[\"Cronaca\\\/Politica\",\"Prima Pagina\"],\"inLanguage\":\"fr-FR\"},{\"@type\":\"WebPage\",\"@id\":\"https:\\\/\\\/www.bellunopress.it\\\/2009\\\/08\\\/11\\\/de-bona-forte-impegno-della-regione-per-l%e2%80%99integrazione-degli-immigrati-regolari\\\/\",\"url\":\"https:\\\/\\\/www.bellunopress.it\\\/2009\\\/08\\\/11\\\/de-bona-forte-impegno-della-regione-per-l%e2%80%99integrazione-degli-immigrati-regolari\\\/\",\"name\":\"De Bona: forte impegno della Regione per l\u2019integrazione degli immigrati regolari - Bellunopress - Dolomiti\",\"isPartOf\":{\"@id\":\"https:\\\/\\\/www.bellunopress.it\\\/#website\"},\"datePublished\":\"2009-08-11T16:33:21+00:00\",\"breadcrumb\":{\"@id\":\"https:\\\/\\\/www.bellunopress.it\\\/2009\\\/08\\\/11\\\/de-bona-forte-impegno-della-regione-per-l%e2%80%99integrazione-degli-immigrati-regolari\\\/#breadcrumb\"},\"inLanguage\":\"fr-FR\",\"potentialAction\":[{\"@type\":\"ReadAction\",\"target\":[\"https:\\\/\\\/www.bellunopress.it\\\/2009\\\/08\\\/11\\\/de-bona-forte-impegno-della-regione-per-l%e2%80%99integrazione-degli-immigrati-regolari\\\/\"]}]},{\"@type\":\"BreadcrumbList\",\"@id\":\"https:\\\/\\\/www.bellunopress.it\\\/2009\\\/08\\\/11\\\/de-bona-forte-impegno-della-regione-per-l%e2%80%99integrazione-degli-immigrati-regolari\\\/#breadcrumb\",\"itemListElement\":[{\"@type\":\"ListItem\",\"position\":1,\"name\":\"Home\",\"item\":\"https:\\\/\\\/www.bellunopress.it\\\/\"},{\"@type\":\"ListItem\",\"position\":2,\"name\":\"De Bona: forte impegno della Regione per l\u2019integrazione degli immigrati regolari\"}]},{\"@type\":\"WebSite\",\"@id\":\"https:\\\/\\\/www.bellunopress.it\\\/#website\",\"url\":\"https:\\\/\\\/www.bellunopress.it\\\/\",\"name\":\"Bellunopress - Dolomiti\",\"description\":\"e-mail: redazione@bellunopress.it\",\"publisher\":{\"@id\":\"https:\\\/\\\/www.bellunopress.it\\\/#organization\"},\"potentialAction\":[{\"@type\":\"SearchAction\",\"target\":{\"@type\":\"EntryPoint\",\"urlTemplate\":\"https:\\\/\\\/www.bellunopress.it\\\/?s={search_term_string}\"},\"query-input\":{\"@type\":\"PropertyValueSpecification\",\"valueRequired\":true,\"valueName\":\"search_term_string\"}}],\"inLanguage\":\"fr-FR\"},{\"@type\":\"Organization\",\"@id\":\"https:\\\/\\\/www.bellunopress.it\\\/#organization\",\"name\":\"Bellunopress\",\"url\":\"https:\\\/\\\/www.bellunopress.it\\\/\",\"logo\":{\"@type\":\"ImageObject\",\"inLanguage\":\"fr-FR\",\"@id\":\"https:\\\/\\\/www.bellunopress.it\\\/#\\\/schema\\\/logo\\\/image\\\/\",\"url\":\"https:\\\/\\\/www.bellunopress.it\\\/wp-content\\\/uploads\\\/2011\\\/05\\\/cropped-logo-bellunopress-.jpg\",\"contentUrl\":\"https:\\\/\\\/www.bellunopress.it\\\/wp-content\\\/uploads\\\/2011\\\/05\\\/cropped-logo-bellunopress-.jpg\",\"width\":512,\"height\":512,\"caption\":\"Bellunopress\"},\"image\":{\"@id\":\"https:\\\/\\\/www.bellunopress.it\\\/#\\\/schema\\\/logo\\\/image\\\/\"},\"sameAs\":[\"https:\\\/\\\/www.facebook.com\\\/profile.php?id=100008943462799\",\"https:\\\/\\\/x.com\\\/bellunopress\",\"https:\\\/\\\/www.linkedin.com\\\/hp\\\/?dnr=JBzUWaJfMUw8vbXJJ2tVW5-I3jZKvC4wsoxE&amp;amp;amp;amp;amp;amp;trk=nav_responsive_tab_home\",\"https:\\\/\\\/www.youtube.com\\\/channel\\\/UCxL0wu1uN0_3_7hGG0306cw\"]},{\"@type\":\"Person\",\"@id\":\"https:\\\/\\\/www.bellunopress.it\\\/#\\\/schema\\\/person\\\/79bb06722b37ece1c03d3e94beb30d73\",\"name\":\"redazione\",\"image\":{\"@type\":\"ImageObject\",\"inLanguage\":\"fr-FR\",\"@id\":\"https:\\\/\\\/secure.gravatar.com\\\/avatar\\\/37d968a2e67a6fd04c169c4bdef102d0bc5d31b2546345219e348575eb80e9a0?s=96&d=mm&r=g\",\"url\":\"https:\\\/\\\/secure.gravatar.com\\\/avatar\\\/37d968a2e67a6fd04c169c4bdef102d0bc5d31b2546345219e348575eb80e9a0?s=96&d=mm&r=g\",\"contentUrl\":\"https:\\\/\\\/secure.gravatar.com\\\/avatar\\\/37d968a2e67a6fd04c169c4bdef102d0bc5d31b2546345219e348575eb80e9a0?s=96&d=mm&r=g\",\"caption\":\"redazione\"},\"sameAs\":[\"http:\\\/\\\/www.bellunopress.it\",\"https:\\\/\\\/x.com\\\/bellunopress\"],\"url\":\"https:\\\/\\\/www.bellunopress.it\\\/fr\\\/author\\\/redazione\\\/\"}]}<\/script>\n<!-- \/ Yoast SEO plugin. -->","yoast_head_json":{"title":"De Bona: forte impegno della Regione per l\u2019integrazione degli immigrati regolari - Bellunopress - Dolomiti","robots":{"index":"index","follow":"follow","max-snippet":"max-snippet:-1","max-image-preview":"max-image-preview:large","max-video-preview":"max-video-preview:-1"},"canonical":"https:\/\/www.bellunopress.it\/fr\/2009\/08\/11\/de-bona-forte-impegno-della-regione-per-l\u2019integrazione-degli-immigrati-regolari\/","og_locale":"fr_FR","og_type":"article","og_title":"De Bona: forte impegno della Regione per l\u2019integrazione degli immigrati regolari - Bellunopress - Dolomiti","og_description":"Una serie di\u00a0 provvedimenti destinati all\u2019accoglienza e all\u2019integrazione di immigrati regolari nel territorio veneto sono stati approvati dalla Giunta regionale su iniziativa dell\u2019assessore alle Politiche dei Flussi migratori, Oscar De Bona.\u00a0 \u00abSi tratta dell\u2019attuazione \u2013 spiega De Bona \u2013 delle azioni previste nell\u2019area di intervento per la gestione e l\u2019accoglienza dei flussi migratori legali per [&hellip;]","og_url":"https:\/\/www.bellunopress.it\/fr\/2009\/08\/11\/de-bona-forte-impegno-della-regione-per-l\u2019integrazione-degli-immigrati-regolari\/","og_site_name":"Bellunopress - Dolomiti","article_publisher":"https:\/\/www.facebook.com\/profile.php?id=100008943462799","article_published_time":"2009-08-11T16:33:21+00:00","og_image":[{"url":"http:\/\/www.bellunopress.it\/wp-content\/uploads\/2012\/07\/logo-bellunopress-250x250-2012.jpg","type":"","width":"","height":""}],"author":"redazione","twitter_card":"summary_large_image","twitter_creator":"@bellunopress","twitter_site":"@bellunopress","twitter_misc":{"\u00c9crit par":"redazione","Dur\u00e9e de lecture estim\u00e9e":"2 minutes"},"schema":{"@context":"https:\/\/schema.org","@graph":[{"@type":"Article","@id":"https:\/\/www.bellunopress.it\/2009\/08\/11\/de-bona-forte-impegno-della-regione-per-l%e2%80%99integrazione-degli-immigrati-regolari\/#article","isPartOf":{"@id":"https:\/\/www.bellunopress.it\/2009\/08\/11\/de-bona-forte-impegno-della-regione-per-l%e2%80%99integrazione-degli-immigrati-regolari\/"},"author":{"name":"redazione","@id":"https:\/\/www.bellunopress.it\/#\/schema\/person\/79bb06722b37ece1c03d3e94beb30d73"},"headline":"De Bona: forte impegno della Regione per l\u2019integrazione degli immigrati regolari","datePublished":"2009-08-11T16:33:21+00:00","mainEntityOfPage":{"@id":"https:\/\/www.bellunopress.it\/2009\/08\/11\/de-bona-forte-impegno-della-regione-per-l%e2%80%99integrazione-degli-immigrati-regolari\/"},"wordCount":317,"publisher":{"@id":"https:\/\/www.bellunopress.it\/#organization"},"articleSection":["Cronaca\/Politica","Prima Pagina"],"inLanguage":"fr-FR"},{"@type":"WebPage","@id":"https:\/\/www.bellunopress.it\/2009\/08\/11\/de-bona-forte-impegno-della-regione-per-l%e2%80%99integrazione-degli-immigrati-regolari\/","url":"https:\/\/www.bellunopress.it\/2009\/08\/11\/de-bona-forte-impegno-della-regione-per-l%e2%80%99integrazione-degli-immigrati-regolari\/","name":"De Bona: forte impegno della Regione per l\u2019integrazione degli immigrati regolari - Bellunopress - Dolomiti","isPartOf":{"@id":"https:\/\/www.bellunopress.it\/#website"},"datePublished":"2009-08-11T16:33:21+00:00","breadcrumb":{"@id":"https:\/\/www.bellunopress.it\/2009\/08\/11\/de-bona-forte-impegno-della-regione-per-l%e2%80%99integrazione-degli-immigrati-regolari\/#breadcrumb"},"inLanguage":"fr-FR","potentialAction":[{"@type":"ReadAction","target":["https:\/\/www.bellunopress.it\/2009\/08\/11\/de-bona-forte-impegno-della-regione-per-l%e2%80%99integrazione-degli-immigrati-regolari\/"]}]},{"@type":"BreadcrumbList","@id":"https:\/\/www.bellunopress.it\/2009\/08\/11\/de-bona-forte-impegno-della-regione-per-l%e2%80%99integrazione-degli-immigrati-regolari\/#breadcrumb","itemListElement":[{"@type":"ListItem","position":1,"name":"Home","item":"https:\/\/www.bellunopress.it\/"},{"@type":"ListItem","position":2,"name":"De Bona: forte impegno della Regione per l\u2019integrazione degli immigrati regolari"}]},{"@type":"WebSite","@id":"https:\/\/www.bellunopress.it\/#website","url":"https:\/\/www.bellunopress.it\/","name":"Bellunopress - Dolomiti","description":"e-mail: redazione@bellunopress.it","publisher":{"@id":"https:\/\/www.bellunopress.it\/#organization"},"potentialAction":[{"@type":"SearchAction","target":{"@type":"EntryPoint","urlTemplate":"https:\/\/www.bellunopress.it\/?s={search_term_string}"},"query-input":{"@type":"PropertyValueSpecification","valueRequired":true,"valueName":"search_term_string"}}],"inLanguage":"fr-FR"},{"@type":"Organization","@id":"https:\/\/www.bellunopress.it\/#organization","name":"Bellunopress","url":"https:\/\/www.bellunopress.it\/","logo":{"@type":"ImageObject","inLanguage":"fr-FR","@id":"https:\/\/www.bellunopress.it\/#\/schema\/logo\/image\/","url":"https:\/\/www.bellunopress.it\/wp-content\/uploads\/2011\/05\/cropped-logo-bellunopress-.jpg","contentUrl":"https:\/\/www.bellunopress.it\/wp-content\/uploads\/2011\/05\/cropped-logo-bellunopress-.jpg","width":512,"height":512,"caption":"Bellunopress"},"image":{"@id":"https:\/\/www.bellunopress.it\/#\/schema\/logo\/image\/"},"sameAs":["https:\/\/www.facebook.com\/profile.php?id=100008943462799","https:\/\/x.com\/bellunopress","https:\/\/www.linkedin.com\/hp\/?dnr=JBzUWaJfMUw8vbXJJ2tVW5-I3jZKvC4wsoxE&amp;amp;amp;amp;amp;amp;trk=nav_responsive_tab_home","https:\/\/www.youtube.com\/channel\/UCxL0wu1uN0_3_7hGG0306cw"]},{"@type":"Person","@id":"https:\/\/www.bellunopress.it\/#\/schema\/person\/79bb06722b37ece1c03d3e94beb30d73","name":"r\u00e9daction","image":{"@type":"ImageObject","inLanguage":"fr-FR","@id":"https:\/\/secure.gravatar.com\/avatar\/37d968a2e67a6fd04c169c4bdef102d0bc5d31b2546345219e348575eb80e9a0?s=96&d=mm&r=g","url":"https:\/\/secure.gravatar.com\/avatar\/37d968a2e67a6fd04c169c4bdef102d0bc5d31b2546345219e348575eb80e9a0?s=96&d=mm&r=g","contentUrl":"https:\/\/secure.gravatar.com\/avatar\/37d968a2e67a6fd04c169c4bdef102d0bc5d31b2546345219e348575eb80e9a0?s=96&d=mm&r=g","caption":"redazione"},"sameAs":["http:\/\/www.bellunopress.it","https:\/\/x.com\/bellunopress"],"url":"https:\/\/www.bellunopress.it\/fr\/author\/redazione\/"}]}},"_links":{"self":[{"href":"https:\/\/www.bellunopress.it\/fr\/wp-json\/wp\/v2\/posts\/6930","targetHints":{"allow":["GET"]}}],"collection":[{"href":"https:\/\/www.bellunopress.it\/fr\/wp-json\/wp\/v2\/posts"}],"about":[{"href":"https:\/\/www.bellunopress.it\/fr\/wp-json\/wp\/v2\/types\/post"}],"author":[{"embeddable":true,"href":"https:\/\/www.bellunopress.it\/fr\/wp-json\/wp\/v2\/users\/2"}],"replies":[{"embeddable":true,"href":"https:\/\/www.bellunopress.it\/fr\/wp-json\/wp\/v2\/comments?post=6930"}],"version-history":[{"count":1,"href":"https:\/\/www.bellunopress.it\/fr\/wp-json\/wp\/v2\/posts\/6930\/revisions"}],"predecessor-version":[{"id":6931,"href":"https:\/\/www.bellunopress.it\/fr\/wp-json\/wp\/v2\/posts\/6930\/revisions\/6931"}],"wp:attachment":[{"href":"https:\/\/www.bellunopress.it\/fr\/wp-json\/wp\/v2\/media?parent=6930"}],"wp:term":[{"taxonomy":"category","embeddable":true,"href":"https:\/\/www.bellunopress.it\/fr\/wp-json\/wp\/v2\/categories?post=6930"},{"taxonomy":"post_tag","embeddable":true,"href":"https:\/\/www.bellunopress.it\/fr\/wp-json\/wp\/v2\/tags?post=6930"}],"curies":[{"name":"wp","href":"https:\/\/api.w.org\/{rel}","templated":true}]}}