{"id":6885,"date":"2009-08-10T09:52:14","date_gmt":"2009-08-10T08:52:14","guid":{"rendered":"http:\/\/www.bellunopress.it\/?p=6885"},"modified":"2009-08-10T09:52:14","modified_gmt":"2009-08-10T08:52:14","slug":"il-ritorno-di-%e2%80%9claori-sot-la-lobia%e2%80%9d-a-faverga","status":"publish","type":"post","link":"https:\/\/www.bellunopress.it\/fr\/2009\/08\/10\/il-ritorno-di-%e2%80%9claori-sot-la-lobia%e2%80%9d-a-faverga\/","title":{"rendered":"Il ritorno di \u201claori sot la lobia\u201d a Faverga"},"content":{"rendered":"<p><a href=\"http:\/\/www.bellunopress.it\/wp-content\/uploads\/2009\/08\/mangiafuoco-leggera.jpg\"><img loading=\"lazy\" decoding=\"async\" class=\"alignleft size-medium wp-image-6886\" title=\"mangiafuoco-leggera\" src=\"http:\/\/www.bellunopress.it\/wp-content\/uploads\/2009\/08\/mangiafuoco-leggera.jpg\" alt=\"\" width=\"180\" height=\"270\" \/><\/a>Dopo un anno di pausa, torna sabato 5 e domenica 6 settembre 2009, con la sesta edizione, \u201cLaori sot la Lobia\u201d, mostra dell\u2019artigianato che, dal 2003 ha luogo nella frazione bellunese.\u00a0 La formula gi\u00e0 collaudata con un ottimo successo durante le precedenti cinque edizioni viene, quindi, riproposta anche quest\u2019anno con un\u2019anticipazione al sabato quando il Circolo Sportiva Faverga organizza, alle 20.15, al campo sportivo della frazione una strepitosa tombola preceduta, alle 18.00, dall\u2019apertura della frasca. Per la giornata di domenica \u00e8, invece, prevista la mostra dell\u2019artigianato cui partecipano una trentina di espositori, che saranno sistemati nella parte \u201cvecchia\u201d della frazione \u2013 principalmente \u201csot la lobia\u201d \u2013 quasi tutti veterani dell\u2019esperienza faverghese. Come \u00e8 ormai tradizione i loro lavori spaziano in tutti i campi e tutte le tecniche in cui creativit\u00e0 e ingegno la fanno da padroni. La giornata di domenica \u00e8 arricchita da una serie di eventi collaterali, dedicati sia agli aduli che ai pi\u00f9 piccini, con musica, sport e laboratori creativi. L\u2019obiettivo che i volontari del Circolo Sportivo Faverga si sono posti nell\u2019organizzare la festa \u00e8 raccogliere i fondi necessari a sistemare la \u201ccasetta\u201d situata all\u2019interno dell\u2019area del campo sportivo.\u00a0 Una volta sistemata la struttura potr\u00e0 ospitare, nella sala pubblica, le lezioni di catechismo, essere il punto di riferimento per organizzare riunioni e incontri pubblici e\/o conviviali, diventare il luogo di ritrovo per tutti i faverghesi.<\/p>","protected":false},"excerpt":{"rendered":"<p>Dopo un anno di pausa, torna sabato 5 e domenica 6 settembre 2009, con la sesta edizione, \u201cLaori sot la Lobia\u201d, mostra dell\u2019artigianato che, dal 2003 ha luogo nella frazione bellunese.\u00a0 La formula gi\u00e0 collaudata con un ottimo successo durante le precedenti cinque edizioni viene, quindi, riproposta anche quest\u2019anno con un\u2019anticipazione al sabato quando il [&hellip;]<\/p>\n","protected":false},"author":2,"featured_media":0,"comment_status":"closed","ping_status":"open","sticky":false,"template":"","format":"standard","meta":{"footnotes":""},"categories":[3,25],"tags":[139],"class_list":["post-6885","post","type-post","status-publish","format-standard","category-arte-cultura-spettacoli-scienza-archivi","category-pausa-caffe","tag-belluno"],"yoast_head":"<!-- This site is optimized with the Yoast SEO plugin v28.4 - https:\/\/yoast.com\/product\/yoast-seo-wordpress\/ -->\n<title>Il ritorno di \u201claori sot la lobia\u201d a Faverga - Bellunopress - Dolomiti<\/title>\n<meta name=\"robots\" content=\"index, follow, max-snippet:-1, max-image-preview:large, max-video-preview:-1\" \/>\n<link rel=\"canonical\" href=\"https:\/\/www.bellunopress.it\/fr\/2009\/08\/10\/il-ritorno-di-\u201claori-sot-la-lobia\u201d-a-faverga\/\" \/>\n<meta property=\"og:locale\" content=\"fr_FR\" \/>\n<meta property=\"og:type\" content=\"article\" \/>\n<meta property=\"og:title\" content=\"Il ritorno di \u201claori sot la lobia\u201d a Faverga - Bellunopress - Dolomiti\" \/>\n<meta property=\"og:description\" content=\"Dopo un anno di pausa, torna sabato 5 e domenica 6 settembre 2009, con la sesta edizione, \u201cLaori sot la Lobia\u201d, mostra dell\u2019artigianato che, dal 2003 ha luogo nella frazione bellunese.\u00a0 La formula gi\u00e0 collaudata con un ottimo successo durante le precedenti cinque edizioni viene, quindi, riproposta anche quest\u2019anno con un\u2019anticipazione al sabato quando il [&hellip;]\" \/>\n<meta property=\"og:url\" content=\"https:\/\/www.bellunopress.it\/fr\/2009\/08\/10\/il-ritorno-di-\u201claori-sot-la-lobia\u201d-a-faverga\/\" \/>\n<meta property=\"og:site_name\" content=\"Bellunopress - Dolomiti\" \/>\n<meta property=\"article:publisher\" content=\"https:\/\/www.facebook.com\/profile.php?id=100008943462799\" \/>\n<meta property=\"article:published_time\" content=\"2009-08-10T08:52:14+00:00\" \/>\n<meta property=\"og:image\" content=\"http:\/\/www.bellunopress.it\/wp-content\/uploads\/2009\/08\/mangiafuoco-leggera.jpg\" \/>\n<meta name=\"author\" content=\"redazione\" \/>\n<meta name=\"twitter:card\" content=\"summary_large_image\" \/>\n<meta name=\"twitter:creator\" content=\"@bellunopress\" \/>\n<meta name=\"twitter:site\" content=\"@bellunopress\" \/>\n<meta name=\"twitter:label1\" content=\"\u00c9crit par\" \/>\n\t<meta name=\"twitter:data1\" content=\"redazione\" \/>\n\t<meta name=\"twitter:label2\" content=\"Dur\u00e9e de lecture estim\u00e9e\" \/>\n\t<meta name=\"twitter:data2\" content=\"1 minute\" \/>\n<script type=\"application\/ld+json\" class=\"yoast-schema-graph\">{\"@context\":\"https:\\\/\\\/schema.org\",\"@graph\":[{\"@type\":\"Article\",\"@id\":\"https:\\\/\\\/www.bellunopress.it\\\/2009\\\/08\\\/10\\\/il-ritorno-di-%e2%80%9claori-sot-la-lobia%e2%80%9d-a-faverga\\\/#article\",\"isPartOf\":{\"@id\":\"https:\\\/\\\/www.bellunopress.it\\\/2009\\\/08\\\/10\\\/il-ritorno-di-%e2%80%9claori-sot-la-lobia%e2%80%9d-a-faverga\\\/\"},\"author\":{\"name\":\"redazione\",\"@id\":\"https:\\\/\\\/www.bellunopress.it\\\/#\\\/schema\\\/person\\\/79bb06722b37ece1c03d3e94beb30d73\"},\"headline\":\"Il ritorno di \u201claori sot la lobia\u201d a Faverga\",\"datePublished\":\"2009-08-10T08:52:14+00:00\",\"mainEntityOfPage\":{\"@id\":\"https:\\\/\\\/www.bellunopress.it\\\/2009\\\/08\\\/10\\\/il-ritorno-di-%e2%80%9claori-sot-la-lobia%e2%80%9d-a-faverga\\\/\"},\"wordCount\":235,\"publisher\":{\"@id\":\"https:\\\/\\\/www.bellunopress.it\\\/#organization\"},\"image\":{\"@id\":\"https:\\\/\\\/www.bellunopress.it\\\/2009\\\/08\\\/10\\\/il-ritorno-di-%e2%80%9claori-sot-la-lobia%e2%80%9d-a-faverga\\\/#primaryimage\"},\"thumbnailUrl\":\"http:\\\/\\\/www.bellunopress.it\\\/wp-content\\\/uploads\\\/2009\\\/08\\\/mangiafuoco-leggera.jpg\",\"keywords\":[\"Belluno\"],\"articleSection\":[\"Arte, Cultura, Spettacoli, Scienza\",\"Pausa Caff\u00e8\"],\"inLanguage\":\"fr-FR\"},{\"@type\":\"WebPage\",\"@id\":\"https:\\\/\\\/www.bellunopress.it\\\/2009\\\/08\\\/10\\\/il-ritorno-di-%e2%80%9claori-sot-la-lobia%e2%80%9d-a-faverga\\\/\",\"url\":\"https:\\\/\\\/www.bellunopress.it\\\/2009\\\/08\\\/10\\\/il-ritorno-di-%e2%80%9claori-sot-la-lobia%e2%80%9d-a-faverga\\\/\",\"name\":\"Il ritorno di \u201claori sot la lobia\u201d a Faverga - Bellunopress - Dolomiti\",\"isPartOf\":{\"@id\":\"https:\\\/\\\/www.bellunopress.it\\\/#website\"},\"primaryImageOfPage\":{\"@id\":\"https:\\\/\\\/www.bellunopress.it\\\/2009\\\/08\\\/10\\\/il-ritorno-di-%e2%80%9claori-sot-la-lobia%e2%80%9d-a-faverga\\\/#primaryimage\"},\"image\":{\"@id\":\"https:\\\/\\\/www.bellunopress.it\\\/2009\\\/08\\\/10\\\/il-ritorno-di-%e2%80%9claori-sot-la-lobia%e2%80%9d-a-faverga\\\/#primaryimage\"},\"thumbnailUrl\":\"http:\\\/\\\/www.bellunopress.it\\\/wp-content\\\/uploads\\\/2009\\\/08\\\/mangiafuoco-leggera.jpg\",\"datePublished\":\"2009-08-10T08:52:14+00:00\",\"breadcrumb\":{\"@id\":\"https:\\\/\\\/www.bellunopress.it\\\/2009\\\/08\\\/10\\\/il-ritorno-di-%e2%80%9claori-sot-la-lobia%e2%80%9d-a-faverga\\\/#breadcrumb\"},\"inLanguage\":\"fr-FR\",\"potentialAction\":[{\"@type\":\"ReadAction\",\"target\":[\"https:\\\/\\\/www.bellunopress.it\\\/2009\\\/08\\\/10\\\/il-ritorno-di-%e2%80%9claori-sot-la-lobia%e2%80%9d-a-faverga\\\/\"]}]},{\"@type\":\"ImageObject\",\"inLanguage\":\"fr-FR\",\"@id\":\"https:\\\/\\\/www.bellunopress.it\\\/2009\\\/08\\\/10\\\/il-ritorno-di-%e2%80%9claori-sot-la-lobia%e2%80%9d-a-faverga\\\/#primaryimage\",\"url\":\"http:\\\/\\\/www.bellunopress.it\\\/wp-content\\\/uploads\\\/2009\\\/08\\\/mangiafuoco-leggera.jpg\",\"contentUrl\":\"http:\\\/\\\/www.bellunopress.it\\\/wp-content\\\/uploads\\\/2009\\\/08\\\/mangiafuoco-leggera.jpg\"},{\"@type\":\"BreadcrumbList\",\"@id\":\"https:\\\/\\\/www.bellunopress.it\\\/2009\\\/08\\\/10\\\/il-ritorno-di-%e2%80%9claori-sot-la-lobia%e2%80%9d-a-faverga\\\/#breadcrumb\",\"itemListElement\":[{\"@type\":\"ListItem\",\"position\":1,\"name\":\"Home\",\"item\":\"https:\\\/\\\/www.bellunopress.it\\\/\"},{\"@type\":\"ListItem\",\"position\":2,\"name\":\"Il ritorno di \u201claori sot la lobia\u201d a Faverga\"}]},{\"@type\":\"WebSite\",\"@id\":\"https:\\\/\\\/www.bellunopress.it\\\/#website\",\"url\":\"https:\\\/\\\/www.bellunopress.it\\\/\",\"name\":\"Bellunopress - Dolomiti\",\"description\":\"e-mail: redazione@bellunopress.it\",\"publisher\":{\"@id\":\"https:\\\/\\\/www.bellunopress.it\\\/#organization\"},\"potentialAction\":[{\"@type\":\"SearchAction\",\"target\":{\"@type\":\"EntryPoint\",\"urlTemplate\":\"https:\\\/\\\/www.bellunopress.it\\\/?s={search_term_string}\"},\"query-input\":{\"@type\":\"PropertyValueSpecification\",\"valueRequired\":true,\"valueName\":\"search_term_string\"}}],\"inLanguage\":\"fr-FR\"},{\"@type\":\"Organization\",\"@id\":\"https:\\\/\\\/www.bellunopress.it\\\/#organization\",\"name\":\"Bellunopress\",\"url\":\"https:\\\/\\\/www.bellunopress.it\\\/\",\"logo\":{\"@type\":\"ImageObject\",\"inLanguage\":\"fr-FR\",\"@id\":\"https:\\\/\\\/www.bellunopress.it\\\/#\\\/schema\\\/logo\\\/image\\\/\",\"url\":\"https:\\\/\\\/www.bellunopress.it\\\/wp-content\\\/uploads\\\/2011\\\/05\\\/cropped-logo-bellunopress-.jpg\",\"contentUrl\":\"https:\\\/\\\/www.bellunopress.it\\\/wp-content\\\/uploads\\\/2011\\\/05\\\/cropped-logo-bellunopress-.jpg\",\"width\":512,\"height\":512,\"caption\":\"Bellunopress\"},\"image\":{\"@id\":\"https:\\\/\\\/www.bellunopress.it\\\/#\\\/schema\\\/logo\\\/image\\\/\"},\"sameAs\":[\"https:\\\/\\\/www.facebook.com\\\/profile.php?id=100008943462799\",\"https:\\\/\\\/x.com\\\/bellunopress\",\"https:\\\/\\\/www.linkedin.com\\\/hp\\\/?dnr=JBzUWaJfMUw8vbXJJ2tVW5-I3jZKvC4wsoxE&amp;amp;amp;amp;amp;amp;trk=nav_responsive_tab_home\",\"https:\\\/\\\/www.youtube.com\\\/channel\\\/UCxL0wu1uN0_3_7hGG0306cw\"]},{\"@type\":\"Person\",\"@id\":\"https:\\\/\\\/www.bellunopress.it\\\/#\\\/schema\\\/person\\\/79bb06722b37ece1c03d3e94beb30d73\",\"name\":\"redazione\",\"image\":{\"@type\":\"ImageObject\",\"inLanguage\":\"fr-FR\",\"@id\":\"https:\\\/\\\/secure.gravatar.com\\\/avatar\\\/37d968a2e67a6fd04c169c4bdef102d0bc5d31b2546345219e348575eb80e9a0?s=96&d=mm&r=g\",\"url\":\"https:\\\/\\\/secure.gravatar.com\\\/avatar\\\/37d968a2e67a6fd04c169c4bdef102d0bc5d31b2546345219e348575eb80e9a0?s=96&d=mm&r=g\",\"contentUrl\":\"https:\\\/\\\/secure.gravatar.com\\\/avatar\\\/37d968a2e67a6fd04c169c4bdef102d0bc5d31b2546345219e348575eb80e9a0?s=96&d=mm&r=g\",\"caption\":\"redazione\"},\"sameAs\":[\"http:\\\/\\\/www.bellunopress.it\",\"https:\\\/\\\/x.com\\\/bellunopress\"],\"url\":\"https:\\\/\\\/www.bellunopress.it\\\/fr\\\/author\\\/redazione\\\/\"}]}<\/script>\n<!-- \/ Yoast SEO plugin. -->","yoast_head_json":{"title":"Il ritorno di \u201claori sot la lobia\u201d a Faverga - Bellunopress - Dolomiti","robots":{"index":"index","follow":"follow","max-snippet":"max-snippet:-1","max-image-preview":"max-image-preview:large","max-video-preview":"max-video-preview:-1"},"canonical":"https:\/\/www.bellunopress.it\/fr\/2009\/08\/10\/il-ritorno-di-\u201claori-sot-la-lobia\u201d-a-faverga\/","og_locale":"fr_FR","og_type":"article","og_title":"Il ritorno di \u201claori sot la lobia\u201d a Faverga - Bellunopress - Dolomiti","og_description":"Dopo un anno di pausa, torna sabato 5 e domenica 6 settembre 2009, con la sesta edizione, \u201cLaori sot la Lobia\u201d, mostra dell\u2019artigianato che, dal 2003 ha luogo nella frazione bellunese.\u00a0 La formula gi\u00e0 collaudata con un ottimo successo durante le precedenti cinque edizioni viene, quindi, riproposta anche quest\u2019anno con un\u2019anticipazione al sabato quando il [&hellip;]","og_url":"https:\/\/www.bellunopress.it\/fr\/2009\/08\/10\/il-ritorno-di-\u201claori-sot-la-lobia\u201d-a-faverga\/","og_site_name":"Bellunopress - Dolomiti","article_publisher":"https:\/\/www.facebook.com\/profile.php?id=100008943462799","article_published_time":"2009-08-10T08:52:14+00:00","og_image":[{"url":"http:\/\/www.bellunopress.it\/wp-content\/uploads\/2009\/08\/mangiafuoco-leggera.jpg","type":"","width":"","height":""}],"author":"redazione","twitter_card":"summary_large_image","twitter_creator":"@bellunopress","twitter_site":"@bellunopress","twitter_misc":{"\u00c9crit par":"redazione","Dur\u00e9e de lecture estim\u00e9e":"1 minute"},"schema":{"@context":"https:\/\/schema.org","@graph":[{"@type":"Article","@id":"https:\/\/www.bellunopress.it\/2009\/08\/10\/il-ritorno-di-%e2%80%9claori-sot-la-lobia%e2%80%9d-a-faverga\/#article","isPartOf":{"@id":"https:\/\/www.bellunopress.it\/2009\/08\/10\/il-ritorno-di-%e2%80%9claori-sot-la-lobia%e2%80%9d-a-faverga\/"},"author":{"name":"redazione","@id":"https:\/\/www.bellunopress.it\/#\/schema\/person\/79bb06722b37ece1c03d3e94beb30d73"},"headline":"Il ritorno di \u201claori sot la lobia\u201d a Faverga","datePublished":"2009-08-10T08:52:14+00:00","mainEntityOfPage":{"@id":"https:\/\/www.bellunopress.it\/2009\/08\/10\/il-ritorno-di-%e2%80%9claori-sot-la-lobia%e2%80%9d-a-faverga\/"},"wordCount":235,"publisher":{"@id":"https:\/\/www.bellunopress.it\/#organization"},"image":{"@id":"https:\/\/www.bellunopress.it\/2009\/08\/10\/il-ritorno-di-%e2%80%9claori-sot-la-lobia%e2%80%9d-a-faverga\/#primaryimage"},"thumbnailUrl":"http:\/\/www.bellunopress.it\/wp-content\/uploads\/2009\/08\/mangiafuoco-leggera.jpg","keywords":["Belluno"],"articleSection":["Arte, Cultura, Spettacoli, Scienza","Pausa Caff\u00e8"],"inLanguage":"fr-FR"},{"@type":"WebPage","@id":"https:\/\/www.bellunopress.it\/2009\/08\/10\/il-ritorno-di-%e2%80%9claori-sot-la-lobia%e2%80%9d-a-faverga\/","url":"https:\/\/www.bellunopress.it\/2009\/08\/10\/il-ritorno-di-%e2%80%9claori-sot-la-lobia%e2%80%9d-a-faverga\/","name":"Il ritorno di \u201claori sot la lobia\u201d a Faverga - Bellunopress - Dolomiti","isPartOf":{"@id":"https:\/\/www.bellunopress.it\/#website"},"primaryImageOfPage":{"@id":"https:\/\/www.bellunopress.it\/2009\/08\/10\/il-ritorno-di-%e2%80%9claori-sot-la-lobia%e2%80%9d-a-faverga\/#primaryimage"},"image":{"@id":"https:\/\/www.bellunopress.it\/2009\/08\/10\/il-ritorno-di-%e2%80%9claori-sot-la-lobia%e2%80%9d-a-faverga\/#primaryimage"},"thumbnailUrl":"http:\/\/www.bellunopress.it\/wp-content\/uploads\/2009\/08\/mangiafuoco-leggera.jpg","datePublished":"2009-08-10T08:52:14+00:00","breadcrumb":{"@id":"https:\/\/www.bellunopress.it\/2009\/08\/10\/il-ritorno-di-%e2%80%9claori-sot-la-lobia%e2%80%9d-a-faverga\/#breadcrumb"},"inLanguage":"fr-FR","potentialAction":[{"@type":"ReadAction","target":["https:\/\/www.bellunopress.it\/2009\/08\/10\/il-ritorno-di-%e2%80%9claori-sot-la-lobia%e2%80%9d-a-faverga\/"]}]},{"@type":"ImageObject","inLanguage":"fr-FR","@id":"https:\/\/www.bellunopress.it\/2009\/08\/10\/il-ritorno-di-%e2%80%9claori-sot-la-lobia%e2%80%9d-a-faverga\/#primaryimage","url":"http:\/\/www.bellunopress.it\/wp-content\/uploads\/2009\/08\/mangiafuoco-leggera.jpg","contentUrl":"http:\/\/www.bellunopress.it\/wp-content\/uploads\/2009\/08\/mangiafuoco-leggera.jpg"},{"@type":"BreadcrumbList","@id":"https:\/\/www.bellunopress.it\/2009\/08\/10\/il-ritorno-di-%e2%80%9claori-sot-la-lobia%e2%80%9d-a-faverga\/#breadcrumb","itemListElement":[{"@type":"ListItem","position":1,"name":"Home","item":"https:\/\/www.bellunopress.it\/"},{"@type":"ListItem","position":2,"name":"Il ritorno di \u201claori sot la lobia\u201d a Faverga"}]},{"@type":"WebSite","@id":"https:\/\/www.bellunopress.it\/#website","url":"https:\/\/www.bellunopress.it\/","name":"Bellunopress - Dolomiti","description":"e-mail: redazione@bellunopress.it","publisher":{"@id":"https:\/\/www.bellunopress.it\/#organization"},"potentialAction":[{"@type":"SearchAction","target":{"@type":"EntryPoint","urlTemplate":"https:\/\/www.bellunopress.it\/?s={search_term_string}"},"query-input":{"@type":"PropertyValueSpecification","valueRequired":true,"valueName":"search_term_string"}}],"inLanguage":"fr-FR"},{"@type":"Organization","@id":"https:\/\/www.bellunopress.it\/#organization","name":"Bellunopress","url":"https:\/\/www.bellunopress.it\/","logo":{"@type":"ImageObject","inLanguage":"fr-FR","@id":"https:\/\/www.bellunopress.it\/#\/schema\/logo\/image\/","url":"https:\/\/www.bellunopress.it\/wp-content\/uploads\/2011\/05\/cropped-logo-bellunopress-.jpg","contentUrl":"https:\/\/www.bellunopress.it\/wp-content\/uploads\/2011\/05\/cropped-logo-bellunopress-.jpg","width":512,"height":512,"caption":"Bellunopress"},"image":{"@id":"https:\/\/www.bellunopress.it\/#\/schema\/logo\/image\/"},"sameAs":["https:\/\/www.facebook.com\/profile.php?id=100008943462799","https:\/\/x.com\/bellunopress","https:\/\/www.linkedin.com\/hp\/?dnr=JBzUWaJfMUw8vbXJJ2tVW5-I3jZKvC4wsoxE&amp;amp;amp;amp;amp;amp;trk=nav_responsive_tab_home","https:\/\/www.youtube.com\/channel\/UCxL0wu1uN0_3_7hGG0306cw"]},{"@type":"Person","@id":"https:\/\/www.bellunopress.it\/#\/schema\/person\/79bb06722b37ece1c03d3e94beb30d73","name":"r\u00e9daction","image":{"@type":"ImageObject","inLanguage":"fr-FR","@id":"https:\/\/secure.gravatar.com\/avatar\/37d968a2e67a6fd04c169c4bdef102d0bc5d31b2546345219e348575eb80e9a0?s=96&d=mm&r=g","url":"https:\/\/secure.gravatar.com\/avatar\/37d968a2e67a6fd04c169c4bdef102d0bc5d31b2546345219e348575eb80e9a0?s=96&d=mm&r=g","contentUrl":"https:\/\/secure.gravatar.com\/avatar\/37d968a2e67a6fd04c169c4bdef102d0bc5d31b2546345219e348575eb80e9a0?s=96&d=mm&r=g","caption":"redazione"},"sameAs":["http:\/\/www.bellunopress.it","https:\/\/x.com\/bellunopress"],"url":"https:\/\/www.bellunopress.it\/fr\/author\/redazione\/"}]}},"_links":{"self":[{"href":"https:\/\/www.bellunopress.it\/fr\/wp-json\/wp\/v2\/posts\/6885","targetHints":{"allow":["GET"]}}],"collection":[{"href":"https:\/\/www.bellunopress.it\/fr\/wp-json\/wp\/v2\/posts"}],"about":[{"href":"https:\/\/www.bellunopress.it\/fr\/wp-json\/wp\/v2\/types\/post"}],"author":[{"embeddable":true,"href":"https:\/\/www.bellunopress.it\/fr\/wp-json\/wp\/v2\/users\/2"}],"replies":[{"embeddable":true,"href":"https:\/\/www.bellunopress.it\/fr\/wp-json\/wp\/v2\/comments?post=6885"}],"version-history":[{"count":1,"href":"https:\/\/www.bellunopress.it\/fr\/wp-json\/wp\/v2\/posts\/6885\/revisions"}],"predecessor-version":[{"id":6887,"href":"https:\/\/www.bellunopress.it\/fr\/wp-json\/wp\/v2\/posts\/6885\/revisions\/6887"}],"wp:attachment":[{"href":"https:\/\/www.bellunopress.it\/fr\/wp-json\/wp\/v2\/media?parent=6885"}],"wp:term":[{"taxonomy":"category","embeddable":true,"href":"https:\/\/www.bellunopress.it\/fr\/wp-json\/wp\/v2\/categories?post=6885"},{"taxonomy":"post_tag","embeddable":true,"href":"https:\/\/www.bellunopress.it\/fr\/wp-json\/wp\/v2\/tags?post=6885"}],"curies":[{"name":"wp","href":"https:\/\/api.w.org\/{rel}","templated":true}]}}