{"id":6878,"date":"2009-08-09T22:50:27","date_gmt":"2009-08-09T21:50:27","guid":{"rendered":"http:\/\/www.bellunopress.it\/?p=6878"},"modified":"2009-08-10T10:03:33","modified_gmt":"2009-08-10T09:03:33","slug":"la-pagina-di-luglio-agosto-da-oggi-nelle-edicole-della-provincia-con-%e2%80%9clultimo-atto-di-salmaso%e2%80%9c-nellirriverente-e-molto-altro-ancora","status":"publish","type":"post","link":"https:\/\/www.bellunopress.it\/fr\/2009\/08\/09\/la-pagina-di-luglio-agosto-da-oggi-nelle-edicole-della-provincia-con-%e2%80%9clultimo-atto-di-salmaso%e2%80%9c-nellirriverente-e-molto-altro-ancora\/","title":{"rendered":"La Pagina di luglio-agosto da oggi nelle edicole con \u201cl&#8217;ultimo atto di Salmaso\u201c nell&#8217;irriverente. E molto altro ancora."},"content":{"rendered":"<p><a href=\"http:\/\/www.bellunopress.it\/wp-content\/uploads\/2009\/03\/la-pagina.jpg\"><img loading=\"lazy\" decoding=\"async\" class=\"alignleft size-medium wp-image-1180\" title=\"la-pagina\" src=\"http:\/\/www.bellunopress.it\/wp-content\/uploads\/2009\/03\/la-pagina.jpg\" alt=\"\" width=\"240\" height=\"179\" \/><\/a>Appuntamento in edicola con La Pagina, il mensile della provincia di Belluno che in questo numero apre con un editoriale di politica nazionale. Che racconta la famosa cena di Berlusconi in casa del giudice costituzionale Luigi Mazzella, a cui hanno partecipato anche il ministro della Giustizia Angelino Alfano, un altro giudice della Corte costituzionale Paolo Maria Napolitano, il sottosegretario Gianni Letta, i presidenti delle commissioni Affari costituzionali della Camera Donato Bruno e del Senato Carlo Vizzini. E guarda caso il prossimo 6 ottobre quei due giudici, membri della Corte Costituzionale dovranno pronunciarsi sul \u201cLodo Alfano\u201d&#8230;\u00a0 Eppoi c&#8217;\u00e8 la proposta di legge dell&#8217;onorevole Carolina Lussana (Lega Nord) che deve essere stata folgorata dalla lettura di \u201c1984\u201d di Orwell, laddove dice \u201cChi controlla il passato controlla il futuro. Chi controlla il presente controlla il passato\u201d. Perch\u00e9 l&#8217;onorevole leghista ha confezionato un formidabile detersivo virtuale che se diventa legge, consente di cancellare il passato ai condannati con sentenze definitive (in Parlamento ce ne sono molti). Con la cancellazione delle pagine in internet che consentono, direttamente o indirettamente, l\u2019identificazione della persona gi\u00e0 indagata o imputata.<\/p>","protected":false},"excerpt":{"rendered":"<p>Appuntamento in edicola con La Pagina, il mensile della provincia di Belluno che in questo numero apre con un editoriale di politica nazionale. Che racconta la famosa cena di Berlusconi in casa del giudice costituzionale Luigi Mazzella, a cui hanno partecipato anche il ministro della Giustizia Angelino Alfano, un altro giudice della Corte costituzionale Paolo [&hellip;]<\/p>\n","protected":false},"author":2,"featured_media":0,"comment_status":"closed","ping_status":"open","sticky":false,"template":"","format":"standard","meta":{"footnotes":""},"categories":[5,26],"tags":[139],"class_list":["post-6878","post","type-post","status-publish","format-standard","category-cronaca","category-prima-pagina","tag-belluno"],"yoast_head":"<!-- This site is optimized with the Yoast SEO plugin v28.4 - https:\/\/yoast.com\/product\/yoast-seo-wordpress\/ -->\n<title>La Pagina di luglio-agosto da oggi nelle edicole con \u201cl&#039;ultimo atto di Salmaso\u201c nell&#039;irriverente. E molto altro ancora. - Bellunopress - Dolomiti<\/title>\n<meta name=\"robots\" content=\"index, follow, max-snippet:-1, max-image-preview:large, max-video-preview:-1\" \/>\n<link rel=\"canonical\" href=\"https:\/\/www.bellunopress.it\/fr\/2009\/08\/09\/la-pagina-di-luglio-agosto-da-oggi-nelle-edicole-della-provincia-con-\u201clultimo-atto-di-salmaso\u201c-nellirriverente-e-molto-altro-ancora\/\" \/>\n<meta property=\"og:locale\" content=\"fr_FR\" \/>\n<meta property=\"og:type\" content=\"article\" \/>\n<meta property=\"og:title\" content=\"La Pagina di luglio-agosto da oggi nelle edicole con \u201cl&#039;ultimo atto di Salmaso\u201c nell&#039;irriverente. E molto altro ancora. - Bellunopress - Dolomiti\" \/>\n<meta property=\"og:description\" content=\"Appuntamento in edicola con La Pagina, il mensile della provincia di Belluno che in questo numero apre con un editoriale di politica nazionale. Che racconta la famosa cena di Berlusconi in casa del giudice costituzionale Luigi Mazzella, a cui hanno partecipato anche il ministro della Giustizia Angelino Alfano, un altro giudice della Corte costituzionale Paolo [&hellip;]\" \/>\n<meta property=\"og:url\" content=\"https:\/\/www.bellunopress.it\/fr\/2009\/08\/09\/la-pagina-di-luglio-agosto-da-oggi-nelle-edicole-della-provincia-con-\u201clultimo-atto-di-salmaso\u201c-nellirriverente-e-molto-altro-ancora\/\" \/>\n<meta property=\"og:site_name\" content=\"Bellunopress - Dolomiti\" \/>\n<meta property=\"article:publisher\" content=\"https:\/\/www.facebook.com\/profile.php?id=100008943462799\" \/>\n<meta property=\"article:published_time\" content=\"2009-08-09T21:50:27+00:00\" \/>\n<meta property=\"article:modified_time\" content=\"2009-08-10T09:03:33+00:00\" \/>\n<meta property=\"og:image\" content=\"http:\/\/www.bellunopress.it\/wp-content\/uploads\/2009\/03\/la-pagina.jpg\" \/>\n<meta name=\"author\" content=\"redazione\" \/>\n<meta name=\"twitter:card\" content=\"summary_large_image\" \/>\n<meta name=\"twitter:creator\" content=\"@bellunopress\" \/>\n<meta name=\"twitter:site\" content=\"@bellunopress\" \/>\n<meta name=\"twitter:label1\" content=\"\u00c9crit par\" \/>\n\t<meta name=\"twitter:data1\" content=\"redazione\" \/>\n\t<meta name=\"twitter:label2\" content=\"Dur\u00e9e de lecture estim\u00e9e\" \/>\n\t<meta name=\"twitter:data2\" content=\"1 minute\" \/>\n<script type=\"application\/ld+json\" class=\"yoast-schema-graph\">{\"@context\":\"https:\\\/\\\/schema.org\",\"@graph\":[{\"@type\":\"Article\",\"@id\":\"https:\\\/\\\/www.bellunopress.it\\\/2009\\\/08\\\/09\\\/la-pagina-di-luglio-agosto-da-oggi-nelle-edicole-della-provincia-con-%e2%80%9clultimo-atto-di-salmaso%e2%80%9c-nellirriverente-e-molto-altro-ancora\\\/#article\",\"isPartOf\":{\"@id\":\"https:\\\/\\\/www.bellunopress.it\\\/2009\\\/08\\\/09\\\/la-pagina-di-luglio-agosto-da-oggi-nelle-edicole-della-provincia-con-%e2%80%9clultimo-atto-di-salmaso%e2%80%9c-nellirriverente-e-molto-altro-ancora\\\/\"},\"author\":{\"name\":\"redazione\",\"@id\":\"https:\\\/\\\/www.bellunopress.it\\\/#\\\/schema\\\/person\\\/79bb06722b37ece1c03d3e94beb30d73\"},\"headline\":\"La Pagina di luglio-agosto da oggi nelle edicole con \u201cl&#8217;ultimo atto di Salmaso\u201c nell&#8217;irriverente. E molto altro ancora.\",\"datePublished\":\"2009-08-09T21:50:27+00:00\",\"dateModified\":\"2009-08-10T09:03:33+00:00\",\"mainEntityOfPage\":{\"@id\":\"https:\\\/\\\/www.bellunopress.it\\\/2009\\\/08\\\/09\\\/la-pagina-di-luglio-agosto-da-oggi-nelle-edicole-della-provincia-con-%e2%80%9clultimo-atto-di-salmaso%e2%80%9c-nellirriverente-e-molto-altro-ancora\\\/\"},\"wordCount\":202,\"publisher\":{\"@id\":\"https:\\\/\\\/www.bellunopress.it\\\/#organization\"},\"image\":{\"@id\":\"https:\\\/\\\/www.bellunopress.it\\\/2009\\\/08\\\/09\\\/la-pagina-di-luglio-agosto-da-oggi-nelle-edicole-della-provincia-con-%e2%80%9clultimo-atto-di-salmaso%e2%80%9c-nellirriverente-e-molto-altro-ancora\\\/#primaryimage\"},\"thumbnailUrl\":\"http:\\\/\\\/www.bellunopress.it\\\/wp-content\\\/uploads\\\/2009\\\/03\\\/la-pagina.jpg\",\"keywords\":[\"Belluno\"],\"articleSection\":[\"Cronaca\\\/Politica\",\"Prima Pagina\"],\"inLanguage\":\"fr-FR\"},{\"@type\":\"WebPage\",\"@id\":\"https:\\\/\\\/www.bellunopress.it\\\/2009\\\/08\\\/09\\\/la-pagina-di-luglio-agosto-da-oggi-nelle-edicole-della-provincia-con-%e2%80%9clultimo-atto-di-salmaso%e2%80%9c-nellirriverente-e-molto-altro-ancora\\\/\",\"url\":\"https:\\\/\\\/www.bellunopress.it\\\/2009\\\/08\\\/09\\\/la-pagina-di-luglio-agosto-da-oggi-nelle-edicole-della-provincia-con-%e2%80%9clultimo-atto-di-salmaso%e2%80%9c-nellirriverente-e-molto-altro-ancora\\\/\",\"name\":\"La Pagina di luglio-agosto da oggi nelle edicole con \u201cl'ultimo atto di Salmaso\u201c nell'irriverente. E molto altro ancora. - Bellunopress - Dolomiti\",\"isPartOf\":{\"@id\":\"https:\\\/\\\/www.bellunopress.it\\\/#website\"},\"primaryImageOfPage\":{\"@id\":\"https:\\\/\\\/www.bellunopress.it\\\/2009\\\/08\\\/09\\\/la-pagina-di-luglio-agosto-da-oggi-nelle-edicole-della-provincia-con-%e2%80%9clultimo-atto-di-salmaso%e2%80%9c-nellirriverente-e-molto-altro-ancora\\\/#primaryimage\"},\"image\":{\"@id\":\"https:\\\/\\\/www.bellunopress.it\\\/2009\\\/08\\\/09\\\/la-pagina-di-luglio-agosto-da-oggi-nelle-edicole-della-provincia-con-%e2%80%9clultimo-atto-di-salmaso%e2%80%9c-nellirriverente-e-molto-altro-ancora\\\/#primaryimage\"},\"thumbnailUrl\":\"http:\\\/\\\/www.bellunopress.it\\\/wp-content\\\/uploads\\\/2009\\\/03\\\/la-pagina.jpg\",\"datePublished\":\"2009-08-09T21:50:27+00:00\",\"dateModified\":\"2009-08-10T09:03:33+00:00\",\"breadcrumb\":{\"@id\":\"https:\\\/\\\/www.bellunopress.it\\\/2009\\\/08\\\/09\\\/la-pagina-di-luglio-agosto-da-oggi-nelle-edicole-della-provincia-con-%e2%80%9clultimo-atto-di-salmaso%e2%80%9c-nellirriverente-e-molto-altro-ancora\\\/#breadcrumb\"},\"inLanguage\":\"fr-FR\",\"potentialAction\":[{\"@type\":\"ReadAction\",\"target\":[\"https:\\\/\\\/www.bellunopress.it\\\/2009\\\/08\\\/09\\\/la-pagina-di-luglio-agosto-da-oggi-nelle-edicole-della-provincia-con-%e2%80%9clultimo-atto-di-salmaso%e2%80%9c-nellirriverente-e-molto-altro-ancora\\\/\"]}]},{\"@type\":\"ImageObject\",\"inLanguage\":\"fr-FR\",\"@id\":\"https:\\\/\\\/www.bellunopress.it\\\/2009\\\/08\\\/09\\\/la-pagina-di-luglio-agosto-da-oggi-nelle-edicole-della-provincia-con-%e2%80%9clultimo-atto-di-salmaso%e2%80%9c-nellirriverente-e-molto-altro-ancora\\\/#primaryimage\",\"url\":\"http:\\\/\\\/www.bellunopress.it\\\/wp-content\\\/uploads\\\/2009\\\/03\\\/la-pagina.jpg\",\"contentUrl\":\"http:\\\/\\\/www.bellunopress.it\\\/wp-content\\\/uploads\\\/2009\\\/03\\\/la-pagina.jpg\"},{\"@type\":\"BreadcrumbList\",\"@id\":\"https:\\\/\\\/www.bellunopress.it\\\/2009\\\/08\\\/09\\\/la-pagina-di-luglio-agosto-da-oggi-nelle-edicole-della-provincia-con-%e2%80%9clultimo-atto-di-salmaso%e2%80%9c-nellirriverente-e-molto-altro-ancora\\\/#breadcrumb\",\"itemListElement\":[{\"@type\":\"ListItem\",\"position\":1,\"name\":\"Home\",\"item\":\"https:\\\/\\\/www.bellunopress.it\\\/\"},{\"@type\":\"ListItem\",\"position\":2,\"name\":\"La Pagina di luglio-agosto da oggi nelle edicole con \u201cl&#8217;ultimo atto di Salmaso\u201c nell&#8217;irriverente. E molto altro ancora.\"}]},{\"@type\":\"WebSite\",\"@id\":\"https:\\\/\\\/www.bellunopress.it\\\/#website\",\"url\":\"https:\\\/\\\/www.bellunopress.it\\\/\",\"name\":\"Bellunopress - Dolomiti\",\"description\":\"e-mail: redazione@bellunopress.it\",\"publisher\":{\"@id\":\"https:\\\/\\\/www.bellunopress.it\\\/#organization\"},\"potentialAction\":[{\"@type\":\"SearchAction\",\"target\":{\"@type\":\"EntryPoint\",\"urlTemplate\":\"https:\\\/\\\/www.bellunopress.it\\\/?s={search_term_string}\"},\"query-input\":{\"@type\":\"PropertyValueSpecification\",\"valueRequired\":true,\"valueName\":\"search_term_string\"}}],\"inLanguage\":\"fr-FR\"},{\"@type\":\"Organization\",\"@id\":\"https:\\\/\\\/www.bellunopress.it\\\/#organization\",\"name\":\"Bellunopress\",\"url\":\"https:\\\/\\\/www.bellunopress.it\\\/\",\"logo\":{\"@type\":\"ImageObject\",\"inLanguage\":\"fr-FR\",\"@id\":\"https:\\\/\\\/www.bellunopress.it\\\/#\\\/schema\\\/logo\\\/image\\\/\",\"url\":\"https:\\\/\\\/www.bellunopress.it\\\/wp-content\\\/uploads\\\/2011\\\/05\\\/cropped-logo-bellunopress-.jpg\",\"contentUrl\":\"https:\\\/\\\/www.bellunopress.it\\\/wp-content\\\/uploads\\\/2011\\\/05\\\/cropped-logo-bellunopress-.jpg\",\"width\":512,\"height\":512,\"caption\":\"Bellunopress\"},\"image\":{\"@id\":\"https:\\\/\\\/www.bellunopress.it\\\/#\\\/schema\\\/logo\\\/image\\\/\"},\"sameAs\":[\"https:\\\/\\\/www.facebook.com\\\/profile.php?id=100008943462799\",\"https:\\\/\\\/x.com\\\/bellunopress\",\"https:\\\/\\\/www.linkedin.com\\\/hp\\\/?dnr=JBzUWaJfMUw8vbXJJ2tVW5-I3jZKvC4wsoxE&amp;amp;amp;amp;amp;amp;trk=nav_responsive_tab_home\",\"https:\\\/\\\/www.youtube.com\\\/channel\\\/UCxL0wu1uN0_3_7hGG0306cw\"]},{\"@type\":\"Person\",\"@id\":\"https:\\\/\\\/www.bellunopress.it\\\/#\\\/schema\\\/person\\\/79bb06722b37ece1c03d3e94beb30d73\",\"name\":\"redazione\",\"image\":{\"@type\":\"ImageObject\",\"inLanguage\":\"fr-FR\",\"@id\":\"https:\\\/\\\/secure.gravatar.com\\\/avatar\\\/37d968a2e67a6fd04c169c4bdef102d0bc5d31b2546345219e348575eb80e9a0?s=96&d=mm&r=g\",\"url\":\"https:\\\/\\\/secure.gravatar.com\\\/avatar\\\/37d968a2e67a6fd04c169c4bdef102d0bc5d31b2546345219e348575eb80e9a0?s=96&d=mm&r=g\",\"contentUrl\":\"https:\\\/\\\/secure.gravatar.com\\\/avatar\\\/37d968a2e67a6fd04c169c4bdef102d0bc5d31b2546345219e348575eb80e9a0?s=96&d=mm&r=g\",\"caption\":\"redazione\"},\"sameAs\":[\"http:\\\/\\\/www.bellunopress.it\",\"https:\\\/\\\/x.com\\\/bellunopress\"],\"url\":\"https:\\\/\\\/www.bellunopress.it\\\/fr\\\/author\\\/redazione\\\/\"}]}<\/script>\n<!-- \/ Yoast SEO plugin. -->","yoast_head_json":{"title":"La Pagina di luglio-agosto da oggi nelle edicole con \u201cl'ultimo atto di Salmaso\u201c nell'irriverente. E molto altro ancora. - Bellunopress - Dolomiti","robots":{"index":"index","follow":"follow","max-snippet":"max-snippet:-1","max-image-preview":"max-image-preview:large","max-video-preview":"max-video-preview:-1"},"canonical":"https:\/\/www.bellunopress.it\/fr\/2009\/08\/09\/la-pagina-di-luglio-agosto-da-oggi-nelle-edicole-della-provincia-con-\u201clultimo-atto-di-salmaso\u201c-nellirriverente-e-molto-altro-ancora\/","og_locale":"fr_FR","og_type":"article","og_title":"La Pagina di luglio-agosto da oggi nelle edicole con \u201cl'ultimo atto di Salmaso\u201c nell'irriverente. E molto altro ancora. - Bellunopress - Dolomiti","og_description":"Appuntamento in edicola con La Pagina, il mensile della provincia di Belluno che in questo numero apre con un editoriale di politica nazionale. Che racconta la famosa cena di Berlusconi in casa del giudice costituzionale Luigi Mazzella, a cui hanno partecipato anche il ministro della Giustizia Angelino Alfano, un altro giudice della Corte costituzionale Paolo [&hellip;]","og_url":"https:\/\/www.bellunopress.it\/fr\/2009\/08\/09\/la-pagina-di-luglio-agosto-da-oggi-nelle-edicole-della-provincia-con-\u201clultimo-atto-di-salmaso\u201c-nellirriverente-e-molto-altro-ancora\/","og_site_name":"Bellunopress - Dolomiti","article_publisher":"https:\/\/www.facebook.com\/profile.php?id=100008943462799","article_published_time":"2009-08-09T21:50:27+00:00","article_modified_time":"2009-08-10T09:03:33+00:00","og_image":[{"url":"http:\/\/www.bellunopress.it\/wp-content\/uploads\/2009\/03\/la-pagina.jpg","type":"","width":"","height":""}],"author":"redazione","twitter_card":"summary_large_image","twitter_creator":"@bellunopress","twitter_site":"@bellunopress","twitter_misc":{"\u00c9crit par":"redazione","Dur\u00e9e de lecture estim\u00e9e":"1 minute"},"schema":{"@context":"https:\/\/schema.org","@graph":[{"@type":"Article","@id":"https:\/\/www.bellunopress.it\/2009\/08\/09\/la-pagina-di-luglio-agosto-da-oggi-nelle-edicole-della-provincia-con-%e2%80%9clultimo-atto-di-salmaso%e2%80%9c-nellirriverente-e-molto-altro-ancora\/#article","isPartOf":{"@id":"https:\/\/www.bellunopress.it\/2009\/08\/09\/la-pagina-di-luglio-agosto-da-oggi-nelle-edicole-della-provincia-con-%e2%80%9clultimo-atto-di-salmaso%e2%80%9c-nellirriverente-e-molto-altro-ancora\/"},"author":{"name":"redazione","@id":"https:\/\/www.bellunopress.it\/#\/schema\/person\/79bb06722b37ece1c03d3e94beb30d73"},"headline":"La Pagina di luglio-agosto da oggi nelle edicole con \u201cl&#8217;ultimo atto di Salmaso\u201c nell&#8217;irriverente. E molto altro ancora.","datePublished":"2009-08-09T21:50:27+00:00","dateModified":"2009-08-10T09:03:33+00:00","mainEntityOfPage":{"@id":"https:\/\/www.bellunopress.it\/2009\/08\/09\/la-pagina-di-luglio-agosto-da-oggi-nelle-edicole-della-provincia-con-%e2%80%9clultimo-atto-di-salmaso%e2%80%9c-nellirriverente-e-molto-altro-ancora\/"},"wordCount":202,"publisher":{"@id":"https:\/\/www.bellunopress.it\/#organization"},"image":{"@id":"https:\/\/www.bellunopress.it\/2009\/08\/09\/la-pagina-di-luglio-agosto-da-oggi-nelle-edicole-della-provincia-con-%e2%80%9clultimo-atto-di-salmaso%e2%80%9c-nellirriverente-e-molto-altro-ancora\/#primaryimage"},"thumbnailUrl":"http:\/\/www.bellunopress.it\/wp-content\/uploads\/2009\/03\/la-pagina.jpg","keywords":["Belluno"],"articleSection":["Cronaca\/Politica","Prima Pagina"],"inLanguage":"fr-FR"},{"@type":"WebPage","@id":"https:\/\/www.bellunopress.it\/2009\/08\/09\/la-pagina-di-luglio-agosto-da-oggi-nelle-edicole-della-provincia-con-%e2%80%9clultimo-atto-di-salmaso%e2%80%9c-nellirriverente-e-molto-altro-ancora\/","url":"https:\/\/www.bellunopress.it\/2009\/08\/09\/la-pagina-di-luglio-agosto-da-oggi-nelle-edicole-della-provincia-con-%e2%80%9clultimo-atto-di-salmaso%e2%80%9c-nellirriverente-e-molto-altro-ancora\/","name":"La Pagina di luglio-agosto da oggi nelle edicole con \u201cl'ultimo atto di Salmaso\u201c nell'irriverente. E molto altro ancora. - Bellunopress - Dolomiti","isPartOf":{"@id":"https:\/\/www.bellunopress.it\/#website"},"primaryImageOfPage":{"@id":"https:\/\/www.bellunopress.it\/2009\/08\/09\/la-pagina-di-luglio-agosto-da-oggi-nelle-edicole-della-provincia-con-%e2%80%9clultimo-atto-di-salmaso%e2%80%9c-nellirriverente-e-molto-altro-ancora\/#primaryimage"},"image":{"@id":"https:\/\/www.bellunopress.it\/2009\/08\/09\/la-pagina-di-luglio-agosto-da-oggi-nelle-edicole-della-provincia-con-%e2%80%9clultimo-atto-di-salmaso%e2%80%9c-nellirriverente-e-molto-altro-ancora\/#primaryimage"},"thumbnailUrl":"http:\/\/www.bellunopress.it\/wp-content\/uploads\/2009\/03\/la-pagina.jpg","datePublished":"2009-08-09T21:50:27+00:00","dateModified":"2009-08-10T09:03:33+00:00","breadcrumb":{"@id":"https:\/\/www.bellunopress.it\/2009\/08\/09\/la-pagina-di-luglio-agosto-da-oggi-nelle-edicole-della-provincia-con-%e2%80%9clultimo-atto-di-salmaso%e2%80%9c-nellirriverente-e-molto-altro-ancora\/#breadcrumb"},"inLanguage":"fr-FR","potentialAction":[{"@type":"ReadAction","target":["https:\/\/www.bellunopress.it\/2009\/08\/09\/la-pagina-di-luglio-agosto-da-oggi-nelle-edicole-della-provincia-con-%e2%80%9clultimo-atto-di-salmaso%e2%80%9c-nellirriverente-e-molto-altro-ancora\/"]}]},{"@type":"ImageObject","inLanguage":"fr-FR","@id":"https:\/\/www.bellunopress.it\/2009\/08\/09\/la-pagina-di-luglio-agosto-da-oggi-nelle-edicole-della-provincia-con-%e2%80%9clultimo-atto-di-salmaso%e2%80%9c-nellirriverente-e-molto-altro-ancora\/#primaryimage","url":"http:\/\/www.bellunopress.it\/wp-content\/uploads\/2009\/03\/la-pagina.jpg","contentUrl":"http:\/\/www.bellunopress.it\/wp-content\/uploads\/2009\/03\/la-pagina.jpg"},{"@type":"BreadcrumbList","@id":"https:\/\/www.bellunopress.it\/2009\/08\/09\/la-pagina-di-luglio-agosto-da-oggi-nelle-edicole-della-provincia-con-%e2%80%9clultimo-atto-di-salmaso%e2%80%9c-nellirriverente-e-molto-altro-ancora\/#breadcrumb","itemListElement":[{"@type":"ListItem","position":1,"name":"Home","item":"https:\/\/www.bellunopress.it\/"},{"@type":"ListItem","position":2,"name":"La Pagina di luglio-agosto da oggi nelle edicole con \u201cl&#8217;ultimo atto di Salmaso\u201c nell&#8217;irriverente. E molto altro ancora."}]},{"@type":"WebSite","@id":"https:\/\/www.bellunopress.it\/#website","url":"https:\/\/www.bellunopress.it\/","name":"Bellunopress - Dolomiti","description":"e-mail: redazione@bellunopress.it","publisher":{"@id":"https:\/\/www.bellunopress.it\/#organization"},"potentialAction":[{"@type":"SearchAction","target":{"@type":"EntryPoint","urlTemplate":"https:\/\/www.bellunopress.it\/?s={search_term_string}"},"query-input":{"@type":"PropertyValueSpecification","valueRequired":true,"valueName":"search_term_string"}}],"inLanguage":"fr-FR"},{"@type":"Organization","@id":"https:\/\/www.bellunopress.it\/#organization","name":"Bellunopress","url":"https:\/\/www.bellunopress.it\/","logo":{"@type":"ImageObject","inLanguage":"fr-FR","@id":"https:\/\/www.bellunopress.it\/#\/schema\/logo\/image\/","url":"https:\/\/www.bellunopress.it\/wp-content\/uploads\/2011\/05\/cropped-logo-bellunopress-.jpg","contentUrl":"https:\/\/www.bellunopress.it\/wp-content\/uploads\/2011\/05\/cropped-logo-bellunopress-.jpg","width":512,"height":512,"caption":"Bellunopress"},"image":{"@id":"https:\/\/www.bellunopress.it\/#\/schema\/logo\/image\/"},"sameAs":["https:\/\/www.facebook.com\/profile.php?id=100008943462799","https:\/\/x.com\/bellunopress","https:\/\/www.linkedin.com\/hp\/?dnr=JBzUWaJfMUw8vbXJJ2tVW5-I3jZKvC4wsoxE&amp;amp;amp;amp;amp;amp;trk=nav_responsive_tab_home","https:\/\/www.youtube.com\/channel\/UCxL0wu1uN0_3_7hGG0306cw"]},{"@type":"Person","@id":"https:\/\/www.bellunopress.it\/#\/schema\/person\/79bb06722b37ece1c03d3e94beb30d73","name":"r\u00e9daction","image":{"@type":"ImageObject","inLanguage":"fr-FR","@id":"https:\/\/secure.gravatar.com\/avatar\/37d968a2e67a6fd04c169c4bdef102d0bc5d31b2546345219e348575eb80e9a0?s=96&d=mm&r=g","url":"https:\/\/secure.gravatar.com\/avatar\/37d968a2e67a6fd04c169c4bdef102d0bc5d31b2546345219e348575eb80e9a0?s=96&d=mm&r=g","contentUrl":"https:\/\/secure.gravatar.com\/avatar\/37d968a2e67a6fd04c169c4bdef102d0bc5d31b2546345219e348575eb80e9a0?s=96&d=mm&r=g","caption":"redazione"},"sameAs":["http:\/\/www.bellunopress.it","https:\/\/x.com\/bellunopress"],"url":"https:\/\/www.bellunopress.it\/fr\/author\/redazione\/"}]}},"_links":{"self":[{"href":"https:\/\/www.bellunopress.it\/fr\/wp-json\/wp\/v2\/posts\/6878","targetHints":{"allow":["GET"]}}],"collection":[{"href":"https:\/\/www.bellunopress.it\/fr\/wp-json\/wp\/v2\/posts"}],"about":[{"href":"https:\/\/www.bellunopress.it\/fr\/wp-json\/wp\/v2\/types\/post"}],"author":[{"embeddable":true,"href":"https:\/\/www.bellunopress.it\/fr\/wp-json\/wp\/v2\/users\/2"}],"replies":[{"embeddable":true,"href":"https:\/\/www.bellunopress.it\/fr\/wp-json\/wp\/v2\/comments?post=6878"}],"version-history":[{"count":4,"href":"https:\/\/www.bellunopress.it\/fr\/wp-json\/wp\/v2\/posts\/6878\/revisions"}],"predecessor-version":[{"id":6891,"href":"https:\/\/www.bellunopress.it\/fr\/wp-json\/wp\/v2\/posts\/6878\/revisions\/6891"}],"wp:attachment":[{"href":"https:\/\/www.bellunopress.it\/fr\/wp-json\/wp\/v2\/media?parent=6878"}],"wp:term":[{"taxonomy":"category","embeddable":true,"href":"https:\/\/www.bellunopress.it\/fr\/wp-json\/wp\/v2\/categories?post=6878"},{"taxonomy":"post_tag","embeddable":true,"href":"https:\/\/www.bellunopress.it\/fr\/wp-json\/wp\/v2\/tags?post=6878"}],"curies":[{"name":"wp","href":"https:\/\/api.w.org\/{rel}","templated":true}]}}