{"id":6874,"date":"2009-08-09T22:29:39","date_gmt":"2009-08-09T21:29:39","guid":{"rendered":"http:\/\/www.bellunopress.it\/?p=6874"},"modified":"2009-08-09T22:29:39","modified_gmt":"2009-08-09T21:29:39","slug":"profumo-damerica-ieri-sera-a-santa-giustina-sulle-note-della-swingin-jazz-orchestra","status":"publish","type":"post","link":"https:\/\/www.bellunopress.it\/fr\/2009\/08\/09\/profumo-damerica-ieri-sera-a-santa-giustina-sulle-note-della-swingin-jazz-orchestra\/","title":{"rendered":"Profumo d&#8217;America ieri sera a Santa Giustina, sulle note della Swingin&#8217; Jazz Orchestra"},"content":{"rendered":"<p><a href=\"http:\/\/www.bellunopress.it\/wp-content\/uploads\/2009\/08\/swinginjazz-orchestra-005.jpg\"><img loading=\"lazy\" decoding=\"async\" class=\"alignleft size-medium wp-image-6876\" title=\"swinginjazz-orchestra-005\" src=\"http:\/\/www.bellunopress.it\/wp-content\/uploads\/2009\/08\/swinginjazz-orchestra-005.jpg\" alt=\"\" width=\"300\" height=\"145\" \/><\/a>C&#8217;era una luccicante Cadillac Eldorado del 1973, domenica sera (9 agosto) a Santa Giustina davanti al palco in piazza dell&#8217;Angelo gremita di pubblico, per il concerto della Swingin&#8217; Jazz Orchestra. Con le immagini in bianco e nero dell&#8217;America degli anni &#8217;20 e &#8217;30 che scorrevano sul maxi schermo. Una decina di pezzi, con bis finale, per un&#8217;ora abbondante di spettacolo che cade anche nei dieci anni dalla fondazione della band. Una grande band con sedici componenti: Lara Pirollo (voce), Nicola Fazzini e Piergiorgio Caverzan (sax alto), Renzo de Rossi e Gilberto Giusto (Sax tenore), Moreno Castagna (sax baritono), Gastone Bortoloso, Maurizio Scomparin, David Boato e Pietro Dal Bosco (trombe), Giuseppe Calamosca, Ivo Pezzuti e Dario Miotto (tromboni), Daniele Manin (pianoforte), Simone Gerardo (batteria), Enrico Dalla Cort (contrabbasso e direzione). Una serata con i classici della musica jazz, da Night end day a Volare (Nel blu dipinto di blu) di Modugno eseguito con l&#8217;arrangiamento di Myles Collins. Nel corso della serata, il Maestro Enrico Dalla Cort ha presentato anche la nuova associazione Musica Jazz che \u00e8 nata a Santa Giustina nel febbraio di quest&#8217;anno (<a href=\"http:\/\/www.associazionemusicajazz.it\/\">www.associazionemusicajazz.it<\/a>), che si propone di promuovere e favorire ogni attivit\u00e0 diretta a studiare e migliorare la conoscenza della musica intesa come manifestazione culturale da condividere con tutti gli interessati. \u201cQuello che ci interessa &#8211; ha detto &#8211; \u00e8 divertirci con la musica e regalare emozioni. Presentiamo vari progetti con prospettive diverse che hanno come scopo comune l&#8217;ascolto e la didattica e, attraverso la nostra esperienza, cerchiamo di comunicare le nostre emozioni\u201d.<\/p>","protected":false},"excerpt":{"rendered":"<p>C&#8217;era una luccicante Cadillac Eldorado del 1973, domenica sera (9 agosto) a Santa Giustina davanti al palco in piazza dell&#8217;Angelo gremita di pubblico, per il concerto della Swingin&#8217; Jazz Orchestra. Con le immagini in bianco e nero dell&#8217;America degli anni &#8217;20 e &#8217;30 che scorrevano sul maxi schermo. Una decina di pezzi, con bis finale, [&hellip;]<\/p>\n","protected":false},"author":2,"featured_media":0,"comment_status":"closed","ping_status":"open","sticky":false,"template":"","format":"standard","meta":{"footnotes":""},"categories":[3],"tags":[139],"class_list":["post-6874","post","type-post","status-publish","format-standard","category-arte-cultura-spettacoli-scienza-archivi","tag-belluno"],"yoast_head":"<!-- This site is optimized with the Yoast SEO plugin v28.4 - https:\/\/yoast.com\/product\/yoast-seo-wordpress\/ -->\n<title>Profumo d&#039;America ieri sera a Santa Giustina, sulle note della Swingin&#039; Jazz Orchestra - Bellunopress - Dolomiti<\/title>\n<meta name=\"robots\" content=\"index, follow, max-snippet:-1, max-image-preview:large, max-video-preview:-1\" \/>\n<link rel=\"canonical\" href=\"https:\/\/www.bellunopress.it\/fr\/2009\/08\/09\/profumo-damerica-ieri-sera-a-santa-giustina-sulle-note-della-swingin-jazz-orchestra\/\" \/>\n<meta property=\"og:locale\" content=\"fr_FR\" \/>\n<meta property=\"og:type\" content=\"article\" \/>\n<meta property=\"og:title\" content=\"Profumo d&#039;America ieri sera a Santa Giustina, sulle note della Swingin&#039; Jazz Orchestra - Bellunopress - Dolomiti\" \/>\n<meta property=\"og:description\" content=\"C&#8217;era una luccicante Cadillac Eldorado del 1973, domenica sera (9 agosto) a Santa Giustina davanti al palco in piazza dell&#8217;Angelo gremita di pubblico, per il concerto della Swingin&#8217; Jazz Orchestra. Con le immagini in bianco e nero dell&#8217;America degli anni &#8217;20 e &#8217;30 che scorrevano sul maxi schermo. Una decina di pezzi, con bis finale, [&hellip;]\" \/>\n<meta property=\"og:url\" content=\"https:\/\/www.bellunopress.it\/fr\/2009\/08\/09\/profumo-damerica-ieri-sera-a-santa-giustina-sulle-note-della-swingin-jazz-orchestra\/\" \/>\n<meta property=\"og:site_name\" content=\"Bellunopress - Dolomiti\" \/>\n<meta property=\"article:publisher\" content=\"https:\/\/www.facebook.com\/profile.php?id=100008943462799\" \/>\n<meta property=\"article:published_time\" content=\"2009-08-09T21:29:39+00:00\" \/>\n<meta property=\"og:image\" content=\"http:\/\/www.bellunopress.it\/wp-content\/uploads\/2009\/08\/swinginjazz-orchestra-005.jpg\" \/>\n<meta name=\"author\" content=\"redazione\" \/>\n<meta name=\"twitter:card\" content=\"summary_large_image\" \/>\n<meta name=\"twitter:creator\" content=\"@bellunopress\" \/>\n<meta name=\"twitter:site\" content=\"@bellunopress\" \/>\n<meta name=\"twitter:label1\" content=\"\u00c9crit par\" \/>\n\t<meta name=\"twitter:data1\" content=\"redazione\" \/>\n\t<meta name=\"twitter:label2\" content=\"Dur\u00e9e de lecture estim\u00e9e\" \/>\n\t<meta name=\"twitter:data2\" content=\"1 minute\" \/>\n<script type=\"application\/ld+json\" class=\"yoast-schema-graph\">{\"@context\":\"https:\\\/\\\/schema.org\",\"@graph\":[{\"@type\":\"Article\",\"@id\":\"https:\\\/\\\/www.bellunopress.it\\\/2009\\\/08\\\/09\\\/profumo-damerica-ieri-sera-a-santa-giustina-sulle-note-della-swingin-jazz-orchestra\\\/#article\",\"isPartOf\":{\"@id\":\"https:\\\/\\\/www.bellunopress.it\\\/2009\\\/08\\\/09\\\/profumo-damerica-ieri-sera-a-santa-giustina-sulle-note-della-swingin-jazz-orchestra\\\/\"},\"author\":{\"name\":\"redazione\",\"@id\":\"https:\\\/\\\/www.bellunopress.it\\\/#\\\/schema\\\/person\\\/79bb06722b37ece1c03d3e94beb30d73\"},\"headline\":\"Profumo d&#8217;America ieri sera a Santa Giustina, sulle note della Swingin&#8217; Jazz Orchestra\",\"datePublished\":\"2009-08-09T21:29:39+00:00\",\"mainEntityOfPage\":{\"@id\":\"https:\\\/\\\/www.bellunopress.it\\\/2009\\\/08\\\/09\\\/profumo-damerica-ieri-sera-a-santa-giustina-sulle-note-della-swingin-jazz-orchestra\\\/\"},\"wordCount\":271,\"publisher\":{\"@id\":\"https:\\\/\\\/www.bellunopress.it\\\/#organization\"},\"image\":{\"@id\":\"https:\\\/\\\/www.bellunopress.it\\\/2009\\\/08\\\/09\\\/profumo-damerica-ieri-sera-a-santa-giustina-sulle-note-della-swingin-jazz-orchestra\\\/#primaryimage\"},\"thumbnailUrl\":\"http:\\\/\\\/www.bellunopress.it\\\/wp-content\\\/uploads\\\/2009\\\/08\\\/swinginjazz-orchestra-005.jpg\",\"keywords\":[\"Belluno\"],\"articleSection\":[\"Arte, Cultura, Spettacoli, Scienza\"],\"inLanguage\":\"fr-FR\"},{\"@type\":\"WebPage\",\"@id\":\"https:\\\/\\\/www.bellunopress.it\\\/2009\\\/08\\\/09\\\/profumo-damerica-ieri-sera-a-santa-giustina-sulle-note-della-swingin-jazz-orchestra\\\/\",\"url\":\"https:\\\/\\\/www.bellunopress.it\\\/2009\\\/08\\\/09\\\/profumo-damerica-ieri-sera-a-santa-giustina-sulle-note-della-swingin-jazz-orchestra\\\/\",\"name\":\"Profumo d'America ieri sera a Santa Giustina, sulle note della Swingin' Jazz Orchestra - Bellunopress - Dolomiti\",\"isPartOf\":{\"@id\":\"https:\\\/\\\/www.bellunopress.it\\\/#website\"},\"primaryImageOfPage\":{\"@id\":\"https:\\\/\\\/www.bellunopress.it\\\/2009\\\/08\\\/09\\\/profumo-damerica-ieri-sera-a-santa-giustina-sulle-note-della-swingin-jazz-orchestra\\\/#primaryimage\"},\"image\":{\"@id\":\"https:\\\/\\\/www.bellunopress.it\\\/2009\\\/08\\\/09\\\/profumo-damerica-ieri-sera-a-santa-giustina-sulle-note-della-swingin-jazz-orchestra\\\/#primaryimage\"},\"thumbnailUrl\":\"http:\\\/\\\/www.bellunopress.it\\\/wp-content\\\/uploads\\\/2009\\\/08\\\/swinginjazz-orchestra-005.jpg\",\"datePublished\":\"2009-08-09T21:29:39+00:00\",\"breadcrumb\":{\"@id\":\"https:\\\/\\\/www.bellunopress.it\\\/2009\\\/08\\\/09\\\/profumo-damerica-ieri-sera-a-santa-giustina-sulle-note-della-swingin-jazz-orchestra\\\/#breadcrumb\"},\"inLanguage\":\"fr-FR\",\"potentialAction\":[{\"@type\":\"ReadAction\",\"target\":[\"https:\\\/\\\/www.bellunopress.it\\\/2009\\\/08\\\/09\\\/profumo-damerica-ieri-sera-a-santa-giustina-sulle-note-della-swingin-jazz-orchestra\\\/\"]}]},{\"@type\":\"ImageObject\",\"inLanguage\":\"fr-FR\",\"@id\":\"https:\\\/\\\/www.bellunopress.it\\\/2009\\\/08\\\/09\\\/profumo-damerica-ieri-sera-a-santa-giustina-sulle-note-della-swingin-jazz-orchestra\\\/#primaryimage\",\"url\":\"http:\\\/\\\/www.bellunopress.it\\\/wp-content\\\/uploads\\\/2009\\\/08\\\/swinginjazz-orchestra-005.jpg\",\"contentUrl\":\"http:\\\/\\\/www.bellunopress.it\\\/wp-content\\\/uploads\\\/2009\\\/08\\\/swinginjazz-orchestra-005.jpg\"},{\"@type\":\"BreadcrumbList\",\"@id\":\"https:\\\/\\\/www.bellunopress.it\\\/2009\\\/08\\\/09\\\/profumo-damerica-ieri-sera-a-santa-giustina-sulle-note-della-swingin-jazz-orchestra\\\/#breadcrumb\",\"itemListElement\":[{\"@type\":\"ListItem\",\"position\":1,\"name\":\"Home\",\"item\":\"https:\\\/\\\/www.bellunopress.it\\\/\"},{\"@type\":\"ListItem\",\"position\":2,\"name\":\"Profumo d&#8217;America ieri sera a Santa Giustina, sulle note della Swingin&#8217; Jazz Orchestra\"}]},{\"@type\":\"WebSite\",\"@id\":\"https:\\\/\\\/www.bellunopress.it\\\/#website\",\"url\":\"https:\\\/\\\/www.bellunopress.it\\\/\",\"name\":\"Bellunopress - Dolomiti\",\"description\":\"e-mail: redazione@bellunopress.it\",\"publisher\":{\"@id\":\"https:\\\/\\\/www.bellunopress.it\\\/#organization\"},\"potentialAction\":[{\"@type\":\"SearchAction\",\"target\":{\"@type\":\"EntryPoint\",\"urlTemplate\":\"https:\\\/\\\/www.bellunopress.it\\\/?s={search_term_string}\"},\"query-input\":{\"@type\":\"PropertyValueSpecification\",\"valueRequired\":true,\"valueName\":\"search_term_string\"}}],\"inLanguage\":\"fr-FR\"},{\"@type\":\"Organization\",\"@id\":\"https:\\\/\\\/www.bellunopress.it\\\/#organization\",\"name\":\"Bellunopress\",\"url\":\"https:\\\/\\\/www.bellunopress.it\\\/\",\"logo\":{\"@type\":\"ImageObject\",\"inLanguage\":\"fr-FR\",\"@id\":\"https:\\\/\\\/www.bellunopress.it\\\/#\\\/schema\\\/logo\\\/image\\\/\",\"url\":\"https:\\\/\\\/www.bellunopress.it\\\/wp-content\\\/uploads\\\/2011\\\/05\\\/cropped-logo-bellunopress-.jpg\",\"contentUrl\":\"https:\\\/\\\/www.bellunopress.it\\\/wp-content\\\/uploads\\\/2011\\\/05\\\/cropped-logo-bellunopress-.jpg\",\"width\":512,\"height\":512,\"caption\":\"Bellunopress\"},\"image\":{\"@id\":\"https:\\\/\\\/www.bellunopress.it\\\/#\\\/schema\\\/logo\\\/image\\\/\"},\"sameAs\":[\"https:\\\/\\\/www.facebook.com\\\/profile.php?id=100008943462799\",\"https:\\\/\\\/x.com\\\/bellunopress\",\"https:\\\/\\\/www.linkedin.com\\\/hp\\\/?dnr=JBzUWaJfMUw8vbXJJ2tVW5-I3jZKvC4wsoxE&amp;amp;amp;amp;amp;amp;trk=nav_responsive_tab_home\",\"https:\\\/\\\/www.youtube.com\\\/channel\\\/UCxL0wu1uN0_3_7hGG0306cw\"]},{\"@type\":\"Person\",\"@id\":\"https:\\\/\\\/www.bellunopress.it\\\/#\\\/schema\\\/person\\\/79bb06722b37ece1c03d3e94beb30d73\",\"name\":\"redazione\",\"image\":{\"@type\":\"ImageObject\",\"inLanguage\":\"fr-FR\",\"@id\":\"https:\\\/\\\/secure.gravatar.com\\\/avatar\\\/37d968a2e67a6fd04c169c4bdef102d0bc5d31b2546345219e348575eb80e9a0?s=96&d=mm&r=g\",\"url\":\"https:\\\/\\\/secure.gravatar.com\\\/avatar\\\/37d968a2e67a6fd04c169c4bdef102d0bc5d31b2546345219e348575eb80e9a0?s=96&d=mm&r=g\",\"contentUrl\":\"https:\\\/\\\/secure.gravatar.com\\\/avatar\\\/37d968a2e67a6fd04c169c4bdef102d0bc5d31b2546345219e348575eb80e9a0?s=96&d=mm&r=g\",\"caption\":\"redazione\"},\"sameAs\":[\"http:\\\/\\\/www.bellunopress.it\",\"https:\\\/\\\/x.com\\\/bellunopress\"],\"url\":\"https:\\\/\\\/www.bellunopress.it\\\/fr\\\/author\\\/redazione\\\/\"}]}<\/script>\n<!-- \/ Yoast SEO plugin. -->","yoast_head_json":{"title":"Profumo d'America ieri sera a Santa Giustina, sulle note della Swingin' Jazz Orchestra - Bellunopress - Dolomiti","robots":{"index":"index","follow":"follow","max-snippet":"max-snippet:-1","max-image-preview":"max-image-preview:large","max-video-preview":"max-video-preview:-1"},"canonical":"https:\/\/www.bellunopress.it\/fr\/2009\/08\/09\/profumo-damerica-ieri-sera-a-santa-giustina-sulle-note-della-swingin-jazz-orchestra\/","og_locale":"fr_FR","og_type":"article","og_title":"Profumo d'America ieri sera a Santa Giustina, sulle note della Swingin' Jazz Orchestra - Bellunopress - Dolomiti","og_description":"C&#8217;era una luccicante Cadillac Eldorado del 1973, domenica sera (9 agosto) a Santa Giustina davanti al palco in piazza dell&#8217;Angelo gremita di pubblico, per il concerto della Swingin&#8217; Jazz Orchestra. Con le immagini in bianco e nero dell&#8217;America degli anni &#8217;20 e &#8217;30 che scorrevano sul maxi schermo. Una decina di pezzi, con bis finale, [&hellip;]","og_url":"https:\/\/www.bellunopress.it\/fr\/2009\/08\/09\/profumo-damerica-ieri-sera-a-santa-giustina-sulle-note-della-swingin-jazz-orchestra\/","og_site_name":"Bellunopress - Dolomiti","article_publisher":"https:\/\/www.facebook.com\/profile.php?id=100008943462799","article_published_time":"2009-08-09T21:29:39+00:00","og_image":[{"url":"http:\/\/www.bellunopress.it\/wp-content\/uploads\/2009\/08\/swinginjazz-orchestra-005.jpg","type":"","width":"","height":""}],"author":"redazione","twitter_card":"summary_large_image","twitter_creator":"@bellunopress","twitter_site":"@bellunopress","twitter_misc":{"\u00c9crit par":"redazione","Dur\u00e9e de lecture estim\u00e9e":"1 minute"},"schema":{"@context":"https:\/\/schema.org","@graph":[{"@type":"Article","@id":"https:\/\/www.bellunopress.it\/2009\/08\/09\/profumo-damerica-ieri-sera-a-santa-giustina-sulle-note-della-swingin-jazz-orchestra\/#article","isPartOf":{"@id":"https:\/\/www.bellunopress.it\/2009\/08\/09\/profumo-damerica-ieri-sera-a-santa-giustina-sulle-note-della-swingin-jazz-orchestra\/"},"author":{"name":"redazione","@id":"https:\/\/www.bellunopress.it\/#\/schema\/person\/79bb06722b37ece1c03d3e94beb30d73"},"headline":"Profumo d&#8217;America ieri sera a Santa Giustina, sulle note della Swingin&#8217; Jazz Orchestra","datePublished":"2009-08-09T21:29:39+00:00","mainEntityOfPage":{"@id":"https:\/\/www.bellunopress.it\/2009\/08\/09\/profumo-damerica-ieri-sera-a-santa-giustina-sulle-note-della-swingin-jazz-orchestra\/"},"wordCount":271,"publisher":{"@id":"https:\/\/www.bellunopress.it\/#organization"},"image":{"@id":"https:\/\/www.bellunopress.it\/2009\/08\/09\/profumo-damerica-ieri-sera-a-santa-giustina-sulle-note-della-swingin-jazz-orchestra\/#primaryimage"},"thumbnailUrl":"http:\/\/www.bellunopress.it\/wp-content\/uploads\/2009\/08\/swinginjazz-orchestra-005.jpg","keywords":["Belluno"],"articleSection":["Arte, Cultura, Spettacoli, Scienza"],"inLanguage":"fr-FR"},{"@type":"WebPage","@id":"https:\/\/www.bellunopress.it\/2009\/08\/09\/profumo-damerica-ieri-sera-a-santa-giustina-sulle-note-della-swingin-jazz-orchestra\/","url":"https:\/\/www.bellunopress.it\/2009\/08\/09\/profumo-damerica-ieri-sera-a-santa-giustina-sulle-note-della-swingin-jazz-orchestra\/","name":"Profumo d'America ieri sera a Santa Giustina, sulle note della Swingin' Jazz Orchestra - Bellunopress - Dolomiti","isPartOf":{"@id":"https:\/\/www.bellunopress.it\/#website"},"primaryImageOfPage":{"@id":"https:\/\/www.bellunopress.it\/2009\/08\/09\/profumo-damerica-ieri-sera-a-santa-giustina-sulle-note-della-swingin-jazz-orchestra\/#primaryimage"},"image":{"@id":"https:\/\/www.bellunopress.it\/2009\/08\/09\/profumo-damerica-ieri-sera-a-santa-giustina-sulle-note-della-swingin-jazz-orchestra\/#primaryimage"},"thumbnailUrl":"http:\/\/www.bellunopress.it\/wp-content\/uploads\/2009\/08\/swinginjazz-orchestra-005.jpg","datePublished":"2009-08-09T21:29:39+00:00","breadcrumb":{"@id":"https:\/\/www.bellunopress.it\/2009\/08\/09\/profumo-damerica-ieri-sera-a-santa-giustina-sulle-note-della-swingin-jazz-orchestra\/#breadcrumb"},"inLanguage":"fr-FR","potentialAction":[{"@type":"ReadAction","target":["https:\/\/www.bellunopress.it\/2009\/08\/09\/profumo-damerica-ieri-sera-a-santa-giustina-sulle-note-della-swingin-jazz-orchestra\/"]}]},{"@type":"ImageObject","inLanguage":"fr-FR","@id":"https:\/\/www.bellunopress.it\/2009\/08\/09\/profumo-damerica-ieri-sera-a-santa-giustina-sulle-note-della-swingin-jazz-orchestra\/#primaryimage","url":"http:\/\/www.bellunopress.it\/wp-content\/uploads\/2009\/08\/swinginjazz-orchestra-005.jpg","contentUrl":"http:\/\/www.bellunopress.it\/wp-content\/uploads\/2009\/08\/swinginjazz-orchestra-005.jpg"},{"@type":"BreadcrumbList","@id":"https:\/\/www.bellunopress.it\/2009\/08\/09\/profumo-damerica-ieri-sera-a-santa-giustina-sulle-note-della-swingin-jazz-orchestra\/#breadcrumb","itemListElement":[{"@type":"ListItem","position":1,"name":"Home","item":"https:\/\/www.bellunopress.it\/"},{"@type":"ListItem","position":2,"name":"Profumo d&#8217;America ieri sera a Santa Giustina, sulle note della Swingin&#8217; Jazz Orchestra"}]},{"@type":"WebSite","@id":"https:\/\/www.bellunopress.it\/#website","url":"https:\/\/www.bellunopress.it\/","name":"Bellunopress - Dolomiti","description":"e-mail: redazione@bellunopress.it","publisher":{"@id":"https:\/\/www.bellunopress.it\/#organization"},"potentialAction":[{"@type":"SearchAction","target":{"@type":"EntryPoint","urlTemplate":"https:\/\/www.bellunopress.it\/?s={search_term_string}"},"query-input":{"@type":"PropertyValueSpecification","valueRequired":true,"valueName":"search_term_string"}}],"inLanguage":"fr-FR"},{"@type":"Organization","@id":"https:\/\/www.bellunopress.it\/#organization","name":"Bellunopress","url":"https:\/\/www.bellunopress.it\/","logo":{"@type":"ImageObject","inLanguage":"fr-FR","@id":"https:\/\/www.bellunopress.it\/#\/schema\/logo\/image\/","url":"https:\/\/www.bellunopress.it\/wp-content\/uploads\/2011\/05\/cropped-logo-bellunopress-.jpg","contentUrl":"https:\/\/www.bellunopress.it\/wp-content\/uploads\/2011\/05\/cropped-logo-bellunopress-.jpg","width":512,"height":512,"caption":"Bellunopress"},"image":{"@id":"https:\/\/www.bellunopress.it\/#\/schema\/logo\/image\/"},"sameAs":["https:\/\/www.facebook.com\/profile.php?id=100008943462799","https:\/\/x.com\/bellunopress","https:\/\/www.linkedin.com\/hp\/?dnr=JBzUWaJfMUw8vbXJJ2tVW5-I3jZKvC4wsoxE&amp;amp;amp;amp;amp;amp;trk=nav_responsive_tab_home","https:\/\/www.youtube.com\/channel\/UCxL0wu1uN0_3_7hGG0306cw"]},{"@type":"Person","@id":"https:\/\/www.bellunopress.it\/#\/schema\/person\/79bb06722b37ece1c03d3e94beb30d73","name":"r\u00e9daction","image":{"@type":"ImageObject","inLanguage":"fr-FR","@id":"https:\/\/secure.gravatar.com\/avatar\/37d968a2e67a6fd04c169c4bdef102d0bc5d31b2546345219e348575eb80e9a0?s=96&d=mm&r=g","url":"https:\/\/secure.gravatar.com\/avatar\/37d968a2e67a6fd04c169c4bdef102d0bc5d31b2546345219e348575eb80e9a0?s=96&d=mm&r=g","contentUrl":"https:\/\/secure.gravatar.com\/avatar\/37d968a2e67a6fd04c169c4bdef102d0bc5d31b2546345219e348575eb80e9a0?s=96&d=mm&r=g","caption":"redazione"},"sameAs":["http:\/\/www.bellunopress.it","https:\/\/x.com\/bellunopress"],"url":"https:\/\/www.bellunopress.it\/fr\/author\/redazione\/"}]}},"_links":{"self":[{"href":"https:\/\/www.bellunopress.it\/fr\/wp-json\/wp\/v2\/posts\/6874","targetHints":{"allow":["GET"]}}],"collection":[{"href":"https:\/\/www.bellunopress.it\/fr\/wp-json\/wp\/v2\/posts"}],"about":[{"href":"https:\/\/www.bellunopress.it\/fr\/wp-json\/wp\/v2\/types\/post"}],"author":[{"embeddable":true,"href":"https:\/\/www.bellunopress.it\/fr\/wp-json\/wp\/v2\/users\/2"}],"replies":[{"embeddable":true,"href":"https:\/\/www.bellunopress.it\/fr\/wp-json\/wp\/v2\/comments?post=6874"}],"version-history":[{"count":1,"href":"https:\/\/www.bellunopress.it\/fr\/wp-json\/wp\/v2\/posts\/6874\/revisions"}],"predecessor-version":[{"id":6877,"href":"https:\/\/www.bellunopress.it\/fr\/wp-json\/wp\/v2\/posts\/6874\/revisions\/6877"}],"wp:attachment":[{"href":"https:\/\/www.bellunopress.it\/fr\/wp-json\/wp\/v2\/media?parent=6874"}],"wp:term":[{"taxonomy":"category","embeddable":true,"href":"https:\/\/www.bellunopress.it\/fr\/wp-json\/wp\/v2\/categories?post=6874"},{"taxonomy":"post_tag","embeddable":true,"href":"https:\/\/www.bellunopress.it\/fr\/wp-json\/wp\/v2\/tags?post=6874"}],"curies":[{"name":"wp","href":"https:\/\/api.w.org\/{rel}","templated":true}]}}