{"id":6864,"date":"2009-08-09T10:27:36","date_gmt":"2009-08-09T09:27:36","guid":{"rendered":"http:\/\/www.bellunopress.it\/?p=6864"},"modified":"2009-08-09T10:30:27","modified_gmt":"2009-08-09T09:30:27","slug":"martedi-a-vigo-di-cadore-la-storia-del-gazzettino-con-sante-rossetto","status":"publish","type":"post","link":"https:\/\/www.bellunopress.it\/fr\/2009\/08\/09\/martedi-a-vigo-di-cadore-la-storia-del-gazzettino-con-sante-rossetto\/","title":{"rendered":"Mercoled\u00ec a Vigo di Cadore la storia del Gazzettino con Sante Rossetto"},"content":{"rendered":"<p>VIGO DI CADORE &#8211;\u00a0 Si parler\u00e0 del Gazzettino e della sua storia mercoled\u00ec 12 agosto a Vigo di Cadore, alle 17.30, nella sede della Biblioteca storica cadorina. Gazzettino vuole dire Cadore e bene ha fatto l&#8217;assessore Maria Grazia Petroni ad organizzare questo incontro con il giornalista\u00a0 e storico Sante Rossetto (nella foto)<a href=\"http:\/\/www.bellunopress.it\/wp-content\/uploads\/2009\/04\/sante-rossetto-2.jpg\"><img loading=\"lazy\" decoding=\"async\" class=\"alignleft size-medium wp-image-2328\" title=\"sante-rossetto-2\" src=\"http:\/\/www.bellunopress.it\/wp-content\/uploads\/2009\/04\/sante-rossetto-2.jpg\" alt=\"\" width=\"270\" height=\"180\" \/><\/a>\u00a0che presenter\u00e0 il suo libro \u201cIl Gazzettino e la societ\u00e0 veneta\u201d, edito dalla Cierre di Verona e giunto alla seconda edizione. Introdurr\u00e0 l&#8217;autore e il volume lo scrittore Oscar De Gaspari. Un volume importante per conoscere non soltanto le vicende del pi\u00f9 noto giornale veneto, ma anche la storia del Veneto. Fu Giampietro Talamini, cittadino nato a Vodo nel 1845, a dar vita a questo monumento della storia veneta. Quando nacque il Cadore era terra austriaca e lo rester\u00e0 ancora per oltre vent&#8217;anni. Vi \u00e8 anche una breve traccia biografica del grande giornalista cadorino nel libro di Rossetto. Ma vi \u00e8 anche qualche passo saliente della storia del Bellunese. Con le olimpiadi di Cortina, con il Rosso Volante, con la immane tragedia di Longarone. Uno studio, condotto con la nota acribia accademica dell&#8217;autore che \u00e8 stato per sette anni capo della redazione bellunese del Gazzettino, non\u00a0 privo di critiche verso la strada imboccata dal giornale in questi ultimi anni. L&#8217;autore non nasconde le sue perplessit\u00e0 per le scelte attuate che hanno condotto ad una grave perdita di immagine e di copie del foglio veneto. E non tralascia nemmeno le critiche ai colleghi. Perch\u00e9 \u2013 sostiene Rossetto \u2013 ognuno deve prendersi le proprie responsabilit\u00e0. Oggi il Gazzettino sta vivendo un momento di indubbia difficolt\u00e0. Ha perso decine di migliaia di copie nell&#8217;ultimo decennio e ora sta attuando una politica di risparmi e di tagli. E molti si chiedono dove andr\u00e0 a finire. Ma quello che Rossetto vuole sottolineare nel suo importante lavoro \u00e8 che il Veneto non pu\u00f2 perdere il Gazzettino che rappresenta una costola della sua vicenda storica. Informazione nella nostra regione \u00e8 sempre stato sinonimo di Gazzettino. Pu\u00f2 il futuro dei Veneti fare a meno di questa testata?\u00a0 Di questo e di molto altro parler\u00e0 il noto giornalista che \u2013 siamo certi \u2013 non lesiner\u00e0 le polemiche. Una preziosa occasione anche per i turisti veneti di conoscere un aspetto della nostra storia remota e recente che sarebbe un peccato\u00a0 non cogliere al volo.<\/p>","protected":false},"excerpt":{"rendered":"<p>VIGO DI CADORE &#8211;\u00a0 Si parler\u00e0 del Gazzettino e della sua storia mercoled\u00ec 12 agosto a Vigo di Cadore, alle 17.30, nella sede della Biblioteca storica cadorina. Gazzettino vuole dire Cadore e bene ha fatto l&#8217;assessore Maria Grazia Petroni ad organizzare questo incontro con il giornalista\u00a0 e storico Sante Rossetto (nella foto)\u00a0che presenter\u00e0 il suo [&hellip;]<\/p>\n","protected":false},"author":2,"featured_media":0,"comment_status":"closed","ping_status":"open","sticky":false,"template":"","format":"standard","meta":{"footnotes":""},"categories":[3,25],"tags":[139,151],"class_list":["post-6864","post","type-post","status-publish","format-standard","category-arte-cultura-spettacoli-scienza-archivi","category-pausa-caffe","tag-belluno","tag-cadore"],"yoast_head":"<!-- This site is optimized with the Yoast SEO plugin v28.4 - https:\/\/yoast.com\/product\/yoast-seo-wordpress\/ -->\n<title>Mercoled\u00ec a Vigo di Cadore la storia del Gazzettino con Sante Rossetto - Bellunopress - Dolomiti<\/title>\n<meta name=\"robots\" content=\"index, follow, max-snippet:-1, max-image-preview:large, max-video-preview:-1\" \/>\n<link rel=\"canonical\" href=\"https:\/\/www.bellunopress.it\/fr\/2009\/08\/09\/martedi-a-vigo-di-cadore-la-storia-del-gazzettino-con-sante-rossetto\/\" \/>\n<meta property=\"og:locale\" content=\"fr_FR\" \/>\n<meta property=\"og:type\" content=\"article\" \/>\n<meta property=\"og:title\" content=\"Mercoled\u00ec a Vigo di Cadore la storia del Gazzettino con Sante Rossetto - Bellunopress - Dolomiti\" \/>\n<meta property=\"og:description\" content=\"VIGO DI CADORE &#8211;\u00a0 Si parler\u00e0 del Gazzettino e della sua storia mercoled\u00ec 12 agosto a Vigo di Cadore, alle 17.30, nella sede della Biblioteca storica cadorina. Gazzettino vuole dire Cadore e bene ha fatto l&#8217;assessore Maria Grazia Petroni ad organizzare questo incontro con il giornalista\u00a0 e storico Sante Rossetto (nella foto)\u00a0che presenter\u00e0 il suo [&hellip;]\" \/>\n<meta property=\"og:url\" content=\"https:\/\/www.bellunopress.it\/fr\/2009\/08\/09\/martedi-a-vigo-di-cadore-la-storia-del-gazzettino-con-sante-rossetto\/\" \/>\n<meta property=\"og:site_name\" content=\"Bellunopress - Dolomiti\" \/>\n<meta property=\"article:publisher\" content=\"https:\/\/www.facebook.com\/profile.php?id=100008943462799\" \/>\n<meta property=\"article:published_time\" content=\"2009-08-09T09:27:36+00:00\" \/>\n<meta property=\"article:modified_time\" content=\"2009-08-09T09:30:27+00:00\" \/>\n<meta property=\"og:image\" content=\"http:\/\/www.bellunopress.it\/wp-content\/uploads\/2009\/04\/sante-rossetto-2.jpg\" \/>\n<meta name=\"author\" content=\"redazione\" \/>\n<meta name=\"twitter:card\" content=\"summary_large_image\" \/>\n<meta name=\"twitter:creator\" content=\"@bellunopress\" \/>\n<meta name=\"twitter:site\" content=\"@bellunopress\" \/>\n<meta name=\"twitter:label1\" content=\"\u00c9crit par\" \/>\n\t<meta name=\"twitter:data1\" content=\"redazione\" \/>\n\t<meta name=\"twitter:label2\" content=\"Dur\u00e9e de lecture estim\u00e9e\" \/>\n\t<meta name=\"twitter:data2\" content=\"2 minutes\" \/>\n<script type=\"application\/ld+json\" class=\"yoast-schema-graph\">{\"@context\":\"https:\\\/\\\/schema.org\",\"@graph\":[{\"@type\":\"Article\",\"@id\":\"https:\\\/\\\/www.bellunopress.it\\\/2009\\\/08\\\/09\\\/martedi-a-vigo-di-cadore-la-storia-del-gazzettino-con-sante-rossetto\\\/#article\",\"isPartOf\":{\"@id\":\"https:\\\/\\\/www.bellunopress.it\\\/2009\\\/08\\\/09\\\/martedi-a-vigo-di-cadore-la-storia-del-gazzettino-con-sante-rossetto\\\/\"},\"author\":{\"name\":\"redazione\",\"@id\":\"https:\\\/\\\/www.bellunopress.it\\\/#\\\/schema\\\/person\\\/79bb06722b37ece1c03d3e94beb30d73\"},\"headline\":\"Mercoled\u00ec a Vigo di Cadore la storia del Gazzettino con Sante Rossetto\",\"datePublished\":\"2009-08-09T09:27:36+00:00\",\"dateModified\":\"2009-08-09T09:30:27+00:00\",\"mainEntityOfPage\":{\"@id\":\"https:\\\/\\\/www.bellunopress.it\\\/2009\\\/08\\\/09\\\/martedi-a-vigo-di-cadore-la-storia-del-gazzettino-con-sante-rossetto\\\/\"},\"wordCount\":392,\"publisher\":{\"@id\":\"https:\\\/\\\/www.bellunopress.it\\\/#organization\"},\"image\":{\"@id\":\"https:\\\/\\\/www.bellunopress.it\\\/2009\\\/08\\\/09\\\/martedi-a-vigo-di-cadore-la-storia-del-gazzettino-con-sante-rossetto\\\/#primaryimage\"},\"thumbnailUrl\":\"http:\\\/\\\/www.bellunopress.it\\\/wp-content\\\/uploads\\\/2009\\\/04\\\/sante-rossetto-2.jpg\",\"keywords\":[\"Belluno\",\"Cadore\"],\"articleSection\":[\"Arte, Cultura, Spettacoli, Scienza\",\"Pausa Caff\u00e8\"],\"inLanguage\":\"fr-FR\"},{\"@type\":\"WebPage\",\"@id\":\"https:\\\/\\\/www.bellunopress.it\\\/2009\\\/08\\\/09\\\/martedi-a-vigo-di-cadore-la-storia-del-gazzettino-con-sante-rossetto\\\/\",\"url\":\"https:\\\/\\\/www.bellunopress.it\\\/2009\\\/08\\\/09\\\/martedi-a-vigo-di-cadore-la-storia-del-gazzettino-con-sante-rossetto\\\/\",\"name\":\"Mercoled\u00ec a Vigo di Cadore la storia del Gazzettino con Sante Rossetto - Bellunopress - Dolomiti\",\"isPartOf\":{\"@id\":\"https:\\\/\\\/www.bellunopress.it\\\/#website\"},\"primaryImageOfPage\":{\"@id\":\"https:\\\/\\\/www.bellunopress.it\\\/2009\\\/08\\\/09\\\/martedi-a-vigo-di-cadore-la-storia-del-gazzettino-con-sante-rossetto\\\/#primaryimage\"},\"image\":{\"@id\":\"https:\\\/\\\/www.bellunopress.it\\\/2009\\\/08\\\/09\\\/martedi-a-vigo-di-cadore-la-storia-del-gazzettino-con-sante-rossetto\\\/#primaryimage\"},\"thumbnailUrl\":\"http:\\\/\\\/www.bellunopress.it\\\/wp-content\\\/uploads\\\/2009\\\/04\\\/sante-rossetto-2.jpg\",\"datePublished\":\"2009-08-09T09:27:36+00:00\",\"dateModified\":\"2009-08-09T09:30:27+00:00\",\"breadcrumb\":{\"@id\":\"https:\\\/\\\/www.bellunopress.it\\\/2009\\\/08\\\/09\\\/martedi-a-vigo-di-cadore-la-storia-del-gazzettino-con-sante-rossetto\\\/#breadcrumb\"},\"inLanguage\":\"fr-FR\",\"potentialAction\":[{\"@type\":\"ReadAction\",\"target\":[\"https:\\\/\\\/www.bellunopress.it\\\/2009\\\/08\\\/09\\\/martedi-a-vigo-di-cadore-la-storia-del-gazzettino-con-sante-rossetto\\\/\"]}]},{\"@type\":\"ImageObject\",\"inLanguage\":\"fr-FR\",\"@id\":\"https:\\\/\\\/www.bellunopress.it\\\/2009\\\/08\\\/09\\\/martedi-a-vigo-di-cadore-la-storia-del-gazzettino-con-sante-rossetto\\\/#primaryimage\",\"url\":\"http:\\\/\\\/www.bellunopress.it\\\/wp-content\\\/uploads\\\/2009\\\/04\\\/sante-rossetto-2.jpg\",\"contentUrl\":\"http:\\\/\\\/www.bellunopress.it\\\/wp-content\\\/uploads\\\/2009\\\/04\\\/sante-rossetto-2.jpg\"},{\"@type\":\"BreadcrumbList\",\"@id\":\"https:\\\/\\\/www.bellunopress.it\\\/2009\\\/08\\\/09\\\/martedi-a-vigo-di-cadore-la-storia-del-gazzettino-con-sante-rossetto\\\/#breadcrumb\",\"itemListElement\":[{\"@type\":\"ListItem\",\"position\":1,\"name\":\"Home\",\"item\":\"https:\\\/\\\/www.bellunopress.it\\\/\"},{\"@type\":\"ListItem\",\"position\":2,\"name\":\"Mercoled\u00ec a Vigo di Cadore la storia del Gazzettino con Sante Rossetto\"}]},{\"@type\":\"WebSite\",\"@id\":\"https:\\\/\\\/www.bellunopress.it\\\/#website\",\"url\":\"https:\\\/\\\/www.bellunopress.it\\\/\",\"name\":\"Bellunopress - Dolomiti\",\"description\":\"e-mail: redazione@bellunopress.it\",\"publisher\":{\"@id\":\"https:\\\/\\\/www.bellunopress.it\\\/#organization\"},\"potentialAction\":[{\"@type\":\"SearchAction\",\"target\":{\"@type\":\"EntryPoint\",\"urlTemplate\":\"https:\\\/\\\/www.bellunopress.it\\\/?s={search_term_string}\"},\"query-input\":{\"@type\":\"PropertyValueSpecification\",\"valueRequired\":true,\"valueName\":\"search_term_string\"}}],\"inLanguage\":\"fr-FR\"},{\"@type\":\"Organization\",\"@id\":\"https:\\\/\\\/www.bellunopress.it\\\/#organization\",\"name\":\"Bellunopress\",\"url\":\"https:\\\/\\\/www.bellunopress.it\\\/\",\"logo\":{\"@type\":\"ImageObject\",\"inLanguage\":\"fr-FR\",\"@id\":\"https:\\\/\\\/www.bellunopress.it\\\/#\\\/schema\\\/logo\\\/image\\\/\",\"url\":\"https:\\\/\\\/www.bellunopress.it\\\/wp-content\\\/uploads\\\/2011\\\/05\\\/cropped-logo-bellunopress-.jpg\",\"contentUrl\":\"https:\\\/\\\/www.bellunopress.it\\\/wp-content\\\/uploads\\\/2011\\\/05\\\/cropped-logo-bellunopress-.jpg\",\"width\":512,\"height\":512,\"caption\":\"Bellunopress\"},\"image\":{\"@id\":\"https:\\\/\\\/www.bellunopress.it\\\/#\\\/schema\\\/logo\\\/image\\\/\"},\"sameAs\":[\"https:\\\/\\\/www.facebook.com\\\/profile.php?id=100008943462799\",\"https:\\\/\\\/x.com\\\/bellunopress\",\"https:\\\/\\\/www.linkedin.com\\\/hp\\\/?dnr=JBzUWaJfMUw8vbXJJ2tVW5-I3jZKvC4wsoxE&amp;amp;amp;amp;amp;amp;trk=nav_responsive_tab_home\",\"https:\\\/\\\/www.youtube.com\\\/channel\\\/UCxL0wu1uN0_3_7hGG0306cw\"]},{\"@type\":\"Person\",\"@id\":\"https:\\\/\\\/www.bellunopress.it\\\/#\\\/schema\\\/person\\\/79bb06722b37ece1c03d3e94beb30d73\",\"name\":\"redazione\",\"image\":{\"@type\":\"ImageObject\",\"inLanguage\":\"fr-FR\",\"@id\":\"https:\\\/\\\/secure.gravatar.com\\\/avatar\\\/37d968a2e67a6fd04c169c4bdef102d0bc5d31b2546345219e348575eb80e9a0?s=96&d=mm&r=g\",\"url\":\"https:\\\/\\\/secure.gravatar.com\\\/avatar\\\/37d968a2e67a6fd04c169c4bdef102d0bc5d31b2546345219e348575eb80e9a0?s=96&d=mm&r=g\",\"contentUrl\":\"https:\\\/\\\/secure.gravatar.com\\\/avatar\\\/37d968a2e67a6fd04c169c4bdef102d0bc5d31b2546345219e348575eb80e9a0?s=96&d=mm&r=g\",\"caption\":\"redazione\"},\"sameAs\":[\"http:\\\/\\\/www.bellunopress.it\",\"https:\\\/\\\/x.com\\\/bellunopress\"],\"url\":\"https:\\\/\\\/www.bellunopress.it\\\/fr\\\/author\\\/redazione\\\/\"}]}<\/script>\n<!-- \/ Yoast SEO plugin. -->","yoast_head_json":{"title":"Mercoled\u00ec a Vigo di Cadore la storia del Gazzettino con Sante Rossetto - Bellunopress - Dolomiti","robots":{"index":"index","follow":"follow","max-snippet":"max-snippet:-1","max-image-preview":"max-image-preview:large","max-video-preview":"max-video-preview:-1"},"canonical":"https:\/\/www.bellunopress.it\/fr\/2009\/08\/09\/martedi-a-vigo-di-cadore-la-storia-del-gazzettino-con-sante-rossetto\/","og_locale":"fr_FR","og_type":"article","og_title":"Mercoled\u00ec a Vigo di Cadore la storia del Gazzettino con Sante Rossetto - Bellunopress - Dolomiti","og_description":"VIGO DI CADORE &#8211;\u00a0 Si parler\u00e0 del Gazzettino e della sua storia mercoled\u00ec 12 agosto a Vigo di Cadore, alle 17.30, nella sede della Biblioteca storica cadorina. Gazzettino vuole dire Cadore e bene ha fatto l&#8217;assessore Maria Grazia Petroni ad organizzare questo incontro con il giornalista\u00a0 e storico Sante Rossetto (nella foto)\u00a0che presenter\u00e0 il suo [&hellip;]","og_url":"https:\/\/www.bellunopress.it\/fr\/2009\/08\/09\/martedi-a-vigo-di-cadore-la-storia-del-gazzettino-con-sante-rossetto\/","og_site_name":"Bellunopress - Dolomiti","article_publisher":"https:\/\/www.facebook.com\/profile.php?id=100008943462799","article_published_time":"2009-08-09T09:27:36+00:00","article_modified_time":"2009-08-09T09:30:27+00:00","og_image":[{"url":"http:\/\/www.bellunopress.it\/wp-content\/uploads\/2009\/04\/sante-rossetto-2.jpg","type":"","width":"","height":""}],"author":"redazione","twitter_card":"summary_large_image","twitter_creator":"@bellunopress","twitter_site":"@bellunopress","twitter_misc":{"\u00c9crit par":"redazione","Dur\u00e9e de lecture estim\u00e9e":"2 minutes"},"schema":{"@context":"https:\/\/schema.org","@graph":[{"@type":"Article","@id":"https:\/\/www.bellunopress.it\/2009\/08\/09\/martedi-a-vigo-di-cadore-la-storia-del-gazzettino-con-sante-rossetto\/#article","isPartOf":{"@id":"https:\/\/www.bellunopress.it\/2009\/08\/09\/martedi-a-vigo-di-cadore-la-storia-del-gazzettino-con-sante-rossetto\/"},"author":{"name":"redazione","@id":"https:\/\/www.bellunopress.it\/#\/schema\/person\/79bb06722b37ece1c03d3e94beb30d73"},"headline":"Mercoled\u00ec a Vigo di Cadore la storia del Gazzettino con Sante Rossetto","datePublished":"2009-08-09T09:27:36+00:00","dateModified":"2009-08-09T09:30:27+00:00","mainEntityOfPage":{"@id":"https:\/\/www.bellunopress.it\/2009\/08\/09\/martedi-a-vigo-di-cadore-la-storia-del-gazzettino-con-sante-rossetto\/"},"wordCount":392,"publisher":{"@id":"https:\/\/www.bellunopress.it\/#organization"},"image":{"@id":"https:\/\/www.bellunopress.it\/2009\/08\/09\/martedi-a-vigo-di-cadore-la-storia-del-gazzettino-con-sante-rossetto\/#primaryimage"},"thumbnailUrl":"http:\/\/www.bellunopress.it\/wp-content\/uploads\/2009\/04\/sante-rossetto-2.jpg","keywords":["Belluno","Cadore"],"articleSection":["Arte, Cultura, Spettacoli, Scienza","Pausa Caff\u00e8"],"inLanguage":"fr-FR"},{"@type":"WebPage","@id":"https:\/\/www.bellunopress.it\/2009\/08\/09\/martedi-a-vigo-di-cadore-la-storia-del-gazzettino-con-sante-rossetto\/","url":"https:\/\/www.bellunopress.it\/2009\/08\/09\/martedi-a-vigo-di-cadore-la-storia-del-gazzettino-con-sante-rossetto\/","name":"Mercoled\u00ec a Vigo di Cadore la storia del Gazzettino con Sante Rossetto - Bellunopress - Dolomiti","isPartOf":{"@id":"https:\/\/www.bellunopress.it\/#website"},"primaryImageOfPage":{"@id":"https:\/\/www.bellunopress.it\/2009\/08\/09\/martedi-a-vigo-di-cadore-la-storia-del-gazzettino-con-sante-rossetto\/#primaryimage"},"image":{"@id":"https:\/\/www.bellunopress.it\/2009\/08\/09\/martedi-a-vigo-di-cadore-la-storia-del-gazzettino-con-sante-rossetto\/#primaryimage"},"thumbnailUrl":"http:\/\/www.bellunopress.it\/wp-content\/uploads\/2009\/04\/sante-rossetto-2.jpg","datePublished":"2009-08-09T09:27:36+00:00","dateModified":"2009-08-09T09:30:27+00:00","breadcrumb":{"@id":"https:\/\/www.bellunopress.it\/2009\/08\/09\/martedi-a-vigo-di-cadore-la-storia-del-gazzettino-con-sante-rossetto\/#breadcrumb"},"inLanguage":"fr-FR","potentialAction":[{"@type":"ReadAction","target":["https:\/\/www.bellunopress.it\/2009\/08\/09\/martedi-a-vigo-di-cadore-la-storia-del-gazzettino-con-sante-rossetto\/"]}]},{"@type":"ImageObject","inLanguage":"fr-FR","@id":"https:\/\/www.bellunopress.it\/2009\/08\/09\/martedi-a-vigo-di-cadore-la-storia-del-gazzettino-con-sante-rossetto\/#primaryimage","url":"http:\/\/www.bellunopress.it\/wp-content\/uploads\/2009\/04\/sante-rossetto-2.jpg","contentUrl":"http:\/\/www.bellunopress.it\/wp-content\/uploads\/2009\/04\/sante-rossetto-2.jpg"},{"@type":"BreadcrumbList","@id":"https:\/\/www.bellunopress.it\/2009\/08\/09\/martedi-a-vigo-di-cadore-la-storia-del-gazzettino-con-sante-rossetto\/#breadcrumb","itemListElement":[{"@type":"ListItem","position":1,"name":"Home","item":"https:\/\/www.bellunopress.it\/"},{"@type":"ListItem","position":2,"name":"Mercoled\u00ec a Vigo di Cadore la storia del Gazzettino con Sante Rossetto"}]},{"@type":"WebSite","@id":"https:\/\/www.bellunopress.it\/#website","url":"https:\/\/www.bellunopress.it\/","name":"Bellunopress - Dolomiti","description":"e-mail: redazione@bellunopress.it","publisher":{"@id":"https:\/\/www.bellunopress.it\/#organization"},"potentialAction":[{"@type":"SearchAction","target":{"@type":"EntryPoint","urlTemplate":"https:\/\/www.bellunopress.it\/?s={search_term_string}"},"query-input":{"@type":"PropertyValueSpecification","valueRequired":true,"valueName":"search_term_string"}}],"inLanguage":"fr-FR"},{"@type":"Organization","@id":"https:\/\/www.bellunopress.it\/#organization","name":"Bellunopress","url":"https:\/\/www.bellunopress.it\/","logo":{"@type":"ImageObject","inLanguage":"fr-FR","@id":"https:\/\/www.bellunopress.it\/#\/schema\/logo\/image\/","url":"https:\/\/www.bellunopress.it\/wp-content\/uploads\/2011\/05\/cropped-logo-bellunopress-.jpg","contentUrl":"https:\/\/www.bellunopress.it\/wp-content\/uploads\/2011\/05\/cropped-logo-bellunopress-.jpg","width":512,"height":512,"caption":"Bellunopress"},"image":{"@id":"https:\/\/www.bellunopress.it\/#\/schema\/logo\/image\/"},"sameAs":["https:\/\/www.facebook.com\/profile.php?id=100008943462799","https:\/\/x.com\/bellunopress","https:\/\/www.linkedin.com\/hp\/?dnr=JBzUWaJfMUw8vbXJJ2tVW5-I3jZKvC4wsoxE&amp;amp;amp;amp;amp;amp;trk=nav_responsive_tab_home","https:\/\/www.youtube.com\/channel\/UCxL0wu1uN0_3_7hGG0306cw"]},{"@type":"Person","@id":"https:\/\/www.bellunopress.it\/#\/schema\/person\/79bb06722b37ece1c03d3e94beb30d73","name":"r\u00e9daction","image":{"@type":"ImageObject","inLanguage":"fr-FR","@id":"https:\/\/secure.gravatar.com\/avatar\/37d968a2e67a6fd04c169c4bdef102d0bc5d31b2546345219e348575eb80e9a0?s=96&d=mm&r=g","url":"https:\/\/secure.gravatar.com\/avatar\/37d968a2e67a6fd04c169c4bdef102d0bc5d31b2546345219e348575eb80e9a0?s=96&d=mm&r=g","contentUrl":"https:\/\/secure.gravatar.com\/avatar\/37d968a2e67a6fd04c169c4bdef102d0bc5d31b2546345219e348575eb80e9a0?s=96&d=mm&r=g","caption":"redazione"},"sameAs":["http:\/\/www.bellunopress.it","https:\/\/x.com\/bellunopress"],"url":"https:\/\/www.bellunopress.it\/fr\/author\/redazione\/"}]}},"_links":{"self":[{"href":"https:\/\/www.bellunopress.it\/fr\/wp-json\/wp\/v2\/posts\/6864","targetHints":{"allow":["GET"]}}],"collection":[{"href":"https:\/\/www.bellunopress.it\/fr\/wp-json\/wp\/v2\/posts"}],"about":[{"href":"https:\/\/www.bellunopress.it\/fr\/wp-json\/wp\/v2\/types\/post"}],"author":[{"embeddable":true,"href":"https:\/\/www.bellunopress.it\/fr\/wp-json\/wp\/v2\/users\/2"}],"replies":[{"embeddable":true,"href":"https:\/\/www.bellunopress.it\/fr\/wp-json\/wp\/v2\/comments?post=6864"}],"version-history":[{"count":4,"href":"https:\/\/www.bellunopress.it\/fr\/wp-json\/wp\/v2\/posts\/6864\/revisions"}],"predecessor-version":[{"id":6868,"href":"https:\/\/www.bellunopress.it\/fr\/wp-json\/wp\/v2\/posts\/6864\/revisions\/6868"}],"wp:attachment":[{"href":"https:\/\/www.bellunopress.it\/fr\/wp-json\/wp\/v2\/media?parent=6864"}],"wp:term":[{"taxonomy":"category","embeddable":true,"href":"https:\/\/www.bellunopress.it\/fr\/wp-json\/wp\/v2\/categories?post=6864"},{"taxonomy":"post_tag","embeddable":true,"href":"https:\/\/www.bellunopress.it\/fr\/wp-json\/wp\/v2\/tags?post=6864"}],"curies":[{"name":"wp","href":"https:\/\/api.w.org\/{rel}","templated":true}]}}