{"id":6853,"date":"2009-08-09T00:28:47","date_gmt":"2009-08-08T23:28:47","guid":{"rendered":"http:\/\/www.bellunopress.it\/?p=6853"},"modified":"2021-07-25T16:06:13","modified_gmt":"2021-07-25T14:06:13","slug":"isabel-de-obligado-la-misteriosa-contessa-venuta-dal-nulla-e-sparita-nel-nulla-che-dal-43-al-45-fu-garante-della-tregua-tra-tedeschi-e-partigiani-in-zoldo","status":"publish","type":"post","link":"https:\/\/www.bellunopress.it\/fr\/2009\/08\/09\/isabel-de-obligado-la-misteriosa-contessa-venuta-dal-nulla-e-sparita-nel-nulla-che-dal-43-al-45-fu-garante-della-tregua-tra-tedeschi-e-partigiani-in-zoldo\/","title":{"rendered":"Isabel de Obligado, la misteriosa contessa venuta dal nulla e sparita nel nulla, che dal &#8217;43 al &#8217;45 fu garante della tregua tra tedeschi e partigiani in Zoldo"},"content":{"rendered":"<p><strong>Svizzera di nascita, ma di nazionalit\u00e0 argentina, gentildonna dall\u2019indubbio fascino, sempre elegante ed autorevole, parlava correttamente francese, inglese, spagnolo, tedesco oltre all\u2019italiano. Amica del dottor Lauer, consigliere germanico presso la Prefettura di Belluno e del capitano americano Steve Hall dell\u2019Ufficio servizi strategici Usa in Italia. Abile nel maneggiare le armi, nell\u2019andare a cavallo e al volante della Lancia Astura. Decorata con croce di guerra dal governo inglese, la contessa Isabel de Obligado, era un agente segreto al servizio di Sua Maest\u00e0 Britannica che soggiorn\u00f2 dal 1943 al 1945 a Zoldo Alto. Dove riusc\u00ec a garantire una sorta di tregua tra tedeschi e partigiani della Brigata Val Cordevole, limitando cos\u00ec lo spargimento di sangue. Una trattativa che non piacque all\u2019ala dura dei partigiani del Comando militare della Zona Piave, secondo i quali i tedeschi erano nemici e dunque andavano solo combattuti ed uccisi. Pertanto, qualsiasi altro comportamento era considerato un tradimento. Anzi, un alto tradimento. Di questo infatti vennero accusati i partigiani moderati e la stessa contessa. Segu\u00ec l\u2019arresto e il processo.\u00a0 Ma all\u2019ultimo minuto \u201carrivano i nostri\u201d a salvare la situazione. La storia ha un epilogo a lieto fine, c\u2019\u00e8 l\u2019intervento del maggiore Benucci, della Missione americana che si assume piena responsabilit\u00e0 disponendo l\u2019interruzione del processo, cui sarebbe sicuramente seguita la fucilazione della contessa de Obligado, del comandante della Brigata Val Cordevole Lino Davare e del commissario Toni Berna che avevano condotto la trattativa.\u00a0 <\/strong><\/p>\n<figure id=\"attachment_49589\" aria-describedby=\"caption-attachment-49589\" style=\"width: 290px\" class=\"wp-caption alignleft\"><a href=\"http:\/\/www.bellunopress.it\/wp-content\/uploads\/2009\/08\/Villa-Monterumici-Zoldo.jpg\"><img loading=\"lazy\" decoding=\"async\" class=\"size-full wp-image-49589\" src=\"http:\/\/www.bellunopress.it\/wp-content\/uploads\/2009\/08\/Villa-Monterumici-Zoldo.jpg\" alt=\"Villa Monterumici in una foto del 1940 gentilmente inviata da Cristina Zulian \" width=\"290\" height=\"188\" \/><\/a><figcaption id=\"caption-attachment-49589\" class=\"wp-caption-text\">Villa Monterumici in una foto del 1940 gentilmente inviata da Cristina Zulian<\/figcaption><\/figure>\n<p>Aveva circa 35 anni quando arriv\u00f2 all\u2019albergo Civetta di Zoldo Alto nel novembre del 1942. L\u2019unica cosa certa che emerge dalle carte depositate in Comune di Zoldo Alto, \u00e8 che la contessa Isabel de Obligado, nata Kuhn Von Kunhnenfeld, era in possesso di regolare permesso di soggiorno per stranieri rilasciato dalla Questura di Roma sulla base di passaporto agentino rilasciato a Buenos Ayres il 30.4.35 e rinnovato al Consolato argentino in Roma il 12.1.42. La de Obligado, inoltre, dal luglio al dicembre del \u201844 rivest\u00ec ufficialmente il ruolo di delegato podestarile, su nomina del governatore di Belluno, dottor Lauer. Nel 1943, tramite la contessa Carmina Bovio di Feltre, la de Obligado prende in affitto villa Monterumici-Mozzetti, verso il mulino tra Mareson e Coi di Zoldo Alto, dove rimane fino alla fine della guerra. E\u2019 proprio in quella villa in mezzo al bosco, che vengono decise le condizioni per la resa del distaccamento tedesco di Caprile, dopo il 25 aprile del \u201945, tra il comandante partigiano della Brigata Val Cordevole e il comandante tedesco, alla presenza della contessa.Un altro dato riconducibile alla mediazione esercitata dalla de Obligado tra tedeschi ed il Comando partigiano della Brigata Val Cordevole, sta nel fatto che nella Val Zoldana non si verificarono mai episodi cruenti di rappresaglie e distruzioni.<\/p>\n<p>La villa di Mareson, insomma, nel periodo di permanenza della contessa de Obligado, era notoriamente frequentata dai comandanti partigiani. Bench\u00e9 i rapporti non fossero tutti dello stesso tipo: con gli uomini della Brigata Val Cordevole, ritenuti di buona cultura e provenienti dall\u2019area cattolica, tutto fil\u00f2 liscio. Mentre i partigiani della Brigata Pisacane (garibaldina) la minacciarono di morte, le perquisirono la villa e le sequestrarono il mulo ricevuto in dono dal dottor Lauer, commissario di Belluno dopo la costituzione della zona di operazione dell\u2019Alpenvorland e la conseguente annessione al Reich delle province di Belluno, Trento e Bolzano avvenuta il 10 settembre del 1943. A causa di quest\u2019amicizia con Lauer e della conseguente posizione di rilievo che la contessa aveva assunto nei confronti dei tedeschi, non si capiva da quale parte effettivamente fosse schierata. Nel novembre del \u201944 nella villa di Mareson, fa la sua comparsa il capitano americano Steve Hall (Roderik Stephen Goodspeed Hall), del Comando generale alleato in Italia (Missione Mercury Eagle), paracadutato in Carnia nell\u2019agosto \u201944 con il compito di coordinare delle azioni di sabotaggio nel territorio alto atesino, dove la popolazione si dimostrava favorevole ai tedeschi. Hall, prima di essere catturato ed ucciso dai tedeschi il 26 gennaio del \u201845, confider\u00e0 ad un suo accompagnatore che la contessa de Obligado era il primo agente dell\u2019Intelligence service. E quella sera che la contessa apprese la notizia della morte dell\u2019ufficiale, spar\u00f2 in aria alcuni colpi di fucile come ultimo saluto. Dedicandogli poi una targa affissa su un larice di fronte alla villa con la scritta: \u201cCaptain Steve Hall from Washington fallen for his country Chistmas 1944 chiselled on the 6 pound carth\u201d. Uno dei fatti conosciuti, che dimostra la determinazione e la capacit\u00e0 di mediazione della contessa, avviene nel settembre del \u201944 in occasione del sequestro, da parte dei partigiani, di un sottuficiale della Todt. Prima dello scadere del terzo giorno fissato dai tedeschi per la liberazione dell\u2019ostaggio, pena la rappresaglia, la de Obligado chiede al consigliere germanico presso la Prefettura, dottor Lauer, la dilazione del termine per meglio condurre la trattativa, offrendo se stessa in ostaggio come garanzia.<\/p>\n<figure id=\"attachment_6854\" aria-describedby=\"caption-attachment-6854\" style=\"width: 184px\" class=\"wp-caption alignleft\"><a href=\"http:\/\/www.bellunopress.it\/wp-content\/uploads\/2009\/08\/tengeorg-karl-comendande-della-sez-bell-della-gestapo.jpg\"><img loading=\"lazy\" decoding=\"async\" class=\"size-medium wp-image-6854\" title=\"tengeorg-karl-comendande-della-sez-bell-della-gestapo\" src=\"http:\/\/www.bellunopress.it\/wp-content\/uploads\/2009\/08\/tengeorg-karl-comendande-della-sez-bell-della-gestapo.jpg\" alt=\"Tenente Georg Karl comandante Sez. Gestapo Belluno\" width=\"184\" height=\"270\" \/><\/a><figcaption id=\"caption-attachment-6854\" class=\"wp-caption-text\">Tenente Georg Karl comandante Sez. Gestapo Belluno<\/figcaption><\/figure>\n<p>Ma l\u2019episodio clou avviene nel marzo del 1945 in occasione dell\u2019incontro tra il famigerato tenente Georg Karl, comandante della polizia SS di Belluno e il comandante partigiano della Val Cordevole, Lino Davare con il commissario Toni Berna. Si trattava di un tavolo segreto di trattative volto alla creazione di una zona franca nella Val Zoldana al fine di evitare inutili sacrifici della popolazione civile. L\u2019incontro ebbe luogo nella villa della contessa Isabel de Obligado senza incidenti, il tenente Karl raggiunse Zoldo Alto a bordo di un\u2019auto civile, una Fiat Topolino, e fece ritorno a Belluno. Una pace limitata che nessun alto comando avrebbe mai avvallato e che tuttavia venne discussa. La componente cattolica e moderata dei partigiani che si accorda autonomamente con i tedeschi. Un patto quasi impossibile da realizzare, di cui non si conoscono gli estremi ed al quale segue l\u2019immediata reazione del Comando militare partigiano della Zona Piave. Che emana l\u2019ordine immediato di arresto del comandante delle Brigata Val Cordevole Lino Davare e del commissario Toni Berna con l\u2019accusa di alto tradimento per aver trattato con i tedeschi.<\/p>\n<p>Il processo, cui sarebbe seguita senz\u2019altro la fucilazione, si svolge in un casolare della sinistra Piave, in localit\u00e0 Ceresera sotto Val Morel. La difesa chiama a testimoniare la contessa de Obligado, fermata in piazza Campitello (ora piazza dei Martiri) dalla staffetta Rosanna Vedana e quindi accompagnata dagli uomini della Brigata 7mo Alpini (autonoma) a Ceresera. Qui la situazione peggiora ulteriormente e la contessa da teste diviene anch\u2019essa imputata. A questo punto la difesa chiede l\u2019intervento della Missione Americana. Sar\u00e0 il maggiore Benucci che con una dichiarazione del 25 aprile del \u201945 invita il Comando Zona di Belluno a sospendere il procedimento e liberare la contessa (oltre agli altri partigiani implicati). Che infatti rientra a Zoldo Alto ancora per qualche tempo. Dopodich\u00e9 lascer\u00e0 definitivamente Belluno trasferendosi a\u00a0 Roma, presso Maria Monterumici.<br \/>\n(Roberto De Nart)<\/p>","protected":false},"excerpt":{"rendered":"<p>Svizzera di nascita, ma di nazionalit\u00e0 argentina, gentildonna dall\u2019indubbio fascino, sempre elegante ed autorevole, parlava correttamente francese, inglese, spagnolo, tedesco oltre all\u2019italiano. Amica del dottor Lauer, consigliere germanico presso la Prefettura di Belluno e del capitano americano Steve Hall dell\u2019Ufficio servizi strategici Usa in Italia. Abile nel maneggiare le armi, nell\u2019andare a cavallo e al [&hellip;]<\/p>\n","protected":false},"author":2,"featured_media":126312,"comment_status":"closed","ping_status":"open","sticky":false,"template":"","format":"standard","meta":{"footnotes":""},"categories":[49,26],"tags":[207,210,204,205,209,208,170,206],"class_list":["post-6853","post","type-post","status-publish","format-standard","has-post-thumbnail","category-speciali","category-prima-pagina","tag-brigata-val-cordevole","tag-commissario-toni-berna","tag-isabel-de-obligado","tag-la-misteriosa-contessa","tag-lino-davare","tag-maggiore-benucci","tag-partigiani","tag-steve-hall"],"yoast_head":"<!-- This site is optimized with the Yoast SEO plugin v28.4 - https:\/\/yoast.com\/product\/yoast-seo-wordpress\/ -->\n<title>Isabel de Obligado, la misteriosa contessa venuta dal nulla e sparita nel nulla, che dal &#039;43 al &#039;45 fu garante della tregua tra tedeschi e partigiani in Zoldo - Bellunopress - Dolomiti<\/title>\n<meta name=\"robots\" content=\"index, follow, max-snippet:-1, max-image-preview:large, max-video-preview:-1\" \/>\n<link rel=\"canonical\" href=\"https:\/\/www.bellunopress.it\/fr\/2009\/08\/09\/isabel-de-obligado-la-misteriosa-contessa-venuta-dal-nulla-e-sparita-nel-nulla-che-dal-43-al-45-fu-garante-della-tregua-tra-tedeschi-e-partigiani-in-zoldo\/\" \/>\n<meta property=\"og:locale\" content=\"fr_FR\" \/>\n<meta property=\"og:type\" content=\"article\" \/>\n<meta property=\"og:title\" content=\"Isabel de Obligado, la misteriosa contessa venuta dal nulla e sparita nel nulla, che dal &#039;43 al &#039;45 fu garante della tregua tra tedeschi e partigiani in Zoldo - Bellunopress - Dolomiti\" \/>\n<meta property=\"og:description\" content=\"Svizzera di nascita, ma di nazionalit\u00e0 argentina, gentildonna dall\u2019indubbio fascino, sempre elegante ed autorevole, parlava correttamente francese, inglese, spagnolo, tedesco oltre all\u2019italiano. Amica del dottor Lauer, consigliere germanico presso la Prefettura di Belluno e del capitano americano Steve Hall dell\u2019Ufficio servizi strategici Usa in Italia. Abile nel maneggiare le armi, nell\u2019andare a cavallo e al [&hellip;]\" \/>\n<meta property=\"og:url\" content=\"https:\/\/www.bellunopress.it\/fr\/2009\/08\/09\/isabel-de-obligado-la-misteriosa-contessa-venuta-dal-nulla-e-sparita-nel-nulla-che-dal-43-al-45-fu-garante-della-tregua-tra-tedeschi-e-partigiani-in-zoldo\/\" \/>\n<meta property=\"og:site_name\" content=\"Bellunopress - Dolomiti\" \/>\n<meta property=\"article:publisher\" content=\"https:\/\/www.facebook.com\/profile.php?id=100008943462799\" \/>\n<meta property=\"article:published_time\" content=\"2009-08-08T23:28:47+00:00\" \/>\n<meta property=\"article:modified_time\" content=\"2021-07-25T14:06:13+00:00\" \/>\n<meta property=\"og:image\" content=\"https:\/\/www.bellunopress.it\/wp-content\/uploads\/2009\/08\/Lancia-Astura-1938_edited.jpg\" \/>\n\t<meta property=\"og:image:width\" content=\"529\" \/>\n\t<meta property=\"og:image:height\" content=\"416\" \/>\n\t<meta property=\"og:image:type\" content=\"image\/jpeg\" \/>\n<meta name=\"author\" content=\"redazione\" \/>\n<meta name=\"twitter:card\" content=\"summary_large_image\" \/>\n<meta name=\"twitter:creator\" content=\"@bellunopress\" \/>\n<meta name=\"twitter:site\" content=\"@bellunopress\" \/>\n<meta name=\"twitter:label1\" content=\"Written by\" \/>\n\t<meta name=\"twitter:data1\" content=\"redazione\" \/>\n\t<meta name=\"twitter:label2\" content=\"Est. reading time\" \/>\n\t<meta name=\"twitter:data2\" content=\"6 minutes\" \/>\n<script type=\"application\/ld+json\" class=\"yoast-schema-graph\">{\"@context\":\"https:\\\/\\\/schema.org\",\"@graph\":[{\"@type\":\"Article\",\"@id\":\"https:\\\/\\\/www.bellunopress.it\\\/2009\\\/08\\\/09\\\/isabel-de-obligado-la-misteriosa-contessa-venuta-dal-nulla-e-sparita-nel-nulla-che-dal-43-al-45-fu-garante-della-tregua-tra-tedeschi-e-partigiani-in-zoldo\\\/#article\",\"isPartOf\":{\"@id\":\"https:\\\/\\\/www.bellunopress.it\\\/2009\\\/08\\\/09\\\/isabel-de-obligado-la-misteriosa-contessa-venuta-dal-nulla-e-sparita-nel-nulla-che-dal-43-al-45-fu-garante-della-tregua-tra-tedeschi-e-partigiani-in-zoldo\\\/\"},\"author\":{\"name\":\"redazione\",\"@id\":\"https:\\\/\\\/www.bellunopress.it\\\/#\\\/schema\\\/person\\\/79bb06722b37ece1c03d3e94beb30d73\"},\"headline\":\"Isabel de Obligado, la misteriosa contessa venuta dal nulla e sparita nel nulla, che dal &#8217;43 al &#8217;45 fu garante della tregua tra tedeschi e partigiani in Zoldo\",\"datePublished\":\"2009-08-08T23:28:47+00:00\",\"dateModified\":\"2021-07-25T14:06:13+00:00\",\"mainEntityOfPage\":{\"@id\":\"https:\\\/\\\/www.bellunopress.it\\\/2009\\\/08\\\/09\\\/isabel-de-obligado-la-misteriosa-contessa-venuta-dal-nulla-e-sparita-nel-nulla-che-dal-43-al-45-fu-garante-della-tregua-tra-tedeschi-e-partigiani-in-zoldo\\\/\"},\"wordCount\":1173,\"publisher\":{\"@id\":\"https:\\\/\\\/www.bellunopress.it\\\/#organization\"},\"image\":{\"@id\":\"https:\\\/\\\/www.bellunopress.it\\\/2009\\\/08\\\/09\\\/isabel-de-obligado-la-misteriosa-contessa-venuta-dal-nulla-e-sparita-nel-nulla-che-dal-43-al-45-fu-garante-della-tregua-tra-tedeschi-e-partigiani-in-zoldo\\\/#primaryimage\"},\"thumbnailUrl\":\"https:\\\/\\\/www.bellunopress.it\\\/wp-content\\\/uploads\\\/2009\\\/08\\\/Lancia-Astura-1938_edited.jpg\",\"keywords\":[\"brigata val cordevole\",\"commissario toni berna\",\"isabel de obligado\",\"la misteriosa contessa\",\"lino davare\",\"maggiore benucci\",\"partigiani\",\"Steve Hall\"],\"articleSection\":[\"Gli speciali di Bellunopress\",\"Prima Pagina\"],\"inLanguage\":\"fr-FR\"},{\"@type\":\"WebPage\",\"@id\":\"https:\\\/\\\/www.bellunopress.it\\\/2009\\\/08\\\/09\\\/isabel-de-obligado-la-misteriosa-contessa-venuta-dal-nulla-e-sparita-nel-nulla-che-dal-43-al-45-fu-garante-della-tregua-tra-tedeschi-e-partigiani-in-zoldo\\\/\",\"url\":\"https:\\\/\\\/www.bellunopress.it\\\/2009\\\/08\\\/09\\\/isabel-de-obligado-la-misteriosa-contessa-venuta-dal-nulla-e-sparita-nel-nulla-che-dal-43-al-45-fu-garante-della-tregua-tra-tedeschi-e-partigiani-in-zoldo\\\/\",\"name\":\"Isabel de Obligado, la misteriosa contessa venuta dal nulla e sparita nel nulla, che dal '43 al '45 fu garante della tregua tra tedeschi e partigiani in Zoldo - Bellunopress - Dolomiti\",\"isPartOf\":{\"@id\":\"https:\\\/\\\/www.bellunopress.it\\\/#website\"},\"primaryImageOfPage\":{\"@id\":\"https:\\\/\\\/www.bellunopress.it\\\/2009\\\/08\\\/09\\\/isabel-de-obligado-la-misteriosa-contessa-venuta-dal-nulla-e-sparita-nel-nulla-che-dal-43-al-45-fu-garante-della-tregua-tra-tedeschi-e-partigiani-in-zoldo\\\/#primaryimage\"},\"image\":{\"@id\":\"https:\\\/\\\/www.bellunopress.it\\\/2009\\\/08\\\/09\\\/isabel-de-obligado-la-misteriosa-contessa-venuta-dal-nulla-e-sparita-nel-nulla-che-dal-43-al-45-fu-garante-della-tregua-tra-tedeschi-e-partigiani-in-zoldo\\\/#primaryimage\"},\"thumbnailUrl\":\"https:\\\/\\\/www.bellunopress.it\\\/wp-content\\\/uploads\\\/2009\\\/08\\\/Lancia-Astura-1938_edited.jpg\",\"datePublished\":\"2009-08-08T23:28:47+00:00\",\"dateModified\":\"2021-07-25T14:06:13+00:00\",\"breadcrumb\":{\"@id\":\"https:\\\/\\\/www.bellunopress.it\\\/2009\\\/08\\\/09\\\/isabel-de-obligado-la-misteriosa-contessa-venuta-dal-nulla-e-sparita-nel-nulla-che-dal-43-al-45-fu-garante-della-tregua-tra-tedeschi-e-partigiani-in-zoldo\\\/#breadcrumb\"},\"inLanguage\":\"fr-FR\",\"potentialAction\":[{\"@type\":\"ReadAction\",\"target\":[\"https:\\\/\\\/www.bellunopress.it\\\/2009\\\/08\\\/09\\\/isabel-de-obligado-la-misteriosa-contessa-venuta-dal-nulla-e-sparita-nel-nulla-che-dal-43-al-45-fu-garante-della-tregua-tra-tedeschi-e-partigiani-in-zoldo\\\/\"]}]},{\"@type\":\"ImageObject\",\"inLanguage\":\"fr-FR\",\"@id\":\"https:\\\/\\\/www.bellunopress.it\\\/2009\\\/08\\\/09\\\/isabel-de-obligado-la-misteriosa-contessa-venuta-dal-nulla-e-sparita-nel-nulla-che-dal-43-al-45-fu-garante-della-tregua-tra-tedeschi-e-partigiani-in-zoldo\\\/#primaryimage\",\"url\":\"https:\\\/\\\/www.bellunopress.it\\\/wp-content\\\/uploads\\\/2009\\\/08\\\/Lancia-Astura-1938_edited.jpg\",\"contentUrl\":\"https:\\\/\\\/www.bellunopress.it\\\/wp-content\\\/uploads\\\/2009\\\/08\\\/Lancia-Astura-1938_edited.jpg\",\"width\":529,\"height\":416},{\"@type\":\"BreadcrumbList\",\"@id\":\"https:\\\/\\\/www.bellunopress.it\\\/2009\\\/08\\\/09\\\/isabel-de-obligado-la-misteriosa-contessa-venuta-dal-nulla-e-sparita-nel-nulla-che-dal-43-al-45-fu-garante-della-tregua-tra-tedeschi-e-partigiani-in-zoldo\\\/#breadcrumb\",\"itemListElement\":[{\"@type\":\"ListItem\",\"position\":1,\"name\":\"Home\",\"item\":\"https:\\\/\\\/www.bellunopress.it\\\/\"},{\"@type\":\"ListItem\",\"position\":2,\"name\":\"Isabel de Obligado, la misteriosa contessa venuta dal nulla e sparita nel nulla, che dal &#8217;43 al &#8217;45 fu garante della tregua tra tedeschi e partigiani in Zoldo\"}]},{\"@type\":\"WebSite\",\"@id\":\"https:\\\/\\\/www.bellunopress.it\\\/#website\",\"url\":\"https:\\\/\\\/www.bellunopress.it\\\/\",\"name\":\"Bellunopress - Dolomiti\",\"description\":\"e-mail: redazione@bellunopress.it\",\"publisher\":{\"@id\":\"https:\\\/\\\/www.bellunopress.it\\\/#organization\"},\"potentialAction\":[{\"@type\":\"SearchAction\",\"target\":{\"@type\":\"EntryPoint\",\"urlTemplate\":\"https:\\\/\\\/www.bellunopress.it\\\/?s={search_term_string}\"},\"query-input\":{\"@type\":\"PropertyValueSpecification\",\"valueRequired\":true,\"valueName\":\"search_term_string\"}}],\"inLanguage\":\"fr-FR\"},{\"@type\":\"Organization\",\"@id\":\"https:\\\/\\\/www.bellunopress.it\\\/#organization\",\"name\":\"Bellunopress\",\"url\":\"https:\\\/\\\/www.bellunopress.it\\\/\",\"logo\":{\"@type\":\"ImageObject\",\"inLanguage\":\"fr-FR\",\"@id\":\"https:\\\/\\\/www.bellunopress.it\\\/#\\\/schema\\\/logo\\\/image\\\/\",\"url\":\"https:\\\/\\\/www.bellunopress.it\\\/wp-content\\\/uploads\\\/2011\\\/05\\\/cropped-logo-bellunopress-.jpg\",\"contentUrl\":\"https:\\\/\\\/www.bellunopress.it\\\/wp-content\\\/uploads\\\/2011\\\/05\\\/cropped-logo-bellunopress-.jpg\",\"width\":512,\"height\":512,\"caption\":\"Bellunopress\"},\"image\":{\"@id\":\"https:\\\/\\\/www.bellunopress.it\\\/#\\\/schema\\\/logo\\\/image\\\/\"},\"sameAs\":[\"https:\\\/\\\/www.facebook.com\\\/profile.php?id=100008943462799\",\"https:\\\/\\\/x.com\\\/bellunopress\",\"https:\\\/\\\/www.linkedin.com\\\/hp\\\/?dnr=JBzUWaJfMUw8vbXJJ2tVW5-I3jZKvC4wsoxE&amp;amp;amp;amp;amp;amp;trk=nav_responsive_tab_home\",\"https:\\\/\\\/www.youtube.com\\\/channel\\\/UCxL0wu1uN0_3_7hGG0306cw\"]},{\"@type\":\"Person\",\"@id\":\"https:\\\/\\\/www.bellunopress.it\\\/#\\\/schema\\\/person\\\/79bb06722b37ece1c03d3e94beb30d73\",\"name\":\"redazione\",\"image\":{\"@type\":\"ImageObject\",\"inLanguage\":\"fr-FR\",\"@id\":\"https:\\\/\\\/secure.gravatar.com\\\/avatar\\\/37d968a2e67a6fd04c169c4bdef102d0bc5d31b2546345219e348575eb80e9a0?s=96&d=mm&r=g\",\"url\":\"https:\\\/\\\/secure.gravatar.com\\\/avatar\\\/37d968a2e67a6fd04c169c4bdef102d0bc5d31b2546345219e348575eb80e9a0?s=96&d=mm&r=g\",\"contentUrl\":\"https:\\\/\\\/secure.gravatar.com\\\/avatar\\\/37d968a2e67a6fd04c169c4bdef102d0bc5d31b2546345219e348575eb80e9a0?s=96&d=mm&r=g\",\"caption\":\"redazione\"},\"sameAs\":[\"http:\\\/\\\/www.bellunopress.it\",\"https:\\\/\\\/x.com\\\/bellunopress\"],\"url\":\"https:\\\/\\\/www.bellunopress.it\\\/fr\\\/author\\\/redazione\\\/\"}]}<\/script>\n<!-- \/ Yoast SEO plugin. -->","yoast_head_json":{"title":"Isabel de Obligado, la misteriosa contessa venuta dal nulla e sparita nel nulla, che dal '43 al '45 fu garante della tregua tra tedeschi e partigiani in Zoldo - Bellunopress - Dolomiti","robots":{"index":"index","follow":"follow","max-snippet":"max-snippet:-1","max-image-preview":"max-image-preview:large","max-video-preview":"max-video-preview:-1"},"canonical":"https:\/\/www.bellunopress.it\/fr\/2009\/08\/09\/isabel-de-obligado-la-misteriosa-contessa-venuta-dal-nulla-e-sparita-nel-nulla-che-dal-43-al-45-fu-garante-della-tregua-tra-tedeschi-e-partigiani-in-zoldo\/","og_locale":"fr_FR","og_type":"article","og_title":"Isabel de Obligado, la misteriosa contessa venuta dal nulla e sparita nel nulla, che dal '43 al '45 fu garante della tregua tra tedeschi e partigiani in Zoldo - Bellunopress - Dolomiti","og_description":"Svizzera di nascita, ma di nazionalit\u00e0 argentina, gentildonna dall\u2019indubbio fascino, sempre elegante ed autorevole, parlava correttamente francese, inglese, spagnolo, tedesco oltre all\u2019italiano. Amica del dottor Lauer, consigliere germanico presso la Prefettura di Belluno e del capitano americano Steve Hall dell\u2019Ufficio servizi strategici Usa in Italia. Abile nel maneggiare le armi, nell\u2019andare a cavallo e al [&hellip;]","og_url":"https:\/\/www.bellunopress.it\/fr\/2009\/08\/09\/isabel-de-obligado-la-misteriosa-contessa-venuta-dal-nulla-e-sparita-nel-nulla-che-dal-43-al-45-fu-garante-della-tregua-tra-tedeschi-e-partigiani-in-zoldo\/","og_site_name":"Bellunopress - Dolomiti","article_publisher":"https:\/\/www.facebook.com\/profile.php?id=100008943462799","article_published_time":"2009-08-08T23:28:47+00:00","article_modified_time":"2021-07-25T14:06:13+00:00","og_image":[{"width":529,"height":416,"url":"https:\/\/www.bellunopress.it\/wp-content\/uploads\/2009\/08\/Lancia-Astura-1938_edited.jpg","type":"image\/jpeg"}],"author":"redazione","twitter_card":"summary_large_image","twitter_creator":"@bellunopress","twitter_site":"@bellunopress","twitter_misc":{"Written by":"redazione","Est. reading time":"6 minutes"},"schema":{"@context":"https:\/\/schema.org","@graph":[{"@type":"Article","@id":"https:\/\/www.bellunopress.it\/2009\/08\/09\/isabel-de-obligado-la-misteriosa-contessa-venuta-dal-nulla-e-sparita-nel-nulla-che-dal-43-al-45-fu-garante-della-tregua-tra-tedeschi-e-partigiani-in-zoldo\/#article","isPartOf":{"@id":"https:\/\/www.bellunopress.it\/2009\/08\/09\/isabel-de-obligado-la-misteriosa-contessa-venuta-dal-nulla-e-sparita-nel-nulla-che-dal-43-al-45-fu-garante-della-tregua-tra-tedeschi-e-partigiani-in-zoldo\/"},"author":{"name":"redazione","@id":"https:\/\/www.bellunopress.it\/#\/schema\/person\/79bb06722b37ece1c03d3e94beb30d73"},"headline":"Isabel de Obligado, la misteriosa contessa venuta dal nulla e sparita nel nulla, che dal &#8217;43 al &#8217;45 fu garante della tregua tra tedeschi e partigiani in Zoldo","datePublished":"2009-08-08T23:28:47+00:00","dateModified":"2021-07-25T14:06:13+00:00","mainEntityOfPage":{"@id":"https:\/\/www.bellunopress.it\/2009\/08\/09\/isabel-de-obligado-la-misteriosa-contessa-venuta-dal-nulla-e-sparita-nel-nulla-che-dal-43-al-45-fu-garante-della-tregua-tra-tedeschi-e-partigiani-in-zoldo\/"},"wordCount":1173,"publisher":{"@id":"https:\/\/www.bellunopress.it\/#organization"},"image":{"@id":"https:\/\/www.bellunopress.it\/2009\/08\/09\/isabel-de-obligado-la-misteriosa-contessa-venuta-dal-nulla-e-sparita-nel-nulla-che-dal-43-al-45-fu-garante-della-tregua-tra-tedeschi-e-partigiani-in-zoldo\/#primaryimage"},"thumbnailUrl":"https:\/\/www.bellunopress.it\/wp-content\/uploads\/2009\/08\/Lancia-Astura-1938_edited.jpg","keywords":["brigata val cordevole","commissario toni berna","isabel de obligado","la misteriosa contessa","lino davare","maggiore benucci","partigiani","Steve Hall"],"articleSection":["Gli speciali di Bellunopress","Prima Pagina"],"inLanguage":"fr-FR"},{"@type":"WebPage","@id":"https:\/\/www.bellunopress.it\/2009\/08\/09\/isabel-de-obligado-la-misteriosa-contessa-venuta-dal-nulla-e-sparita-nel-nulla-che-dal-43-al-45-fu-garante-della-tregua-tra-tedeschi-e-partigiani-in-zoldo\/","url":"https:\/\/www.bellunopress.it\/2009\/08\/09\/isabel-de-obligado-la-misteriosa-contessa-venuta-dal-nulla-e-sparita-nel-nulla-che-dal-43-al-45-fu-garante-della-tregua-tra-tedeschi-e-partigiani-in-zoldo\/","name":"Isabel de Obligado, la misteriosa contessa venuta dal nulla e sparita nel nulla, che dal '43 al '45 fu garante della tregua tra tedeschi e partigiani in Zoldo - Bellunopress - Dolomiti","isPartOf":{"@id":"https:\/\/www.bellunopress.it\/#website"},"primaryImageOfPage":{"@id":"https:\/\/www.bellunopress.it\/2009\/08\/09\/isabel-de-obligado-la-misteriosa-contessa-venuta-dal-nulla-e-sparita-nel-nulla-che-dal-43-al-45-fu-garante-della-tregua-tra-tedeschi-e-partigiani-in-zoldo\/#primaryimage"},"image":{"@id":"https:\/\/www.bellunopress.it\/2009\/08\/09\/isabel-de-obligado-la-misteriosa-contessa-venuta-dal-nulla-e-sparita-nel-nulla-che-dal-43-al-45-fu-garante-della-tregua-tra-tedeschi-e-partigiani-in-zoldo\/#primaryimage"},"thumbnailUrl":"https:\/\/www.bellunopress.it\/wp-content\/uploads\/2009\/08\/Lancia-Astura-1938_edited.jpg","datePublished":"2009-08-08T23:28:47+00:00","dateModified":"2021-07-25T14:06:13+00:00","breadcrumb":{"@id":"https:\/\/www.bellunopress.it\/2009\/08\/09\/isabel-de-obligado-la-misteriosa-contessa-venuta-dal-nulla-e-sparita-nel-nulla-che-dal-43-al-45-fu-garante-della-tregua-tra-tedeschi-e-partigiani-in-zoldo\/#breadcrumb"},"inLanguage":"fr-FR","potentialAction":[{"@type":"ReadAction","target":["https:\/\/www.bellunopress.it\/2009\/08\/09\/isabel-de-obligado-la-misteriosa-contessa-venuta-dal-nulla-e-sparita-nel-nulla-che-dal-43-al-45-fu-garante-della-tregua-tra-tedeschi-e-partigiani-in-zoldo\/"]}]},{"@type":"ImageObject","inLanguage":"fr-FR","@id":"https:\/\/www.bellunopress.it\/2009\/08\/09\/isabel-de-obligado-la-misteriosa-contessa-venuta-dal-nulla-e-sparita-nel-nulla-che-dal-43-al-45-fu-garante-della-tregua-tra-tedeschi-e-partigiani-in-zoldo\/#primaryimage","url":"https:\/\/www.bellunopress.it\/wp-content\/uploads\/2009\/08\/Lancia-Astura-1938_edited.jpg","contentUrl":"https:\/\/www.bellunopress.it\/wp-content\/uploads\/2009\/08\/Lancia-Astura-1938_edited.jpg","width":529,"height":416},{"@type":"BreadcrumbList","@id":"https:\/\/www.bellunopress.it\/2009\/08\/09\/isabel-de-obligado-la-misteriosa-contessa-venuta-dal-nulla-e-sparita-nel-nulla-che-dal-43-al-45-fu-garante-della-tregua-tra-tedeschi-e-partigiani-in-zoldo\/#breadcrumb","itemListElement":[{"@type":"ListItem","position":1,"name":"Home","item":"https:\/\/www.bellunopress.it\/"},{"@type":"ListItem","position":2,"name":"Isabel de Obligado, la misteriosa contessa venuta dal nulla e sparita nel nulla, che dal &#8217;43 al &#8217;45 fu garante della tregua tra tedeschi e partigiani in Zoldo"}]},{"@type":"WebSite","@id":"https:\/\/www.bellunopress.it\/#website","url":"https:\/\/www.bellunopress.it\/","name":"Bellunopress - Dolomiti","description":"e-mail: redazione@bellunopress.it","publisher":{"@id":"https:\/\/www.bellunopress.it\/#organization"},"potentialAction":[{"@type":"SearchAction","target":{"@type":"EntryPoint","urlTemplate":"https:\/\/www.bellunopress.it\/?s={search_term_string}"},"query-input":{"@type":"PropertyValueSpecification","valueRequired":true,"valueName":"search_term_string"}}],"inLanguage":"fr-FR"},{"@type":"Organization","@id":"https:\/\/www.bellunopress.it\/#organization","name":"Bellunopress","url":"https:\/\/www.bellunopress.it\/","logo":{"@type":"ImageObject","inLanguage":"fr-FR","@id":"https:\/\/www.bellunopress.it\/#\/schema\/logo\/image\/","url":"https:\/\/www.bellunopress.it\/wp-content\/uploads\/2011\/05\/cropped-logo-bellunopress-.jpg","contentUrl":"https:\/\/www.bellunopress.it\/wp-content\/uploads\/2011\/05\/cropped-logo-bellunopress-.jpg","width":512,"height":512,"caption":"Bellunopress"},"image":{"@id":"https:\/\/www.bellunopress.it\/#\/schema\/logo\/image\/"},"sameAs":["https:\/\/www.facebook.com\/profile.php?id=100008943462799","https:\/\/x.com\/bellunopress","https:\/\/www.linkedin.com\/hp\/?dnr=JBzUWaJfMUw8vbXJJ2tVW5-I3jZKvC4wsoxE&amp;amp;amp;amp;amp;amp;trk=nav_responsive_tab_home","https:\/\/www.youtube.com\/channel\/UCxL0wu1uN0_3_7hGG0306cw"]},{"@type":"Person","@id":"https:\/\/www.bellunopress.it\/#\/schema\/person\/79bb06722b37ece1c03d3e94beb30d73","name":"r\u00e9daction","image":{"@type":"ImageObject","inLanguage":"fr-FR","@id":"https:\/\/secure.gravatar.com\/avatar\/37d968a2e67a6fd04c169c4bdef102d0bc5d31b2546345219e348575eb80e9a0?s=96&d=mm&r=g","url":"https:\/\/secure.gravatar.com\/avatar\/37d968a2e67a6fd04c169c4bdef102d0bc5d31b2546345219e348575eb80e9a0?s=96&d=mm&r=g","contentUrl":"https:\/\/secure.gravatar.com\/avatar\/37d968a2e67a6fd04c169c4bdef102d0bc5d31b2546345219e348575eb80e9a0?s=96&d=mm&r=g","caption":"redazione"},"sameAs":["http:\/\/www.bellunopress.it","https:\/\/x.com\/bellunopress"],"url":"https:\/\/www.bellunopress.it\/fr\/author\/redazione\/"}]}},"_links":{"self":[{"href":"https:\/\/www.bellunopress.it\/fr\/wp-json\/wp\/v2\/posts\/6853","targetHints":{"allow":["GET"]}}],"collection":[{"href":"https:\/\/www.bellunopress.it\/fr\/wp-json\/wp\/v2\/posts"}],"about":[{"href":"https:\/\/www.bellunopress.it\/fr\/wp-json\/wp\/v2\/types\/post"}],"author":[{"embeddable":true,"href":"https:\/\/www.bellunopress.it\/fr\/wp-json\/wp\/v2\/users\/2"}],"replies":[{"embeddable":true,"href":"https:\/\/www.bellunopress.it\/fr\/wp-json\/wp\/v2\/comments?post=6853"}],"version-history":[{"count":8,"href":"https:\/\/www.bellunopress.it\/fr\/wp-json\/wp\/v2\/posts\/6853\/revisions"}],"predecessor-version":[{"id":126313,"href":"https:\/\/www.bellunopress.it\/fr\/wp-json\/wp\/v2\/posts\/6853\/revisions\/126313"}],"wp:featuredmedia":[{"embeddable":true,"href":"https:\/\/www.bellunopress.it\/fr\/wp-json\/wp\/v2\/media\/126312"}],"wp:attachment":[{"href":"https:\/\/www.bellunopress.it\/fr\/wp-json\/wp\/v2\/media?parent=6853"}],"wp:term":[{"taxonomy":"category","embeddable":true,"href":"https:\/\/www.bellunopress.it\/fr\/wp-json\/wp\/v2\/categories?post=6853"},{"taxonomy":"post_tag","embeddable":true,"href":"https:\/\/www.bellunopress.it\/fr\/wp-json\/wp\/v2\/tags?post=6853"}],"curies":[{"name":"wp","href":"https:\/\/api.w.org\/{rel}","templated":true}]}}