{"id":6848,"date":"2009-08-08T19:11:40","date_gmt":"2009-08-08T18:11:40","guid":{"rendered":"http:\/\/www.bellunopress.it\/?p=6848"},"modified":"2009-08-08T19:11:40","modified_gmt":"2009-08-08T18:11:40","slug":"la-strigliata-del-gruppo-consigliare-di-opposizione-progetto-borca-il-gong-ha-suonato-il-tempo-e-scaduto-a-borca-siamo-passati-alla-storia-unico-paese-in-italia-con-lo-stato-demergenza-e-il-si","status":"publish","type":"post","link":"https:\/\/www.bellunopress.it\/fr\/2009\/08\/08\/la-strigliata-del-gruppo-consigliare-di-opposizione-progetto-borca-il-gong-ha-suonato-il-tempo-e-scaduto-a-borca-siamo-passati-alla-storia-unico-paese-in-italia-con-lo-stato-demergenza-e-il-si\/","title":{"rendered":"La strigliata del Gruppo consigliare di opposizione Progetto Borca: il gong ha suonato, il tempo \u00e8 scaduto! &#8220;A Borca siamo passati alla storia: unico paese in Italia con lo stato d&#8217;emergenza e il sindaco in ferie&#8221;"},"content":{"rendered":"<p>&#8220;Con questa frase terminava una famosa trasmissione televisiva di tanti anni fa &#8211; recita la nota del Progetto Borca in relazione alla nota tragedia che ha causato due vittime nei giorni scorsi &#8211; . La riteniamo la pi\u00f9 appropriata\u00a0 nel definire quanto gi\u00e0 in due occasioni i cittadini hanno decretato a Borca, prima riunendosi in un Comitato spontaneo e successivamente chiedendo a gran voce (450 firme raccolte) la convocazione del Consiglio Comunale. Borca di Cadore non ha un Sindaco in grado di definirsi tale perch\u00e9 a distanza di quasi venti giorni dalla tragedia della\u00a0 Roa di\u00a0 Cancia\u00a0 \u00e8 rimasto latitante nel dare risposte chiare e forti a favore della popolazione in quanto se n\u2019\u00e8 andato beatamente in ferie. A tutt\u2019oggi si ha la sensazione che chi gestisce la cosa pubblica a Borca, leggasi Sindaco e gruppo di maggioranza, continua a trattare questa tragedia solo come un mero fatto burocratico del quale i diretti protagonisti non devono ne conoscere gli atti amministrativi, ne tantomeno partecipare avendo voce in capitolo. Non si conosce inoltre la data in cui il Sindaco dovr\u00e0 dare atto alla nostra richiesta di convocazione del Consiglio Comunale formalizzata dal gruppo dei consiglieri di opposizione ed il cui termine scade il 16 agosto. Richiesta nata dalla necessit\u00e0 di capire cosa \u00e8 gi\u00e0 stato fatto e soprattutto per capire come si intende\u00a0 procedere nell\u2019immediato futuro. Ad oggi le decisioni del Sindaco di Borca ci hanno lasciato allibiti, perch\u00e9 di fronte anche alla richiesta fatta dal Comitato di convocare il Consiglio Comunale, il Sindaco ha risposto candidamente che non \u00e8 ancora certo della data in quanto non prima di marted\u00ec ha intenzione di indire un pre-consiglio con il gruppo di maggioranza. Siamo come gruppo preoccupati di come andr\u00e0 a finire il Consiglio Comunale, alla luce anche del fatto che sono molti i cittadini di Borca che ci chiedono di porre al Sindaco la seguente domanda: \u201csaresti andato ugualmente in ferie se sotto la frana fossero rimaste vittime dei tuoi familiari ?\u201d Non vogliamo una risposta e non ci spingiamo oltre, per\u00f2 \u00e8 innegabile che la decisione del Sindaco di lasciare i cittadini in difficolt\u00e0 per andare in ferie abbia lasciato in molti esterrefatti.\u00a0 A Borca siamo passati alla storia,\u00a0 unico paese in Italia con lo stato d\u2019emergenza ed il Sindaco in ferie. Forse questo non era sufficiente per essere ricordati per sempre, per esserne certi ci ha pensato il vicesindaco Giovanni Varettoni, accettando di sostituire, seppur in presenza di motivazioni futili quali sono le ferie al mare, il Sindaco in un momento di estrema gravit\u00e0. Varettoni non si \u00e8 ancora reso conto della gravit\u00e0 della situazione che sta attraversano Borca oppure ha capito che il Sindaco non era pi\u00f9 in grado di sostenere e gestire quanto stava accadendo? A cittadini l\u2019ardua sentenza. Considerato quanto sopra scritto e viste le 450 firme raccolte dal Comitato che rappresentano la quasi totalit\u00e0 degli elettori borcesi, pensiamo sia giunto il momento di fare l\u2019unico e possibile atto dovuto\u00a0 da parte del Sindaco e di tutto il gruppo consiliare di maggioranza: riconsegnare nelle mani degli elettori il mandato ricevuto in occasioni delle elezioni comunali del 2005&#8221;.<\/p>","protected":false},"excerpt":{"rendered":"<p>&#8220;Con questa frase terminava una famosa trasmissione televisiva di tanti anni fa &#8211; recita la nota del Progetto Borca in relazione alla nota tragedia che ha causato due vittime nei giorni scorsi &#8211; . La riteniamo la pi\u00f9 appropriata\u00a0 nel definire quanto gi\u00e0 in due occasioni i cittadini hanno decretato a Borca, prima riunendosi in [&hellip;]<\/p>\n","protected":false},"author":2,"featured_media":0,"comment_status":"closed","ping_status":"open","sticky":false,"template":"","format":"standard","meta":{"footnotes":""},"categories":[5,26],"tags":[151],"class_list":["post-6848","post","type-post","status-publish","format-standard","category-cronaca","category-prima-pagina","tag-cadore"],"yoast_head":"<!-- This site is optimized with the Yoast SEO plugin v28.4 - https:\/\/yoast.com\/product\/yoast-seo-wordpress\/ -->\n<title>La strigliata del Gruppo consigliare di opposizione Progetto Borca: il gong ha suonato, il tempo \u00e8 scaduto! &quot;A Borca siamo passati alla storia: unico paese in Italia con lo stato d&#039;emergenza e il sindaco in ferie&quot;  - Bellunopress - Dolomiti<\/title>\n<meta name=\"robots\" content=\"index, follow, max-snippet:-1, max-image-preview:large, max-video-preview:-1\" \/>\n<link rel=\"canonical\" href=\"https:\/\/www.bellunopress.it\/fr\/2009\/08\/08\/la-strigliata-del-gruppo-consigliare-di-opposizione-progetto-borca-il-gong-ha-suonato-il-tempo-e-scaduto-a-borca-siamo-passati-alla-storia-unico-paese-in-italia-con-lo-stato-demergenza-e-il-si\/\" \/>\n<meta property=\"og:locale\" content=\"fr_FR\" \/>\n<meta property=\"og:type\" content=\"article\" \/>\n<meta property=\"og:title\" content=\"La strigliata del Gruppo consigliare di opposizione Progetto Borca: il gong ha suonato, il tempo \u00e8 scaduto! &quot;A Borca siamo passati alla storia: unico paese in Italia con lo stato d&#039;emergenza e il sindaco in ferie&quot;  - Bellunopress - Dolomiti\" \/>\n<meta property=\"og:description\" content=\"&#8220;Con questa frase terminava una famosa trasmissione televisiva di tanti anni fa &#8211; recita la nota del Progetto Borca in relazione alla nota tragedia che ha causato due vittime nei giorni scorsi &#8211; . La riteniamo la pi\u00f9 appropriata\u00a0 nel definire quanto gi\u00e0 in due occasioni i cittadini hanno decretato a Borca, prima riunendosi in [&hellip;]\" \/>\n<meta property=\"og:url\" content=\"https:\/\/www.bellunopress.it\/fr\/2009\/08\/08\/la-strigliata-del-gruppo-consigliare-di-opposizione-progetto-borca-il-gong-ha-suonato-il-tempo-e-scaduto-a-borca-siamo-passati-alla-storia-unico-paese-in-italia-con-lo-stato-demergenza-e-il-si\/\" \/>\n<meta property=\"og:site_name\" content=\"Bellunopress - Dolomiti\" \/>\n<meta property=\"article:publisher\" content=\"https:\/\/www.facebook.com\/profile.php?id=100008943462799\" \/>\n<meta property=\"article:published_time\" content=\"2009-08-08T18:11:40+00:00\" \/>\n<meta property=\"og:image\" content=\"http:\/\/www.bellunopress.it\/wp-content\/uploads\/2012\/07\/logo-bellunopress-250x250-2012.jpg\" \/>\n<meta name=\"author\" content=\"redazione\" \/>\n<meta name=\"twitter:card\" content=\"summary_large_image\" \/>\n<meta name=\"twitter:creator\" content=\"@bellunopress\" \/>\n<meta name=\"twitter:site\" content=\"@bellunopress\" \/>\n<meta name=\"twitter:label1\" content=\"\u00c9crit par\" \/>\n\t<meta name=\"twitter:data1\" content=\"redazione\" \/>\n\t<meta name=\"twitter:label2\" content=\"Dur\u00e9e de lecture estim\u00e9e\" \/>\n\t<meta name=\"twitter:data2\" content=\"3 minutes\" \/>\n<script type=\"application\/ld+json\" class=\"yoast-schema-graph\">{\"@context\":\"https:\\\/\\\/schema.org\",\"@graph\":[{\"@type\":\"Article\",\"@id\":\"https:\\\/\\\/www.bellunopress.it\\\/2009\\\/08\\\/08\\\/la-strigliata-del-gruppo-consigliare-di-opposizione-progetto-borca-il-gong-ha-suonato-il-tempo-e-scaduto-a-borca-siamo-passati-alla-storia-unico-paese-in-italia-con-lo-stato-demergenza-e-il-si\\\/#article\",\"isPartOf\":{\"@id\":\"https:\\\/\\\/www.bellunopress.it\\\/2009\\\/08\\\/08\\\/la-strigliata-del-gruppo-consigliare-di-opposizione-progetto-borca-il-gong-ha-suonato-il-tempo-e-scaduto-a-borca-siamo-passati-alla-storia-unico-paese-in-italia-con-lo-stato-demergenza-e-il-si\\\/\"},\"author\":{\"name\":\"redazione\",\"@id\":\"https:\\\/\\\/www.bellunopress.it\\\/#\\\/schema\\\/person\\\/79bb06722b37ece1c03d3e94beb30d73\"},\"headline\":\"La strigliata del Gruppo consigliare di opposizione Progetto Borca: il gong ha suonato, il tempo \u00e8 scaduto! &#8220;A Borca siamo passati alla storia: unico paese in Italia con lo stato d&#8217;emergenza e il sindaco in ferie&#8221;\",\"datePublished\":\"2009-08-08T18:11:40+00:00\",\"mainEntityOfPage\":{\"@id\":\"https:\\\/\\\/www.bellunopress.it\\\/2009\\\/08\\\/08\\\/la-strigliata-del-gruppo-consigliare-di-opposizione-progetto-borca-il-gong-ha-suonato-il-tempo-e-scaduto-a-borca-siamo-passati-alla-storia-unico-paese-in-italia-con-lo-stato-demergenza-e-il-si\\\/\"},\"wordCount\":550,\"publisher\":{\"@id\":\"https:\\\/\\\/www.bellunopress.it\\\/#organization\"},\"keywords\":[\"Cadore\"],\"articleSection\":[\"Cronaca\\\/Politica\",\"Prima Pagina\"],\"inLanguage\":\"fr-FR\"},{\"@type\":\"WebPage\",\"@id\":\"https:\\\/\\\/www.bellunopress.it\\\/2009\\\/08\\\/08\\\/la-strigliata-del-gruppo-consigliare-di-opposizione-progetto-borca-il-gong-ha-suonato-il-tempo-e-scaduto-a-borca-siamo-passati-alla-storia-unico-paese-in-italia-con-lo-stato-demergenza-e-il-si\\\/\",\"url\":\"https:\\\/\\\/www.bellunopress.it\\\/2009\\\/08\\\/08\\\/la-strigliata-del-gruppo-consigliare-di-opposizione-progetto-borca-il-gong-ha-suonato-il-tempo-e-scaduto-a-borca-siamo-passati-alla-storia-unico-paese-in-italia-con-lo-stato-demergenza-e-il-si\\\/\",\"name\":\"La strigliata del Gruppo consigliare di opposizione Progetto Borca: il gong ha suonato, il tempo \u00e8 scaduto! \\\"A Borca siamo passati alla storia: unico paese in Italia con lo stato d'emergenza e il sindaco in ferie\\\" - Bellunopress - Dolomiti\",\"isPartOf\":{\"@id\":\"https:\\\/\\\/www.bellunopress.it\\\/#website\"},\"datePublished\":\"2009-08-08T18:11:40+00:00\",\"breadcrumb\":{\"@id\":\"https:\\\/\\\/www.bellunopress.it\\\/2009\\\/08\\\/08\\\/la-strigliata-del-gruppo-consigliare-di-opposizione-progetto-borca-il-gong-ha-suonato-il-tempo-e-scaduto-a-borca-siamo-passati-alla-storia-unico-paese-in-italia-con-lo-stato-demergenza-e-il-si\\\/#breadcrumb\"},\"inLanguage\":\"fr-FR\",\"potentialAction\":[{\"@type\":\"ReadAction\",\"target\":[\"https:\\\/\\\/www.bellunopress.it\\\/2009\\\/08\\\/08\\\/la-strigliata-del-gruppo-consigliare-di-opposizione-progetto-borca-il-gong-ha-suonato-il-tempo-e-scaduto-a-borca-siamo-passati-alla-storia-unico-paese-in-italia-con-lo-stato-demergenza-e-il-si\\\/\"]}]},{\"@type\":\"BreadcrumbList\",\"@id\":\"https:\\\/\\\/www.bellunopress.it\\\/2009\\\/08\\\/08\\\/la-strigliata-del-gruppo-consigliare-di-opposizione-progetto-borca-il-gong-ha-suonato-il-tempo-e-scaduto-a-borca-siamo-passati-alla-storia-unico-paese-in-italia-con-lo-stato-demergenza-e-il-si\\\/#breadcrumb\",\"itemListElement\":[{\"@type\":\"ListItem\",\"position\":1,\"name\":\"Home\",\"item\":\"https:\\\/\\\/www.bellunopress.it\\\/\"},{\"@type\":\"ListItem\",\"position\":2,\"name\":\"La strigliata del Gruppo consigliare di opposizione Progetto Borca: il gong ha suonato, il tempo \u00e8 scaduto! &#8220;A Borca siamo passati alla storia: unico paese in Italia con lo stato d&#8217;emergenza e il sindaco in ferie&#8221;\"}]},{\"@type\":\"WebSite\",\"@id\":\"https:\\\/\\\/www.bellunopress.it\\\/#website\",\"url\":\"https:\\\/\\\/www.bellunopress.it\\\/\",\"name\":\"Bellunopress - Dolomiti\",\"description\":\"e-mail: redazione@bellunopress.it\",\"publisher\":{\"@id\":\"https:\\\/\\\/www.bellunopress.it\\\/#organization\"},\"potentialAction\":[{\"@type\":\"SearchAction\",\"target\":{\"@type\":\"EntryPoint\",\"urlTemplate\":\"https:\\\/\\\/www.bellunopress.it\\\/?s={search_term_string}\"},\"query-input\":{\"@type\":\"PropertyValueSpecification\",\"valueRequired\":true,\"valueName\":\"search_term_string\"}}],\"inLanguage\":\"fr-FR\"},{\"@type\":\"Organization\",\"@id\":\"https:\\\/\\\/www.bellunopress.it\\\/#organization\",\"name\":\"Bellunopress\",\"url\":\"https:\\\/\\\/www.bellunopress.it\\\/\",\"logo\":{\"@type\":\"ImageObject\",\"inLanguage\":\"fr-FR\",\"@id\":\"https:\\\/\\\/www.bellunopress.it\\\/#\\\/schema\\\/logo\\\/image\\\/\",\"url\":\"https:\\\/\\\/www.bellunopress.it\\\/wp-content\\\/uploads\\\/2011\\\/05\\\/cropped-logo-bellunopress-.jpg\",\"contentUrl\":\"https:\\\/\\\/www.bellunopress.it\\\/wp-content\\\/uploads\\\/2011\\\/05\\\/cropped-logo-bellunopress-.jpg\",\"width\":512,\"height\":512,\"caption\":\"Bellunopress\"},\"image\":{\"@id\":\"https:\\\/\\\/www.bellunopress.it\\\/#\\\/schema\\\/logo\\\/image\\\/\"},\"sameAs\":[\"https:\\\/\\\/www.facebook.com\\\/profile.php?id=100008943462799\",\"https:\\\/\\\/x.com\\\/bellunopress\",\"https:\\\/\\\/www.linkedin.com\\\/hp\\\/?dnr=JBzUWaJfMUw8vbXJJ2tVW5-I3jZKvC4wsoxE&amp;amp;amp;amp;amp;amp;trk=nav_responsive_tab_home\",\"https:\\\/\\\/www.youtube.com\\\/channel\\\/UCxL0wu1uN0_3_7hGG0306cw\"]},{\"@type\":\"Person\",\"@id\":\"https:\\\/\\\/www.bellunopress.it\\\/#\\\/schema\\\/person\\\/79bb06722b37ece1c03d3e94beb30d73\",\"name\":\"redazione\",\"image\":{\"@type\":\"ImageObject\",\"inLanguage\":\"fr-FR\",\"@id\":\"https:\\\/\\\/secure.gravatar.com\\\/avatar\\\/37d968a2e67a6fd04c169c4bdef102d0bc5d31b2546345219e348575eb80e9a0?s=96&d=mm&r=g\",\"url\":\"https:\\\/\\\/secure.gravatar.com\\\/avatar\\\/37d968a2e67a6fd04c169c4bdef102d0bc5d31b2546345219e348575eb80e9a0?s=96&d=mm&r=g\",\"contentUrl\":\"https:\\\/\\\/secure.gravatar.com\\\/avatar\\\/37d968a2e67a6fd04c169c4bdef102d0bc5d31b2546345219e348575eb80e9a0?s=96&d=mm&r=g\",\"caption\":\"redazione\"},\"sameAs\":[\"http:\\\/\\\/www.bellunopress.it\",\"https:\\\/\\\/x.com\\\/bellunopress\"],\"url\":\"https:\\\/\\\/www.bellunopress.it\\\/fr\\\/author\\\/redazione\\\/\"}]}<\/script>\n<!-- \/ Yoast SEO plugin. -->","yoast_head_json":{"title":"La strigliata del Gruppo consigliare di opposizione Progetto Borca: il gong ha suonato, il tempo \u00e8 scaduto! \"A Borca siamo passati alla storia: unico paese in Italia con lo stato d'emergenza e il sindaco in ferie\"  - Bellunopress - Dolomiti","robots":{"index":"index","follow":"follow","max-snippet":"max-snippet:-1","max-image-preview":"max-image-preview:large","max-video-preview":"max-video-preview:-1"},"canonical":"https:\/\/www.bellunopress.it\/fr\/2009\/08\/08\/la-strigliata-del-gruppo-consigliare-di-opposizione-progetto-borca-il-gong-ha-suonato-il-tempo-e-scaduto-a-borca-siamo-passati-alla-storia-unico-paese-in-italia-con-lo-stato-demergenza-e-il-si\/","og_locale":"fr_FR","og_type":"article","og_title":"La strigliata del Gruppo consigliare di opposizione Progetto Borca: il gong ha suonato, il tempo \u00e8 scaduto! \"A Borca siamo passati alla storia: unico paese in Italia con lo stato d'emergenza e il sindaco in ferie\"  - Bellunopress - Dolomiti","og_description":"&#8220;Con questa frase terminava una famosa trasmissione televisiva di tanti anni fa &#8211; recita la nota del Progetto Borca in relazione alla nota tragedia che ha causato due vittime nei giorni scorsi &#8211; . La riteniamo la pi\u00f9 appropriata\u00a0 nel definire quanto gi\u00e0 in due occasioni i cittadini hanno decretato a Borca, prima riunendosi in [&hellip;]","og_url":"https:\/\/www.bellunopress.it\/fr\/2009\/08\/08\/la-strigliata-del-gruppo-consigliare-di-opposizione-progetto-borca-il-gong-ha-suonato-il-tempo-e-scaduto-a-borca-siamo-passati-alla-storia-unico-paese-in-italia-con-lo-stato-demergenza-e-il-si\/","og_site_name":"Bellunopress - Dolomiti","article_publisher":"https:\/\/www.facebook.com\/profile.php?id=100008943462799","article_published_time":"2009-08-08T18:11:40+00:00","og_image":[{"url":"http:\/\/www.bellunopress.it\/wp-content\/uploads\/2012\/07\/logo-bellunopress-250x250-2012.jpg","type":"","width":"","height":""}],"author":"redazione","twitter_card":"summary_large_image","twitter_creator":"@bellunopress","twitter_site":"@bellunopress","twitter_misc":{"\u00c9crit par":"redazione","Dur\u00e9e de lecture estim\u00e9e":"3 minutes"},"schema":{"@context":"https:\/\/schema.org","@graph":[{"@type":"Article","@id":"https:\/\/www.bellunopress.it\/2009\/08\/08\/la-strigliata-del-gruppo-consigliare-di-opposizione-progetto-borca-il-gong-ha-suonato-il-tempo-e-scaduto-a-borca-siamo-passati-alla-storia-unico-paese-in-italia-con-lo-stato-demergenza-e-il-si\/#article","isPartOf":{"@id":"https:\/\/www.bellunopress.it\/2009\/08\/08\/la-strigliata-del-gruppo-consigliare-di-opposizione-progetto-borca-il-gong-ha-suonato-il-tempo-e-scaduto-a-borca-siamo-passati-alla-storia-unico-paese-in-italia-con-lo-stato-demergenza-e-il-si\/"},"author":{"name":"redazione","@id":"https:\/\/www.bellunopress.it\/#\/schema\/person\/79bb06722b37ece1c03d3e94beb30d73"},"headline":"La strigliata del Gruppo consigliare di opposizione Progetto Borca: il gong ha suonato, il tempo \u00e8 scaduto! &#8220;A Borca siamo passati alla storia: unico paese in Italia con lo stato d&#8217;emergenza e il sindaco in ferie&#8221;","datePublished":"2009-08-08T18:11:40+00:00","mainEntityOfPage":{"@id":"https:\/\/www.bellunopress.it\/2009\/08\/08\/la-strigliata-del-gruppo-consigliare-di-opposizione-progetto-borca-il-gong-ha-suonato-il-tempo-e-scaduto-a-borca-siamo-passati-alla-storia-unico-paese-in-italia-con-lo-stato-demergenza-e-il-si\/"},"wordCount":550,"publisher":{"@id":"https:\/\/www.bellunopress.it\/#organization"},"keywords":["Cadore"],"articleSection":["Cronaca\/Politica","Prima Pagina"],"inLanguage":"fr-FR"},{"@type":"WebPage","@id":"https:\/\/www.bellunopress.it\/2009\/08\/08\/la-strigliata-del-gruppo-consigliare-di-opposizione-progetto-borca-il-gong-ha-suonato-il-tempo-e-scaduto-a-borca-siamo-passati-alla-storia-unico-paese-in-italia-con-lo-stato-demergenza-e-il-si\/","url":"https:\/\/www.bellunopress.it\/2009\/08\/08\/la-strigliata-del-gruppo-consigliare-di-opposizione-progetto-borca-il-gong-ha-suonato-il-tempo-e-scaduto-a-borca-siamo-passati-alla-storia-unico-paese-in-italia-con-lo-stato-demergenza-e-il-si\/","name":"La strigliata del Gruppo consigliare di opposizione Progetto Borca: il gong ha suonato, il tempo \u00e8 scaduto! \"A Borca siamo passati alla storia: unico paese in Italia con lo stato d'emergenza e il sindaco in ferie\" - Bellunopress - Dolomiti","isPartOf":{"@id":"https:\/\/www.bellunopress.it\/#website"},"datePublished":"2009-08-08T18:11:40+00:00","breadcrumb":{"@id":"https:\/\/www.bellunopress.it\/2009\/08\/08\/la-strigliata-del-gruppo-consigliare-di-opposizione-progetto-borca-il-gong-ha-suonato-il-tempo-e-scaduto-a-borca-siamo-passati-alla-storia-unico-paese-in-italia-con-lo-stato-demergenza-e-il-si\/#breadcrumb"},"inLanguage":"fr-FR","potentialAction":[{"@type":"ReadAction","target":["https:\/\/www.bellunopress.it\/2009\/08\/08\/la-strigliata-del-gruppo-consigliare-di-opposizione-progetto-borca-il-gong-ha-suonato-il-tempo-e-scaduto-a-borca-siamo-passati-alla-storia-unico-paese-in-italia-con-lo-stato-demergenza-e-il-si\/"]}]},{"@type":"BreadcrumbList","@id":"https:\/\/www.bellunopress.it\/2009\/08\/08\/la-strigliata-del-gruppo-consigliare-di-opposizione-progetto-borca-il-gong-ha-suonato-il-tempo-e-scaduto-a-borca-siamo-passati-alla-storia-unico-paese-in-italia-con-lo-stato-demergenza-e-il-si\/#breadcrumb","itemListElement":[{"@type":"ListItem","position":1,"name":"Home","item":"https:\/\/www.bellunopress.it\/"},{"@type":"ListItem","position":2,"name":"La strigliata del Gruppo consigliare di opposizione Progetto Borca: il gong ha suonato, il tempo \u00e8 scaduto! &#8220;A Borca siamo passati alla storia: unico paese in Italia con lo stato d&#8217;emergenza e il sindaco in ferie&#8221;"}]},{"@type":"WebSite","@id":"https:\/\/www.bellunopress.it\/#website","url":"https:\/\/www.bellunopress.it\/","name":"Bellunopress - Dolomiti","description":"e-mail: redazione@bellunopress.it","publisher":{"@id":"https:\/\/www.bellunopress.it\/#organization"},"potentialAction":[{"@type":"SearchAction","target":{"@type":"EntryPoint","urlTemplate":"https:\/\/www.bellunopress.it\/?s={search_term_string}"},"query-input":{"@type":"PropertyValueSpecification","valueRequired":true,"valueName":"search_term_string"}}],"inLanguage":"fr-FR"},{"@type":"Organization","@id":"https:\/\/www.bellunopress.it\/#organization","name":"Bellunopress","url":"https:\/\/www.bellunopress.it\/","logo":{"@type":"ImageObject","inLanguage":"fr-FR","@id":"https:\/\/www.bellunopress.it\/#\/schema\/logo\/image\/","url":"https:\/\/www.bellunopress.it\/wp-content\/uploads\/2011\/05\/cropped-logo-bellunopress-.jpg","contentUrl":"https:\/\/www.bellunopress.it\/wp-content\/uploads\/2011\/05\/cropped-logo-bellunopress-.jpg","width":512,"height":512,"caption":"Bellunopress"},"image":{"@id":"https:\/\/www.bellunopress.it\/#\/schema\/logo\/image\/"},"sameAs":["https:\/\/www.facebook.com\/profile.php?id=100008943462799","https:\/\/x.com\/bellunopress","https:\/\/www.linkedin.com\/hp\/?dnr=JBzUWaJfMUw8vbXJJ2tVW5-I3jZKvC4wsoxE&amp;amp;amp;amp;amp;amp;trk=nav_responsive_tab_home","https:\/\/www.youtube.com\/channel\/UCxL0wu1uN0_3_7hGG0306cw"]},{"@type":"Person","@id":"https:\/\/www.bellunopress.it\/#\/schema\/person\/79bb06722b37ece1c03d3e94beb30d73","name":"r\u00e9daction","image":{"@type":"ImageObject","inLanguage":"fr-FR","@id":"https:\/\/secure.gravatar.com\/avatar\/37d968a2e67a6fd04c169c4bdef102d0bc5d31b2546345219e348575eb80e9a0?s=96&d=mm&r=g","url":"https:\/\/secure.gravatar.com\/avatar\/37d968a2e67a6fd04c169c4bdef102d0bc5d31b2546345219e348575eb80e9a0?s=96&d=mm&r=g","contentUrl":"https:\/\/secure.gravatar.com\/avatar\/37d968a2e67a6fd04c169c4bdef102d0bc5d31b2546345219e348575eb80e9a0?s=96&d=mm&r=g","caption":"redazione"},"sameAs":["http:\/\/www.bellunopress.it","https:\/\/x.com\/bellunopress"],"url":"https:\/\/www.bellunopress.it\/fr\/author\/redazione\/"}]}},"_links":{"self":[{"href":"https:\/\/www.bellunopress.it\/fr\/wp-json\/wp\/v2\/posts\/6848","targetHints":{"allow":["GET"]}}],"collection":[{"href":"https:\/\/www.bellunopress.it\/fr\/wp-json\/wp\/v2\/posts"}],"about":[{"href":"https:\/\/www.bellunopress.it\/fr\/wp-json\/wp\/v2\/types\/post"}],"author":[{"embeddable":true,"href":"https:\/\/www.bellunopress.it\/fr\/wp-json\/wp\/v2\/users\/2"}],"replies":[{"embeddable":true,"href":"https:\/\/www.bellunopress.it\/fr\/wp-json\/wp\/v2\/comments?post=6848"}],"version-history":[{"count":2,"href":"https:\/\/www.bellunopress.it\/fr\/wp-json\/wp\/v2\/posts\/6848\/revisions"}],"predecessor-version":[{"id":6850,"href":"https:\/\/www.bellunopress.it\/fr\/wp-json\/wp\/v2\/posts\/6848\/revisions\/6850"}],"wp:attachment":[{"href":"https:\/\/www.bellunopress.it\/fr\/wp-json\/wp\/v2\/media?parent=6848"}],"wp:term":[{"taxonomy":"category","embeddable":true,"href":"https:\/\/www.bellunopress.it\/fr\/wp-json\/wp\/v2\/categories?post=6848"},{"taxonomy":"post_tag","embeddable":true,"href":"https:\/\/www.bellunopress.it\/fr\/wp-json\/wp\/v2\/tags?post=6848"}],"curies":[{"name":"wp","href":"https:\/\/api.w.org\/{rel}","templated":true}]}}