{"id":68397,"date":"2015-05-01T22:13:38","date_gmt":"2015-05-01T20:13:38","guid":{"rendered":"http:\/\/www.bellunopress.it\/?p=68397"},"modified":"2015-05-01T22:13:38","modified_gmt":"2015-05-01T20:13:38","slug":"lapaca-e-in-rete-con-il-nuovo-sito-e-su-facebook","status":"publish","type":"post","link":"https:\/\/www.bellunopress.it\/fr\/2015\/05\/01\/lapaca-e-in-rete-con-il-nuovo-sito-e-su-facebook\/","title":{"rendered":"L&#8217;Apaca \u00e8 in rete con il nuovo sito e su Facebook"},"content":{"rendered":"<p><a href=\"http:\/\/www.bellunopress.it\/wp-content\/uploads\/2012\/08\/cane-150.jpg\"><img loading=\"lazy\" decoding=\"async\" class=\"alignleft size-full wp-image-41005\" src=\"http:\/\/www.bellunopress.it\/wp-content\/uploads\/2012\/08\/cane-150.jpg\" alt=\"cane 150\" width=\"150\" height=\"136\" \/><\/a><a href=\"http:\/\/www.associazioneapaca.eu\">www.associazioneapaca.eu<\/a>\u00a0\u00e8 il\u00a0nuovo sito con il quale l\u2019Apaca, l&#8217;associazione nata nell\u2019estate del 1994 che ha come scopo la cura dei cani randagi, abbandonati o maltrattati, si presenta sul web.<\/p>\n<p>E\u2019 uno degli strumenti che il nuovo consiglio direttivo ha fortemente voluto per attivare una comunicazione efficace e puntuale con i soci, simpatizzanti ed amici che in numero ogni giorno crescente si aggiungono ai contatti del profilo Facebook aperto dall\u2019Associazione poche settimane fa.<\/p>\n<p>\u201cL\u2019assemblea dei soci del 21 febbraio 2015 \u2013 dice la nuova presidente Tamara De Cian \u2013 che ha eletto i nuovi organi statutari ci ha chiesto di raccogliere l\u2019entusiasmo proveniente dal nutrito gruppo di giovani che, in questi ultimi anni, si \u00e8 avvicinato all\u2019Associazione e di tradurlo in attivit\u00e0 e iniziative che facciano crescere la sensibilit\u00e0 verso i cani, gli animali e l\u2019ambiente. Il nuovo sito va esattamente in questa direzione, fornendo notizie, informazioni, percorsi e contatti attraverso i quali \u00e8 possibile avvicinarsi alla nostra Associazione e ai valori a cui la nostra attivit\u00e0 si ispira.\u201d<\/p>\n<p>Il nuovo sito d\u00e0 notizia che l&#8217;Associazione si \u00e8 appena arricchita di due volontarie qualificate. Si tratta di Elena Zanardo, titolare del Centro Hakuna Matata di Mel, laureata in Scienze Animali alla Facolt\u00e0 di Medicina Veterinaria di Udine ed educatrice cinofila di III\u00b0 livello e Martina Lazzarini, istruttrice cinofila da poco residente nel Bellunese, con esperienze in molti canili e rifugi veneti e fondatrice di A.s.d. Cani Sciolti.<\/p>\n<p>Buone notizie anche per gli ospiti della struttura, sette di loro, infatti, dai primi di marzo, hanno trovato una nuova famiglia che li ha accolti.<\/p>\n<p>Nel sito, e anche attraverso Facebook, Apaca aggiorna periodicamente sui cani adottabili suddivisi per taglia, affinch\u00e9 la loro permanenza nella struttura si riduca al minimo possibile.<\/p>","protected":false},"excerpt":{"rendered":"<p>www.associazioneapaca.eu\u00a0\u00e8 il\u00a0nuovo sito con il quale l\u2019Apaca, l&#8217;associazione nata nell\u2019estate del 1994 che ha come scopo la cura dei cani randagi, abbandonati o maltrattati, si presenta sul web. E\u2019 uno degli strumenti che il nuovo consiglio direttivo ha fortemente voluto per attivare una comunicazione efficace e puntuale con i soci, simpatizzanti ed amici che in [&hellip;]<\/p>\n","protected":false},"author":2,"featured_media":0,"comment_status":"closed","ping_status":"open","sticky":false,"template":"","format":"standard","meta":{"footnotes":""},"categories":[26,8],"tags":[],"class_list":["post-68397","post","type-post","status-publish","format-standard","category-prima-pagina","category-societa-istituzioni"],"yoast_head":"<!-- This site is optimized with the Yoast SEO plugin v28.4 - https:\/\/yoast.com\/product\/yoast-seo-wordpress\/ -->\n<title>L&#039;Apaca \u00e8 in rete con il nuovo sito e su Facebook - Bellunopress - Dolomiti<\/title>\n<meta name=\"robots\" content=\"index, follow, max-snippet:-1, max-image-preview:large, max-video-preview:-1\" \/>\n<link rel=\"canonical\" href=\"https:\/\/www.bellunopress.it\/fr\/2015\/05\/01\/lapaca-e-in-rete-con-il-nuovo-sito-e-su-facebook\/\" \/>\n<meta property=\"og:locale\" content=\"fr_FR\" \/>\n<meta property=\"og:type\" content=\"article\" \/>\n<meta property=\"og:title\" content=\"L&#039;Apaca \u00e8 in rete con il nuovo sito e su Facebook - Bellunopress - Dolomiti\" \/>\n<meta property=\"og:description\" content=\"www.associazioneapaca.eu\u00a0\u00e8 il\u00a0nuovo sito con il quale l\u2019Apaca, l&#8217;associazione nata nell\u2019estate del 1994 che ha come scopo la cura dei cani randagi, abbandonati o maltrattati, si presenta sul web. E\u2019 uno degli strumenti che il nuovo consiglio direttivo ha fortemente voluto per attivare una comunicazione efficace e puntuale con i soci, simpatizzanti ed amici che in [&hellip;]\" \/>\n<meta property=\"og:url\" content=\"https:\/\/www.bellunopress.it\/fr\/2015\/05\/01\/lapaca-e-in-rete-con-il-nuovo-sito-e-su-facebook\/\" \/>\n<meta property=\"og:site_name\" content=\"Bellunopress - Dolomiti\" \/>\n<meta property=\"article:publisher\" content=\"https:\/\/www.facebook.com\/profile.php?id=100008943462799\" \/>\n<meta property=\"article:published_time\" content=\"2015-05-01T20:13:38+00:00\" \/>\n<meta property=\"og:image\" content=\"http:\/\/www.bellunopress.it\/wp-content\/uploads\/2012\/08\/cane-150.jpg\" \/>\n<meta name=\"author\" content=\"redazione\" \/>\n<meta name=\"twitter:card\" content=\"summary_large_image\" \/>\n<meta name=\"twitter:creator\" content=\"@bellunopress\" \/>\n<meta name=\"twitter:site\" content=\"@bellunopress\" \/>\n<meta name=\"twitter:label1\" content=\"\u00c9crit par\" \/>\n\t<meta name=\"twitter:data1\" content=\"redazione\" \/>\n\t<meta name=\"twitter:label2\" content=\"Dur\u00e9e de lecture estim\u00e9e\" \/>\n\t<meta name=\"twitter:data2\" content=\"1 minute\" \/>\n<script type=\"application\/ld+json\" class=\"yoast-schema-graph\">{\"@context\":\"https:\\\/\\\/schema.org\",\"@graph\":[{\"@type\":\"Article\",\"@id\":\"https:\\\/\\\/www.bellunopress.it\\\/2015\\\/05\\\/01\\\/lapaca-e-in-rete-con-il-nuovo-sito-e-su-facebook\\\/#article\",\"isPartOf\":{\"@id\":\"https:\\\/\\\/www.bellunopress.it\\\/2015\\\/05\\\/01\\\/lapaca-e-in-rete-con-il-nuovo-sito-e-su-facebook\\\/\"},\"author\":{\"name\":\"redazione\",\"@id\":\"https:\\\/\\\/www.bellunopress.it\\\/#\\\/schema\\\/person\\\/79bb06722b37ece1c03d3e94beb30d73\"},\"headline\":\"L&#8217;Apaca \u00e8 in rete con il nuovo sito e su Facebook\",\"datePublished\":\"2015-05-01T20:13:38+00:00\",\"mainEntityOfPage\":{\"@id\":\"https:\\\/\\\/www.bellunopress.it\\\/2015\\\/05\\\/01\\\/lapaca-e-in-rete-con-il-nuovo-sito-e-su-facebook\\\/\"},\"wordCount\":303,\"publisher\":{\"@id\":\"https:\\\/\\\/www.bellunopress.it\\\/#organization\"},\"image\":{\"@id\":\"https:\\\/\\\/www.bellunopress.it\\\/2015\\\/05\\\/01\\\/lapaca-e-in-rete-con-il-nuovo-sito-e-su-facebook\\\/#primaryimage\"},\"thumbnailUrl\":\"http:\\\/\\\/www.bellunopress.it\\\/wp-content\\\/uploads\\\/2012\\\/08\\\/cane-150.jpg\",\"articleSection\":[\"Prima Pagina\",\"Societ\u00e0, Associazioni, Istituzioni\"],\"inLanguage\":\"fr-FR\"},{\"@type\":\"WebPage\",\"@id\":\"https:\\\/\\\/www.bellunopress.it\\\/2015\\\/05\\\/01\\\/lapaca-e-in-rete-con-il-nuovo-sito-e-su-facebook\\\/\",\"url\":\"https:\\\/\\\/www.bellunopress.it\\\/2015\\\/05\\\/01\\\/lapaca-e-in-rete-con-il-nuovo-sito-e-su-facebook\\\/\",\"name\":\"L'Apaca \u00e8 in rete con il nuovo sito e su Facebook - Bellunopress - Dolomiti\",\"isPartOf\":{\"@id\":\"https:\\\/\\\/www.bellunopress.it\\\/#website\"},\"primaryImageOfPage\":{\"@id\":\"https:\\\/\\\/www.bellunopress.it\\\/2015\\\/05\\\/01\\\/lapaca-e-in-rete-con-il-nuovo-sito-e-su-facebook\\\/#primaryimage\"},\"image\":{\"@id\":\"https:\\\/\\\/www.bellunopress.it\\\/2015\\\/05\\\/01\\\/lapaca-e-in-rete-con-il-nuovo-sito-e-su-facebook\\\/#primaryimage\"},\"thumbnailUrl\":\"http:\\\/\\\/www.bellunopress.it\\\/wp-content\\\/uploads\\\/2012\\\/08\\\/cane-150.jpg\",\"datePublished\":\"2015-05-01T20:13:38+00:00\",\"breadcrumb\":{\"@id\":\"https:\\\/\\\/www.bellunopress.it\\\/2015\\\/05\\\/01\\\/lapaca-e-in-rete-con-il-nuovo-sito-e-su-facebook\\\/#breadcrumb\"},\"inLanguage\":\"fr-FR\",\"potentialAction\":[{\"@type\":\"ReadAction\",\"target\":[\"https:\\\/\\\/www.bellunopress.it\\\/2015\\\/05\\\/01\\\/lapaca-e-in-rete-con-il-nuovo-sito-e-su-facebook\\\/\"]}]},{\"@type\":\"ImageObject\",\"inLanguage\":\"fr-FR\",\"@id\":\"https:\\\/\\\/www.bellunopress.it\\\/2015\\\/05\\\/01\\\/lapaca-e-in-rete-con-il-nuovo-sito-e-su-facebook\\\/#primaryimage\",\"url\":\"http:\\\/\\\/www.bellunopress.it\\\/wp-content\\\/uploads\\\/2012\\\/08\\\/cane-150.jpg\",\"contentUrl\":\"http:\\\/\\\/www.bellunopress.it\\\/wp-content\\\/uploads\\\/2012\\\/08\\\/cane-150.jpg\"},{\"@type\":\"BreadcrumbList\",\"@id\":\"https:\\\/\\\/www.bellunopress.it\\\/2015\\\/05\\\/01\\\/lapaca-e-in-rete-con-il-nuovo-sito-e-su-facebook\\\/#breadcrumb\",\"itemListElement\":[{\"@type\":\"ListItem\",\"position\":1,\"name\":\"Home\",\"item\":\"https:\\\/\\\/www.bellunopress.it\\\/\"},{\"@type\":\"ListItem\",\"position\":2,\"name\":\"L&#8217;Apaca \u00e8 in rete con il nuovo sito e su Facebook\"}]},{\"@type\":\"WebSite\",\"@id\":\"https:\\\/\\\/www.bellunopress.it\\\/#website\",\"url\":\"https:\\\/\\\/www.bellunopress.it\\\/\",\"name\":\"Bellunopress - Dolomiti\",\"description\":\"e-mail: redazione@bellunopress.it\",\"publisher\":{\"@id\":\"https:\\\/\\\/www.bellunopress.it\\\/#organization\"},\"potentialAction\":[{\"@type\":\"SearchAction\",\"target\":{\"@type\":\"EntryPoint\",\"urlTemplate\":\"https:\\\/\\\/www.bellunopress.it\\\/?s={search_term_string}\"},\"query-input\":{\"@type\":\"PropertyValueSpecification\",\"valueRequired\":true,\"valueName\":\"search_term_string\"}}],\"inLanguage\":\"fr-FR\"},{\"@type\":\"Organization\",\"@id\":\"https:\\\/\\\/www.bellunopress.it\\\/#organization\",\"name\":\"Bellunopress\",\"url\":\"https:\\\/\\\/www.bellunopress.it\\\/\",\"logo\":{\"@type\":\"ImageObject\",\"inLanguage\":\"fr-FR\",\"@id\":\"https:\\\/\\\/www.bellunopress.it\\\/#\\\/schema\\\/logo\\\/image\\\/\",\"url\":\"https:\\\/\\\/www.bellunopress.it\\\/wp-content\\\/uploads\\\/2011\\\/05\\\/cropped-logo-bellunopress-.jpg\",\"contentUrl\":\"https:\\\/\\\/www.bellunopress.it\\\/wp-content\\\/uploads\\\/2011\\\/05\\\/cropped-logo-bellunopress-.jpg\",\"width\":512,\"height\":512,\"caption\":\"Bellunopress\"},\"image\":{\"@id\":\"https:\\\/\\\/www.bellunopress.it\\\/#\\\/schema\\\/logo\\\/image\\\/\"},\"sameAs\":[\"https:\\\/\\\/www.facebook.com\\\/profile.php?id=100008943462799\",\"https:\\\/\\\/x.com\\\/bellunopress\",\"https:\\\/\\\/www.linkedin.com\\\/hp\\\/?dnr=JBzUWaJfMUw8vbXJJ2tVW5-I3jZKvC4wsoxE&amp;amp;amp;amp;amp;amp;trk=nav_responsive_tab_home\",\"https:\\\/\\\/www.youtube.com\\\/channel\\\/UCxL0wu1uN0_3_7hGG0306cw\"]},{\"@type\":\"Person\",\"@id\":\"https:\\\/\\\/www.bellunopress.it\\\/#\\\/schema\\\/person\\\/79bb06722b37ece1c03d3e94beb30d73\",\"name\":\"redazione\",\"image\":{\"@type\":\"ImageObject\",\"inLanguage\":\"fr-FR\",\"@id\":\"https:\\\/\\\/secure.gravatar.com\\\/avatar\\\/37d968a2e67a6fd04c169c4bdef102d0bc5d31b2546345219e348575eb80e9a0?s=96&d=mm&r=g\",\"url\":\"https:\\\/\\\/secure.gravatar.com\\\/avatar\\\/37d968a2e67a6fd04c169c4bdef102d0bc5d31b2546345219e348575eb80e9a0?s=96&d=mm&r=g\",\"contentUrl\":\"https:\\\/\\\/secure.gravatar.com\\\/avatar\\\/37d968a2e67a6fd04c169c4bdef102d0bc5d31b2546345219e348575eb80e9a0?s=96&d=mm&r=g\",\"caption\":\"redazione\"},\"sameAs\":[\"http:\\\/\\\/www.bellunopress.it\",\"https:\\\/\\\/x.com\\\/bellunopress\"],\"url\":\"https:\\\/\\\/www.bellunopress.it\\\/fr\\\/author\\\/redazione\\\/\"}]}<\/script>\n<!-- \/ Yoast SEO plugin. -->","yoast_head_json":{"title":"L'Apaca \u00e8 in rete con il nuovo sito e su Facebook - Bellunopress - Dolomiti","robots":{"index":"index","follow":"follow","max-snippet":"max-snippet:-1","max-image-preview":"max-image-preview:large","max-video-preview":"max-video-preview:-1"},"canonical":"https:\/\/www.bellunopress.it\/fr\/2015\/05\/01\/lapaca-e-in-rete-con-il-nuovo-sito-e-su-facebook\/","og_locale":"fr_FR","og_type":"article","og_title":"L'Apaca \u00e8 in rete con il nuovo sito e su Facebook - Bellunopress - Dolomiti","og_description":"www.associazioneapaca.eu\u00a0\u00e8 il\u00a0nuovo sito con il quale l\u2019Apaca, l&#8217;associazione nata nell\u2019estate del 1994 che ha come scopo la cura dei cani randagi, abbandonati o maltrattati, si presenta sul web. E\u2019 uno degli strumenti che il nuovo consiglio direttivo ha fortemente voluto per attivare una comunicazione efficace e puntuale con i soci, simpatizzanti ed amici che in [&hellip;]","og_url":"https:\/\/www.bellunopress.it\/fr\/2015\/05\/01\/lapaca-e-in-rete-con-il-nuovo-sito-e-su-facebook\/","og_site_name":"Bellunopress - Dolomiti","article_publisher":"https:\/\/www.facebook.com\/profile.php?id=100008943462799","article_published_time":"2015-05-01T20:13:38+00:00","og_image":[{"url":"http:\/\/www.bellunopress.it\/wp-content\/uploads\/2012\/08\/cane-150.jpg","type":"","width":"","height":""}],"author":"redazione","twitter_card":"summary_large_image","twitter_creator":"@bellunopress","twitter_site":"@bellunopress","twitter_misc":{"\u00c9crit par":"redazione","Dur\u00e9e de lecture estim\u00e9e":"1 minute"},"schema":{"@context":"https:\/\/schema.org","@graph":[{"@type":"Article","@id":"https:\/\/www.bellunopress.it\/2015\/05\/01\/lapaca-e-in-rete-con-il-nuovo-sito-e-su-facebook\/#article","isPartOf":{"@id":"https:\/\/www.bellunopress.it\/2015\/05\/01\/lapaca-e-in-rete-con-il-nuovo-sito-e-su-facebook\/"},"author":{"name":"redazione","@id":"https:\/\/www.bellunopress.it\/#\/schema\/person\/79bb06722b37ece1c03d3e94beb30d73"},"headline":"L&#8217;Apaca \u00e8 in rete con il nuovo sito e su Facebook","datePublished":"2015-05-01T20:13:38+00:00","mainEntityOfPage":{"@id":"https:\/\/www.bellunopress.it\/2015\/05\/01\/lapaca-e-in-rete-con-il-nuovo-sito-e-su-facebook\/"},"wordCount":303,"publisher":{"@id":"https:\/\/www.bellunopress.it\/#organization"},"image":{"@id":"https:\/\/www.bellunopress.it\/2015\/05\/01\/lapaca-e-in-rete-con-il-nuovo-sito-e-su-facebook\/#primaryimage"},"thumbnailUrl":"http:\/\/www.bellunopress.it\/wp-content\/uploads\/2012\/08\/cane-150.jpg","articleSection":["Prima Pagina","Societ\u00e0, Associazioni, Istituzioni"],"inLanguage":"fr-FR"},{"@type":"WebPage","@id":"https:\/\/www.bellunopress.it\/2015\/05\/01\/lapaca-e-in-rete-con-il-nuovo-sito-e-su-facebook\/","url":"https:\/\/www.bellunopress.it\/2015\/05\/01\/lapaca-e-in-rete-con-il-nuovo-sito-e-su-facebook\/","name":"L'Apaca \u00e8 in rete con il nuovo sito e su Facebook - Bellunopress - Dolomiti","isPartOf":{"@id":"https:\/\/www.bellunopress.it\/#website"},"primaryImageOfPage":{"@id":"https:\/\/www.bellunopress.it\/2015\/05\/01\/lapaca-e-in-rete-con-il-nuovo-sito-e-su-facebook\/#primaryimage"},"image":{"@id":"https:\/\/www.bellunopress.it\/2015\/05\/01\/lapaca-e-in-rete-con-il-nuovo-sito-e-su-facebook\/#primaryimage"},"thumbnailUrl":"http:\/\/www.bellunopress.it\/wp-content\/uploads\/2012\/08\/cane-150.jpg","datePublished":"2015-05-01T20:13:38+00:00","breadcrumb":{"@id":"https:\/\/www.bellunopress.it\/2015\/05\/01\/lapaca-e-in-rete-con-il-nuovo-sito-e-su-facebook\/#breadcrumb"},"inLanguage":"fr-FR","potentialAction":[{"@type":"ReadAction","target":["https:\/\/www.bellunopress.it\/2015\/05\/01\/lapaca-e-in-rete-con-il-nuovo-sito-e-su-facebook\/"]}]},{"@type":"ImageObject","inLanguage":"fr-FR","@id":"https:\/\/www.bellunopress.it\/2015\/05\/01\/lapaca-e-in-rete-con-il-nuovo-sito-e-su-facebook\/#primaryimage","url":"http:\/\/www.bellunopress.it\/wp-content\/uploads\/2012\/08\/cane-150.jpg","contentUrl":"http:\/\/www.bellunopress.it\/wp-content\/uploads\/2012\/08\/cane-150.jpg"},{"@type":"BreadcrumbList","@id":"https:\/\/www.bellunopress.it\/2015\/05\/01\/lapaca-e-in-rete-con-il-nuovo-sito-e-su-facebook\/#breadcrumb","itemListElement":[{"@type":"ListItem","position":1,"name":"Home","item":"https:\/\/www.bellunopress.it\/"},{"@type":"ListItem","position":2,"name":"L&#8217;Apaca \u00e8 in rete con il nuovo sito e su Facebook"}]},{"@type":"WebSite","@id":"https:\/\/www.bellunopress.it\/#website","url":"https:\/\/www.bellunopress.it\/","name":"Bellunopress - Dolomiti","description":"e-mail: redazione@bellunopress.it","publisher":{"@id":"https:\/\/www.bellunopress.it\/#organization"},"potentialAction":[{"@type":"SearchAction","target":{"@type":"EntryPoint","urlTemplate":"https:\/\/www.bellunopress.it\/?s={search_term_string}"},"query-input":{"@type":"PropertyValueSpecification","valueRequired":true,"valueName":"search_term_string"}}],"inLanguage":"fr-FR"},{"@type":"Organization","@id":"https:\/\/www.bellunopress.it\/#organization","name":"Bellunopress","url":"https:\/\/www.bellunopress.it\/","logo":{"@type":"ImageObject","inLanguage":"fr-FR","@id":"https:\/\/www.bellunopress.it\/#\/schema\/logo\/image\/","url":"https:\/\/www.bellunopress.it\/wp-content\/uploads\/2011\/05\/cropped-logo-bellunopress-.jpg","contentUrl":"https:\/\/www.bellunopress.it\/wp-content\/uploads\/2011\/05\/cropped-logo-bellunopress-.jpg","width":512,"height":512,"caption":"Bellunopress"},"image":{"@id":"https:\/\/www.bellunopress.it\/#\/schema\/logo\/image\/"},"sameAs":["https:\/\/www.facebook.com\/profile.php?id=100008943462799","https:\/\/x.com\/bellunopress","https:\/\/www.linkedin.com\/hp\/?dnr=JBzUWaJfMUw8vbXJJ2tVW5-I3jZKvC4wsoxE&amp;amp;amp;amp;amp;amp;trk=nav_responsive_tab_home","https:\/\/www.youtube.com\/channel\/UCxL0wu1uN0_3_7hGG0306cw"]},{"@type":"Person","@id":"https:\/\/www.bellunopress.it\/#\/schema\/person\/79bb06722b37ece1c03d3e94beb30d73","name":"r\u00e9daction","image":{"@type":"ImageObject","inLanguage":"fr-FR","@id":"https:\/\/secure.gravatar.com\/avatar\/37d968a2e67a6fd04c169c4bdef102d0bc5d31b2546345219e348575eb80e9a0?s=96&d=mm&r=g","url":"https:\/\/secure.gravatar.com\/avatar\/37d968a2e67a6fd04c169c4bdef102d0bc5d31b2546345219e348575eb80e9a0?s=96&d=mm&r=g","contentUrl":"https:\/\/secure.gravatar.com\/avatar\/37d968a2e67a6fd04c169c4bdef102d0bc5d31b2546345219e348575eb80e9a0?s=96&d=mm&r=g","caption":"redazione"},"sameAs":["http:\/\/www.bellunopress.it","https:\/\/x.com\/bellunopress"],"url":"https:\/\/www.bellunopress.it\/fr\/author\/redazione\/"}]}},"_links":{"self":[{"href":"https:\/\/www.bellunopress.it\/fr\/wp-json\/wp\/v2\/posts\/68397","targetHints":{"allow":["GET"]}}],"collection":[{"href":"https:\/\/www.bellunopress.it\/fr\/wp-json\/wp\/v2\/posts"}],"about":[{"href":"https:\/\/www.bellunopress.it\/fr\/wp-json\/wp\/v2\/types\/post"}],"author":[{"embeddable":true,"href":"https:\/\/www.bellunopress.it\/fr\/wp-json\/wp\/v2\/users\/2"}],"replies":[{"embeddable":true,"href":"https:\/\/www.bellunopress.it\/fr\/wp-json\/wp\/v2\/comments?post=68397"}],"version-history":[{"count":1,"href":"https:\/\/www.bellunopress.it\/fr\/wp-json\/wp\/v2\/posts\/68397\/revisions"}],"predecessor-version":[{"id":68398,"href":"https:\/\/www.bellunopress.it\/fr\/wp-json\/wp\/v2\/posts\/68397\/revisions\/68398"}],"wp:attachment":[{"href":"https:\/\/www.bellunopress.it\/fr\/wp-json\/wp\/v2\/media?parent=68397"}],"wp:term":[{"taxonomy":"category","embeddable":true,"href":"https:\/\/www.bellunopress.it\/fr\/wp-json\/wp\/v2\/categories?post=68397"},{"taxonomy":"post_tag","embeddable":true,"href":"https:\/\/www.bellunopress.it\/fr\/wp-json\/wp\/v2\/tags?post=68397"}],"curies":[{"name":"wp","href":"https:\/\/api.w.org\/{rel}","templated":true}]}}