{"id":6827,"date":"2009-08-07T22:52:38","date_gmt":"2009-08-07T21:52:38","guid":{"rendered":"http:\/\/www.bellunopress.it\/?p=6827"},"modified":"2009-08-07T23:24:35","modified_gmt":"2009-08-07T22:24:35","slug":"l8-agosto-di-53-anni-fa-la-tragedia-di-marcinelle-in-belgio-dove-morirono-262-minatori-tra-cui-dino-della-vecchia-di-sedico","status":"publish","type":"post","link":"https:\/\/www.bellunopress.it\/fr\/2009\/08\/07\/l8-agosto-di-53-anni-fa-la-tragedia-di-marcinelle-in-belgio-dove-morirono-262-minatori-tra-cui-dino-della-vecchia-di-sedico\/","title":{"rendered":"L&#8217;8 agosto di 53 anni fa la tragedia di Marcinelle in Belgio, dove morirono 262 minatori tra cui Dino Della Vecchia di Sedico"},"content":{"rendered":"<p><a href=\"http:\/\/www.bellunopress.it\/wp-content\/uploads\/2009\/08\/minatore.gif\"><img loading=\"lazy\" decoding=\"async\" class=\"alignleft size-medium wp-image-6830\" title=\"minatore\" src=\"http:\/\/www.bellunopress.it\/wp-content\/uploads\/2009\/08\/minatore.gif\" alt=\"\" width=\"166\" height=\"250\" \/><\/a>\u00a053 anni fa, l\u20198 agosto del 1956, a causa di una errata manovra dell&#8217;ascensore nel pozzo n.1 di Marcinelle (zona mineraria di Bois du Cazier in Belgio), si sviluppa un incendio che provoca la morte di 262 minatori. 136 erano italiani e tra di loro c&#8217;era anche Dino Della Vecchia di Sedico. Le operazioni di soccorso proseguono per 15 giorni, finch\u00e9 viene diramato l&#8217;annuncio in italiano: &#8220;Tutti cadaveri&#8221;. L&#8217;incendio avviene alle 8.30, a causa di un malinteso tra i manovratori di superficie e gli addetti ai carrelli. L&#8217;ascensore risale e urta una trave metallica che a sua volta spezza una tubatura di olio e dei cavi elettrici. Si sviluppa un incendio alimentato dalla dalla ventilazione forzata dell&#8217;aria, che fa bruciare tutte le strutture in legno. E&#8217; l&#8217;inferno. Il pozzo n.1, in funzione dal 1930, aveva una sola via di entrata e una di uscita attraverso due ascensori. Un minatore che risale in superficie d\u00e0 l&#8217;allarme. Un&#8217;ora dopo due lavoratori tentano di raggiungere i loro compagni attraverso un passaggio laterale, ma devono rinunciare. Quattro ore e mezza dopo viene allargato il tunnel e si cominciano a trovare i cadaveri. Dal pozzo n.1 usciranno vivi solo una decina di minatori. In Belgio, tra il 1946 e il 1957 emigrarono 140mila italiani che alloggiarono nelle baracche dei vecchi campi di concentramento della II Guerra mondiale. Questo flusso migratorio era il risultato dell&#8217;accordo del 23 giugno del 1946 che De Gasperi firm\u00f2 con il ministro belga Van Hacker per garantire all&#8217;Italia l&#8217;approvvigionamento di carbone, in cambio dell&#8217;impegno di fornire mano d&#8217;opera per le miniere. Marcinelle \u00e8 una delle tante tragedie dell&#8217;emigrazione italiana. Nel dicembre 1907 ci fu Monongah, negli Stati Uniti, dove persero la vita un migliaio di minatori in maggioranza italiani; nell&#8217;ottobre del 1913 Dawson (New Mexico) oltre 250 morti di cui 146 minatori italiani; il 30 agosto 1965 la valanga di ghiaccio durante la costruzione della diga di Mattmark, in Svizzera, dove morirono molti bellunesi. Ma l&#8217;Italia \u00e8 un Paese dalla memoria corta. E a pochi riesce di vedere negli occhi dei sans papier dei barconi, gli stessi occhi smarriti dei nostri minatori.<\/p>\n<p style=\"margin-bottom: 0cm;\" align=\"left\">\u00a0<\/p>\n<p style=\"margin-bottom: 0cm;\" align=\"left\">\u00a0<\/p>\n<p align=\"left\">\u00a0<\/p>","protected":false},"excerpt":{"rendered":"<p>\u00a053 anni fa, l\u20198 agosto del 1956, a causa di una errata manovra dell&#8217;ascensore nel pozzo n.1 di Marcinelle (zona mineraria di Bois du Cazier in Belgio), si sviluppa un incendio che provoca la morte di 262 minatori. 136 erano italiani e tra di loro c&#8217;era anche Dino Della Vecchia di Sedico. Le operazioni di [&hellip;]<\/p>\n","protected":false},"author":2,"featured_media":0,"comment_status":"closed","ping_status":"open","sticky":false,"template":"","format":"standard","meta":{"footnotes":""},"categories":[36,26],"tags":[139],"class_list":["post-6827","post","type-post","status-publish","format-standard","category-lavoro-economia","category-prima-pagina","tag-belluno"],"yoast_head":"<!-- This site is optimized with the Yoast SEO plugin v28.4 - https:\/\/yoast.com\/product\/yoast-seo-wordpress\/ -->\n<title>L&#039;8 agosto di 53 anni fa la tragedia di Marcinelle in Belgio, dove morirono 262 minatori tra cui Dino Della Vecchia di Sedico  - Bellunopress - Dolomiti<\/title>\n<meta name=\"robots\" content=\"index, follow, max-snippet:-1, max-image-preview:large, max-video-preview:-1\" \/>\n<link rel=\"canonical\" href=\"https:\/\/www.bellunopress.it\/fr\/2009\/08\/07\/l8-agosto-di-53-anni-fa-la-tragedia-di-marcinelle-in-belgio-dove-morirono-262-minatori-tra-cui-dino-della-vecchia-di-sedico\/\" \/>\n<meta property=\"og:locale\" content=\"fr_FR\" \/>\n<meta property=\"og:type\" content=\"article\" \/>\n<meta property=\"og:title\" content=\"L&#039;8 agosto di 53 anni fa la tragedia di Marcinelle in Belgio, dove morirono 262 minatori tra cui Dino Della Vecchia di Sedico  - Bellunopress - Dolomiti\" \/>\n<meta property=\"og:description\" content=\"\u00a053 anni fa, l\u20198 agosto del 1956, a causa di una errata manovra dell&#8217;ascensore nel pozzo n.1 di Marcinelle (zona mineraria di Bois du Cazier in Belgio), si sviluppa un incendio che provoca la morte di 262 minatori. 136 erano italiani e tra di loro c&#8217;era anche Dino Della Vecchia di Sedico. Le operazioni di [&hellip;]\" \/>\n<meta property=\"og:url\" content=\"https:\/\/www.bellunopress.it\/fr\/2009\/08\/07\/l8-agosto-di-53-anni-fa-la-tragedia-di-marcinelle-in-belgio-dove-morirono-262-minatori-tra-cui-dino-della-vecchia-di-sedico\/\" \/>\n<meta property=\"og:site_name\" content=\"Bellunopress - Dolomiti\" \/>\n<meta property=\"article:publisher\" content=\"https:\/\/www.facebook.com\/profile.php?id=100008943462799\" \/>\n<meta property=\"article:published_time\" content=\"2009-08-07T21:52:38+00:00\" \/>\n<meta property=\"article:modified_time\" content=\"2009-08-07T22:24:35+00:00\" \/>\n<meta property=\"og:image\" content=\"http:\/\/www.bellunopress.it\/wp-content\/uploads\/2009\/08\/minatore.gif\" \/>\n<meta name=\"author\" content=\"redazione\" \/>\n<meta name=\"twitter:card\" content=\"summary_large_image\" \/>\n<meta name=\"twitter:creator\" content=\"@bellunopress\" \/>\n<meta name=\"twitter:site\" content=\"@bellunopress\" \/>\n<meta name=\"twitter:label1\" content=\"\u00c9crit par\" \/>\n\t<meta name=\"twitter:data1\" content=\"redazione\" \/>\n\t<meta name=\"twitter:label2\" content=\"Dur\u00e9e de lecture estim\u00e9e\" \/>\n\t<meta name=\"twitter:data2\" content=\"2 minutes\" \/>\n<script type=\"application\/ld+json\" class=\"yoast-schema-graph\">{\"@context\":\"https:\\\/\\\/schema.org\",\"@graph\":[{\"@type\":\"Article\",\"@id\":\"https:\\\/\\\/www.bellunopress.it\\\/2009\\\/08\\\/07\\\/l8-agosto-di-53-anni-fa-la-tragedia-di-marcinelle-in-belgio-dove-morirono-262-minatori-tra-cui-dino-della-vecchia-di-sedico\\\/#article\",\"isPartOf\":{\"@id\":\"https:\\\/\\\/www.bellunopress.it\\\/2009\\\/08\\\/07\\\/l8-agosto-di-53-anni-fa-la-tragedia-di-marcinelle-in-belgio-dove-morirono-262-minatori-tra-cui-dino-della-vecchia-di-sedico\\\/\"},\"author\":{\"name\":\"redazione\",\"@id\":\"https:\\\/\\\/www.bellunopress.it\\\/#\\\/schema\\\/person\\\/79bb06722b37ece1c03d3e94beb30d73\"},\"headline\":\"L&#8217;8 agosto di 53 anni fa la tragedia di Marcinelle in Belgio, dove morirono 262 minatori tra cui Dino Della Vecchia di Sedico\",\"datePublished\":\"2009-08-07T21:52:38+00:00\",\"dateModified\":\"2009-08-07T22:24:35+00:00\",\"mainEntityOfPage\":{\"@id\":\"https:\\\/\\\/www.bellunopress.it\\\/2009\\\/08\\\/07\\\/l8-agosto-di-53-anni-fa-la-tragedia-di-marcinelle-in-belgio-dove-morirono-262-minatori-tra-cui-dino-della-vecchia-di-sedico\\\/\"},\"wordCount\":370,\"publisher\":{\"@id\":\"https:\\\/\\\/www.bellunopress.it\\\/#organization\"},\"image\":{\"@id\":\"https:\\\/\\\/www.bellunopress.it\\\/2009\\\/08\\\/07\\\/l8-agosto-di-53-anni-fa-la-tragedia-di-marcinelle-in-belgio-dove-morirono-262-minatori-tra-cui-dino-della-vecchia-di-sedico\\\/#primaryimage\"},\"thumbnailUrl\":\"http:\\\/\\\/www.bellunopress.it\\\/wp-content\\\/uploads\\\/2009\\\/08\\\/minatore.gif\",\"keywords\":[\"Belluno\"],\"articleSection\":[\"Lavoro, Economia, Turismo\",\"Prima Pagina\"],\"inLanguage\":\"fr-FR\"},{\"@type\":\"WebPage\",\"@id\":\"https:\\\/\\\/www.bellunopress.it\\\/2009\\\/08\\\/07\\\/l8-agosto-di-53-anni-fa-la-tragedia-di-marcinelle-in-belgio-dove-morirono-262-minatori-tra-cui-dino-della-vecchia-di-sedico\\\/\",\"url\":\"https:\\\/\\\/www.bellunopress.it\\\/2009\\\/08\\\/07\\\/l8-agosto-di-53-anni-fa-la-tragedia-di-marcinelle-in-belgio-dove-morirono-262-minatori-tra-cui-dino-della-vecchia-di-sedico\\\/\",\"name\":\"L'8 agosto di 53 anni fa la tragedia di Marcinelle in Belgio, dove morirono 262 minatori tra cui Dino Della Vecchia di Sedico - Bellunopress - Dolomiti\",\"isPartOf\":{\"@id\":\"https:\\\/\\\/www.bellunopress.it\\\/#website\"},\"primaryImageOfPage\":{\"@id\":\"https:\\\/\\\/www.bellunopress.it\\\/2009\\\/08\\\/07\\\/l8-agosto-di-53-anni-fa-la-tragedia-di-marcinelle-in-belgio-dove-morirono-262-minatori-tra-cui-dino-della-vecchia-di-sedico\\\/#primaryimage\"},\"image\":{\"@id\":\"https:\\\/\\\/www.bellunopress.it\\\/2009\\\/08\\\/07\\\/l8-agosto-di-53-anni-fa-la-tragedia-di-marcinelle-in-belgio-dove-morirono-262-minatori-tra-cui-dino-della-vecchia-di-sedico\\\/#primaryimage\"},\"thumbnailUrl\":\"http:\\\/\\\/www.bellunopress.it\\\/wp-content\\\/uploads\\\/2009\\\/08\\\/minatore.gif\",\"datePublished\":\"2009-08-07T21:52:38+00:00\",\"dateModified\":\"2009-08-07T22:24:35+00:00\",\"breadcrumb\":{\"@id\":\"https:\\\/\\\/www.bellunopress.it\\\/2009\\\/08\\\/07\\\/l8-agosto-di-53-anni-fa-la-tragedia-di-marcinelle-in-belgio-dove-morirono-262-minatori-tra-cui-dino-della-vecchia-di-sedico\\\/#breadcrumb\"},\"inLanguage\":\"fr-FR\",\"potentialAction\":[{\"@type\":\"ReadAction\",\"target\":[\"https:\\\/\\\/www.bellunopress.it\\\/2009\\\/08\\\/07\\\/l8-agosto-di-53-anni-fa-la-tragedia-di-marcinelle-in-belgio-dove-morirono-262-minatori-tra-cui-dino-della-vecchia-di-sedico\\\/\"]}]},{\"@type\":\"ImageObject\",\"inLanguage\":\"fr-FR\",\"@id\":\"https:\\\/\\\/www.bellunopress.it\\\/2009\\\/08\\\/07\\\/l8-agosto-di-53-anni-fa-la-tragedia-di-marcinelle-in-belgio-dove-morirono-262-minatori-tra-cui-dino-della-vecchia-di-sedico\\\/#primaryimage\",\"url\":\"http:\\\/\\\/www.bellunopress.it\\\/wp-content\\\/uploads\\\/2009\\\/08\\\/minatore.gif\",\"contentUrl\":\"http:\\\/\\\/www.bellunopress.it\\\/wp-content\\\/uploads\\\/2009\\\/08\\\/minatore.gif\"},{\"@type\":\"BreadcrumbList\",\"@id\":\"https:\\\/\\\/www.bellunopress.it\\\/2009\\\/08\\\/07\\\/l8-agosto-di-53-anni-fa-la-tragedia-di-marcinelle-in-belgio-dove-morirono-262-minatori-tra-cui-dino-della-vecchia-di-sedico\\\/#breadcrumb\",\"itemListElement\":[{\"@type\":\"ListItem\",\"position\":1,\"name\":\"Home\",\"item\":\"https:\\\/\\\/www.bellunopress.it\\\/\"},{\"@type\":\"ListItem\",\"position\":2,\"name\":\"L&#8217;8 agosto di 53 anni fa la tragedia di Marcinelle in Belgio, dove morirono 262 minatori tra cui Dino Della Vecchia di Sedico\"}]},{\"@type\":\"WebSite\",\"@id\":\"https:\\\/\\\/www.bellunopress.it\\\/#website\",\"url\":\"https:\\\/\\\/www.bellunopress.it\\\/\",\"name\":\"Bellunopress - Dolomiti\",\"description\":\"e-mail: redazione@bellunopress.it\",\"publisher\":{\"@id\":\"https:\\\/\\\/www.bellunopress.it\\\/#organization\"},\"potentialAction\":[{\"@type\":\"SearchAction\",\"target\":{\"@type\":\"EntryPoint\",\"urlTemplate\":\"https:\\\/\\\/www.bellunopress.it\\\/?s={search_term_string}\"},\"query-input\":{\"@type\":\"PropertyValueSpecification\",\"valueRequired\":true,\"valueName\":\"search_term_string\"}}],\"inLanguage\":\"fr-FR\"},{\"@type\":\"Organization\",\"@id\":\"https:\\\/\\\/www.bellunopress.it\\\/#organization\",\"name\":\"Bellunopress\",\"url\":\"https:\\\/\\\/www.bellunopress.it\\\/\",\"logo\":{\"@type\":\"ImageObject\",\"inLanguage\":\"fr-FR\",\"@id\":\"https:\\\/\\\/www.bellunopress.it\\\/#\\\/schema\\\/logo\\\/image\\\/\",\"url\":\"https:\\\/\\\/www.bellunopress.it\\\/wp-content\\\/uploads\\\/2011\\\/05\\\/cropped-logo-bellunopress-.jpg\",\"contentUrl\":\"https:\\\/\\\/www.bellunopress.it\\\/wp-content\\\/uploads\\\/2011\\\/05\\\/cropped-logo-bellunopress-.jpg\",\"width\":512,\"height\":512,\"caption\":\"Bellunopress\"},\"image\":{\"@id\":\"https:\\\/\\\/www.bellunopress.it\\\/#\\\/schema\\\/logo\\\/image\\\/\"},\"sameAs\":[\"https:\\\/\\\/www.facebook.com\\\/profile.php?id=100008943462799\",\"https:\\\/\\\/x.com\\\/bellunopress\",\"https:\\\/\\\/www.linkedin.com\\\/hp\\\/?dnr=JBzUWaJfMUw8vbXJJ2tVW5-I3jZKvC4wsoxE&amp;amp;amp;amp;amp;amp;trk=nav_responsive_tab_home\",\"https:\\\/\\\/www.youtube.com\\\/channel\\\/UCxL0wu1uN0_3_7hGG0306cw\"]},{\"@type\":\"Person\",\"@id\":\"https:\\\/\\\/www.bellunopress.it\\\/#\\\/schema\\\/person\\\/79bb06722b37ece1c03d3e94beb30d73\",\"name\":\"redazione\",\"image\":{\"@type\":\"ImageObject\",\"inLanguage\":\"fr-FR\",\"@id\":\"https:\\\/\\\/secure.gravatar.com\\\/avatar\\\/37d968a2e67a6fd04c169c4bdef102d0bc5d31b2546345219e348575eb80e9a0?s=96&d=mm&r=g\",\"url\":\"https:\\\/\\\/secure.gravatar.com\\\/avatar\\\/37d968a2e67a6fd04c169c4bdef102d0bc5d31b2546345219e348575eb80e9a0?s=96&d=mm&r=g\",\"contentUrl\":\"https:\\\/\\\/secure.gravatar.com\\\/avatar\\\/37d968a2e67a6fd04c169c4bdef102d0bc5d31b2546345219e348575eb80e9a0?s=96&d=mm&r=g\",\"caption\":\"redazione\"},\"sameAs\":[\"http:\\\/\\\/www.bellunopress.it\",\"https:\\\/\\\/x.com\\\/bellunopress\"],\"url\":\"https:\\\/\\\/www.bellunopress.it\\\/fr\\\/author\\\/redazione\\\/\"}]}<\/script>\n<!-- \/ Yoast SEO plugin. -->","yoast_head_json":{"title":"L'8 agosto di 53 anni fa la tragedia di Marcinelle in Belgio, dove morirono 262 minatori tra cui Dino Della Vecchia di Sedico  - Bellunopress - Dolomiti","robots":{"index":"index","follow":"follow","max-snippet":"max-snippet:-1","max-image-preview":"max-image-preview:large","max-video-preview":"max-video-preview:-1"},"canonical":"https:\/\/www.bellunopress.it\/fr\/2009\/08\/07\/l8-agosto-di-53-anni-fa-la-tragedia-di-marcinelle-in-belgio-dove-morirono-262-minatori-tra-cui-dino-della-vecchia-di-sedico\/","og_locale":"fr_FR","og_type":"article","og_title":"L'8 agosto di 53 anni fa la tragedia di Marcinelle in Belgio, dove morirono 262 minatori tra cui Dino Della Vecchia di Sedico  - Bellunopress - Dolomiti","og_description":"\u00a053 anni fa, l\u20198 agosto del 1956, a causa di una errata manovra dell&#8217;ascensore nel pozzo n.1 di Marcinelle (zona mineraria di Bois du Cazier in Belgio), si sviluppa un incendio che provoca la morte di 262 minatori. 136 erano italiani e tra di loro c&#8217;era anche Dino Della Vecchia di Sedico. Le operazioni di [&hellip;]","og_url":"https:\/\/www.bellunopress.it\/fr\/2009\/08\/07\/l8-agosto-di-53-anni-fa-la-tragedia-di-marcinelle-in-belgio-dove-morirono-262-minatori-tra-cui-dino-della-vecchia-di-sedico\/","og_site_name":"Bellunopress - Dolomiti","article_publisher":"https:\/\/www.facebook.com\/profile.php?id=100008943462799","article_published_time":"2009-08-07T21:52:38+00:00","article_modified_time":"2009-08-07T22:24:35+00:00","og_image":[{"url":"http:\/\/www.bellunopress.it\/wp-content\/uploads\/2009\/08\/minatore.gif","type":"","width":"","height":""}],"author":"redazione","twitter_card":"summary_large_image","twitter_creator":"@bellunopress","twitter_site":"@bellunopress","twitter_misc":{"\u00c9crit par":"redazione","Dur\u00e9e de lecture estim\u00e9e":"2 minutes"},"schema":{"@context":"https:\/\/schema.org","@graph":[{"@type":"Article","@id":"https:\/\/www.bellunopress.it\/2009\/08\/07\/l8-agosto-di-53-anni-fa-la-tragedia-di-marcinelle-in-belgio-dove-morirono-262-minatori-tra-cui-dino-della-vecchia-di-sedico\/#article","isPartOf":{"@id":"https:\/\/www.bellunopress.it\/2009\/08\/07\/l8-agosto-di-53-anni-fa-la-tragedia-di-marcinelle-in-belgio-dove-morirono-262-minatori-tra-cui-dino-della-vecchia-di-sedico\/"},"author":{"name":"redazione","@id":"https:\/\/www.bellunopress.it\/#\/schema\/person\/79bb06722b37ece1c03d3e94beb30d73"},"headline":"L&#8217;8 agosto di 53 anni fa la tragedia di Marcinelle in Belgio, dove morirono 262 minatori tra cui Dino Della Vecchia di Sedico","datePublished":"2009-08-07T21:52:38+00:00","dateModified":"2009-08-07T22:24:35+00:00","mainEntityOfPage":{"@id":"https:\/\/www.bellunopress.it\/2009\/08\/07\/l8-agosto-di-53-anni-fa-la-tragedia-di-marcinelle-in-belgio-dove-morirono-262-minatori-tra-cui-dino-della-vecchia-di-sedico\/"},"wordCount":370,"publisher":{"@id":"https:\/\/www.bellunopress.it\/#organization"},"image":{"@id":"https:\/\/www.bellunopress.it\/2009\/08\/07\/l8-agosto-di-53-anni-fa-la-tragedia-di-marcinelle-in-belgio-dove-morirono-262-minatori-tra-cui-dino-della-vecchia-di-sedico\/#primaryimage"},"thumbnailUrl":"http:\/\/www.bellunopress.it\/wp-content\/uploads\/2009\/08\/minatore.gif","keywords":["Belluno"],"articleSection":["Lavoro, Economia, Turismo","Prima Pagina"],"inLanguage":"fr-FR"},{"@type":"WebPage","@id":"https:\/\/www.bellunopress.it\/2009\/08\/07\/l8-agosto-di-53-anni-fa-la-tragedia-di-marcinelle-in-belgio-dove-morirono-262-minatori-tra-cui-dino-della-vecchia-di-sedico\/","url":"https:\/\/www.bellunopress.it\/2009\/08\/07\/l8-agosto-di-53-anni-fa-la-tragedia-di-marcinelle-in-belgio-dove-morirono-262-minatori-tra-cui-dino-della-vecchia-di-sedico\/","name":"L'8 agosto di 53 anni fa la tragedia di Marcinelle in Belgio, dove morirono 262 minatori tra cui Dino Della Vecchia di Sedico - Bellunopress - Dolomiti","isPartOf":{"@id":"https:\/\/www.bellunopress.it\/#website"},"primaryImageOfPage":{"@id":"https:\/\/www.bellunopress.it\/2009\/08\/07\/l8-agosto-di-53-anni-fa-la-tragedia-di-marcinelle-in-belgio-dove-morirono-262-minatori-tra-cui-dino-della-vecchia-di-sedico\/#primaryimage"},"image":{"@id":"https:\/\/www.bellunopress.it\/2009\/08\/07\/l8-agosto-di-53-anni-fa-la-tragedia-di-marcinelle-in-belgio-dove-morirono-262-minatori-tra-cui-dino-della-vecchia-di-sedico\/#primaryimage"},"thumbnailUrl":"http:\/\/www.bellunopress.it\/wp-content\/uploads\/2009\/08\/minatore.gif","datePublished":"2009-08-07T21:52:38+00:00","dateModified":"2009-08-07T22:24:35+00:00","breadcrumb":{"@id":"https:\/\/www.bellunopress.it\/2009\/08\/07\/l8-agosto-di-53-anni-fa-la-tragedia-di-marcinelle-in-belgio-dove-morirono-262-minatori-tra-cui-dino-della-vecchia-di-sedico\/#breadcrumb"},"inLanguage":"fr-FR","potentialAction":[{"@type":"ReadAction","target":["https:\/\/www.bellunopress.it\/2009\/08\/07\/l8-agosto-di-53-anni-fa-la-tragedia-di-marcinelle-in-belgio-dove-morirono-262-minatori-tra-cui-dino-della-vecchia-di-sedico\/"]}]},{"@type":"ImageObject","inLanguage":"fr-FR","@id":"https:\/\/www.bellunopress.it\/2009\/08\/07\/l8-agosto-di-53-anni-fa-la-tragedia-di-marcinelle-in-belgio-dove-morirono-262-minatori-tra-cui-dino-della-vecchia-di-sedico\/#primaryimage","url":"http:\/\/www.bellunopress.it\/wp-content\/uploads\/2009\/08\/minatore.gif","contentUrl":"http:\/\/www.bellunopress.it\/wp-content\/uploads\/2009\/08\/minatore.gif"},{"@type":"BreadcrumbList","@id":"https:\/\/www.bellunopress.it\/2009\/08\/07\/l8-agosto-di-53-anni-fa-la-tragedia-di-marcinelle-in-belgio-dove-morirono-262-minatori-tra-cui-dino-della-vecchia-di-sedico\/#breadcrumb","itemListElement":[{"@type":"ListItem","position":1,"name":"Home","item":"https:\/\/www.bellunopress.it\/"},{"@type":"ListItem","position":2,"name":"L&#8217;8 agosto di 53 anni fa la tragedia di Marcinelle in Belgio, dove morirono 262 minatori tra cui Dino Della Vecchia di Sedico"}]},{"@type":"WebSite","@id":"https:\/\/www.bellunopress.it\/#website","url":"https:\/\/www.bellunopress.it\/","name":"Bellunopress - Dolomiti","description":"e-mail: redazione@bellunopress.it","publisher":{"@id":"https:\/\/www.bellunopress.it\/#organization"},"potentialAction":[{"@type":"SearchAction","target":{"@type":"EntryPoint","urlTemplate":"https:\/\/www.bellunopress.it\/?s={search_term_string}"},"query-input":{"@type":"PropertyValueSpecification","valueRequired":true,"valueName":"search_term_string"}}],"inLanguage":"fr-FR"},{"@type":"Organization","@id":"https:\/\/www.bellunopress.it\/#organization","name":"Bellunopress","url":"https:\/\/www.bellunopress.it\/","logo":{"@type":"ImageObject","inLanguage":"fr-FR","@id":"https:\/\/www.bellunopress.it\/#\/schema\/logo\/image\/","url":"https:\/\/www.bellunopress.it\/wp-content\/uploads\/2011\/05\/cropped-logo-bellunopress-.jpg","contentUrl":"https:\/\/www.bellunopress.it\/wp-content\/uploads\/2011\/05\/cropped-logo-bellunopress-.jpg","width":512,"height":512,"caption":"Bellunopress"},"image":{"@id":"https:\/\/www.bellunopress.it\/#\/schema\/logo\/image\/"},"sameAs":["https:\/\/www.facebook.com\/profile.php?id=100008943462799","https:\/\/x.com\/bellunopress","https:\/\/www.linkedin.com\/hp\/?dnr=JBzUWaJfMUw8vbXJJ2tVW5-I3jZKvC4wsoxE&amp;amp;amp;amp;amp;amp;trk=nav_responsive_tab_home","https:\/\/www.youtube.com\/channel\/UCxL0wu1uN0_3_7hGG0306cw"]},{"@type":"Person","@id":"https:\/\/www.bellunopress.it\/#\/schema\/person\/79bb06722b37ece1c03d3e94beb30d73","name":"r\u00e9daction","image":{"@type":"ImageObject","inLanguage":"fr-FR","@id":"https:\/\/secure.gravatar.com\/avatar\/37d968a2e67a6fd04c169c4bdef102d0bc5d31b2546345219e348575eb80e9a0?s=96&d=mm&r=g","url":"https:\/\/secure.gravatar.com\/avatar\/37d968a2e67a6fd04c169c4bdef102d0bc5d31b2546345219e348575eb80e9a0?s=96&d=mm&r=g","contentUrl":"https:\/\/secure.gravatar.com\/avatar\/37d968a2e67a6fd04c169c4bdef102d0bc5d31b2546345219e348575eb80e9a0?s=96&d=mm&r=g","caption":"redazione"},"sameAs":["http:\/\/www.bellunopress.it","https:\/\/x.com\/bellunopress"],"url":"https:\/\/www.bellunopress.it\/fr\/author\/redazione\/"}]}},"_links":{"self":[{"href":"https:\/\/www.bellunopress.it\/fr\/wp-json\/wp\/v2\/posts\/6827","targetHints":{"allow":["GET"]}}],"collection":[{"href":"https:\/\/www.bellunopress.it\/fr\/wp-json\/wp\/v2\/posts"}],"about":[{"href":"https:\/\/www.bellunopress.it\/fr\/wp-json\/wp\/v2\/types\/post"}],"author":[{"embeddable":true,"href":"https:\/\/www.bellunopress.it\/fr\/wp-json\/wp\/v2\/users\/2"}],"replies":[{"embeddable":true,"href":"https:\/\/www.bellunopress.it\/fr\/wp-json\/wp\/v2\/comments?post=6827"}],"version-history":[{"count":3,"href":"https:\/\/www.bellunopress.it\/fr\/wp-json\/wp\/v2\/posts\/6827\/revisions"}],"predecessor-version":[{"id":6832,"href":"https:\/\/www.bellunopress.it\/fr\/wp-json\/wp\/v2\/posts\/6827\/revisions\/6832"}],"wp:attachment":[{"href":"https:\/\/www.bellunopress.it\/fr\/wp-json\/wp\/v2\/media?parent=6827"}],"wp:term":[{"taxonomy":"category","embeddable":true,"href":"https:\/\/www.bellunopress.it\/fr\/wp-json\/wp\/v2\/categories?post=6827"},{"taxonomy":"post_tag","embeddable":true,"href":"https:\/\/www.bellunopress.it\/fr\/wp-json\/wp\/v2\/tags?post=6827"}],"curies":[{"name":"wp","href":"https:\/\/api.w.org\/{rel}","templated":true}]}}