{"id":6823,"date":"2009-08-07T19:57:43","date_gmt":"2009-08-07T18:57:43","guid":{"rendered":"http:\/\/www.bellunopress.it\/?p=6823"},"modified":"2009-08-07T19:57:43","modified_gmt":"2009-08-07T18:57:43","slug":"al-cianton-de-ciasa-nostra-di-laggio-di-cadore-promuove-casa-tua-la-struttura-di-accoglienza-nel-cortile-dell%e2%80%99ospedale-di-belluno","status":"publish","type":"post","link":"https:\/\/www.bellunopress.it\/fr\/2009\/08\/07\/al-cianton-de-ciasa-nostra-di-laggio-di-cadore-promuove-casa-tua-la-struttura-di-accoglienza-nel-cortile-dell%e2%80%99ospedale-di-belluno\/","title":{"rendered":"AL CIANTON DE CIASA NOSTRA DI LAGGIO DI CADORE PROMUOVE CASA TUA, LA STRUTTURA DI ACCOGLIENZA NEL CORTILE DELL\u2019OSPEDALE DI BELLUNO."},"content":{"rendered":"<p>Casa Tua, la struttura di accoglienza voluta dal volontariato bellunese \u00e8 sempre nei cuori di quanti, numerosi, la utilizzano quando si trovano nella necessit\u00e0 di assistere un parente all\u2019ospedale San Martino di Belluno. Sono tante le attestazioni di stima e di generosit\u00e0 nei confronti della casetta realizzata nel cortile del nosocomio cittadino. L\u2019ultima in ordine di tempo \u00e8 la partecipazione, per il sesto anno consecutivo, di alcuni volontari di Laggio di Cadore alla manifestazione \u201cAl cianton de ciasa nostra\u201d, promossa sabato e domenica prossimi, 8 e 9 agosto, dal Comune e dalla Pro loco di Vigo di Cadore. Il gruppo di volontari, nel loro stand di promozione culinaria chiamato \u201cCianton de le cr\u00e9pe\u201d,\u00a0 distribuiranno ai valligiani e turisti del materiale informativo su Casa Tua, ricordandone la funzione di accoglienza gratuita. \u201cUn gesto importante e significativo \u2013 afferma il presidente di Casa Tua Giorgio Zampieri \u2013 un segno di condivisione del progetto di aiuto per coloro i quali hanno la necessit\u00e0 di avere un punto concreto di riferimento nei momenti di sofferenza. Un\u2019 autentica espressione di solidariet\u00e0 e partecipazione che ha reso l\u2019iniziativa importante ed apprezzata negli anni. Per questo \u2013 continua Zampieri &#8211; va riconosciuto il merito a tutte le persone che in qualche modo contribuiscono alla manifestazione, rendendo anche possibile ottenere un contributo economico per la gestione della struttura, frutto indubbiamente della generosit\u00e0 della gente, ma anche dell\u2019 impegno, disponibilit\u00e0 e sacrificio degli organizzatori\u201d. A contribuire al funzionamento della casetta nel cortile dell\u2019ospedale di Beluno c\u2019\u00e8 l\u2019Associazione Casa Tua, formata da componenti di Abvs, Ail, Andos, Avo, Corc (Circolo ospedaliero), Lilt, San Vincenzo e altri volontari. La realizzazione di Casa Tua \u00e8 costata 225.000 euro. La casetta dispone di 14 posti letto ed \u00e8 dotata di 4 servizi, una sala soggiorno, cucina, lavanderia. L\u2019 accesso alla struttura, gratuito, \u00e8 disciplinato da un regolamento, mentre la direzione medica e un referente valutano e gestiscono le richieste di ospitalit\u00e0. Fino al 31 dicembre 2008 sono state ospitate 2844 persone.<\/p>","protected":false},"excerpt":{"rendered":"<p>Casa Tua, la struttura di accoglienza voluta dal volontariato bellunese \u00e8 sempre nei cuori di quanti, numerosi, la utilizzano quando si trovano nella necessit\u00e0 di assistere un parente all\u2019ospedale San Martino di Belluno. Sono tante le attestazioni di stima e di generosit\u00e0 nei confronti della casetta realizzata nel cortile del nosocomio cittadino. L\u2019ultima in ordine [&hellip;]<\/p>\n","protected":false},"author":2,"featured_media":0,"comment_status":"closed","ping_status":"open","sticky":false,"template":"","format":"standard","meta":{"footnotes":""},"categories":[1],"tags":[139,151],"class_list":["post-6823","post","type-post","status-publish","format-standard","category-leo","tag-belluno","tag-cadore"],"yoast_head":"<!-- This site is optimized with the Yoast SEO plugin v28.4 - https:\/\/yoast.com\/product\/yoast-seo-wordpress\/ -->\n<title>AL CIANTON DE CIASA NOSTRA DI LAGGIO DI CADORE PROMUOVE CASA TUA, LA STRUTTURA DI ACCOGLIENZA NEL CORTILE DELL\u2019OSPEDALE DI BELLUNO.  - Bellunopress - Dolomiti<\/title>\n<meta name=\"robots\" content=\"index, follow, max-snippet:-1, max-image-preview:large, max-video-preview:-1\" \/>\n<link rel=\"canonical\" href=\"https:\/\/www.bellunopress.it\/fr\/2009\/08\/07\/al-cianton-de-ciasa-nostra-di-laggio-di-cadore-promuove-casa-tua-la-struttura-di-accoglienza-nel-cortile-dell\u2019ospedale-di-belluno\/\" \/>\n<meta property=\"og:locale\" content=\"fr_FR\" \/>\n<meta property=\"og:type\" content=\"article\" \/>\n<meta property=\"og:title\" content=\"AL CIANTON DE CIASA NOSTRA DI LAGGIO DI CADORE PROMUOVE CASA TUA, LA STRUTTURA DI ACCOGLIENZA NEL CORTILE DELL\u2019OSPEDALE DI BELLUNO.  - Bellunopress - Dolomiti\" \/>\n<meta property=\"og:description\" content=\"Casa Tua, la struttura di accoglienza voluta dal volontariato bellunese \u00e8 sempre nei cuori di quanti, numerosi, la utilizzano quando si trovano nella necessit\u00e0 di assistere un parente all\u2019ospedale San Martino di Belluno. Sono tante le attestazioni di stima e di generosit\u00e0 nei confronti della casetta realizzata nel cortile del nosocomio cittadino. L\u2019ultima in ordine [&hellip;]\" \/>\n<meta property=\"og:url\" content=\"https:\/\/www.bellunopress.it\/fr\/2009\/08\/07\/al-cianton-de-ciasa-nostra-di-laggio-di-cadore-promuove-casa-tua-la-struttura-di-accoglienza-nel-cortile-dell\u2019ospedale-di-belluno\/\" \/>\n<meta property=\"og:site_name\" content=\"Bellunopress - Dolomiti\" \/>\n<meta property=\"article:publisher\" content=\"https:\/\/www.facebook.com\/profile.php?id=100008943462799\" \/>\n<meta property=\"article:published_time\" content=\"2009-08-07T18:57:43+00:00\" \/>\n<meta property=\"og:image\" content=\"http:\/\/www.bellunopress.it\/wp-content\/uploads\/2012\/07\/logo-bellunopress-250x250-2012.jpg\" \/>\n<meta name=\"author\" content=\"redazione\" \/>\n<meta name=\"twitter:card\" content=\"summary_large_image\" \/>\n<meta name=\"twitter:creator\" content=\"@bellunopress\" \/>\n<meta name=\"twitter:site\" content=\"@bellunopress\" \/>\n<meta name=\"twitter:label1\" content=\"\u00c9crit par\" \/>\n\t<meta name=\"twitter:data1\" content=\"redazione\" \/>\n\t<meta name=\"twitter:label2\" content=\"Dur\u00e9e de lecture estim\u00e9e\" \/>\n\t<meta name=\"twitter:data2\" content=\"2 minutes\" \/>\n<script type=\"application\/ld+json\" class=\"yoast-schema-graph\">{\"@context\":\"https:\\\/\\\/schema.org\",\"@graph\":[{\"@type\":\"Article\",\"@id\":\"https:\\\/\\\/www.bellunopress.it\\\/2009\\\/08\\\/07\\\/al-cianton-de-ciasa-nostra-di-laggio-di-cadore-promuove-casa-tua-la-struttura-di-accoglienza-nel-cortile-dell%e2%80%99ospedale-di-belluno\\\/#article\",\"isPartOf\":{\"@id\":\"https:\\\/\\\/www.bellunopress.it\\\/2009\\\/08\\\/07\\\/al-cianton-de-ciasa-nostra-di-laggio-di-cadore-promuove-casa-tua-la-struttura-di-accoglienza-nel-cortile-dell%e2%80%99ospedale-di-belluno\\\/\"},\"author\":{\"name\":\"redazione\",\"@id\":\"https:\\\/\\\/www.bellunopress.it\\\/#\\\/schema\\\/person\\\/79bb06722b37ece1c03d3e94beb30d73\"},\"headline\":\"AL CIANTON DE CIASA NOSTRA DI LAGGIO DI CADORE PROMUOVE CASA TUA, LA STRUTTURA DI ACCOGLIENZA NEL CORTILE DELL\u2019OSPEDALE DI BELLUNO.\",\"datePublished\":\"2009-08-07T18:57:43+00:00\",\"mainEntityOfPage\":{\"@id\":\"https:\\\/\\\/www.bellunopress.it\\\/2009\\\/08\\\/07\\\/al-cianton-de-ciasa-nostra-di-laggio-di-cadore-promuove-casa-tua-la-struttura-di-accoglienza-nel-cortile-dell%e2%80%99ospedale-di-belluno\\\/\"},\"wordCount\":340,\"publisher\":{\"@id\":\"https:\\\/\\\/www.bellunopress.it\\\/#organization\"},\"keywords\":[\"Belluno\",\"Cadore\"],\"articleSection\":[\"Lettere Opinioni\"],\"inLanguage\":\"fr-FR\"},{\"@type\":\"WebPage\",\"@id\":\"https:\\\/\\\/www.bellunopress.it\\\/2009\\\/08\\\/07\\\/al-cianton-de-ciasa-nostra-di-laggio-di-cadore-promuove-casa-tua-la-struttura-di-accoglienza-nel-cortile-dell%e2%80%99ospedale-di-belluno\\\/\",\"url\":\"https:\\\/\\\/www.bellunopress.it\\\/2009\\\/08\\\/07\\\/al-cianton-de-ciasa-nostra-di-laggio-di-cadore-promuove-casa-tua-la-struttura-di-accoglienza-nel-cortile-dell%e2%80%99ospedale-di-belluno\\\/\",\"name\":\"AL CIANTON DE CIASA NOSTRA DI LAGGIO DI CADORE PROMUOVE CASA TUA, LA STRUTTURA DI ACCOGLIENZA NEL CORTILE DELL\u2019OSPEDALE DI BELLUNO. - Bellunopress - Dolomiti\",\"isPartOf\":{\"@id\":\"https:\\\/\\\/www.bellunopress.it\\\/#website\"},\"datePublished\":\"2009-08-07T18:57:43+00:00\",\"breadcrumb\":{\"@id\":\"https:\\\/\\\/www.bellunopress.it\\\/2009\\\/08\\\/07\\\/al-cianton-de-ciasa-nostra-di-laggio-di-cadore-promuove-casa-tua-la-struttura-di-accoglienza-nel-cortile-dell%e2%80%99ospedale-di-belluno\\\/#breadcrumb\"},\"inLanguage\":\"fr-FR\",\"potentialAction\":[{\"@type\":\"ReadAction\",\"target\":[\"https:\\\/\\\/www.bellunopress.it\\\/2009\\\/08\\\/07\\\/al-cianton-de-ciasa-nostra-di-laggio-di-cadore-promuove-casa-tua-la-struttura-di-accoglienza-nel-cortile-dell%e2%80%99ospedale-di-belluno\\\/\"]}]},{\"@type\":\"BreadcrumbList\",\"@id\":\"https:\\\/\\\/www.bellunopress.it\\\/2009\\\/08\\\/07\\\/al-cianton-de-ciasa-nostra-di-laggio-di-cadore-promuove-casa-tua-la-struttura-di-accoglienza-nel-cortile-dell%e2%80%99ospedale-di-belluno\\\/#breadcrumb\",\"itemListElement\":[{\"@type\":\"ListItem\",\"position\":1,\"name\":\"Home\",\"item\":\"https:\\\/\\\/www.bellunopress.it\\\/\"},{\"@type\":\"ListItem\",\"position\":2,\"name\":\"AL CIANTON DE CIASA NOSTRA DI LAGGIO DI CADORE PROMUOVE CASA TUA, LA STRUTTURA DI ACCOGLIENZA NEL CORTILE DELL\u2019OSPEDALE DI BELLUNO.\"}]},{\"@type\":\"WebSite\",\"@id\":\"https:\\\/\\\/www.bellunopress.it\\\/#website\",\"url\":\"https:\\\/\\\/www.bellunopress.it\\\/\",\"name\":\"Bellunopress - Dolomiti\",\"description\":\"e-mail: redazione@bellunopress.it\",\"publisher\":{\"@id\":\"https:\\\/\\\/www.bellunopress.it\\\/#organization\"},\"potentialAction\":[{\"@type\":\"SearchAction\",\"target\":{\"@type\":\"EntryPoint\",\"urlTemplate\":\"https:\\\/\\\/www.bellunopress.it\\\/?s={search_term_string}\"},\"query-input\":{\"@type\":\"PropertyValueSpecification\",\"valueRequired\":true,\"valueName\":\"search_term_string\"}}],\"inLanguage\":\"fr-FR\"},{\"@type\":\"Organization\",\"@id\":\"https:\\\/\\\/www.bellunopress.it\\\/#organization\",\"name\":\"Bellunopress\",\"url\":\"https:\\\/\\\/www.bellunopress.it\\\/\",\"logo\":{\"@type\":\"ImageObject\",\"inLanguage\":\"fr-FR\",\"@id\":\"https:\\\/\\\/www.bellunopress.it\\\/#\\\/schema\\\/logo\\\/image\\\/\",\"url\":\"https:\\\/\\\/www.bellunopress.it\\\/wp-content\\\/uploads\\\/2011\\\/05\\\/cropped-logo-bellunopress-.jpg\",\"contentUrl\":\"https:\\\/\\\/www.bellunopress.it\\\/wp-content\\\/uploads\\\/2011\\\/05\\\/cropped-logo-bellunopress-.jpg\",\"width\":512,\"height\":512,\"caption\":\"Bellunopress\"},\"image\":{\"@id\":\"https:\\\/\\\/www.bellunopress.it\\\/#\\\/schema\\\/logo\\\/image\\\/\"},\"sameAs\":[\"https:\\\/\\\/www.facebook.com\\\/profile.php?id=100008943462799\",\"https:\\\/\\\/x.com\\\/bellunopress\",\"https:\\\/\\\/www.linkedin.com\\\/hp\\\/?dnr=JBzUWaJfMUw8vbXJJ2tVW5-I3jZKvC4wsoxE&amp;amp;amp;amp;amp;amp;trk=nav_responsive_tab_home\",\"https:\\\/\\\/www.youtube.com\\\/channel\\\/UCxL0wu1uN0_3_7hGG0306cw\"]},{\"@type\":\"Person\",\"@id\":\"https:\\\/\\\/www.bellunopress.it\\\/#\\\/schema\\\/person\\\/79bb06722b37ece1c03d3e94beb30d73\",\"name\":\"redazione\",\"image\":{\"@type\":\"ImageObject\",\"inLanguage\":\"fr-FR\",\"@id\":\"https:\\\/\\\/secure.gravatar.com\\\/avatar\\\/37d968a2e67a6fd04c169c4bdef102d0bc5d31b2546345219e348575eb80e9a0?s=96&d=mm&r=g\",\"url\":\"https:\\\/\\\/secure.gravatar.com\\\/avatar\\\/37d968a2e67a6fd04c169c4bdef102d0bc5d31b2546345219e348575eb80e9a0?s=96&d=mm&r=g\",\"contentUrl\":\"https:\\\/\\\/secure.gravatar.com\\\/avatar\\\/37d968a2e67a6fd04c169c4bdef102d0bc5d31b2546345219e348575eb80e9a0?s=96&d=mm&r=g\",\"caption\":\"redazione\"},\"sameAs\":[\"http:\\\/\\\/www.bellunopress.it\",\"https:\\\/\\\/x.com\\\/bellunopress\"],\"url\":\"https:\\\/\\\/www.bellunopress.it\\\/fr\\\/author\\\/redazione\\\/\"}]}<\/script>\n<!-- \/ Yoast SEO plugin. -->","yoast_head_json":{"title":"AL CIANTON DE CIASA NOSTRA DI LAGGIO DI CADORE PROMUOVE CASA TUA, LA STRUTTURA DI ACCOGLIENZA NEL CORTILE DELL\u2019OSPEDALE DI BELLUNO.  - Bellunopress - Dolomiti","robots":{"index":"index","follow":"follow","max-snippet":"max-snippet:-1","max-image-preview":"max-image-preview:large","max-video-preview":"max-video-preview:-1"},"canonical":"https:\/\/www.bellunopress.it\/fr\/2009\/08\/07\/al-cianton-de-ciasa-nostra-di-laggio-di-cadore-promuove-casa-tua-la-struttura-di-accoglienza-nel-cortile-dell\u2019ospedale-di-belluno\/","og_locale":"fr_FR","og_type":"article","og_title":"AL CIANTON DE CIASA NOSTRA DI LAGGIO DI CADORE PROMUOVE CASA TUA, LA STRUTTURA DI ACCOGLIENZA NEL CORTILE DELL\u2019OSPEDALE DI BELLUNO.  - Bellunopress - Dolomiti","og_description":"Casa Tua, la struttura di accoglienza voluta dal volontariato bellunese \u00e8 sempre nei cuori di quanti, numerosi, la utilizzano quando si trovano nella necessit\u00e0 di assistere un parente all\u2019ospedale San Martino di Belluno. Sono tante le attestazioni di stima e di generosit\u00e0 nei confronti della casetta realizzata nel cortile del nosocomio cittadino. L\u2019ultima in ordine [&hellip;]","og_url":"https:\/\/www.bellunopress.it\/fr\/2009\/08\/07\/al-cianton-de-ciasa-nostra-di-laggio-di-cadore-promuove-casa-tua-la-struttura-di-accoglienza-nel-cortile-dell\u2019ospedale-di-belluno\/","og_site_name":"Bellunopress - Dolomiti","article_publisher":"https:\/\/www.facebook.com\/profile.php?id=100008943462799","article_published_time":"2009-08-07T18:57:43+00:00","og_image":[{"url":"http:\/\/www.bellunopress.it\/wp-content\/uploads\/2012\/07\/logo-bellunopress-250x250-2012.jpg","type":"","width":"","height":""}],"author":"redazione","twitter_card":"summary_large_image","twitter_creator":"@bellunopress","twitter_site":"@bellunopress","twitter_misc":{"\u00c9crit par":"redazione","Dur\u00e9e de lecture estim\u00e9e":"2 minutes"},"schema":{"@context":"https:\/\/schema.org","@graph":[{"@type":"Article","@id":"https:\/\/www.bellunopress.it\/2009\/08\/07\/al-cianton-de-ciasa-nostra-di-laggio-di-cadore-promuove-casa-tua-la-struttura-di-accoglienza-nel-cortile-dell%e2%80%99ospedale-di-belluno\/#article","isPartOf":{"@id":"https:\/\/www.bellunopress.it\/2009\/08\/07\/al-cianton-de-ciasa-nostra-di-laggio-di-cadore-promuove-casa-tua-la-struttura-di-accoglienza-nel-cortile-dell%e2%80%99ospedale-di-belluno\/"},"author":{"name":"redazione","@id":"https:\/\/www.bellunopress.it\/#\/schema\/person\/79bb06722b37ece1c03d3e94beb30d73"},"headline":"AL CIANTON DE CIASA NOSTRA DI LAGGIO DI CADORE PROMUOVE CASA TUA, LA STRUTTURA DI ACCOGLIENZA NEL CORTILE DELL\u2019OSPEDALE DI BELLUNO.","datePublished":"2009-08-07T18:57:43+00:00","mainEntityOfPage":{"@id":"https:\/\/www.bellunopress.it\/2009\/08\/07\/al-cianton-de-ciasa-nostra-di-laggio-di-cadore-promuove-casa-tua-la-struttura-di-accoglienza-nel-cortile-dell%e2%80%99ospedale-di-belluno\/"},"wordCount":340,"publisher":{"@id":"https:\/\/www.bellunopress.it\/#organization"},"keywords":["Belluno","Cadore"],"articleSection":["Lettere Opinioni"],"inLanguage":"fr-FR"},{"@type":"WebPage","@id":"https:\/\/www.bellunopress.it\/2009\/08\/07\/al-cianton-de-ciasa-nostra-di-laggio-di-cadore-promuove-casa-tua-la-struttura-di-accoglienza-nel-cortile-dell%e2%80%99ospedale-di-belluno\/","url":"https:\/\/www.bellunopress.it\/2009\/08\/07\/al-cianton-de-ciasa-nostra-di-laggio-di-cadore-promuove-casa-tua-la-struttura-di-accoglienza-nel-cortile-dell%e2%80%99ospedale-di-belluno\/","name":"AL CIANTON DE CIASA NOSTRA DI LAGGIO DI CADORE PROMUOVE CASA TUA, LA STRUTTURA DI ACCOGLIENZA NEL CORTILE DELL\u2019OSPEDALE DI BELLUNO. - Bellunopress - Dolomiti","isPartOf":{"@id":"https:\/\/www.bellunopress.it\/#website"},"datePublished":"2009-08-07T18:57:43+00:00","breadcrumb":{"@id":"https:\/\/www.bellunopress.it\/2009\/08\/07\/al-cianton-de-ciasa-nostra-di-laggio-di-cadore-promuove-casa-tua-la-struttura-di-accoglienza-nel-cortile-dell%e2%80%99ospedale-di-belluno\/#breadcrumb"},"inLanguage":"fr-FR","potentialAction":[{"@type":"ReadAction","target":["https:\/\/www.bellunopress.it\/2009\/08\/07\/al-cianton-de-ciasa-nostra-di-laggio-di-cadore-promuove-casa-tua-la-struttura-di-accoglienza-nel-cortile-dell%e2%80%99ospedale-di-belluno\/"]}]},{"@type":"BreadcrumbList","@id":"https:\/\/www.bellunopress.it\/2009\/08\/07\/al-cianton-de-ciasa-nostra-di-laggio-di-cadore-promuove-casa-tua-la-struttura-di-accoglienza-nel-cortile-dell%e2%80%99ospedale-di-belluno\/#breadcrumb","itemListElement":[{"@type":"ListItem","position":1,"name":"Home","item":"https:\/\/www.bellunopress.it\/"},{"@type":"ListItem","position":2,"name":"AL CIANTON DE CIASA NOSTRA DI LAGGIO DI CADORE PROMUOVE CASA TUA, LA STRUTTURA DI ACCOGLIENZA NEL CORTILE DELL\u2019OSPEDALE DI BELLUNO."}]},{"@type":"WebSite","@id":"https:\/\/www.bellunopress.it\/#website","url":"https:\/\/www.bellunopress.it\/","name":"Bellunopress - Dolomiti","description":"e-mail: redazione@bellunopress.it","publisher":{"@id":"https:\/\/www.bellunopress.it\/#organization"},"potentialAction":[{"@type":"SearchAction","target":{"@type":"EntryPoint","urlTemplate":"https:\/\/www.bellunopress.it\/?s={search_term_string}"},"query-input":{"@type":"PropertyValueSpecification","valueRequired":true,"valueName":"search_term_string"}}],"inLanguage":"fr-FR"},{"@type":"Organization","@id":"https:\/\/www.bellunopress.it\/#organization","name":"Bellunopress","url":"https:\/\/www.bellunopress.it\/","logo":{"@type":"ImageObject","inLanguage":"fr-FR","@id":"https:\/\/www.bellunopress.it\/#\/schema\/logo\/image\/","url":"https:\/\/www.bellunopress.it\/wp-content\/uploads\/2011\/05\/cropped-logo-bellunopress-.jpg","contentUrl":"https:\/\/www.bellunopress.it\/wp-content\/uploads\/2011\/05\/cropped-logo-bellunopress-.jpg","width":512,"height":512,"caption":"Bellunopress"},"image":{"@id":"https:\/\/www.bellunopress.it\/#\/schema\/logo\/image\/"},"sameAs":["https:\/\/www.facebook.com\/profile.php?id=100008943462799","https:\/\/x.com\/bellunopress","https:\/\/www.linkedin.com\/hp\/?dnr=JBzUWaJfMUw8vbXJJ2tVW5-I3jZKvC4wsoxE&amp;amp;amp;amp;amp;amp;trk=nav_responsive_tab_home","https:\/\/www.youtube.com\/channel\/UCxL0wu1uN0_3_7hGG0306cw"]},{"@type":"Person","@id":"https:\/\/www.bellunopress.it\/#\/schema\/person\/79bb06722b37ece1c03d3e94beb30d73","name":"r\u00e9daction","image":{"@type":"ImageObject","inLanguage":"fr-FR","@id":"https:\/\/secure.gravatar.com\/avatar\/37d968a2e67a6fd04c169c4bdef102d0bc5d31b2546345219e348575eb80e9a0?s=96&d=mm&r=g","url":"https:\/\/secure.gravatar.com\/avatar\/37d968a2e67a6fd04c169c4bdef102d0bc5d31b2546345219e348575eb80e9a0?s=96&d=mm&r=g","contentUrl":"https:\/\/secure.gravatar.com\/avatar\/37d968a2e67a6fd04c169c4bdef102d0bc5d31b2546345219e348575eb80e9a0?s=96&d=mm&r=g","caption":"redazione"},"sameAs":["http:\/\/www.bellunopress.it","https:\/\/x.com\/bellunopress"],"url":"https:\/\/www.bellunopress.it\/fr\/author\/redazione\/"}]}},"_links":{"self":[{"href":"https:\/\/www.bellunopress.it\/fr\/wp-json\/wp\/v2\/posts\/6823","targetHints":{"allow":["GET"]}}],"collection":[{"href":"https:\/\/www.bellunopress.it\/fr\/wp-json\/wp\/v2\/posts"}],"about":[{"href":"https:\/\/www.bellunopress.it\/fr\/wp-json\/wp\/v2\/types\/post"}],"author":[{"embeddable":true,"href":"https:\/\/www.bellunopress.it\/fr\/wp-json\/wp\/v2\/users\/2"}],"replies":[{"embeddable":true,"href":"https:\/\/www.bellunopress.it\/fr\/wp-json\/wp\/v2\/comments?post=6823"}],"version-history":[{"count":1,"href":"https:\/\/www.bellunopress.it\/fr\/wp-json\/wp\/v2\/posts\/6823\/revisions"}],"predecessor-version":[{"id":6824,"href":"https:\/\/www.bellunopress.it\/fr\/wp-json\/wp\/v2\/posts\/6823\/revisions\/6824"}],"wp:attachment":[{"href":"https:\/\/www.bellunopress.it\/fr\/wp-json\/wp\/v2\/media?parent=6823"}],"wp:term":[{"taxonomy":"category","embeddable":true,"href":"https:\/\/www.bellunopress.it\/fr\/wp-json\/wp\/v2\/categories?post=6823"},{"taxonomy":"post_tag","embeddable":true,"href":"https:\/\/www.bellunopress.it\/fr\/wp-json\/wp\/v2\/tags?post=6823"}],"curies":[{"name":"wp","href":"https:\/\/api.w.org\/{rel}","templated":true}]}}