{"id":6814,"date":"2009-08-07T19:41:27","date_gmt":"2009-08-07T18:41:27","guid":{"rendered":"http:\/\/www.bellunopress.it\/?p=6814"},"modified":"2009-08-07T19:41:27","modified_gmt":"2009-08-07T18:41:27","slug":"angelo-funes-nova-nominato-presidente-onorario-di-confindustria-belluno-dolomiti","status":"publish","type":"post","link":"https:\/\/www.bellunopress.it\/fr\/2009\/08\/07\/angelo-funes-nova-nominato-presidente-onorario-di-confindustria-belluno-dolomiti\/","title":{"rendered":"Angelo Funes Nova nominato presidente onorario di Confindustria Belluno Dolomiti"},"content":{"rendered":"<p><a href=\"http:\/\/www.bellunopress.it\/wp-content\/uploads\/2009\/08\/angelo-funes-nova.jpg\"><img loading=\"lazy\" decoding=\"async\" class=\"alignleft size-medium wp-image-6815\" title=\"angelo-funes-nova\" src=\"http:\/\/www.bellunopress.it\/wp-content\/uploads\/2009\/08\/angelo-funes-nova.jpg\" alt=\"\" width=\"102\" height=\"121\" \/><\/a>Gioved\u00ec sera il Consiglio Direttivo di Confindustria Belluno Dolomiti, su proposta del Presidente Valentino Vascellari, ha nominato Angelo Funes Nova Presidente Onorario dell\u2019Associazione Industriali di Belluno. Primo a ricoprire tale carica, Angelo Funes Nova \u00e8 stato acclamato all\u2019unanimit\u00e0 da tutti i presidenti e i vice presidenti delle sezioni merceologiche che compongono il Consiglio che dirige l\u2019Associazione, plaudendo con gratitudine all\u2019impegno e alla dedizione che hanno contraddistinto l\u2019attivit\u00e0 associativa cinquantennale di Angelo Funes Nova. \u201cAngelo Funes Nova \u00e8 una persona straordinaria, un imprenditore dai meriti eccezionali che si \u00e8 sempre prodigato nelle attivit\u00e0 dell\u2019Associazione e per gli imprenditori associati\u201d \u2013 dichiara Valentino Vascellari Presidente di Confindustria Belluno Dolomiti \u2013 \u201cPronto a rispondere ad ogni chiamata, sensibile e sempre teso verso il raggiungimento di un comportamento onesto e corretto, Angelo \u00e8 il punto di riferimento etico riconosciuto da tutti gli imprenditori della nostra Associazione.\u201dLa figura del Presidente Onorario \u00e8 stata recentemente introdotta dalla modifica dello Statuto dell\u2019Associazione Industriali, entrato in vigore lo scorso giugno. La carica ha durata quinquennale, e prevede la rielezione. Quale Presidente onorario, Angelo Funes Nova avr\u00e0 funzione di garante per il raggiungimento delle finalit\u00e0 ideali dell\u2019Associazione e di consigliere personale del Presidente; gli potranno essere affidati incarichi di rappresentanza e parteciper\u00e0 alle riunioni del Cosiglio Direttivo dell\u2019Associazione.<br \/>\nAngelo Funes Nova \u00e8 nato nel 1935; vive e lavora a Puos d\u2019Alpago, nel bellunese.<br \/>\nHa attraversato cinquant\u2019anni di vita associativa: \u00e8 stato componente del Consiglio Direttivo nel corso di dieci presidenze sulle undici che hanno complessivamente caratterizzato la storia dell\u2019Associazione Industriali dalla sua fondazione ad oggi.<br \/>\nTra i fondatori nel 1959 del Gruppo Giovani Imprenditori di Confindustria Belluno Dolomiti, Funes Nova \u00e8 Presidente della Sezione Industrie del legno dal 1976 al 1992 , componente del Consiglio Direttivo di Federlegno Arredo negli anni &#8217;80, Presidente del Collegio dei Revisori dei Conti nel 1977; dal 2003 ricopre la carica di Presidente dei Probiviri di Confindustria Belluno Dolomiti.<br \/>\nL&#8217;amore che mette nello studio del legno e nell&#8217;attivit\u00e0 associativa si riflette anche nel sociale: dal 1962 al 1995, per ben 33 anni, \u00e8 giudice conciliatore del Comune di Puos d\u2019Alpago. Nel 2003-2004 \u00e8 Presidente del Rotary di Belluno.<br \/>\nCavaliere al Merito della Repubblica Italiana dall&#8217;83, Cavaliere Ufficiale dall&#8217;87, Commendatore nel 2007, esperto del legno, massimo conoscitore delle patologie e delle alterazioni della materia, ricercatore, divulgatore, docente: Angelo Funes Nova \u00e8 una personalit\u00e0 unica, conosciuta ed apprezzata dai maggiori ricercatori e studiosi italiani. La sua xiloteca \u00e8 considerata una delle pi\u00f9 preziose d\u2019Italia, arricchita dalla raccolta di pi\u00f9 di 600 esemplari scientificamente classificati e dallo studio di centinaia di insetti responsabili degli attacchi al legno.<br \/>\nNel 2002 scrive il volume &#8220;Il legno cos\u00ec com&#8217;\u00e8&#8221;, con il quale mette su carta il sapere maturato in una vita ricca di analisi e di studi sul legno. La pubblicazione, diventata Best seller, gli vale l&#8217;apprezzamento unanime del mondo scientifico, delle imprese e del grande pubblico.<br \/>\nNel 2006 riceve dall\u2019Universit\u00e0 di Padova la Laurea Honoris Causa in Scienze Forestali e Ambientali.<\/p>","protected":false},"excerpt":{"rendered":"<p>Gioved\u00ec sera il Consiglio Direttivo di Confindustria Belluno Dolomiti, su proposta del Presidente Valentino Vascellari, ha nominato Angelo Funes Nova Presidente Onorario dell\u2019Associazione Industriali di Belluno. Primo a ricoprire tale carica, Angelo Funes Nova \u00e8 stato acclamato all\u2019unanimit\u00e0 da tutti i presidenti e i vice presidenti delle sezioni merceologiche che compongono il Consiglio che dirige [&hellip;]<\/p>\n","protected":false},"author":2,"featured_media":0,"comment_status":"closed","ping_status":"open","sticky":false,"template":"","format":"standard","meta":{"footnotes":""},"categories":[5,26],"tags":[139,63],"class_list":["post-6814","post","type-post","status-publish","format-standard","category-cronaca","category-prima-pagina","tag-belluno","tag-dolomiti"],"yoast_head":"<!-- This site is optimized with the Yoast SEO plugin v28.4 - https:\/\/yoast.com\/product\/yoast-seo-wordpress\/ -->\n<title>Angelo Funes Nova nominato presidente onorario di Confindustria Belluno Dolomiti  - Bellunopress - Dolomiti<\/title>\n<meta name=\"robots\" content=\"index, follow, max-snippet:-1, max-image-preview:large, max-video-preview:-1\" \/>\n<link rel=\"canonical\" href=\"https:\/\/www.bellunopress.it\/fr\/2009\/08\/07\/angelo-funes-nova-nominato-presidente-onorario-di-confindustria-belluno-dolomiti\/\" \/>\n<meta property=\"og:locale\" content=\"fr_FR\" \/>\n<meta property=\"og:type\" content=\"article\" \/>\n<meta property=\"og:title\" content=\"Angelo Funes Nova nominato presidente onorario di Confindustria Belluno Dolomiti  - Bellunopress - Dolomiti\" \/>\n<meta property=\"og:description\" content=\"Gioved\u00ec sera il Consiglio Direttivo di Confindustria Belluno Dolomiti, su proposta del Presidente Valentino Vascellari, ha nominato Angelo Funes Nova Presidente Onorario dell\u2019Associazione Industriali di Belluno. Primo a ricoprire tale carica, Angelo Funes Nova \u00e8 stato acclamato all\u2019unanimit\u00e0 da tutti i presidenti e i vice presidenti delle sezioni merceologiche che compongono il Consiglio che dirige [&hellip;]\" \/>\n<meta property=\"og:url\" content=\"https:\/\/www.bellunopress.it\/fr\/2009\/08\/07\/angelo-funes-nova-nominato-presidente-onorario-di-confindustria-belluno-dolomiti\/\" \/>\n<meta property=\"og:site_name\" content=\"Bellunopress - Dolomiti\" \/>\n<meta property=\"article:publisher\" content=\"https:\/\/www.facebook.com\/profile.php?id=100008943462799\" \/>\n<meta property=\"article:published_time\" content=\"2009-08-07T18:41:27+00:00\" \/>\n<meta property=\"og:image\" content=\"http:\/\/www.bellunopress.it\/wp-content\/uploads\/2009\/08\/angelo-funes-nova.jpg\" \/>\n<meta name=\"author\" content=\"redazione\" \/>\n<meta name=\"twitter:card\" content=\"summary_large_image\" \/>\n<meta name=\"twitter:creator\" content=\"@bellunopress\" \/>\n<meta name=\"twitter:site\" content=\"@bellunopress\" \/>\n<meta name=\"twitter:label1\" content=\"\u00c9crit par\" \/>\n\t<meta name=\"twitter:data1\" content=\"redazione\" \/>\n\t<meta name=\"twitter:label2\" content=\"Dur\u00e9e de lecture estim\u00e9e\" \/>\n\t<meta name=\"twitter:data2\" content=\"2 minutes\" \/>\n<script type=\"application\/ld+json\" class=\"yoast-schema-graph\">{\"@context\":\"https:\\\/\\\/schema.org\",\"@graph\":[{\"@type\":\"Article\",\"@id\":\"https:\\\/\\\/www.bellunopress.it\\\/2009\\\/08\\\/07\\\/angelo-funes-nova-nominato-presidente-onorario-di-confindustria-belluno-dolomiti\\\/#article\",\"isPartOf\":{\"@id\":\"https:\\\/\\\/www.bellunopress.it\\\/2009\\\/08\\\/07\\\/angelo-funes-nova-nominato-presidente-onorario-di-confindustria-belluno-dolomiti\\\/\"},\"author\":{\"name\":\"redazione\",\"@id\":\"https:\\\/\\\/www.bellunopress.it\\\/#\\\/schema\\\/person\\\/79bb06722b37ece1c03d3e94beb30d73\"},\"headline\":\"Angelo Funes Nova nominato presidente onorario di Confindustria Belluno Dolomiti\",\"datePublished\":\"2009-08-07T18:41:27+00:00\",\"mainEntityOfPage\":{\"@id\":\"https:\\\/\\\/www.bellunopress.it\\\/2009\\\/08\\\/07\\\/angelo-funes-nova-nominato-presidente-onorario-di-confindustria-belluno-dolomiti\\\/\"},\"wordCount\":492,\"publisher\":{\"@id\":\"https:\\\/\\\/www.bellunopress.it\\\/#organization\"},\"image\":{\"@id\":\"https:\\\/\\\/www.bellunopress.it\\\/2009\\\/08\\\/07\\\/angelo-funes-nova-nominato-presidente-onorario-di-confindustria-belluno-dolomiti\\\/#primaryimage\"},\"thumbnailUrl\":\"http:\\\/\\\/www.bellunopress.it\\\/wp-content\\\/uploads\\\/2009\\\/08\\\/angelo-funes-nova.jpg\",\"keywords\":[\"Belluno\",\"Dolomiti\"],\"articleSection\":[\"Cronaca\\\/Politica\",\"Prima Pagina\"],\"inLanguage\":\"fr-FR\"},{\"@type\":\"WebPage\",\"@id\":\"https:\\\/\\\/www.bellunopress.it\\\/2009\\\/08\\\/07\\\/angelo-funes-nova-nominato-presidente-onorario-di-confindustria-belluno-dolomiti\\\/\",\"url\":\"https:\\\/\\\/www.bellunopress.it\\\/2009\\\/08\\\/07\\\/angelo-funes-nova-nominato-presidente-onorario-di-confindustria-belluno-dolomiti\\\/\",\"name\":\"Angelo Funes Nova nominato presidente onorario di Confindustria Belluno Dolomiti - Bellunopress - Dolomiti\",\"isPartOf\":{\"@id\":\"https:\\\/\\\/www.bellunopress.it\\\/#website\"},\"primaryImageOfPage\":{\"@id\":\"https:\\\/\\\/www.bellunopress.it\\\/2009\\\/08\\\/07\\\/angelo-funes-nova-nominato-presidente-onorario-di-confindustria-belluno-dolomiti\\\/#primaryimage\"},\"image\":{\"@id\":\"https:\\\/\\\/www.bellunopress.it\\\/2009\\\/08\\\/07\\\/angelo-funes-nova-nominato-presidente-onorario-di-confindustria-belluno-dolomiti\\\/#primaryimage\"},\"thumbnailUrl\":\"http:\\\/\\\/www.bellunopress.it\\\/wp-content\\\/uploads\\\/2009\\\/08\\\/angelo-funes-nova.jpg\",\"datePublished\":\"2009-08-07T18:41:27+00:00\",\"breadcrumb\":{\"@id\":\"https:\\\/\\\/www.bellunopress.it\\\/2009\\\/08\\\/07\\\/angelo-funes-nova-nominato-presidente-onorario-di-confindustria-belluno-dolomiti\\\/#breadcrumb\"},\"inLanguage\":\"fr-FR\",\"potentialAction\":[{\"@type\":\"ReadAction\",\"target\":[\"https:\\\/\\\/www.bellunopress.it\\\/2009\\\/08\\\/07\\\/angelo-funes-nova-nominato-presidente-onorario-di-confindustria-belluno-dolomiti\\\/\"]}]},{\"@type\":\"ImageObject\",\"inLanguage\":\"fr-FR\",\"@id\":\"https:\\\/\\\/www.bellunopress.it\\\/2009\\\/08\\\/07\\\/angelo-funes-nova-nominato-presidente-onorario-di-confindustria-belluno-dolomiti\\\/#primaryimage\",\"url\":\"http:\\\/\\\/www.bellunopress.it\\\/wp-content\\\/uploads\\\/2009\\\/08\\\/angelo-funes-nova.jpg\",\"contentUrl\":\"http:\\\/\\\/www.bellunopress.it\\\/wp-content\\\/uploads\\\/2009\\\/08\\\/angelo-funes-nova.jpg\"},{\"@type\":\"BreadcrumbList\",\"@id\":\"https:\\\/\\\/www.bellunopress.it\\\/2009\\\/08\\\/07\\\/angelo-funes-nova-nominato-presidente-onorario-di-confindustria-belluno-dolomiti\\\/#breadcrumb\",\"itemListElement\":[{\"@type\":\"ListItem\",\"position\":1,\"name\":\"Home\",\"item\":\"https:\\\/\\\/www.bellunopress.it\\\/\"},{\"@type\":\"ListItem\",\"position\":2,\"name\":\"Angelo Funes Nova nominato presidente onorario di Confindustria Belluno Dolomiti\"}]},{\"@type\":\"WebSite\",\"@id\":\"https:\\\/\\\/www.bellunopress.it\\\/#website\",\"url\":\"https:\\\/\\\/www.bellunopress.it\\\/\",\"name\":\"Bellunopress - Dolomiti\",\"description\":\"e-mail: redazione@bellunopress.it\",\"publisher\":{\"@id\":\"https:\\\/\\\/www.bellunopress.it\\\/#organization\"},\"potentialAction\":[{\"@type\":\"SearchAction\",\"target\":{\"@type\":\"EntryPoint\",\"urlTemplate\":\"https:\\\/\\\/www.bellunopress.it\\\/?s={search_term_string}\"},\"query-input\":{\"@type\":\"PropertyValueSpecification\",\"valueRequired\":true,\"valueName\":\"search_term_string\"}}],\"inLanguage\":\"fr-FR\"},{\"@type\":\"Organization\",\"@id\":\"https:\\\/\\\/www.bellunopress.it\\\/#organization\",\"name\":\"Bellunopress\",\"url\":\"https:\\\/\\\/www.bellunopress.it\\\/\",\"logo\":{\"@type\":\"ImageObject\",\"inLanguage\":\"fr-FR\",\"@id\":\"https:\\\/\\\/www.bellunopress.it\\\/#\\\/schema\\\/logo\\\/image\\\/\",\"url\":\"https:\\\/\\\/www.bellunopress.it\\\/wp-content\\\/uploads\\\/2011\\\/05\\\/cropped-logo-bellunopress-.jpg\",\"contentUrl\":\"https:\\\/\\\/www.bellunopress.it\\\/wp-content\\\/uploads\\\/2011\\\/05\\\/cropped-logo-bellunopress-.jpg\",\"width\":512,\"height\":512,\"caption\":\"Bellunopress\"},\"image\":{\"@id\":\"https:\\\/\\\/www.bellunopress.it\\\/#\\\/schema\\\/logo\\\/image\\\/\"},\"sameAs\":[\"https:\\\/\\\/www.facebook.com\\\/profile.php?id=100008943462799\",\"https:\\\/\\\/x.com\\\/bellunopress\",\"https:\\\/\\\/www.linkedin.com\\\/hp\\\/?dnr=JBzUWaJfMUw8vbXJJ2tVW5-I3jZKvC4wsoxE&amp;amp;amp;amp;amp;amp;trk=nav_responsive_tab_home\",\"https:\\\/\\\/www.youtube.com\\\/channel\\\/UCxL0wu1uN0_3_7hGG0306cw\"]},{\"@type\":\"Person\",\"@id\":\"https:\\\/\\\/www.bellunopress.it\\\/#\\\/schema\\\/person\\\/79bb06722b37ece1c03d3e94beb30d73\",\"name\":\"redazione\",\"image\":{\"@type\":\"ImageObject\",\"inLanguage\":\"fr-FR\",\"@id\":\"https:\\\/\\\/secure.gravatar.com\\\/avatar\\\/37d968a2e67a6fd04c169c4bdef102d0bc5d31b2546345219e348575eb80e9a0?s=96&d=mm&r=g\",\"url\":\"https:\\\/\\\/secure.gravatar.com\\\/avatar\\\/37d968a2e67a6fd04c169c4bdef102d0bc5d31b2546345219e348575eb80e9a0?s=96&d=mm&r=g\",\"contentUrl\":\"https:\\\/\\\/secure.gravatar.com\\\/avatar\\\/37d968a2e67a6fd04c169c4bdef102d0bc5d31b2546345219e348575eb80e9a0?s=96&d=mm&r=g\",\"caption\":\"redazione\"},\"sameAs\":[\"http:\\\/\\\/www.bellunopress.it\",\"https:\\\/\\\/x.com\\\/bellunopress\"],\"url\":\"https:\\\/\\\/www.bellunopress.it\\\/fr\\\/author\\\/redazione\\\/\"}]}<\/script>\n<!-- \/ Yoast SEO plugin. -->","yoast_head_json":{"title":"Angelo Funes Nova nominato presidente onorario di Confindustria Belluno Dolomiti  - Bellunopress - Dolomiti","robots":{"index":"index","follow":"follow","max-snippet":"max-snippet:-1","max-image-preview":"max-image-preview:large","max-video-preview":"max-video-preview:-1"},"canonical":"https:\/\/www.bellunopress.it\/fr\/2009\/08\/07\/angelo-funes-nova-nominato-presidente-onorario-di-confindustria-belluno-dolomiti\/","og_locale":"fr_FR","og_type":"article","og_title":"Angelo Funes Nova nominato presidente onorario di Confindustria Belluno Dolomiti  - Bellunopress - Dolomiti","og_description":"Gioved\u00ec sera il Consiglio Direttivo di Confindustria Belluno Dolomiti, su proposta del Presidente Valentino Vascellari, ha nominato Angelo Funes Nova Presidente Onorario dell\u2019Associazione Industriali di Belluno. Primo a ricoprire tale carica, Angelo Funes Nova \u00e8 stato acclamato all\u2019unanimit\u00e0 da tutti i presidenti e i vice presidenti delle sezioni merceologiche che compongono il Consiglio che dirige [&hellip;]","og_url":"https:\/\/www.bellunopress.it\/fr\/2009\/08\/07\/angelo-funes-nova-nominato-presidente-onorario-di-confindustria-belluno-dolomiti\/","og_site_name":"Bellunopress - Dolomiti","article_publisher":"https:\/\/www.facebook.com\/profile.php?id=100008943462799","article_published_time":"2009-08-07T18:41:27+00:00","og_image":[{"url":"http:\/\/www.bellunopress.it\/wp-content\/uploads\/2009\/08\/angelo-funes-nova.jpg","type":"","width":"","height":""}],"author":"redazione","twitter_card":"summary_large_image","twitter_creator":"@bellunopress","twitter_site":"@bellunopress","twitter_misc":{"\u00c9crit par":"redazione","Dur\u00e9e de lecture estim\u00e9e":"2 minutes"},"schema":{"@context":"https:\/\/schema.org","@graph":[{"@type":"Article","@id":"https:\/\/www.bellunopress.it\/2009\/08\/07\/angelo-funes-nova-nominato-presidente-onorario-di-confindustria-belluno-dolomiti\/#article","isPartOf":{"@id":"https:\/\/www.bellunopress.it\/2009\/08\/07\/angelo-funes-nova-nominato-presidente-onorario-di-confindustria-belluno-dolomiti\/"},"author":{"name":"redazione","@id":"https:\/\/www.bellunopress.it\/#\/schema\/person\/79bb06722b37ece1c03d3e94beb30d73"},"headline":"Angelo Funes Nova nominato presidente onorario di Confindustria Belluno Dolomiti","datePublished":"2009-08-07T18:41:27+00:00","mainEntityOfPage":{"@id":"https:\/\/www.bellunopress.it\/2009\/08\/07\/angelo-funes-nova-nominato-presidente-onorario-di-confindustria-belluno-dolomiti\/"},"wordCount":492,"publisher":{"@id":"https:\/\/www.bellunopress.it\/#organization"},"image":{"@id":"https:\/\/www.bellunopress.it\/2009\/08\/07\/angelo-funes-nova-nominato-presidente-onorario-di-confindustria-belluno-dolomiti\/#primaryimage"},"thumbnailUrl":"http:\/\/www.bellunopress.it\/wp-content\/uploads\/2009\/08\/angelo-funes-nova.jpg","keywords":["Belluno","Dolomiti"],"articleSection":["Cronaca\/Politica","Prima Pagina"],"inLanguage":"fr-FR"},{"@type":"WebPage","@id":"https:\/\/www.bellunopress.it\/2009\/08\/07\/angelo-funes-nova-nominato-presidente-onorario-di-confindustria-belluno-dolomiti\/","url":"https:\/\/www.bellunopress.it\/2009\/08\/07\/angelo-funes-nova-nominato-presidente-onorario-di-confindustria-belluno-dolomiti\/","name":"Angelo Funes Nova nominato presidente onorario di Confindustria Belluno Dolomiti - Bellunopress - Dolomiti","isPartOf":{"@id":"https:\/\/www.bellunopress.it\/#website"},"primaryImageOfPage":{"@id":"https:\/\/www.bellunopress.it\/2009\/08\/07\/angelo-funes-nova-nominato-presidente-onorario-di-confindustria-belluno-dolomiti\/#primaryimage"},"image":{"@id":"https:\/\/www.bellunopress.it\/2009\/08\/07\/angelo-funes-nova-nominato-presidente-onorario-di-confindustria-belluno-dolomiti\/#primaryimage"},"thumbnailUrl":"http:\/\/www.bellunopress.it\/wp-content\/uploads\/2009\/08\/angelo-funes-nova.jpg","datePublished":"2009-08-07T18:41:27+00:00","breadcrumb":{"@id":"https:\/\/www.bellunopress.it\/2009\/08\/07\/angelo-funes-nova-nominato-presidente-onorario-di-confindustria-belluno-dolomiti\/#breadcrumb"},"inLanguage":"fr-FR","potentialAction":[{"@type":"ReadAction","target":["https:\/\/www.bellunopress.it\/2009\/08\/07\/angelo-funes-nova-nominato-presidente-onorario-di-confindustria-belluno-dolomiti\/"]}]},{"@type":"ImageObject","inLanguage":"fr-FR","@id":"https:\/\/www.bellunopress.it\/2009\/08\/07\/angelo-funes-nova-nominato-presidente-onorario-di-confindustria-belluno-dolomiti\/#primaryimage","url":"http:\/\/www.bellunopress.it\/wp-content\/uploads\/2009\/08\/angelo-funes-nova.jpg","contentUrl":"http:\/\/www.bellunopress.it\/wp-content\/uploads\/2009\/08\/angelo-funes-nova.jpg"},{"@type":"BreadcrumbList","@id":"https:\/\/www.bellunopress.it\/2009\/08\/07\/angelo-funes-nova-nominato-presidente-onorario-di-confindustria-belluno-dolomiti\/#breadcrumb","itemListElement":[{"@type":"ListItem","position":1,"name":"Home","item":"https:\/\/www.bellunopress.it\/"},{"@type":"ListItem","position":2,"name":"Angelo Funes Nova nominato presidente onorario di Confindustria Belluno Dolomiti"}]},{"@type":"WebSite","@id":"https:\/\/www.bellunopress.it\/#website","url":"https:\/\/www.bellunopress.it\/","name":"Bellunopress - Dolomiti","description":"e-mail: redazione@bellunopress.it","publisher":{"@id":"https:\/\/www.bellunopress.it\/#organization"},"potentialAction":[{"@type":"SearchAction","target":{"@type":"EntryPoint","urlTemplate":"https:\/\/www.bellunopress.it\/?s={search_term_string}"},"query-input":{"@type":"PropertyValueSpecification","valueRequired":true,"valueName":"search_term_string"}}],"inLanguage":"fr-FR"},{"@type":"Organization","@id":"https:\/\/www.bellunopress.it\/#organization","name":"Bellunopress","url":"https:\/\/www.bellunopress.it\/","logo":{"@type":"ImageObject","inLanguage":"fr-FR","@id":"https:\/\/www.bellunopress.it\/#\/schema\/logo\/image\/","url":"https:\/\/www.bellunopress.it\/wp-content\/uploads\/2011\/05\/cropped-logo-bellunopress-.jpg","contentUrl":"https:\/\/www.bellunopress.it\/wp-content\/uploads\/2011\/05\/cropped-logo-bellunopress-.jpg","width":512,"height":512,"caption":"Bellunopress"},"image":{"@id":"https:\/\/www.bellunopress.it\/#\/schema\/logo\/image\/"},"sameAs":["https:\/\/www.facebook.com\/profile.php?id=100008943462799","https:\/\/x.com\/bellunopress","https:\/\/www.linkedin.com\/hp\/?dnr=JBzUWaJfMUw8vbXJJ2tVW5-I3jZKvC4wsoxE&amp;amp;amp;amp;amp;amp;trk=nav_responsive_tab_home","https:\/\/www.youtube.com\/channel\/UCxL0wu1uN0_3_7hGG0306cw"]},{"@type":"Person","@id":"https:\/\/www.bellunopress.it\/#\/schema\/person\/79bb06722b37ece1c03d3e94beb30d73","name":"r\u00e9daction","image":{"@type":"ImageObject","inLanguage":"fr-FR","@id":"https:\/\/secure.gravatar.com\/avatar\/37d968a2e67a6fd04c169c4bdef102d0bc5d31b2546345219e348575eb80e9a0?s=96&d=mm&r=g","url":"https:\/\/secure.gravatar.com\/avatar\/37d968a2e67a6fd04c169c4bdef102d0bc5d31b2546345219e348575eb80e9a0?s=96&d=mm&r=g","contentUrl":"https:\/\/secure.gravatar.com\/avatar\/37d968a2e67a6fd04c169c4bdef102d0bc5d31b2546345219e348575eb80e9a0?s=96&d=mm&r=g","caption":"redazione"},"sameAs":["http:\/\/www.bellunopress.it","https:\/\/x.com\/bellunopress"],"url":"https:\/\/www.bellunopress.it\/fr\/author\/redazione\/"}]}},"_links":{"self":[{"href":"https:\/\/www.bellunopress.it\/fr\/wp-json\/wp\/v2\/posts\/6814","targetHints":{"allow":["GET"]}}],"collection":[{"href":"https:\/\/www.bellunopress.it\/fr\/wp-json\/wp\/v2\/posts"}],"about":[{"href":"https:\/\/www.bellunopress.it\/fr\/wp-json\/wp\/v2\/types\/post"}],"author":[{"embeddable":true,"href":"https:\/\/www.bellunopress.it\/fr\/wp-json\/wp\/v2\/users\/2"}],"replies":[{"embeddable":true,"href":"https:\/\/www.bellunopress.it\/fr\/wp-json\/wp\/v2\/comments?post=6814"}],"version-history":[{"count":1,"href":"https:\/\/www.bellunopress.it\/fr\/wp-json\/wp\/v2\/posts\/6814\/revisions"}],"predecessor-version":[{"id":6816,"href":"https:\/\/www.bellunopress.it\/fr\/wp-json\/wp\/v2\/posts\/6814\/revisions\/6816"}],"wp:attachment":[{"href":"https:\/\/www.bellunopress.it\/fr\/wp-json\/wp\/v2\/media?parent=6814"}],"wp:term":[{"taxonomy":"category","embeddable":true,"href":"https:\/\/www.bellunopress.it\/fr\/wp-json\/wp\/v2\/categories?post=6814"},{"taxonomy":"post_tag","embeddable":true,"href":"https:\/\/www.bellunopress.it\/fr\/wp-json\/wp\/v2\/tags?post=6814"}],"curies":[{"name":"wp","href":"https:\/\/api.w.org\/{rel}","templated":true}]}}