{"id":6812,"date":"2009-08-07T19:34:49","date_gmt":"2009-08-07T18:34:49","guid":{"rendered":"http:\/\/www.bellunopress.it\/?p=6812"},"modified":"2009-08-07T19:34:49","modified_gmt":"2009-08-07T18:34:49","slug":"appello-dell%e2%80%99assessore-de-bona-al-governo-sull%e2%80%99ici-prima-casa-per-residenti-all%e2%80%99estero","status":"publish","type":"post","link":"https:\/\/www.bellunopress.it\/fr\/2009\/08\/07\/appello-dell%e2%80%99assessore-de-bona-al-governo-sull%e2%80%99ici-prima-casa-per-residenti-all%e2%80%99estero\/","title":{"rendered":"Appello dell\u2019assessore De Bona al Governo sull\u2019Ici prima casa per residenti all\u2019estero"},"content":{"rendered":"<p><a href=\"http:\/\/www.bellunopress.it\/wp-content\/uploads\/2009\/07\/oscar-de-bona-270x270.jpg\"><img loading=\"lazy\" decoding=\"async\" class=\"alignleft size-medium wp-image-6499\" title=\"oscar-de-bona-270x270\" src=\"http:\/\/www.bellunopress.it\/wp-content\/uploads\/2009\/07\/oscar-de-bona-270x270.jpg\" alt=\"\" width=\"270\" height=\"270\" srcset=\"https:\/\/www.bellunopress.it\/wp-content\/uploads\/2009\/07\/oscar-de-bona-270x270.jpg 270w, https:\/\/www.bellunopress.it\/wp-content\/uploads\/2009\/07\/oscar-de-bona-270x270-150x150.jpg 150w\" sizes=\"auto, (max-width: 270px) 100vw, 270px\" \/><\/a>L\u2019assessore regionale ai Flussi migratori, Oscar De Bona, formula un rinnovato appello agli organi istituzionali dello Stato affinch\u00e9 venga rivisto il provvedimento ministeriale relativo all\u2019esenzione dell\u2019Ici per la prima casa. In sostanza De Bona chiede, attraverso una lettera che invier\u00e0 al ministro delle Finanze e a tutti i parlamentari eletti in Veneto, che i Comuni ottengano il rimborso dell\u2019Ici anche per residenti all\u2019estero cos\u00ec come avviene per coloro i quali abitano sul territorio comunale. Le misure adottate di recente dal Governo infatti, prevedono che tale esenzione venga s\u00ec applicata per tutti, residenti nel comune stesso o all\u2019estero, per\u00f2 non contemplano il rimborso statale per questi ultimi. Sta di fatto che molte Amministrazioni civiche applicano l\u2019imposta sugli immobili principali degli emigranti. Non va dimenticata la tipologia di emigrazione che caratterizza il Veneto, in particolare la provincia di Belluno, con cittadini che trascorrono periodi nei propri paesi per recarsi poi all\u2019estero per il lavoro. \u00abE\u2019 stata creata un\u2019ingiusta distinzione \u2013 precisa l\u2019assessore \u2013 in quanto si tratta di una disparit\u00e0 di trattamento odiosa su un piano di principio prima ancora che lesiva su quello degli interessi, tale in ogni caso da creare delusione e sfiducia in chi l\u2019ha dovuta subire.\u00a0 E\u2019 ben vero che \u00e8 facolt\u00e0 dei Comuni concedere l\u2019esenzione dal pagamento dell\u2019Ici per l\u2019abitazione principale anche per i residenti all\u2019estero assumendosene l\u2019onere. E so che molti comuni, nella loro autonomia, hanno gi\u00e0 deciso di riparare a questa situazione equiparando i propri cittadini, anche oriundi, ovunque essi risiedano. Colgo l\u2019occasione per ringraziare gli amministratori che si sono gi\u00e0 mossi in questa direzione e, pur capendo le difficolt\u00e0 di bilancio, rivolgo un appello agli altri sindaci di comprendere le esigenze degli emigranti esentandoli dal pagamento. E\u2019 questo un problema molto sentito tra la gente veneta nel mondo e le richieste di modifica del decreto giungono quotidianamente sul tavolo dell\u2019assessore De Bona. \u00abSo per esperienza diretta \u2013 sottolinea &#8211; quanto sia profondo, tenace e costante il legame con il luogo d\u2019origine e, quindi, quanto sia importante rafforzare la dimensione locale come fattore di coesione sociale, di identit\u00e0 culturale, di realizzazione di una rete di rapporti nel contesto globale nel quale oggi siamo quotidianamente chiamati a confrontarci. Un gran numero di italiani all\u2019estero, anche se appartenenti a generazioni nate nei paesi di insediamento, cerca in diversi modi di conservare e coltivare questo legame. Molti lo fanno sul piano culturale ed affettivo, non pochi lo fanno anche sul piano concreto, conservando a prezzo di molti sacrifici un\u2019abitazione nei comuni di origine. Richiedo pertanto ai nostri rappresentanti in Parlamento, come peraltro \u00e8 avvenuto in altre occasioni, un loro impegno diretto attivandosi con il Governo per dirimere ogni eventuale contrasto giuridico e richiedendo espressamente l\u2019assimilazione riguardante i cittadini italiani residenti all\u2019estero\u00bb.<\/p>","protected":false},"excerpt":{"rendered":"<p>L\u2019assessore regionale ai Flussi migratori, Oscar De Bona, formula un rinnovato appello agli organi istituzionali dello Stato affinch\u00e9 venga rivisto il provvedimento ministeriale relativo all\u2019esenzione dell\u2019Ici per la prima casa. In sostanza De Bona chiede, attraverso una lettera che invier\u00e0 al ministro delle Finanze e a tutti i parlamentari eletti in Veneto, che i Comuni [&hellip;]<\/p>\n","protected":false},"author":2,"featured_media":0,"comment_status":"closed","ping_status":"open","sticky":false,"template":"","format":"standard","meta":{"footnotes":""},"categories":[5],"tags":[139],"class_list":["post-6812","post","type-post","status-publish","format-standard","category-cronaca","tag-belluno"],"yoast_head":"<!-- This site is optimized with the Yoast SEO plugin v28.4 - https:\/\/yoast.com\/product\/yoast-seo-wordpress\/ -->\n<title>Appello dell\u2019assessore De Bona al Governo sull\u2019Ici prima casa per residenti all\u2019estero - Bellunopress - Dolomiti<\/title>\n<meta name=\"robots\" content=\"index, follow, max-snippet:-1, max-image-preview:large, max-video-preview:-1\" \/>\n<link rel=\"canonical\" href=\"https:\/\/www.bellunopress.it\/fr\/2009\/08\/07\/appello-dell\u2019assessore-de-bona-al-governo-sull\u2019ici-prima-casa-per-residenti-all\u2019estero\/\" \/>\n<meta property=\"og:locale\" content=\"fr_FR\" \/>\n<meta property=\"og:type\" content=\"article\" \/>\n<meta property=\"og:title\" content=\"Appello dell\u2019assessore De Bona al Governo sull\u2019Ici prima casa per residenti all\u2019estero - Bellunopress - Dolomiti\" \/>\n<meta property=\"og:description\" content=\"L\u2019assessore regionale ai Flussi migratori, Oscar De Bona, formula un rinnovato appello agli organi istituzionali dello Stato affinch\u00e9 venga rivisto il provvedimento ministeriale relativo all\u2019esenzione dell\u2019Ici per la prima casa. In sostanza De Bona chiede, attraverso una lettera che invier\u00e0 al ministro delle Finanze e a tutti i parlamentari eletti in Veneto, che i Comuni [&hellip;]\" \/>\n<meta property=\"og:url\" content=\"https:\/\/www.bellunopress.it\/fr\/2009\/08\/07\/appello-dell\u2019assessore-de-bona-al-governo-sull\u2019ici-prima-casa-per-residenti-all\u2019estero\/\" \/>\n<meta property=\"og:site_name\" content=\"Bellunopress - Dolomiti\" \/>\n<meta property=\"article:publisher\" content=\"https:\/\/www.facebook.com\/profile.php?id=100008943462799\" \/>\n<meta property=\"article:published_time\" content=\"2009-08-07T18:34:49+00:00\" \/>\n<meta property=\"og:image\" content=\"http:\/\/www.bellunopress.it\/wp-content\/uploads\/2009\/07\/oscar-de-bona-270x270.jpg\" \/>\n<meta name=\"author\" content=\"redazione\" \/>\n<meta name=\"twitter:card\" content=\"summary_large_image\" \/>\n<meta name=\"twitter:creator\" content=\"@bellunopress\" \/>\n<meta name=\"twitter:site\" content=\"@bellunopress\" \/>\n<meta name=\"twitter:label1\" content=\"\u00c9crit par\" \/>\n\t<meta name=\"twitter:data1\" content=\"redazione\" \/>\n\t<meta name=\"twitter:label2\" content=\"Dur\u00e9e de lecture estim\u00e9e\" \/>\n\t<meta name=\"twitter:data2\" content=\"2 minutes\" \/>\n<script type=\"application\/ld+json\" class=\"yoast-schema-graph\">{\"@context\":\"https:\\\/\\\/schema.org\",\"@graph\":[{\"@type\":\"Article\",\"@id\":\"https:\\\/\\\/www.bellunopress.it\\\/2009\\\/08\\\/07\\\/appello-dell%e2%80%99assessore-de-bona-al-governo-sull%e2%80%99ici-prima-casa-per-residenti-all%e2%80%99estero\\\/#article\",\"isPartOf\":{\"@id\":\"https:\\\/\\\/www.bellunopress.it\\\/2009\\\/08\\\/07\\\/appello-dell%e2%80%99assessore-de-bona-al-governo-sull%e2%80%99ici-prima-casa-per-residenti-all%e2%80%99estero\\\/\"},\"author\":{\"name\":\"redazione\",\"@id\":\"https:\\\/\\\/www.bellunopress.it\\\/#\\\/schema\\\/person\\\/79bb06722b37ece1c03d3e94beb30d73\"},\"headline\":\"Appello dell\u2019assessore De Bona al Governo sull\u2019Ici prima casa per residenti all\u2019estero\",\"datePublished\":\"2009-08-07T18:34:49+00:00\",\"mainEntityOfPage\":{\"@id\":\"https:\\\/\\\/www.bellunopress.it\\\/2009\\\/08\\\/07\\\/appello-dell%e2%80%99assessore-de-bona-al-governo-sull%e2%80%99ici-prima-casa-per-residenti-all%e2%80%99estero\\\/\"},\"wordCount\":486,\"publisher\":{\"@id\":\"https:\\\/\\\/www.bellunopress.it\\\/#organization\"},\"image\":{\"@id\":\"https:\\\/\\\/www.bellunopress.it\\\/2009\\\/08\\\/07\\\/appello-dell%e2%80%99assessore-de-bona-al-governo-sull%e2%80%99ici-prima-casa-per-residenti-all%e2%80%99estero\\\/#primaryimage\"},\"thumbnailUrl\":\"http:\\\/\\\/www.bellunopress.it\\\/wp-content\\\/uploads\\\/2009\\\/07\\\/oscar-de-bona-270x270.jpg\",\"keywords\":[\"Belluno\"],\"articleSection\":[\"Cronaca\\\/Politica\"],\"inLanguage\":\"fr-FR\"},{\"@type\":\"WebPage\",\"@id\":\"https:\\\/\\\/www.bellunopress.it\\\/2009\\\/08\\\/07\\\/appello-dell%e2%80%99assessore-de-bona-al-governo-sull%e2%80%99ici-prima-casa-per-residenti-all%e2%80%99estero\\\/\",\"url\":\"https:\\\/\\\/www.bellunopress.it\\\/2009\\\/08\\\/07\\\/appello-dell%e2%80%99assessore-de-bona-al-governo-sull%e2%80%99ici-prima-casa-per-residenti-all%e2%80%99estero\\\/\",\"name\":\"Appello dell\u2019assessore De Bona al Governo sull\u2019Ici prima casa per residenti all\u2019estero - Bellunopress - Dolomiti\",\"isPartOf\":{\"@id\":\"https:\\\/\\\/www.bellunopress.it\\\/#website\"},\"primaryImageOfPage\":{\"@id\":\"https:\\\/\\\/www.bellunopress.it\\\/2009\\\/08\\\/07\\\/appello-dell%e2%80%99assessore-de-bona-al-governo-sull%e2%80%99ici-prima-casa-per-residenti-all%e2%80%99estero\\\/#primaryimage\"},\"image\":{\"@id\":\"https:\\\/\\\/www.bellunopress.it\\\/2009\\\/08\\\/07\\\/appello-dell%e2%80%99assessore-de-bona-al-governo-sull%e2%80%99ici-prima-casa-per-residenti-all%e2%80%99estero\\\/#primaryimage\"},\"thumbnailUrl\":\"http:\\\/\\\/www.bellunopress.it\\\/wp-content\\\/uploads\\\/2009\\\/07\\\/oscar-de-bona-270x270.jpg\",\"datePublished\":\"2009-08-07T18:34:49+00:00\",\"breadcrumb\":{\"@id\":\"https:\\\/\\\/www.bellunopress.it\\\/2009\\\/08\\\/07\\\/appello-dell%e2%80%99assessore-de-bona-al-governo-sull%e2%80%99ici-prima-casa-per-residenti-all%e2%80%99estero\\\/#breadcrumb\"},\"inLanguage\":\"fr-FR\",\"potentialAction\":[{\"@type\":\"ReadAction\",\"target\":[\"https:\\\/\\\/www.bellunopress.it\\\/2009\\\/08\\\/07\\\/appello-dell%e2%80%99assessore-de-bona-al-governo-sull%e2%80%99ici-prima-casa-per-residenti-all%e2%80%99estero\\\/\"]}]},{\"@type\":\"ImageObject\",\"inLanguage\":\"fr-FR\",\"@id\":\"https:\\\/\\\/www.bellunopress.it\\\/2009\\\/08\\\/07\\\/appello-dell%e2%80%99assessore-de-bona-al-governo-sull%e2%80%99ici-prima-casa-per-residenti-all%e2%80%99estero\\\/#primaryimage\",\"url\":\"http:\\\/\\\/www.bellunopress.it\\\/wp-content\\\/uploads\\\/2009\\\/07\\\/oscar-de-bona-270x270.jpg\",\"contentUrl\":\"http:\\\/\\\/www.bellunopress.it\\\/wp-content\\\/uploads\\\/2009\\\/07\\\/oscar-de-bona-270x270.jpg\"},{\"@type\":\"BreadcrumbList\",\"@id\":\"https:\\\/\\\/www.bellunopress.it\\\/2009\\\/08\\\/07\\\/appello-dell%e2%80%99assessore-de-bona-al-governo-sull%e2%80%99ici-prima-casa-per-residenti-all%e2%80%99estero\\\/#breadcrumb\",\"itemListElement\":[{\"@type\":\"ListItem\",\"position\":1,\"name\":\"Home\",\"item\":\"https:\\\/\\\/www.bellunopress.it\\\/\"},{\"@type\":\"ListItem\",\"position\":2,\"name\":\"Appello dell\u2019assessore De Bona al Governo sull\u2019Ici prima casa per residenti all\u2019estero\"}]},{\"@type\":\"WebSite\",\"@id\":\"https:\\\/\\\/www.bellunopress.it\\\/#website\",\"url\":\"https:\\\/\\\/www.bellunopress.it\\\/\",\"name\":\"Bellunopress - Dolomiti\",\"description\":\"e-mail: redazione@bellunopress.it\",\"publisher\":{\"@id\":\"https:\\\/\\\/www.bellunopress.it\\\/#organization\"},\"potentialAction\":[{\"@type\":\"SearchAction\",\"target\":{\"@type\":\"EntryPoint\",\"urlTemplate\":\"https:\\\/\\\/www.bellunopress.it\\\/?s={search_term_string}\"},\"query-input\":{\"@type\":\"PropertyValueSpecification\",\"valueRequired\":true,\"valueName\":\"search_term_string\"}}],\"inLanguage\":\"fr-FR\"},{\"@type\":\"Organization\",\"@id\":\"https:\\\/\\\/www.bellunopress.it\\\/#organization\",\"name\":\"Bellunopress\",\"url\":\"https:\\\/\\\/www.bellunopress.it\\\/\",\"logo\":{\"@type\":\"ImageObject\",\"inLanguage\":\"fr-FR\",\"@id\":\"https:\\\/\\\/www.bellunopress.it\\\/#\\\/schema\\\/logo\\\/image\\\/\",\"url\":\"https:\\\/\\\/www.bellunopress.it\\\/wp-content\\\/uploads\\\/2011\\\/05\\\/cropped-logo-bellunopress-.jpg\",\"contentUrl\":\"https:\\\/\\\/www.bellunopress.it\\\/wp-content\\\/uploads\\\/2011\\\/05\\\/cropped-logo-bellunopress-.jpg\",\"width\":512,\"height\":512,\"caption\":\"Bellunopress\"},\"image\":{\"@id\":\"https:\\\/\\\/www.bellunopress.it\\\/#\\\/schema\\\/logo\\\/image\\\/\"},\"sameAs\":[\"https:\\\/\\\/www.facebook.com\\\/profile.php?id=100008943462799\",\"https:\\\/\\\/x.com\\\/bellunopress\",\"https:\\\/\\\/www.linkedin.com\\\/hp\\\/?dnr=JBzUWaJfMUw8vbXJJ2tVW5-I3jZKvC4wsoxE&amp;amp;amp;amp;amp;amp;trk=nav_responsive_tab_home\",\"https:\\\/\\\/www.youtube.com\\\/channel\\\/UCxL0wu1uN0_3_7hGG0306cw\"]},{\"@type\":\"Person\",\"@id\":\"https:\\\/\\\/www.bellunopress.it\\\/#\\\/schema\\\/person\\\/79bb06722b37ece1c03d3e94beb30d73\",\"name\":\"redazione\",\"image\":{\"@type\":\"ImageObject\",\"inLanguage\":\"fr-FR\",\"@id\":\"https:\\\/\\\/secure.gravatar.com\\\/avatar\\\/37d968a2e67a6fd04c169c4bdef102d0bc5d31b2546345219e348575eb80e9a0?s=96&d=mm&r=g\",\"url\":\"https:\\\/\\\/secure.gravatar.com\\\/avatar\\\/37d968a2e67a6fd04c169c4bdef102d0bc5d31b2546345219e348575eb80e9a0?s=96&d=mm&r=g\",\"contentUrl\":\"https:\\\/\\\/secure.gravatar.com\\\/avatar\\\/37d968a2e67a6fd04c169c4bdef102d0bc5d31b2546345219e348575eb80e9a0?s=96&d=mm&r=g\",\"caption\":\"redazione\"},\"sameAs\":[\"http:\\\/\\\/www.bellunopress.it\",\"https:\\\/\\\/x.com\\\/bellunopress\"],\"url\":\"https:\\\/\\\/www.bellunopress.it\\\/fr\\\/author\\\/redazione\\\/\"}]}<\/script>\n<!-- \/ Yoast SEO plugin. -->","yoast_head_json":{"title":"Appello dell\u2019assessore De Bona al Governo sull\u2019Ici prima casa per residenti all\u2019estero - Bellunopress - Dolomiti","robots":{"index":"index","follow":"follow","max-snippet":"max-snippet:-1","max-image-preview":"max-image-preview:large","max-video-preview":"max-video-preview:-1"},"canonical":"https:\/\/www.bellunopress.it\/fr\/2009\/08\/07\/appello-dell\u2019assessore-de-bona-al-governo-sull\u2019ici-prima-casa-per-residenti-all\u2019estero\/","og_locale":"fr_FR","og_type":"article","og_title":"Appello dell\u2019assessore De Bona al Governo sull\u2019Ici prima casa per residenti all\u2019estero - Bellunopress - Dolomiti","og_description":"L\u2019assessore regionale ai Flussi migratori, Oscar De Bona, formula un rinnovato appello agli organi istituzionali dello Stato affinch\u00e9 venga rivisto il provvedimento ministeriale relativo all\u2019esenzione dell\u2019Ici per la prima casa. In sostanza De Bona chiede, attraverso una lettera che invier\u00e0 al ministro delle Finanze e a tutti i parlamentari eletti in Veneto, che i Comuni [&hellip;]","og_url":"https:\/\/www.bellunopress.it\/fr\/2009\/08\/07\/appello-dell\u2019assessore-de-bona-al-governo-sull\u2019ici-prima-casa-per-residenti-all\u2019estero\/","og_site_name":"Bellunopress - Dolomiti","article_publisher":"https:\/\/www.facebook.com\/profile.php?id=100008943462799","article_published_time":"2009-08-07T18:34:49+00:00","og_image":[{"url":"http:\/\/www.bellunopress.it\/wp-content\/uploads\/2009\/07\/oscar-de-bona-270x270.jpg","type":"","width":"","height":""}],"author":"redazione","twitter_card":"summary_large_image","twitter_creator":"@bellunopress","twitter_site":"@bellunopress","twitter_misc":{"\u00c9crit par":"redazione","Dur\u00e9e de lecture estim\u00e9e":"2 minutes"},"schema":{"@context":"https:\/\/schema.org","@graph":[{"@type":"Article","@id":"https:\/\/www.bellunopress.it\/2009\/08\/07\/appello-dell%e2%80%99assessore-de-bona-al-governo-sull%e2%80%99ici-prima-casa-per-residenti-all%e2%80%99estero\/#article","isPartOf":{"@id":"https:\/\/www.bellunopress.it\/2009\/08\/07\/appello-dell%e2%80%99assessore-de-bona-al-governo-sull%e2%80%99ici-prima-casa-per-residenti-all%e2%80%99estero\/"},"author":{"name":"redazione","@id":"https:\/\/www.bellunopress.it\/#\/schema\/person\/79bb06722b37ece1c03d3e94beb30d73"},"headline":"Appello dell\u2019assessore De Bona al Governo sull\u2019Ici prima casa per residenti all\u2019estero","datePublished":"2009-08-07T18:34:49+00:00","mainEntityOfPage":{"@id":"https:\/\/www.bellunopress.it\/2009\/08\/07\/appello-dell%e2%80%99assessore-de-bona-al-governo-sull%e2%80%99ici-prima-casa-per-residenti-all%e2%80%99estero\/"},"wordCount":486,"publisher":{"@id":"https:\/\/www.bellunopress.it\/#organization"},"image":{"@id":"https:\/\/www.bellunopress.it\/2009\/08\/07\/appello-dell%e2%80%99assessore-de-bona-al-governo-sull%e2%80%99ici-prima-casa-per-residenti-all%e2%80%99estero\/#primaryimage"},"thumbnailUrl":"http:\/\/www.bellunopress.it\/wp-content\/uploads\/2009\/07\/oscar-de-bona-270x270.jpg","keywords":["Belluno"],"articleSection":["Cronaca\/Politica"],"inLanguage":"fr-FR"},{"@type":"WebPage","@id":"https:\/\/www.bellunopress.it\/2009\/08\/07\/appello-dell%e2%80%99assessore-de-bona-al-governo-sull%e2%80%99ici-prima-casa-per-residenti-all%e2%80%99estero\/","url":"https:\/\/www.bellunopress.it\/2009\/08\/07\/appello-dell%e2%80%99assessore-de-bona-al-governo-sull%e2%80%99ici-prima-casa-per-residenti-all%e2%80%99estero\/","name":"Appello dell\u2019assessore De Bona al Governo sull\u2019Ici prima casa per residenti all\u2019estero - Bellunopress - Dolomiti","isPartOf":{"@id":"https:\/\/www.bellunopress.it\/#website"},"primaryImageOfPage":{"@id":"https:\/\/www.bellunopress.it\/2009\/08\/07\/appello-dell%e2%80%99assessore-de-bona-al-governo-sull%e2%80%99ici-prima-casa-per-residenti-all%e2%80%99estero\/#primaryimage"},"image":{"@id":"https:\/\/www.bellunopress.it\/2009\/08\/07\/appello-dell%e2%80%99assessore-de-bona-al-governo-sull%e2%80%99ici-prima-casa-per-residenti-all%e2%80%99estero\/#primaryimage"},"thumbnailUrl":"http:\/\/www.bellunopress.it\/wp-content\/uploads\/2009\/07\/oscar-de-bona-270x270.jpg","datePublished":"2009-08-07T18:34:49+00:00","breadcrumb":{"@id":"https:\/\/www.bellunopress.it\/2009\/08\/07\/appello-dell%e2%80%99assessore-de-bona-al-governo-sull%e2%80%99ici-prima-casa-per-residenti-all%e2%80%99estero\/#breadcrumb"},"inLanguage":"fr-FR","potentialAction":[{"@type":"ReadAction","target":["https:\/\/www.bellunopress.it\/2009\/08\/07\/appello-dell%e2%80%99assessore-de-bona-al-governo-sull%e2%80%99ici-prima-casa-per-residenti-all%e2%80%99estero\/"]}]},{"@type":"ImageObject","inLanguage":"fr-FR","@id":"https:\/\/www.bellunopress.it\/2009\/08\/07\/appello-dell%e2%80%99assessore-de-bona-al-governo-sull%e2%80%99ici-prima-casa-per-residenti-all%e2%80%99estero\/#primaryimage","url":"http:\/\/www.bellunopress.it\/wp-content\/uploads\/2009\/07\/oscar-de-bona-270x270.jpg","contentUrl":"http:\/\/www.bellunopress.it\/wp-content\/uploads\/2009\/07\/oscar-de-bona-270x270.jpg"},{"@type":"BreadcrumbList","@id":"https:\/\/www.bellunopress.it\/2009\/08\/07\/appello-dell%e2%80%99assessore-de-bona-al-governo-sull%e2%80%99ici-prima-casa-per-residenti-all%e2%80%99estero\/#breadcrumb","itemListElement":[{"@type":"ListItem","position":1,"name":"Home","item":"https:\/\/www.bellunopress.it\/"},{"@type":"ListItem","position":2,"name":"Appello dell\u2019assessore De Bona al Governo sull\u2019Ici prima casa per residenti all\u2019estero"}]},{"@type":"WebSite","@id":"https:\/\/www.bellunopress.it\/#website","url":"https:\/\/www.bellunopress.it\/","name":"Bellunopress - Dolomiti","description":"e-mail: redazione@bellunopress.it","publisher":{"@id":"https:\/\/www.bellunopress.it\/#organization"},"potentialAction":[{"@type":"SearchAction","target":{"@type":"EntryPoint","urlTemplate":"https:\/\/www.bellunopress.it\/?s={search_term_string}"},"query-input":{"@type":"PropertyValueSpecification","valueRequired":true,"valueName":"search_term_string"}}],"inLanguage":"fr-FR"},{"@type":"Organization","@id":"https:\/\/www.bellunopress.it\/#organization","name":"Bellunopress","url":"https:\/\/www.bellunopress.it\/","logo":{"@type":"ImageObject","inLanguage":"fr-FR","@id":"https:\/\/www.bellunopress.it\/#\/schema\/logo\/image\/","url":"https:\/\/www.bellunopress.it\/wp-content\/uploads\/2011\/05\/cropped-logo-bellunopress-.jpg","contentUrl":"https:\/\/www.bellunopress.it\/wp-content\/uploads\/2011\/05\/cropped-logo-bellunopress-.jpg","width":512,"height":512,"caption":"Bellunopress"},"image":{"@id":"https:\/\/www.bellunopress.it\/#\/schema\/logo\/image\/"},"sameAs":["https:\/\/www.facebook.com\/profile.php?id=100008943462799","https:\/\/x.com\/bellunopress","https:\/\/www.linkedin.com\/hp\/?dnr=JBzUWaJfMUw8vbXJJ2tVW5-I3jZKvC4wsoxE&amp;amp;amp;amp;amp;amp;trk=nav_responsive_tab_home","https:\/\/www.youtube.com\/channel\/UCxL0wu1uN0_3_7hGG0306cw"]},{"@type":"Person","@id":"https:\/\/www.bellunopress.it\/#\/schema\/person\/79bb06722b37ece1c03d3e94beb30d73","name":"r\u00e9daction","image":{"@type":"ImageObject","inLanguage":"fr-FR","@id":"https:\/\/secure.gravatar.com\/avatar\/37d968a2e67a6fd04c169c4bdef102d0bc5d31b2546345219e348575eb80e9a0?s=96&d=mm&r=g","url":"https:\/\/secure.gravatar.com\/avatar\/37d968a2e67a6fd04c169c4bdef102d0bc5d31b2546345219e348575eb80e9a0?s=96&d=mm&r=g","contentUrl":"https:\/\/secure.gravatar.com\/avatar\/37d968a2e67a6fd04c169c4bdef102d0bc5d31b2546345219e348575eb80e9a0?s=96&d=mm&r=g","caption":"redazione"},"sameAs":["http:\/\/www.bellunopress.it","https:\/\/x.com\/bellunopress"],"url":"https:\/\/www.bellunopress.it\/fr\/author\/redazione\/"}]}},"_links":{"self":[{"href":"https:\/\/www.bellunopress.it\/fr\/wp-json\/wp\/v2\/posts\/6812","targetHints":{"allow":["GET"]}}],"collection":[{"href":"https:\/\/www.bellunopress.it\/fr\/wp-json\/wp\/v2\/posts"}],"about":[{"href":"https:\/\/www.bellunopress.it\/fr\/wp-json\/wp\/v2\/types\/post"}],"author":[{"embeddable":true,"href":"https:\/\/www.bellunopress.it\/fr\/wp-json\/wp\/v2\/users\/2"}],"replies":[{"embeddable":true,"href":"https:\/\/www.bellunopress.it\/fr\/wp-json\/wp\/v2\/comments?post=6812"}],"version-history":[{"count":1,"href":"https:\/\/www.bellunopress.it\/fr\/wp-json\/wp\/v2\/posts\/6812\/revisions"}],"predecessor-version":[{"id":6813,"href":"https:\/\/www.bellunopress.it\/fr\/wp-json\/wp\/v2\/posts\/6812\/revisions\/6813"}],"wp:attachment":[{"href":"https:\/\/www.bellunopress.it\/fr\/wp-json\/wp\/v2\/media?parent=6812"}],"wp:term":[{"taxonomy":"category","embeddable":true,"href":"https:\/\/www.bellunopress.it\/fr\/wp-json\/wp\/v2\/categories?post=6812"},{"taxonomy":"post_tag","embeddable":true,"href":"https:\/\/www.bellunopress.it\/fr\/wp-json\/wp\/v2\/tags?post=6812"}],"curies":[{"name":"wp","href":"https:\/\/api.w.org\/{rel}","templated":true}]}}