{"id":6790,"date":"2009-08-06T22:43:12","date_gmt":"2009-08-06T21:43:12","guid":{"rendered":"http:\/\/www.bellunopress.it\/?p=6790"},"modified":"2009-08-06T22:43:12","modified_gmt":"2009-08-06T21:43:12","slug":"prealpi-marathon-il-tracciato-per-i-biker-e-segnato-per-i-concorrenti-desiderosi-di-fare-le-%e2%80%9cprove-generali%e2%80%9d-dell%e2%80%99evento-in-programma-il-23-agosto-la-vernice-della-manifestaz","status":"publish","type":"post","link":"https:\/\/www.bellunopress.it\/fr\/2009\/08\/06\/prealpi-marathon-il-tracciato-per-i-biker-e-segnato-per-i-concorrenti-desiderosi-di-fare-le-%e2%80%9cprove-generali%e2%80%9d-dell%e2%80%99evento-in-programma-il-23-agosto-la-vernice-della-manifestaz\/","title":{"rendered":"Prealpi Marathon: il tracciato per i biker \u00e8 segnato per i concorrenti desiderosi di fare le \u201cprove generali\u201d dell\u2019evento in programma il 23 agosto. La vernice della manifestazione si svolger\u00e0 marted\u00ec 11 a Mel."},"content":{"rendered":"<p>Il tracciato riservato ai biker della 5. edizione della Prealpi Bike Run Marathon, la manifestazione sportiva che unisce due discipline (mountain bike e podismo) e che si svolger\u00e0 il prossimo 23 agosto, \u00e8 a disposizione degli appassionati. Il tracciato \u00e8 stato infatti completamente segnato con le tabelle dedicate e consentir\u00e0, a due settimane dall\u2019evento, di fare le \u201cprove generali\u201d. La gara per la mountain bike misura 60 km e propone un dislivello in salita di 1.200 metri. Si partir\u00e0 dalla piazza di Mel (altitudine 351 metri) per raggiungere Lentiai. Da qui ci si inerpicher\u00e0 verso le localit\u00e0 di Boschi, Portego, Col d\u2019Artent, Mariech (quota 1.504, gran premio della montagna), Posa Puner, Malga Mont e Malga Canidi. Da qui una lunga discesa condurr\u00e0 i concorrenti all\u2019approdo finale, fissato proprio in piazza a Mel. Come per il passato, ricco sar\u00e0 il pacco gara sia per i ciclisti che per i podisti: a disposizione ci sono infatti una maglietta tecnica, un portaborracce e un portafotografie. Il costo dell\u2019iscrizione, che d\u00e0 diritto al pacco gara e ai servizi lungo il percorso e all\u2019arrivo, \u00e8 di 25 euro. C\u2019\u00e8 anche la possibilit\u00e0 di usufruire solo dei servizi: in questo caso la quota di iscrizione \u00e8 fissata in 15 euro. Contenuta sar\u00e0 anche la quota di partecipazione alla podistica non competitiva \u201cTrofeo del Donatore\u201d (in programma domenica 23, sul tracciato Trichiana-Mel): 3 euro. In 10 euro, invece, \u00e8 fissata la quota di partecipazione alla prova di nordic walking (da Lentiai a Mel). Marted\u00ec 11 agosto la 5. edizione della Prealpi bike run marathon verr\u00e0 presentata ufficialmente ad autorit\u00e0, stampa e appassionati a Mel, presso l\u2019albergo ristorante Al Moro, nel corso di un incontro che avr\u00e0 inizio alle 18. 30.<br \/>\nPer aggiornamenti e dettagli si pu\u00f2 consultare il sito <a href=\"http:\/\/www.prealpimarathon.it\">www.prealpimarathon.it<\/a>.<\/p>","protected":false},"excerpt":{"rendered":"<p>Il tracciato riservato ai biker della 5. edizione della Prealpi Bike Run Marathon, la manifestazione sportiva che unisce due discipline (mountain bike e podismo) e che si svolger\u00e0 il prossimo 23 agosto, \u00e8 a disposizione degli appassionati. Il tracciato \u00e8 stato infatti completamente segnato con le tabelle dedicate e consentir\u00e0, a due settimane dall\u2019evento, di [&hellip;]<\/p>\n","protected":false},"author":2,"featured_media":0,"comment_status":"closed","ping_status":"open","sticky":false,"template":"","format":"standard","meta":{"footnotes":""},"categories":[4],"tags":[],"class_list":["post-6790","post","type-post","status-publish","format-standard","category-sport"],"yoast_head":"<!-- This site is optimized with the Yoast SEO plugin v28.4 - https:\/\/yoast.com\/product\/yoast-seo-wordpress\/ -->\n<title>Prealpi Marathon: il tracciato per i biker \u00e8 segnato per i concorrenti desiderosi di fare le \u201cprove generali\u201d dell\u2019evento in programma il 23 agosto. La vernice della manifestazione si svolger\u00e0 marted\u00ec 11 a Mel. - Bellunopress - Dolomiti<\/title>\n<meta name=\"robots\" content=\"index, follow, max-snippet:-1, max-image-preview:large, max-video-preview:-1\" \/>\n<link rel=\"canonical\" href=\"https:\/\/www.bellunopress.it\/fr\/2009\/08\/06\/prealpi-marathon-il-tracciato-per-i-biker-e-segnato-per-i-concorrenti-desiderosi-di-fare-le-\u201cprove-generali\u201d-dell\u2019evento-in-programma-il-23-agosto-la-vernice-della-manifestaz\/\" \/>\n<meta property=\"og:locale\" content=\"fr_FR\" \/>\n<meta property=\"og:type\" content=\"article\" \/>\n<meta property=\"og:title\" content=\"Prealpi Marathon: il tracciato per i biker \u00e8 segnato per i concorrenti desiderosi di fare le \u201cprove generali\u201d dell\u2019evento in programma il 23 agosto. La vernice della manifestazione si svolger\u00e0 marted\u00ec 11 a Mel. - Bellunopress - Dolomiti\" \/>\n<meta property=\"og:description\" content=\"Il tracciato riservato ai biker della 5. edizione della Prealpi Bike Run Marathon, la manifestazione sportiva che unisce due discipline (mountain bike e podismo) e che si svolger\u00e0 il prossimo 23 agosto, \u00e8 a disposizione degli appassionati. Il tracciato \u00e8 stato infatti completamente segnato con le tabelle dedicate e consentir\u00e0, a due settimane dall\u2019evento, di [&hellip;]\" \/>\n<meta property=\"og:url\" content=\"https:\/\/www.bellunopress.it\/fr\/2009\/08\/06\/prealpi-marathon-il-tracciato-per-i-biker-e-segnato-per-i-concorrenti-desiderosi-di-fare-le-\u201cprove-generali\u201d-dell\u2019evento-in-programma-il-23-agosto-la-vernice-della-manifestaz\/\" \/>\n<meta property=\"og:site_name\" content=\"Bellunopress - Dolomiti\" \/>\n<meta property=\"article:publisher\" content=\"https:\/\/www.facebook.com\/profile.php?id=100008943462799\" \/>\n<meta property=\"article:published_time\" content=\"2009-08-06T21:43:12+00:00\" \/>\n<meta property=\"og:image\" content=\"http:\/\/www.bellunopress.it\/wp-content\/uploads\/2012\/07\/logo-bellunopress-250x250-2012.jpg\" \/>\n<meta name=\"author\" content=\"redazione\" \/>\n<meta name=\"twitter:card\" content=\"summary_large_image\" \/>\n<meta name=\"twitter:creator\" content=\"@bellunopress\" \/>\n<meta name=\"twitter:site\" content=\"@bellunopress\" \/>\n<meta name=\"twitter:label1\" content=\"\u00c9crit par\" \/>\n\t<meta name=\"twitter:data1\" content=\"redazione\" \/>\n\t<meta name=\"twitter:label2\" content=\"Dur\u00e9e de lecture estim\u00e9e\" \/>\n\t<meta name=\"twitter:data2\" content=\"1 minute\" \/>\n<script type=\"application\/ld+json\" class=\"yoast-schema-graph\">{\"@context\":\"https:\\\/\\\/schema.org\",\"@graph\":[{\"@type\":\"Article\",\"@id\":\"https:\\\/\\\/www.bellunopress.it\\\/2009\\\/08\\\/06\\\/prealpi-marathon-il-tracciato-per-i-biker-e-segnato-per-i-concorrenti-desiderosi-di-fare-le-%e2%80%9cprove-generali%e2%80%9d-dell%e2%80%99evento-in-programma-il-23-agosto-la-vernice-della-manifestaz\\\/#article\",\"isPartOf\":{\"@id\":\"https:\\\/\\\/www.bellunopress.it\\\/2009\\\/08\\\/06\\\/prealpi-marathon-il-tracciato-per-i-biker-e-segnato-per-i-concorrenti-desiderosi-di-fare-le-%e2%80%9cprove-generali%e2%80%9d-dell%e2%80%99evento-in-programma-il-23-agosto-la-vernice-della-manifestaz\\\/\"},\"author\":{\"name\":\"redazione\",\"@id\":\"https:\\\/\\\/www.bellunopress.it\\\/#\\\/schema\\\/person\\\/79bb06722b37ece1c03d3e94beb30d73\"},\"headline\":\"Prealpi Marathon: il tracciato per i biker \u00e8 segnato per i concorrenti desiderosi di fare le \u201cprove generali\u201d dell\u2019evento in programma il 23 agosto. La vernice della manifestazione si svolger\u00e0 marted\u00ec 11 a Mel.\",\"datePublished\":\"2009-08-06T21:43:12+00:00\",\"mainEntityOfPage\":{\"@id\":\"https:\\\/\\\/www.bellunopress.it\\\/2009\\\/08\\\/06\\\/prealpi-marathon-il-tracciato-per-i-biker-e-segnato-per-i-concorrenti-desiderosi-di-fare-le-%e2%80%9cprove-generali%e2%80%9d-dell%e2%80%99evento-in-programma-il-23-agosto-la-vernice-della-manifestaz\\\/\"},\"wordCount\":313,\"publisher\":{\"@id\":\"https:\\\/\\\/www.bellunopress.it\\\/#organization\"},\"articleSection\":[\"Sport, tempo libero\"],\"inLanguage\":\"fr-FR\"},{\"@type\":\"WebPage\",\"@id\":\"https:\\\/\\\/www.bellunopress.it\\\/2009\\\/08\\\/06\\\/prealpi-marathon-il-tracciato-per-i-biker-e-segnato-per-i-concorrenti-desiderosi-di-fare-le-%e2%80%9cprove-generali%e2%80%9d-dell%e2%80%99evento-in-programma-il-23-agosto-la-vernice-della-manifestaz\\\/\",\"url\":\"https:\\\/\\\/www.bellunopress.it\\\/2009\\\/08\\\/06\\\/prealpi-marathon-il-tracciato-per-i-biker-e-segnato-per-i-concorrenti-desiderosi-di-fare-le-%e2%80%9cprove-generali%e2%80%9d-dell%e2%80%99evento-in-programma-il-23-agosto-la-vernice-della-manifestaz\\\/\",\"name\":\"Prealpi Marathon: il tracciato per i biker \u00e8 segnato per i concorrenti desiderosi di fare le \u201cprove generali\u201d dell\u2019evento in programma il 23 agosto. La vernice della manifestazione si svolger\u00e0 marted\u00ec 11 a Mel. - Bellunopress - Dolomiti\",\"isPartOf\":{\"@id\":\"https:\\\/\\\/www.bellunopress.it\\\/#website\"},\"datePublished\":\"2009-08-06T21:43:12+00:00\",\"breadcrumb\":{\"@id\":\"https:\\\/\\\/www.bellunopress.it\\\/2009\\\/08\\\/06\\\/prealpi-marathon-il-tracciato-per-i-biker-e-segnato-per-i-concorrenti-desiderosi-di-fare-le-%e2%80%9cprove-generali%e2%80%9d-dell%e2%80%99evento-in-programma-il-23-agosto-la-vernice-della-manifestaz\\\/#breadcrumb\"},\"inLanguage\":\"fr-FR\",\"potentialAction\":[{\"@type\":\"ReadAction\",\"target\":[\"https:\\\/\\\/www.bellunopress.it\\\/2009\\\/08\\\/06\\\/prealpi-marathon-il-tracciato-per-i-biker-e-segnato-per-i-concorrenti-desiderosi-di-fare-le-%e2%80%9cprove-generali%e2%80%9d-dell%e2%80%99evento-in-programma-il-23-agosto-la-vernice-della-manifestaz\\\/\"]}]},{\"@type\":\"BreadcrumbList\",\"@id\":\"https:\\\/\\\/www.bellunopress.it\\\/2009\\\/08\\\/06\\\/prealpi-marathon-il-tracciato-per-i-biker-e-segnato-per-i-concorrenti-desiderosi-di-fare-le-%e2%80%9cprove-generali%e2%80%9d-dell%e2%80%99evento-in-programma-il-23-agosto-la-vernice-della-manifestaz\\\/#breadcrumb\",\"itemListElement\":[{\"@type\":\"ListItem\",\"position\":1,\"name\":\"Home\",\"item\":\"https:\\\/\\\/www.bellunopress.it\\\/\"},{\"@type\":\"ListItem\",\"position\":2,\"name\":\"Prealpi Marathon: il tracciato per i biker \u00e8 segnato per i concorrenti desiderosi di fare le \u201cprove generali\u201d dell\u2019evento in programma il 23 agosto. La vernice della manifestazione si svolger\u00e0 marted\u00ec 11 a Mel.\"}]},{\"@type\":\"WebSite\",\"@id\":\"https:\\\/\\\/www.bellunopress.it\\\/#website\",\"url\":\"https:\\\/\\\/www.bellunopress.it\\\/\",\"name\":\"Bellunopress - Dolomiti\",\"description\":\"e-mail: redazione@bellunopress.it\",\"publisher\":{\"@id\":\"https:\\\/\\\/www.bellunopress.it\\\/#organization\"},\"potentialAction\":[{\"@type\":\"SearchAction\",\"target\":{\"@type\":\"EntryPoint\",\"urlTemplate\":\"https:\\\/\\\/www.bellunopress.it\\\/?s={search_term_string}\"},\"query-input\":{\"@type\":\"PropertyValueSpecification\",\"valueRequired\":true,\"valueName\":\"search_term_string\"}}],\"inLanguage\":\"fr-FR\"},{\"@type\":\"Organization\",\"@id\":\"https:\\\/\\\/www.bellunopress.it\\\/#organization\",\"name\":\"Bellunopress\",\"url\":\"https:\\\/\\\/www.bellunopress.it\\\/\",\"logo\":{\"@type\":\"ImageObject\",\"inLanguage\":\"fr-FR\",\"@id\":\"https:\\\/\\\/www.bellunopress.it\\\/#\\\/schema\\\/logo\\\/image\\\/\",\"url\":\"https:\\\/\\\/www.bellunopress.it\\\/wp-content\\\/uploads\\\/2011\\\/05\\\/cropped-logo-bellunopress-.jpg\",\"contentUrl\":\"https:\\\/\\\/www.bellunopress.it\\\/wp-content\\\/uploads\\\/2011\\\/05\\\/cropped-logo-bellunopress-.jpg\",\"width\":512,\"height\":512,\"caption\":\"Bellunopress\"},\"image\":{\"@id\":\"https:\\\/\\\/www.bellunopress.it\\\/#\\\/schema\\\/logo\\\/image\\\/\"},\"sameAs\":[\"https:\\\/\\\/www.facebook.com\\\/profile.php?id=100008943462799\",\"https:\\\/\\\/x.com\\\/bellunopress\",\"https:\\\/\\\/www.linkedin.com\\\/hp\\\/?dnr=JBzUWaJfMUw8vbXJJ2tVW5-I3jZKvC4wsoxE&amp;amp;amp;amp;amp;amp;trk=nav_responsive_tab_home\",\"https:\\\/\\\/www.youtube.com\\\/channel\\\/UCxL0wu1uN0_3_7hGG0306cw\"]},{\"@type\":\"Person\",\"@id\":\"https:\\\/\\\/www.bellunopress.it\\\/#\\\/schema\\\/person\\\/79bb06722b37ece1c03d3e94beb30d73\",\"name\":\"redazione\",\"image\":{\"@type\":\"ImageObject\",\"inLanguage\":\"fr-FR\",\"@id\":\"https:\\\/\\\/secure.gravatar.com\\\/avatar\\\/37d968a2e67a6fd04c169c4bdef102d0bc5d31b2546345219e348575eb80e9a0?s=96&d=mm&r=g\",\"url\":\"https:\\\/\\\/secure.gravatar.com\\\/avatar\\\/37d968a2e67a6fd04c169c4bdef102d0bc5d31b2546345219e348575eb80e9a0?s=96&d=mm&r=g\",\"contentUrl\":\"https:\\\/\\\/secure.gravatar.com\\\/avatar\\\/37d968a2e67a6fd04c169c4bdef102d0bc5d31b2546345219e348575eb80e9a0?s=96&d=mm&r=g\",\"caption\":\"redazione\"},\"sameAs\":[\"http:\\\/\\\/www.bellunopress.it\",\"https:\\\/\\\/x.com\\\/bellunopress\"],\"url\":\"https:\\\/\\\/www.bellunopress.it\\\/fr\\\/author\\\/redazione\\\/\"}]}<\/script>\n<!-- \/ Yoast SEO plugin. -->","yoast_head_json":{"title":"Prealpi Marathon: il tracciato per i biker \u00e8 segnato per i concorrenti desiderosi di fare le \u201cprove generali\u201d dell\u2019evento in programma il 23 agosto. La vernice della manifestazione si svolger\u00e0 marted\u00ec 11 a Mel. - Bellunopress - Dolomiti","robots":{"index":"index","follow":"follow","max-snippet":"max-snippet:-1","max-image-preview":"max-image-preview:large","max-video-preview":"max-video-preview:-1"},"canonical":"https:\/\/www.bellunopress.it\/fr\/2009\/08\/06\/prealpi-marathon-il-tracciato-per-i-biker-e-segnato-per-i-concorrenti-desiderosi-di-fare-le-\u201cprove-generali\u201d-dell\u2019evento-in-programma-il-23-agosto-la-vernice-della-manifestaz\/","og_locale":"fr_FR","og_type":"article","og_title":"Prealpi Marathon: il tracciato per i biker \u00e8 segnato per i concorrenti desiderosi di fare le \u201cprove generali\u201d dell\u2019evento in programma il 23 agosto. La vernice della manifestazione si svolger\u00e0 marted\u00ec 11 a Mel. - Bellunopress - Dolomiti","og_description":"Il tracciato riservato ai biker della 5. edizione della Prealpi Bike Run Marathon, la manifestazione sportiva che unisce due discipline (mountain bike e podismo) e che si svolger\u00e0 il prossimo 23 agosto, \u00e8 a disposizione degli appassionati. Il tracciato \u00e8 stato infatti completamente segnato con le tabelle dedicate e consentir\u00e0, a due settimane dall\u2019evento, di [&hellip;]","og_url":"https:\/\/www.bellunopress.it\/fr\/2009\/08\/06\/prealpi-marathon-il-tracciato-per-i-biker-e-segnato-per-i-concorrenti-desiderosi-di-fare-le-\u201cprove-generali\u201d-dell\u2019evento-in-programma-il-23-agosto-la-vernice-della-manifestaz\/","og_site_name":"Bellunopress - Dolomiti","article_publisher":"https:\/\/www.facebook.com\/profile.php?id=100008943462799","article_published_time":"2009-08-06T21:43:12+00:00","og_image":[{"url":"http:\/\/www.bellunopress.it\/wp-content\/uploads\/2012\/07\/logo-bellunopress-250x250-2012.jpg","type":"","width":"","height":""}],"author":"redazione","twitter_card":"summary_large_image","twitter_creator":"@bellunopress","twitter_site":"@bellunopress","twitter_misc":{"\u00c9crit par":"redazione","Dur\u00e9e de lecture estim\u00e9e":"1 minute"},"schema":{"@context":"https:\/\/schema.org","@graph":[{"@type":"Article","@id":"https:\/\/www.bellunopress.it\/2009\/08\/06\/prealpi-marathon-il-tracciato-per-i-biker-e-segnato-per-i-concorrenti-desiderosi-di-fare-le-%e2%80%9cprove-generali%e2%80%9d-dell%e2%80%99evento-in-programma-il-23-agosto-la-vernice-della-manifestaz\/#article","isPartOf":{"@id":"https:\/\/www.bellunopress.it\/2009\/08\/06\/prealpi-marathon-il-tracciato-per-i-biker-e-segnato-per-i-concorrenti-desiderosi-di-fare-le-%e2%80%9cprove-generali%e2%80%9d-dell%e2%80%99evento-in-programma-il-23-agosto-la-vernice-della-manifestaz\/"},"author":{"name":"redazione","@id":"https:\/\/www.bellunopress.it\/#\/schema\/person\/79bb06722b37ece1c03d3e94beb30d73"},"headline":"Prealpi Marathon: il tracciato per i biker \u00e8 segnato per i concorrenti desiderosi di fare le \u201cprove generali\u201d dell\u2019evento in programma il 23 agosto. La vernice della manifestazione si svolger\u00e0 marted\u00ec 11 a Mel.","datePublished":"2009-08-06T21:43:12+00:00","mainEntityOfPage":{"@id":"https:\/\/www.bellunopress.it\/2009\/08\/06\/prealpi-marathon-il-tracciato-per-i-biker-e-segnato-per-i-concorrenti-desiderosi-di-fare-le-%e2%80%9cprove-generali%e2%80%9d-dell%e2%80%99evento-in-programma-il-23-agosto-la-vernice-della-manifestaz\/"},"wordCount":313,"publisher":{"@id":"https:\/\/www.bellunopress.it\/#organization"},"articleSection":["Sport, tempo libero"],"inLanguage":"fr-FR"},{"@type":"WebPage","@id":"https:\/\/www.bellunopress.it\/2009\/08\/06\/prealpi-marathon-il-tracciato-per-i-biker-e-segnato-per-i-concorrenti-desiderosi-di-fare-le-%e2%80%9cprove-generali%e2%80%9d-dell%e2%80%99evento-in-programma-il-23-agosto-la-vernice-della-manifestaz\/","url":"https:\/\/www.bellunopress.it\/2009\/08\/06\/prealpi-marathon-il-tracciato-per-i-biker-e-segnato-per-i-concorrenti-desiderosi-di-fare-le-%e2%80%9cprove-generali%e2%80%9d-dell%e2%80%99evento-in-programma-il-23-agosto-la-vernice-della-manifestaz\/","name":"Prealpi Marathon: il tracciato per i biker \u00e8 segnato per i concorrenti desiderosi di fare le \u201cprove generali\u201d dell\u2019evento in programma il 23 agosto. La vernice della manifestazione si svolger\u00e0 marted\u00ec 11 a Mel. - Bellunopress - Dolomiti","isPartOf":{"@id":"https:\/\/www.bellunopress.it\/#website"},"datePublished":"2009-08-06T21:43:12+00:00","breadcrumb":{"@id":"https:\/\/www.bellunopress.it\/2009\/08\/06\/prealpi-marathon-il-tracciato-per-i-biker-e-segnato-per-i-concorrenti-desiderosi-di-fare-le-%e2%80%9cprove-generali%e2%80%9d-dell%e2%80%99evento-in-programma-il-23-agosto-la-vernice-della-manifestaz\/#breadcrumb"},"inLanguage":"fr-FR","potentialAction":[{"@type":"ReadAction","target":["https:\/\/www.bellunopress.it\/2009\/08\/06\/prealpi-marathon-il-tracciato-per-i-biker-e-segnato-per-i-concorrenti-desiderosi-di-fare-le-%e2%80%9cprove-generali%e2%80%9d-dell%e2%80%99evento-in-programma-il-23-agosto-la-vernice-della-manifestaz\/"]}]},{"@type":"BreadcrumbList","@id":"https:\/\/www.bellunopress.it\/2009\/08\/06\/prealpi-marathon-il-tracciato-per-i-biker-e-segnato-per-i-concorrenti-desiderosi-di-fare-le-%e2%80%9cprove-generali%e2%80%9d-dell%e2%80%99evento-in-programma-il-23-agosto-la-vernice-della-manifestaz\/#breadcrumb","itemListElement":[{"@type":"ListItem","position":1,"name":"Home","item":"https:\/\/www.bellunopress.it\/"},{"@type":"ListItem","position":2,"name":"Prealpi Marathon: il tracciato per i biker \u00e8 segnato per i concorrenti desiderosi di fare le \u201cprove generali\u201d dell\u2019evento in programma il 23 agosto. La vernice della manifestazione si svolger\u00e0 marted\u00ec 11 a Mel."}]},{"@type":"WebSite","@id":"https:\/\/www.bellunopress.it\/#website","url":"https:\/\/www.bellunopress.it\/","name":"Bellunopress - Dolomiti","description":"e-mail: redazione@bellunopress.it","publisher":{"@id":"https:\/\/www.bellunopress.it\/#organization"},"potentialAction":[{"@type":"SearchAction","target":{"@type":"EntryPoint","urlTemplate":"https:\/\/www.bellunopress.it\/?s={search_term_string}"},"query-input":{"@type":"PropertyValueSpecification","valueRequired":true,"valueName":"search_term_string"}}],"inLanguage":"fr-FR"},{"@type":"Organization","@id":"https:\/\/www.bellunopress.it\/#organization","name":"Bellunopress","url":"https:\/\/www.bellunopress.it\/","logo":{"@type":"ImageObject","inLanguage":"fr-FR","@id":"https:\/\/www.bellunopress.it\/#\/schema\/logo\/image\/","url":"https:\/\/www.bellunopress.it\/wp-content\/uploads\/2011\/05\/cropped-logo-bellunopress-.jpg","contentUrl":"https:\/\/www.bellunopress.it\/wp-content\/uploads\/2011\/05\/cropped-logo-bellunopress-.jpg","width":512,"height":512,"caption":"Bellunopress"},"image":{"@id":"https:\/\/www.bellunopress.it\/#\/schema\/logo\/image\/"},"sameAs":["https:\/\/www.facebook.com\/profile.php?id=100008943462799","https:\/\/x.com\/bellunopress","https:\/\/www.linkedin.com\/hp\/?dnr=JBzUWaJfMUw8vbXJJ2tVW5-I3jZKvC4wsoxE&amp;amp;amp;amp;amp;amp;trk=nav_responsive_tab_home","https:\/\/www.youtube.com\/channel\/UCxL0wu1uN0_3_7hGG0306cw"]},{"@type":"Person","@id":"https:\/\/www.bellunopress.it\/#\/schema\/person\/79bb06722b37ece1c03d3e94beb30d73","name":"r\u00e9daction","image":{"@type":"ImageObject","inLanguage":"fr-FR","@id":"https:\/\/secure.gravatar.com\/avatar\/37d968a2e67a6fd04c169c4bdef102d0bc5d31b2546345219e348575eb80e9a0?s=96&d=mm&r=g","url":"https:\/\/secure.gravatar.com\/avatar\/37d968a2e67a6fd04c169c4bdef102d0bc5d31b2546345219e348575eb80e9a0?s=96&d=mm&r=g","contentUrl":"https:\/\/secure.gravatar.com\/avatar\/37d968a2e67a6fd04c169c4bdef102d0bc5d31b2546345219e348575eb80e9a0?s=96&d=mm&r=g","caption":"redazione"},"sameAs":["http:\/\/www.bellunopress.it","https:\/\/x.com\/bellunopress"],"url":"https:\/\/www.bellunopress.it\/fr\/author\/redazione\/"}]}},"_links":{"self":[{"href":"https:\/\/www.bellunopress.it\/fr\/wp-json\/wp\/v2\/posts\/6790","targetHints":{"allow":["GET"]}}],"collection":[{"href":"https:\/\/www.bellunopress.it\/fr\/wp-json\/wp\/v2\/posts"}],"about":[{"href":"https:\/\/www.bellunopress.it\/fr\/wp-json\/wp\/v2\/types\/post"}],"author":[{"embeddable":true,"href":"https:\/\/www.bellunopress.it\/fr\/wp-json\/wp\/v2\/users\/2"}],"replies":[{"embeddable":true,"href":"https:\/\/www.bellunopress.it\/fr\/wp-json\/wp\/v2\/comments?post=6790"}],"version-history":[{"count":1,"href":"https:\/\/www.bellunopress.it\/fr\/wp-json\/wp\/v2\/posts\/6790\/revisions"}],"predecessor-version":[{"id":6791,"href":"https:\/\/www.bellunopress.it\/fr\/wp-json\/wp\/v2\/posts\/6790\/revisions\/6791"}],"wp:attachment":[{"href":"https:\/\/www.bellunopress.it\/fr\/wp-json\/wp\/v2\/media?parent=6790"}],"wp:term":[{"taxonomy":"category","embeddable":true,"href":"https:\/\/www.bellunopress.it\/fr\/wp-json\/wp\/v2\/categories?post=6790"},{"taxonomy":"post_tag","embeddable":true,"href":"https:\/\/www.bellunopress.it\/fr\/wp-json\/wp\/v2\/tags?post=6790"}],"curies":[{"name":"wp","href":"https:\/\/api.w.org\/{rel}","templated":true}]}}