{"id":6788,"date":"2009-08-06T22:37:40","date_gmt":"2009-08-06T21:37:40","guid":{"rendered":"http:\/\/www.bellunopress.it\/?p=6788"},"modified":"2009-08-06T22:37:40","modified_gmt":"2009-08-06T21:37:40","slug":"i-prossimi-appuntamenti-della-settimana-dello-sport-amico-a-farra-d%e2%80%99alpago","status":"publish","type":"post","link":"https:\/\/www.bellunopress.it\/fr\/2009\/08\/06\/i-prossimi-appuntamenti-della-settimana-dello-sport-amico-a-farra-d%e2%80%99alpago\/","title":{"rendered":"I prossimi appuntamenti della Settimana dello Sport Amico a Farra d\u2019Alpago"},"content":{"rendered":"<p>Proseguono gli appuntamenti della grande manifestazione di Farra d\u2019Alpago Settimana dello Sport Amico. Sabato 8 agosto, alle ore 21.00 presso la palestra comunale di Farra: il pluricampione olimpico di lotta greco-romana Vincenzo Maenza presenter\u00e0 la sua biografia Cuore di Pollicino, con la partecipazione dell&#8217;autore stesso e dell&#8217;editore Andrea Bacci. Sempre sabato, nel pomeriggio alle ore 17.00 circa, Maenza e la NICO saranno presenti anche alla presentazione del 15\u00b0 Giro del Lago che si terr\u00e0 a Puos d&#8217;Alpago. L\u2019evento clou \u00e8 la Partita del Cuore, che si svolger\u00e0 domenica 9 agosto 2009, alle ore 16, presso l&#8217;Impianto Sportivo Bortolo Canevini. Si tratta di una triangolare di calcio fra la Selezione NICO, la selezione degli Amministratori dell\u2019intero Alpago e la selezione dei Giornalisti Bellunesi. Per l&#8217;occasione, oltre a Claudio Desolati e Vincenzo Maenza, militeranno nella squadra NICO anche Loris Stecca, ex pugile campione mondiale dei pesi supergallo, Marco Gori, ex calciatore di Fiorentina e Ascoli, Mattia Nalesso, nuotatore olimpionico ai Giochi di Pechino 2008, Lorenzo Amoruso, ex calciatore di Fiorentina e Glasgow Rangers, e Patrizio Kalambay, ex pugile campione mondiale di pesi medi. Franco Ligas, purtroppo costretto a non presenziare l\u2019evento causa problemi di salute, verr\u00e0 sostituito da Alberto Malusci, ex calciatore della Fiorentina. I fondi ricavati saranno interamente devoluti a Casa Tua Due di Belluno, la struttura dedicata ai malati di cancro inguaribili che necessitano di protezione e assistenza continua. L\u2019Hospice, ricreando gli ambienti e l\u2019atmosfera di casa, unitamente alla sicurezza di una struttura sanitaria moderna,\u00a0 consente ai pazienti di condurre una vita normale assieme.<br \/>\nPer informazioni: Comune di Farra: 0437 430318\u00a0 <a href=\"http:\/\/www.2ruotealpago.it\">www.2ruotealpago.it<\/a><\/p>","protected":false},"excerpt":{"rendered":"<p>Proseguono gli appuntamenti della grande manifestazione di Farra d\u2019Alpago Settimana dello Sport Amico. Sabato 8 agosto, alle ore 21.00 presso la palestra comunale di Farra: il pluricampione olimpico di lotta greco-romana Vincenzo Maenza presenter\u00e0 la sua biografia Cuore di Pollicino, con la partecipazione dell&#8217;autore stesso e dell&#8217;editore Andrea Bacci. Sempre sabato, nel pomeriggio alle ore [&hellip;]<\/p>\n","protected":false},"author":2,"featured_media":0,"comment_status":"closed","ping_status":"open","sticky":false,"template":"","format":"standard","meta":{"footnotes":""},"categories":[25,4],"tags":[139],"class_list":["post-6788","post","type-post","status-publish","format-standard","category-pausa-caffe","category-sport","tag-belluno"],"yoast_head":"<!-- This site is optimized with the Yoast SEO plugin v28.4 - https:\/\/yoast.com\/product\/yoast-seo-wordpress\/ -->\n<title>I prossimi appuntamenti della Settimana dello Sport Amico a Farra d\u2019Alpago - Bellunopress - Dolomiti<\/title>\n<meta name=\"robots\" content=\"index, follow, max-snippet:-1, max-image-preview:large, max-video-preview:-1\" \/>\n<link rel=\"canonical\" href=\"https:\/\/www.bellunopress.it\/fr\/2009\/08\/06\/i-prossimi-appuntamenti-della-settimana-dello-sport-amico-a-farra-d\u2019alpago\/\" \/>\n<meta property=\"og:locale\" content=\"fr_FR\" \/>\n<meta property=\"og:type\" content=\"article\" \/>\n<meta property=\"og:title\" content=\"I prossimi appuntamenti della Settimana dello Sport Amico a Farra d\u2019Alpago - Bellunopress - Dolomiti\" \/>\n<meta property=\"og:description\" content=\"Proseguono gli appuntamenti della grande manifestazione di Farra d\u2019Alpago Settimana dello Sport Amico. Sabato 8 agosto, alle ore 21.00 presso la palestra comunale di Farra: il pluricampione olimpico di lotta greco-romana Vincenzo Maenza presenter\u00e0 la sua biografia Cuore di Pollicino, con la partecipazione dell&#8217;autore stesso e dell&#8217;editore Andrea Bacci. Sempre sabato, nel pomeriggio alle ore [&hellip;]\" \/>\n<meta property=\"og:url\" content=\"https:\/\/www.bellunopress.it\/fr\/2009\/08\/06\/i-prossimi-appuntamenti-della-settimana-dello-sport-amico-a-farra-d\u2019alpago\/\" \/>\n<meta property=\"og:site_name\" content=\"Bellunopress - Dolomiti\" \/>\n<meta property=\"article:publisher\" content=\"https:\/\/www.facebook.com\/profile.php?id=100008943462799\" \/>\n<meta property=\"article:published_time\" content=\"2009-08-06T21:37:40+00:00\" \/>\n<meta property=\"og:image\" content=\"http:\/\/www.bellunopress.it\/wp-content\/uploads\/2012\/07\/logo-bellunopress-250x250-2012.jpg\" \/>\n<meta name=\"author\" content=\"redazione\" \/>\n<meta name=\"twitter:card\" content=\"summary_large_image\" \/>\n<meta name=\"twitter:creator\" content=\"@bellunopress\" \/>\n<meta name=\"twitter:site\" content=\"@bellunopress\" \/>\n<meta name=\"twitter:label1\" content=\"\u00c9crit par\" \/>\n\t<meta name=\"twitter:data1\" content=\"redazione\" \/>\n\t<meta name=\"twitter:label2\" content=\"Dur\u00e9e de lecture estim\u00e9e\" \/>\n\t<meta name=\"twitter:data2\" content=\"1 minute\" \/>\n<script type=\"application\/ld+json\" class=\"yoast-schema-graph\">{\"@context\":\"https:\\\/\\\/schema.org\",\"@graph\":[{\"@type\":\"Article\",\"@id\":\"https:\\\/\\\/www.bellunopress.it\\\/2009\\\/08\\\/06\\\/i-prossimi-appuntamenti-della-settimana-dello-sport-amico-a-farra-d%e2%80%99alpago\\\/#article\",\"isPartOf\":{\"@id\":\"https:\\\/\\\/www.bellunopress.it\\\/2009\\\/08\\\/06\\\/i-prossimi-appuntamenti-della-settimana-dello-sport-amico-a-farra-d%e2%80%99alpago\\\/\"},\"author\":{\"name\":\"redazione\",\"@id\":\"https:\\\/\\\/www.bellunopress.it\\\/#\\\/schema\\\/person\\\/79bb06722b37ece1c03d3e94beb30d73\"},\"headline\":\"I prossimi appuntamenti della Settimana dello Sport Amico a Farra d\u2019Alpago\",\"datePublished\":\"2009-08-06T21:37:40+00:00\",\"mainEntityOfPage\":{\"@id\":\"https:\\\/\\\/www.bellunopress.it\\\/2009\\\/08\\\/06\\\/i-prossimi-appuntamenti-della-settimana-dello-sport-amico-a-farra-d%e2%80%99alpago\\\/\"},\"wordCount\":276,\"publisher\":{\"@id\":\"https:\\\/\\\/www.bellunopress.it\\\/#organization\"},\"keywords\":[\"Belluno\"],\"articleSection\":[\"Pausa Caff\u00e8\",\"Sport, tempo libero\"],\"inLanguage\":\"fr-FR\"},{\"@type\":\"WebPage\",\"@id\":\"https:\\\/\\\/www.bellunopress.it\\\/2009\\\/08\\\/06\\\/i-prossimi-appuntamenti-della-settimana-dello-sport-amico-a-farra-d%e2%80%99alpago\\\/\",\"url\":\"https:\\\/\\\/www.bellunopress.it\\\/2009\\\/08\\\/06\\\/i-prossimi-appuntamenti-della-settimana-dello-sport-amico-a-farra-d%e2%80%99alpago\\\/\",\"name\":\"I prossimi appuntamenti della Settimana dello Sport Amico a Farra d\u2019Alpago - Bellunopress - Dolomiti\",\"isPartOf\":{\"@id\":\"https:\\\/\\\/www.bellunopress.it\\\/#website\"},\"datePublished\":\"2009-08-06T21:37:40+00:00\",\"breadcrumb\":{\"@id\":\"https:\\\/\\\/www.bellunopress.it\\\/2009\\\/08\\\/06\\\/i-prossimi-appuntamenti-della-settimana-dello-sport-amico-a-farra-d%e2%80%99alpago\\\/#breadcrumb\"},\"inLanguage\":\"fr-FR\",\"potentialAction\":[{\"@type\":\"ReadAction\",\"target\":[\"https:\\\/\\\/www.bellunopress.it\\\/2009\\\/08\\\/06\\\/i-prossimi-appuntamenti-della-settimana-dello-sport-amico-a-farra-d%e2%80%99alpago\\\/\"]}]},{\"@type\":\"BreadcrumbList\",\"@id\":\"https:\\\/\\\/www.bellunopress.it\\\/2009\\\/08\\\/06\\\/i-prossimi-appuntamenti-della-settimana-dello-sport-amico-a-farra-d%e2%80%99alpago\\\/#breadcrumb\",\"itemListElement\":[{\"@type\":\"ListItem\",\"position\":1,\"name\":\"Home\",\"item\":\"https:\\\/\\\/www.bellunopress.it\\\/\"},{\"@type\":\"ListItem\",\"position\":2,\"name\":\"I prossimi appuntamenti della Settimana dello Sport Amico a Farra d\u2019Alpago\"}]},{\"@type\":\"WebSite\",\"@id\":\"https:\\\/\\\/www.bellunopress.it\\\/#website\",\"url\":\"https:\\\/\\\/www.bellunopress.it\\\/\",\"name\":\"Bellunopress - Dolomiti\",\"description\":\"e-mail: redazione@bellunopress.it\",\"publisher\":{\"@id\":\"https:\\\/\\\/www.bellunopress.it\\\/#organization\"},\"potentialAction\":[{\"@type\":\"SearchAction\",\"target\":{\"@type\":\"EntryPoint\",\"urlTemplate\":\"https:\\\/\\\/www.bellunopress.it\\\/?s={search_term_string}\"},\"query-input\":{\"@type\":\"PropertyValueSpecification\",\"valueRequired\":true,\"valueName\":\"search_term_string\"}}],\"inLanguage\":\"fr-FR\"},{\"@type\":\"Organization\",\"@id\":\"https:\\\/\\\/www.bellunopress.it\\\/#organization\",\"name\":\"Bellunopress\",\"url\":\"https:\\\/\\\/www.bellunopress.it\\\/\",\"logo\":{\"@type\":\"ImageObject\",\"inLanguage\":\"fr-FR\",\"@id\":\"https:\\\/\\\/www.bellunopress.it\\\/#\\\/schema\\\/logo\\\/image\\\/\",\"url\":\"https:\\\/\\\/www.bellunopress.it\\\/wp-content\\\/uploads\\\/2011\\\/05\\\/cropped-logo-bellunopress-.jpg\",\"contentUrl\":\"https:\\\/\\\/www.bellunopress.it\\\/wp-content\\\/uploads\\\/2011\\\/05\\\/cropped-logo-bellunopress-.jpg\",\"width\":512,\"height\":512,\"caption\":\"Bellunopress\"},\"image\":{\"@id\":\"https:\\\/\\\/www.bellunopress.it\\\/#\\\/schema\\\/logo\\\/image\\\/\"},\"sameAs\":[\"https:\\\/\\\/www.facebook.com\\\/profile.php?id=100008943462799\",\"https:\\\/\\\/x.com\\\/bellunopress\",\"https:\\\/\\\/www.linkedin.com\\\/hp\\\/?dnr=JBzUWaJfMUw8vbXJJ2tVW5-I3jZKvC4wsoxE&amp;amp;amp;amp;amp;amp;trk=nav_responsive_tab_home\",\"https:\\\/\\\/www.youtube.com\\\/channel\\\/UCxL0wu1uN0_3_7hGG0306cw\"]},{\"@type\":\"Person\",\"@id\":\"https:\\\/\\\/www.bellunopress.it\\\/#\\\/schema\\\/person\\\/79bb06722b37ece1c03d3e94beb30d73\",\"name\":\"redazione\",\"image\":{\"@type\":\"ImageObject\",\"inLanguage\":\"fr-FR\",\"@id\":\"https:\\\/\\\/secure.gravatar.com\\\/avatar\\\/37d968a2e67a6fd04c169c4bdef102d0bc5d31b2546345219e348575eb80e9a0?s=96&d=mm&r=g\",\"url\":\"https:\\\/\\\/secure.gravatar.com\\\/avatar\\\/37d968a2e67a6fd04c169c4bdef102d0bc5d31b2546345219e348575eb80e9a0?s=96&d=mm&r=g\",\"contentUrl\":\"https:\\\/\\\/secure.gravatar.com\\\/avatar\\\/37d968a2e67a6fd04c169c4bdef102d0bc5d31b2546345219e348575eb80e9a0?s=96&d=mm&r=g\",\"caption\":\"redazione\"},\"sameAs\":[\"http:\\\/\\\/www.bellunopress.it\",\"https:\\\/\\\/x.com\\\/bellunopress\"],\"url\":\"https:\\\/\\\/www.bellunopress.it\\\/fr\\\/author\\\/redazione\\\/\"}]}<\/script>\n<!-- \/ Yoast SEO plugin. -->","yoast_head_json":{"title":"I prossimi appuntamenti della Settimana dello Sport Amico a Farra d\u2019Alpago - Bellunopress - Dolomiti","robots":{"index":"index","follow":"follow","max-snippet":"max-snippet:-1","max-image-preview":"max-image-preview:large","max-video-preview":"max-video-preview:-1"},"canonical":"https:\/\/www.bellunopress.it\/fr\/2009\/08\/06\/i-prossimi-appuntamenti-della-settimana-dello-sport-amico-a-farra-d\u2019alpago\/","og_locale":"fr_FR","og_type":"article","og_title":"I prossimi appuntamenti della Settimana dello Sport Amico a Farra d\u2019Alpago - Bellunopress - Dolomiti","og_description":"Proseguono gli appuntamenti della grande manifestazione di Farra d\u2019Alpago Settimana dello Sport Amico. Sabato 8 agosto, alle ore 21.00 presso la palestra comunale di Farra: il pluricampione olimpico di lotta greco-romana Vincenzo Maenza presenter\u00e0 la sua biografia Cuore di Pollicino, con la partecipazione dell&#8217;autore stesso e dell&#8217;editore Andrea Bacci. Sempre sabato, nel pomeriggio alle ore [&hellip;]","og_url":"https:\/\/www.bellunopress.it\/fr\/2009\/08\/06\/i-prossimi-appuntamenti-della-settimana-dello-sport-amico-a-farra-d\u2019alpago\/","og_site_name":"Bellunopress - Dolomiti","article_publisher":"https:\/\/www.facebook.com\/profile.php?id=100008943462799","article_published_time":"2009-08-06T21:37:40+00:00","og_image":[{"url":"http:\/\/www.bellunopress.it\/wp-content\/uploads\/2012\/07\/logo-bellunopress-250x250-2012.jpg","type":"","width":"","height":""}],"author":"redazione","twitter_card":"summary_large_image","twitter_creator":"@bellunopress","twitter_site":"@bellunopress","twitter_misc":{"\u00c9crit par":"redazione","Dur\u00e9e de lecture estim\u00e9e":"1 minute"},"schema":{"@context":"https:\/\/schema.org","@graph":[{"@type":"Article","@id":"https:\/\/www.bellunopress.it\/2009\/08\/06\/i-prossimi-appuntamenti-della-settimana-dello-sport-amico-a-farra-d%e2%80%99alpago\/#article","isPartOf":{"@id":"https:\/\/www.bellunopress.it\/2009\/08\/06\/i-prossimi-appuntamenti-della-settimana-dello-sport-amico-a-farra-d%e2%80%99alpago\/"},"author":{"name":"redazione","@id":"https:\/\/www.bellunopress.it\/#\/schema\/person\/79bb06722b37ece1c03d3e94beb30d73"},"headline":"I prossimi appuntamenti della Settimana dello Sport Amico a Farra d\u2019Alpago","datePublished":"2009-08-06T21:37:40+00:00","mainEntityOfPage":{"@id":"https:\/\/www.bellunopress.it\/2009\/08\/06\/i-prossimi-appuntamenti-della-settimana-dello-sport-amico-a-farra-d%e2%80%99alpago\/"},"wordCount":276,"publisher":{"@id":"https:\/\/www.bellunopress.it\/#organization"},"keywords":["Belluno"],"articleSection":["Pausa Caff\u00e8","Sport, tempo libero"],"inLanguage":"fr-FR"},{"@type":"WebPage","@id":"https:\/\/www.bellunopress.it\/2009\/08\/06\/i-prossimi-appuntamenti-della-settimana-dello-sport-amico-a-farra-d%e2%80%99alpago\/","url":"https:\/\/www.bellunopress.it\/2009\/08\/06\/i-prossimi-appuntamenti-della-settimana-dello-sport-amico-a-farra-d%e2%80%99alpago\/","name":"I prossimi appuntamenti della Settimana dello Sport Amico a Farra d\u2019Alpago - Bellunopress - Dolomiti","isPartOf":{"@id":"https:\/\/www.bellunopress.it\/#website"},"datePublished":"2009-08-06T21:37:40+00:00","breadcrumb":{"@id":"https:\/\/www.bellunopress.it\/2009\/08\/06\/i-prossimi-appuntamenti-della-settimana-dello-sport-amico-a-farra-d%e2%80%99alpago\/#breadcrumb"},"inLanguage":"fr-FR","potentialAction":[{"@type":"ReadAction","target":["https:\/\/www.bellunopress.it\/2009\/08\/06\/i-prossimi-appuntamenti-della-settimana-dello-sport-amico-a-farra-d%e2%80%99alpago\/"]}]},{"@type":"BreadcrumbList","@id":"https:\/\/www.bellunopress.it\/2009\/08\/06\/i-prossimi-appuntamenti-della-settimana-dello-sport-amico-a-farra-d%e2%80%99alpago\/#breadcrumb","itemListElement":[{"@type":"ListItem","position":1,"name":"Home","item":"https:\/\/www.bellunopress.it\/"},{"@type":"ListItem","position":2,"name":"I prossimi appuntamenti della Settimana dello Sport Amico a Farra d\u2019Alpago"}]},{"@type":"WebSite","@id":"https:\/\/www.bellunopress.it\/#website","url":"https:\/\/www.bellunopress.it\/","name":"Bellunopress - Dolomiti","description":"e-mail: redazione@bellunopress.it","publisher":{"@id":"https:\/\/www.bellunopress.it\/#organization"},"potentialAction":[{"@type":"SearchAction","target":{"@type":"EntryPoint","urlTemplate":"https:\/\/www.bellunopress.it\/?s={search_term_string}"},"query-input":{"@type":"PropertyValueSpecification","valueRequired":true,"valueName":"search_term_string"}}],"inLanguage":"fr-FR"},{"@type":"Organization","@id":"https:\/\/www.bellunopress.it\/#organization","name":"Bellunopress","url":"https:\/\/www.bellunopress.it\/","logo":{"@type":"ImageObject","inLanguage":"fr-FR","@id":"https:\/\/www.bellunopress.it\/#\/schema\/logo\/image\/","url":"https:\/\/www.bellunopress.it\/wp-content\/uploads\/2011\/05\/cropped-logo-bellunopress-.jpg","contentUrl":"https:\/\/www.bellunopress.it\/wp-content\/uploads\/2011\/05\/cropped-logo-bellunopress-.jpg","width":512,"height":512,"caption":"Bellunopress"},"image":{"@id":"https:\/\/www.bellunopress.it\/#\/schema\/logo\/image\/"},"sameAs":["https:\/\/www.facebook.com\/profile.php?id=100008943462799","https:\/\/x.com\/bellunopress","https:\/\/www.linkedin.com\/hp\/?dnr=JBzUWaJfMUw8vbXJJ2tVW5-I3jZKvC4wsoxE&amp;amp;amp;amp;amp;amp;trk=nav_responsive_tab_home","https:\/\/www.youtube.com\/channel\/UCxL0wu1uN0_3_7hGG0306cw"]},{"@type":"Person","@id":"https:\/\/www.bellunopress.it\/#\/schema\/person\/79bb06722b37ece1c03d3e94beb30d73","name":"r\u00e9daction","image":{"@type":"ImageObject","inLanguage":"fr-FR","@id":"https:\/\/secure.gravatar.com\/avatar\/37d968a2e67a6fd04c169c4bdef102d0bc5d31b2546345219e348575eb80e9a0?s=96&d=mm&r=g","url":"https:\/\/secure.gravatar.com\/avatar\/37d968a2e67a6fd04c169c4bdef102d0bc5d31b2546345219e348575eb80e9a0?s=96&d=mm&r=g","contentUrl":"https:\/\/secure.gravatar.com\/avatar\/37d968a2e67a6fd04c169c4bdef102d0bc5d31b2546345219e348575eb80e9a0?s=96&d=mm&r=g","caption":"redazione"},"sameAs":["http:\/\/www.bellunopress.it","https:\/\/x.com\/bellunopress"],"url":"https:\/\/www.bellunopress.it\/fr\/author\/redazione\/"}]}},"_links":{"self":[{"href":"https:\/\/www.bellunopress.it\/fr\/wp-json\/wp\/v2\/posts\/6788","targetHints":{"allow":["GET"]}}],"collection":[{"href":"https:\/\/www.bellunopress.it\/fr\/wp-json\/wp\/v2\/posts"}],"about":[{"href":"https:\/\/www.bellunopress.it\/fr\/wp-json\/wp\/v2\/types\/post"}],"author":[{"embeddable":true,"href":"https:\/\/www.bellunopress.it\/fr\/wp-json\/wp\/v2\/users\/2"}],"replies":[{"embeddable":true,"href":"https:\/\/www.bellunopress.it\/fr\/wp-json\/wp\/v2\/comments?post=6788"}],"version-history":[{"count":1,"href":"https:\/\/www.bellunopress.it\/fr\/wp-json\/wp\/v2\/posts\/6788\/revisions"}],"predecessor-version":[{"id":6789,"href":"https:\/\/www.bellunopress.it\/fr\/wp-json\/wp\/v2\/posts\/6788\/revisions\/6789"}],"wp:attachment":[{"href":"https:\/\/www.bellunopress.it\/fr\/wp-json\/wp\/v2\/media?parent=6788"}],"wp:term":[{"taxonomy":"category","embeddable":true,"href":"https:\/\/www.bellunopress.it\/fr\/wp-json\/wp\/v2\/categories?post=6788"},{"taxonomy":"post_tag","embeddable":true,"href":"https:\/\/www.bellunopress.it\/fr\/wp-json\/wp\/v2\/tags?post=6788"}],"curies":[{"name":"wp","href":"https:\/\/api.w.org\/{rel}","templated":true}]}}