{"id":67866,"date":"2015-04-11T13:44:35","date_gmt":"2015-04-11T11:44:35","guid":{"rendered":"http:\/\/www.bellunopress.it\/?p=67866"},"modified":"2015-04-11T13:44:35","modified_gmt":"2015-04-11T11:44:35","slug":"il-documentario-sul-vajont-di-nicola-pittarello-commentato-da-francesca-chiarelli","status":"publish","type":"post","link":"https:\/\/www.bellunopress.it\/fr\/2015\/04\/11\/il-documentario-sul-vajont-di-nicola-pittarello-commentato-da-francesca-chiarelli\/","title":{"rendered":"Il documentario sul Vajont di Nicola Pittarello commentato da Francesca Chiarelli"},"content":{"rendered":"<figure id=\"attachment_67867\" aria-describedby=\"caption-attachment-67867\" style=\"width: 280px\" class=\"wp-caption alignleft\"><a href=\"http:\/\/www.bellunopress.it\/wp-content\/uploads\/2015\/04\/Notaio-Chiarelli-e-figlia-Francesca-leggera.jpg\"><img loading=\"lazy\" decoding=\"async\" class=\"wp-image-67867 size-full\" src=\"http:\/\/www.bellunopress.it\/wp-content\/uploads\/2015\/04\/Notaio-Chiarelli-e-figlia-Francesca-leggera.jpg\" alt=\"Notaio Chiarelli e figlia Francesca leggera\" width=\"280\" height=\"245\" \/><\/a><figcaption id=\"caption-attachment-67867\" class=\"wp-caption-text\">Il notaio Chiarelli con la figlia Francesca<\/figcaption><\/figure>\n<p>\u00c8 stato proiettato ieri, nel gremito e attento cinema Italia, un film documentario di Nicola Pittarello sul Vajont. Il giudizio sul film non pu\u00f2 prescindere dal suo scopo primario dichiarato, che \u00e8 quello di informare le nuove generazioni e in generale chi sa poco o nulla sul tema, lanciando al contempo, nel poco spazio compresso di un&#8217;ora e mezza, dei sassolini a chi volesse coglierli per approfondire in modo autonomo un tema terribilmente complesso e per certi versi ancora pericoloso da esplorare davvero. Scopo raggiunto, a mio parere, e pertanto ne auspico la diffusione e la visione.<br \/>\nIl docufilm ha scelto di centrare l&#8217;attenzione sulle vicende essenziali storiche, soprattutto quelle processuali: dalla prima ideazione dell&#8217;opera (quasi un secolo fa) fino alla sentenza dell&#8217;ultimo processo (1971), tagliando di proposito tutto il resto per dare una precisa connotazione e scopo al proprio lavoro. Ad altri lavori \u00e8 gi\u00e0 affidata la memoria storica di quanto patito e ricordato da tante persone coinvolte (superstiti, sopravvissuti, soccorritori, \u2026) e ricostruzioni sulle vicende posteriori (la truffa delle compravendite di licenze, la ricostruzione delle diverse localit\u00e0, le strade prese dai soldi di risarcimento e di silenziamento\u2026).<br \/>\nHo apprezzato lo stile del racconto, che si \u00e8 centrato sulla ricostruzione fedele di dialoghi reali (con parole esatte riportate dai testi e dai verbali ormai storici) fra il giudice istruttore e gli imputati principali. Moltissimi filmati d&#8217;epoca, alcuni dei quali inediti, girati un po&#8217; da tutti: amatoriali generici, o girati della Sade, o per i telegiornali dell&#8217;epoca. Molti interessanti collage grafici e dinamici di foto, schemi e articoli giornalistici, scelti fra i pi\u00f9 rappresentativi, collegati in una sorta di denso riassunto.<br \/>\nCommenti attuali di alcune persone competenti sul tema, selezionate in base alla loro &#8220;neutralit\u00e0&#8221;, perch\u00e9 potessero dire fino a 9 ma non 10.<br \/>\nIl tema \u00e8 estremamente complesso e una selezione di contenuti andava fatta per forza. Trovo che la scelta operata sia adeguata al target di utenza, ovvero menti ignare di tutto che siano desiderose di iniziare a capire qualcosa, di avere i contorni di una sagoma che star\u00e0 a ciascuno identificare meglio.<br \/>\nUn buon punto di partenza.<br \/>\nPer chi invece \u00e8 gi\u00e0 avanti nella strada, il docufilm lascia il tempo che trova e non soddisfa la speranza di ben altro materiale inedito, tranquillizzando al contempo chi desidera che quel materiale non esca ancora, a turbare le coscienze, che \u00e8 preferibile per taluni tenere sopite. Mi \u00e8 parso un accettabile compromesso fra ci\u00f2 che si pu\u00f2 dire e ci\u00f2 che ancora non si pu\u00f2 dire troppo apertamente.<br \/>\nTutti non si possono accontentare, \u00e8 evidente e normale.<br \/>\nUn giorno il giudice Mario Fabbri (presente in sala e fra gli intervistati nel film), ebbe a dire: &#8220;Fin dall&#8217;inizio l&#8217;intento fu quello di seppellire il Vajont dalla coscienza collettiva&#8221;.<br \/>\nBen vengano quindi docufilm ben fatti come questo, che ne parlano e chiss\u00e0 che un domani, quando tutti i coinvolti saranno morti, si possano sottolineare con voce maggiore quei particolari persi nella carrellata di grandangolo del film, ma meritoriamente presenti, a ben guardare con una buona lente. D\u2019altronde il regista \u00e8 un padovano, e pu\u00f2 quindi avere un punto di vista pi\u00f9 neutrale, probabilmente non notando lui stesso il peso di quei dettagli da lente che tanto clamore hanno suscitato in passato anche recente, detti con altre parole.<br \/>\nAl termine della proiezione \u00e8 iniziato un piccolo dibattito pubblico, con domande dirette al regista e al sindaco di Longarone.<br \/>\nUna domanda (sintesi mia) &#8220;La gente aveva la percezione di un pericolo tanto grave? possibile che a vedere quelle crepe e segnali non siano scappati prima?&#8221;. La risposta (data dal sindaco Roberto Padrin) \u00e8, in sintesi, no, non lo sapevano con questa sicurezza che abbiamo oggi, si sono fidati delle rassicurazioni dell\u2019Enel.<br \/>\nAggiungo io qui: \u00e8 appunto di fronte a questo muro di fiducia mal riposta che il giorno 9 mio padre si \u00e8 scontrato quando cerc\u00f2 di far s\u00ec, invano, che le autorit\u00e0 avvisassero tutti di stare alla larga comunque quella sera, nel dubbio del risultato dell\u2019evento franoso imminente a ore, all\u2019insaputa dei pi\u00f9 ancora oggi: almeno dal giorno prima era nota ai responsabili Enel la sera del 9 come quella fatale. Mio padre l\u2019ha saputo per caso, per confidenza imprudente di quei due il giorno 8 nel suo ufficio. Non far evacuare anche Longarone \u00e8 stata una precisa scelta di Biadene (e di tutti coloro che hanno accettato supinamente quella decisione), non un caso dovuto ad una data non nota. In un punto del docufilm questa mia affermazione trova conferma nelle stesse parole di Biadene.<br \/>\nAltra domanda dal pubblico in sala (sintesi mia): &#8220;La giustizia italiana fa una gran brutta figura e anzi come mai il film non evidenzia meglio che molta pi\u00f9 gente dei pochi imputati ha avuto una parte negativa nella vicenda?&#8221;. La domanda lasciava intendere un senso di avvilimento e di impotenza come se tutti i coinvolti fossero stati colpevoli. La risposta del regista in sintesi ha evidenziato come questa sensazione esatta vada bilanciata con le persone che invece si sono comportate in modo diverso e retto e che anche su quelle va puntata l&#8217;attenzione.<br \/>\nAggiungo io qui: persone come mio padre, che poteva tapparsi le orecchie, dimenticare quelle confidenze nel suo studio, stare con la sua famiglia a Belluno, invece di correre da una autorit\u00e0 all&#8217;altra, da un posto all&#8217;altro, senza effetto utile, poteva cedere alla pressione che gli intimava di non testimoniare al processo che l&#8217;ha fatto partire per L&#8217;Aquila, quel giorno del 1968 dicendo &#8220;Vado, spero di tornare&#8221;, tale era la sua preoccupazione.<br \/>\nTutti coloro che hanno preso posizione contro i responsabili del Vajont, hanno pagato con vicende personali successive, chi pi\u00f9 chi meno e in modi diversi. Compreso lui.<br \/>\nAltre domande e commenti sono seguiti, poi l&#8217;adunata si \u00e8 sciolta e ciascuno \u00e8 tornato alle proprie normali occupazioni, in molti senza collegare il proprio quotidiano operato con quanto appena proiettato. Ma forse qualcuno s\u00ec e di questo ne ha buon merito il regista, perch\u00e9 a questo dovrebbero servire questi lavori: ciascuno di noi faccia la propria parte ogni giorno, nel posto dov&#8217;\u00e8, nel proprio ambito, perch\u00e9 \u00e8 di noi, di ciascuno di noi, che \u00e8 fatta la societ\u00e0 civile.<\/p>\n<p>Francesca Chiarelli<\/p>","protected":false},"excerpt":{"rendered":"<p>\u00c8 stato proiettato ieri, nel gremito e attento cinema Italia, un film documentario di Nicola Pittarello sul Vajont. Il giudizio sul film non pu\u00f2 prescindere dal suo scopo primario dichiarato, che \u00e8 quello di informare le nuove generazioni e in generale chi sa poco o nulla sul tema, lanciando al contempo, nel poco spazio compresso [&hellip;]<\/p>\n","protected":false},"author":2,"featured_media":0,"comment_status":"closed","ping_status":"open","sticky":false,"template":"","format":"standard","meta":{"footnotes":""},"categories":[3,49,1,26],"tags":[],"class_list":["post-67866","post","type-post","status-publish","format-standard","category-arte-cultura-spettacoli-scienza-archivi","category-speciali","category-leo","category-prima-pagina"],"yoast_head":"<!-- This site is optimized with the Yoast SEO plugin v28.4 - https:\/\/yoast.com\/product\/yoast-seo-wordpress\/ -->\n<title>Il documentario sul Vajont di Nicola Pittarello commentato da Francesca Chiarelli - Bellunopress - Dolomiti<\/title>\n<meta name=\"robots\" content=\"index, follow, max-snippet:-1, max-image-preview:large, max-video-preview:-1\" \/>\n<link rel=\"canonical\" href=\"https:\/\/www.bellunopress.it\/fr\/2015\/04\/11\/il-documentario-sul-vajont-di-nicola-pittarello-commentato-da-francesca-chiarelli\/\" \/>\n<meta property=\"og:locale\" content=\"fr_FR\" \/>\n<meta property=\"og:type\" content=\"article\" \/>\n<meta property=\"og:title\" content=\"Il documentario sul Vajont di Nicola Pittarello commentato da Francesca Chiarelli - Bellunopress - Dolomiti\" \/>\n<meta property=\"og:description\" content=\"\u00c8 stato proiettato ieri, nel gremito e attento cinema Italia, un film documentario di Nicola Pittarello sul Vajont. Il giudizio sul film non pu\u00f2 prescindere dal suo scopo primario dichiarato, che \u00e8 quello di informare le nuove generazioni e in generale chi sa poco o nulla sul tema, lanciando al contempo, nel poco spazio compresso [&hellip;]\" \/>\n<meta property=\"og:url\" content=\"https:\/\/www.bellunopress.it\/fr\/2015\/04\/11\/il-documentario-sul-vajont-di-nicola-pittarello-commentato-da-francesca-chiarelli\/\" \/>\n<meta property=\"og:site_name\" content=\"Bellunopress - Dolomiti\" \/>\n<meta property=\"article:publisher\" content=\"https:\/\/www.facebook.com\/profile.php?id=100008943462799\" \/>\n<meta property=\"article:published_time\" content=\"2015-04-11T11:44:35+00:00\" \/>\n<meta property=\"og:image\" content=\"http:\/\/www.bellunopress.it\/wp-content\/uploads\/2015\/04\/Notaio-Chiarelli-e-figlia-Francesca-leggera.jpg\" \/>\n<meta name=\"author\" content=\"redazione\" \/>\n<meta name=\"twitter:card\" content=\"summary_large_image\" \/>\n<meta name=\"twitter:creator\" content=\"@bellunopress\" \/>\n<meta name=\"twitter:site\" content=\"@bellunopress\" \/>\n<meta name=\"twitter:label1\" content=\"\u00c9crit par\" \/>\n\t<meta name=\"twitter:data1\" content=\"redazione\" \/>\n\t<meta name=\"twitter:label2\" content=\"Dur\u00e9e de lecture estim\u00e9e\" \/>\n\t<meta name=\"twitter:data2\" content=\"5 minutes\" \/>\n<script type=\"application\/ld+json\" class=\"yoast-schema-graph\">{\"@context\":\"https:\\\/\\\/schema.org\",\"@graph\":[{\"@type\":\"Article\",\"@id\":\"https:\\\/\\\/www.bellunopress.it\\\/2015\\\/04\\\/11\\\/il-documentario-sul-vajont-di-nicola-pittarello-commentato-da-francesca-chiarelli\\\/#article\",\"isPartOf\":{\"@id\":\"https:\\\/\\\/www.bellunopress.it\\\/2015\\\/04\\\/11\\\/il-documentario-sul-vajont-di-nicola-pittarello-commentato-da-francesca-chiarelli\\\/\"},\"author\":{\"name\":\"redazione\",\"@id\":\"https:\\\/\\\/www.bellunopress.it\\\/#\\\/schema\\\/person\\\/79bb06722b37ece1c03d3e94beb30d73\"},\"headline\":\"Il documentario sul Vajont di Nicola Pittarello commentato da Francesca Chiarelli\",\"datePublished\":\"2015-04-11T11:44:35+00:00\",\"mainEntityOfPage\":{\"@id\":\"https:\\\/\\\/www.bellunopress.it\\\/2015\\\/04\\\/11\\\/il-documentario-sul-vajont-di-nicola-pittarello-commentato-da-francesca-chiarelli\\\/\"},\"wordCount\":1043,\"publisher\":{\"@id\":\"https:\\\/\\\/www.bellunopress.it\\\/#organization\"},\"image\":{\"@id\":\"https:\\\/\\\/www.bellunopress.it\\\/2015\\\/04\\\/11\\\/il-documentario-sul-vajont-di-nicola-pittarello-commentato-da-francesca-chiarelli\\\/#primaryimage\"},\"thumbnailUrl\":\"http:\\\/\\\/www.bellunopress.it\\\/wp-content\\\/uploads\\\/2015\\\/04\\\/Notaio-Chiarelli-e-figlia-Francesca-leggera.jpg\",\"articleSection\":[\"Arte, Cultura, Spettacoli, Scienza\",\"Gli speciali di Bellunopress\",\"Lettere Opinioni\",\"Prima Pagina\"],\"inLanguage\":\"fr-FR\"},{\"@type\":\"WebPage\",\"@id\":\"https:\\\/\\\/www.bellunopress.it\\\/2015\\\/04\\\/11\\\/il-documentario-sul-vajont-di-nicola-pittarello-commentato-da-francesca-chiarelli\\\/\",\"url\":\"https:\\\/\\\/www.bellunopress.it\\\/2015\\\/04\\\/11\\\/il-documentario-sul-vajont-di-nicola-pittarello-commentato-da-francesca-chiarelli\\\/\",\"name\":\"Il documentario sul Vajont di Nicola Pittarello commentato da Francesca Chiarelli - Bellunopress - Dolomiti\",\"isPartOf\":{\"@id\":\"https:\\\/\\\/www.bellunopress.it\\\/#website\"},\"primaryImageOfPage\":{\"@id\":\"https:\\\/\\\/www.bellunopress.it\\\/2015\\\/04\\\/11\\\/il-documentario-sul-vajont-di-nicola-pittarello-commentato-da-francesca-chiarelli\\\/#primaryimage\"},\"image\":{\"@id\":\"https:\\\/\\\/www.bellunopress.it\\\/2015\\\/04\\\/11\\\/il-documentario-sul-vajont-di-nicola-pittarello-commentato-da-francesca-chiarelli\\\/#primaryimage\"},\"thumbnailUrl\":\"http:\\\/\\\/www.bellunopress.it\\\/wp-content\\\/uploads\\\/2015\\\/04\\\/Notaio-Chiarelli-e-figlia-Francesca-leggera.jpg\",\"datePublished\":\"2015-04-11T11:44:35+00:00\",\"breadcrumb\":{\"@id\":\"https:\\\/\\\/www.bellunopress.it\\\/2015\\\/04\\\/11\\\/il-documentario-sul-vajont-di-nicola-pittarello-commentato-da-francesca-chiarelli\\\/#breadcrumb\"},\"inLanguage\":\"fr-FR\",\"potentialAction\":[{\"@type\":\"ReadAction\",\"target\":[\"https:\\\/\\\/www.bellunopress.it\\\/2015\\\/04\\\/11\\\/il-documentario-sul-vajont-di-nicola-pittarello-commentato-da-francesca-chiarelli\\\/\"]}]},{\"@type\":\"ImageObject\",\"inLanguage\":\"fr-FR\",\"@id\":\"https:\\\/\\\/www.bellunopress.it\\\/2015\\\/04\\\/11\\\/il-documentario-sul-vajont-di-nicola-pittarello-commentato-da-francesca-chiarelli\\\/#primaryimage\",\"url\":\"http:\\\/\\\/www.bellunopress.it\\\/wp-content\\\/uploads\\\/2015\\\/04\\\/Notaio-Chiarelli-e-figlia-Francesca-leggera.jpg\",\"contentUrl\":\"http:\\\/\\\/www.bellunopress.it\\\/wp-content\\\/uploads\\\/2015\\\/04\\\/Notaio-Chiarelli-e-figlia-Francesca-leggera.jpg\"},{\"@type\":\"BreadcrumbList\",\"@id\":\"https:\\\/\\\/www.bellunopress.it\\\/2015\\\/04\\\/11\\\/il-documentario-sul-vajont-di-nicola-pittarello-commentato-da-francesca-chiarelli\\\/#breadcrumb\",\"itemListElement\":[{\"@type\":\"ListItem\",\"position\":1,\"name\":\"Home\",\"item\":\"https:\\\/\\\/www.bellunopress.it\\\/\"},{\"@type\":\"ListItem\",\"position\":2,\"name\":\"Il documentario sul Vajont di Nicola Pittarello commentato da Francesca Chiarelli\"}]},{\"@type\":\"WebSite\",\"@id\":\"https:\\\/\\\/www.bellunopress.it\\\/#website\",\"url\":\"https:\\\/\\\/www.bellunopress.it\\\/\",\"name\":\"Bellunopress - Dolomiti\",\"description\":\"e-mail: redazione@bellunopress.it\",\"publisher\":{\"@id\":\"https:\\\/\\\/www.bellunopress.it\\\/#organization\"},\"potentialAction\":[{\"@type\":\"SearchAction\",\"target\":{\"@type\":\"EntryPoint\",\"urlTemplate\":\"https:\\\/\\\/www.bellunopress.it\\\/?s={search_term_string}\"},\"query-input\":{\"@type\":\"PropertyValueSpecification\",\"valueRequired\":true,\"valueName\":\"search_term_string\"}}],\"inLanguage\":\"fr-FR\"},{\"@type\":\"Organization\",\"@id\":\"https:\\\/\\\/www.bellunopress.it\\\/#organization\",\"name\":\"Bellunopress\",\"url\":\"https:\\\/\\\/www.bellunopress.it\\\/\",\"logo\":{\"@type\":\"ImageObject\",\"inLanguage\":\"fr-FR\",\"@id\":\"https:\\\/\\\/www.bellunopress.it\\\/#\\\/schema\\\/logo\\\/image\\\/\",\"url\":\"https:\\\/\\\/www.bellunopress.it\\\/wp-content\\\/uploads\\\/2011\\\/05\\\/cropped-logo-bellunopress-.jpg\",\"contentUrl\":\"https:\\\/\\\/www.bellunopress.it\\\/wp-content\\\/uploads\\\/2011\\\/05\\\/cropped-logo-bellunopress-.jpg\",\"width\":512,\"height\":512,\"caption\":\"Bellunopress\"},\"image\":{\"@id\":\"https:\\\/\\\/www.bellunopress.it\\\/#\\\/schema\\\/logo\\\/image\\\/\"},\"sameAs\":[\"https:\\\/\\\/www.facebook.com\\\/profile.php?id=100008943462799\",\"https:\\\/\\\/x.com\\\/bellunopress\",\"https:\\\/\\\/www.linkedin.com\\\/hp\\\/?dnr=JBzUWaJfMUw8vbXJJ2tVW5-I3jZKvC4wsoxE&amp;amp;amp;amp;amp;amp;trk=nav_responsive_tab_home\",\"https:\\\/\\\/www.youtube.com\\\/channel\\\/UCxL0wu1uN0_3_7hGG0306cw\"]},{\"@type\":\"Person\",\"@id\":\"https:\\\/\\\/www.bellunopress.it\\\/#\\\/schema\\\/person\\\/79bb06722b37ece1c03d3e94beb30d73\",\"name\":\"redazione\",\"image\":{\"@type\":\"ImageObject\",\"inLanguage\":\"fr-FR\",\"@id\":\"https:\\\/\\\/secure.gravatar.com\\\/avatar\\\/37d968a2e67a6fd04c169c4bdef102d0bc5d31b2546345219e348575eb80e9a0?s=96&d=mm&r=g\",\"url\":\"https:\\\/\\\/secure.gravatar.com\\\/avatar\\\/37d968a2e67a6fd04c169c4bdef102d0bc5d31b2546345219e348575eb80e9a0?s=96&d=mm&r=g\",\"contentUrl\":\"https:\\\/\\\/secure.gravatar.com\\\/avatar\\\/37d968a2e67a6fd04c169c4bdef102d0bc5d31b2546345219e348575eb80e9a0?s=96&d=mm&r=g\",\"caption\":\"redazione\"},\"sameAs\":[\"http:\\\/\\\/www.bellunopress.it\",\"https:\\\/\\\/x.com\\\/bellunopress\"],\"url\":\"https:\\\/\\\/www.bellunopress.it\\\/fr\\\/author\\\/redazione\\\/\"}]}<\/script>\n<!-- \/ Yoast SEO plugin. -->","yoast_head_json":{"title":"Il documentario sul Vajont di Nicola Pittarello commentato da Francesca Chiarelli - Bellunopress - Dolomiti","robots":{"index":"index","follow":"follow","max-snippet":"max-snippet:-1","max-image-preview":"max-image-preview:large","max-video-preview":"max-video-preview:-1"},"canonical":"https:\/\/www.bellunopress.it\/fr\/2015\/04\/11\/il-documentario-sul-vajont-di-nicola-pittarello-commentato-da-francesca-chiarelli\/","og_locale":"fr_FR","og_type":"article","og_title":"Il documentario sul Vajont di Nicola Pittarello commentato da Francesca Chiarelli - Bellunopress - Dolomiti","og_description":"\u00c8 stato proiettato ieri, nel gremito e attento cinema Italia, un film documentario di Nicola Pittarello sul Vajont. Il giudizio sul film non pu\u00f2 prescindere dal suo scopo primario dichiarato, che \u00e8 quello di informare le nuove generazioni e in generale chi sa poco o nulla sul tema, lanciando al contempo, nel poco spazio compresso [&hellip;]","og_url":"https:\/\/www.bellunopress.it\/fr\/2015\/04\/11\/il-documentario-sul-vajont-di-nicola-pittarello-commentato-da-francesca-chiarelli\/","og_site_name":"Bellunopress - Dolomiti","article_publisher":"https:\/\/www.facebook.com\/profile.php?id=100008943462799","article_published_time":"2015-04-11T11:44:35+00:00","og_image":[{"url":"http:\/\/www.bellunopress.it\/wp-content\/uploads\/2015\/04\/Notaio-Chiarelli-e-figlia-Francesca-leggera.jpg","type":"","width":"","height":""}],"author":"redazione","twitter_card":"summary_large_image","twitter_creator":"@bellunopress","twitter_site":"@bellunopress","twitter_misc":{"\u00c9crit par":"redazione","Dur\u00e9e de lecture estim\u00e9e":"5 minutes"},"schema":{"@context":"https:\/\/schema.org","@graph":[{"@type":"Article","@id":"https:\/\/www.bellunopress.it\/2015\/04\/11\/il-documentario-sul-vajont-di-nicola-pittarello-commentato-da-francesca-chiarelli\/#article","isPartOf":{"@id":"https:\/\/www.bellunopress.it\/2015\/04\/11\/il-documentario-sul-vajont-di-nicola-pittarello-commentato-da-francesca-chiarelli\/"},"author":{"name":"redazione","@id":"https:\/\/www.bellunopress.it\/#\/schema\/person\/79bb06722b37ece1c03d3e94beb30d73"},"headline":"Il documentario sul Vajont di Nicola Pittarello commentato da Francesca Chiarelli","datePublished":"2015-04-11T11:44:35+00:00","mainEntityOfPage":{"@id":"https:\/\/www.bellunopress.it\/2015\/04\/11\/il-documentario-sul-vajont-di-nicola-pittarello-commentato-da-francesca-chiarelli\/"},"wordCount":1043,"publisher":{"@id":"https:\/\/www.bellunopress.it\/#organization"},"image":{"@id":"https:\/\/www.bellunopress.it\/2015\/04\/11\/il-documentario-sul-vajont-di-nicola-pittarello-commentato-da-francesca-chiarelli\/#primaryimage"},"thumbnailUrl":"http:\/\/www.bellunopress.it\/wp-content\/uploads\/2015\/04\/Notaio-Chiarelli-e-figlia-Francesca-leggera.jpg","articleSection":["Arte, Cultura, Spettacoli, Scienza","Gli speciali di Bellunopress","Lettere Opinioni","Prima Pagina"],"inLanguage":"fr-FR"},{"@type":"WebPage","@id":"https:\/\/www.bellunopress.it\/2015\/04\/11\/il-documentario-sul-vajont-di-nicola-pittarello-commentato-da-francesca-chiarelli\/","url":"https:\/\/www.bellunopress.it\/2015\/04\/11\/il-documentario-sul-vajont-di-nicola-pittarello-commentato-da-francesca-chiarelli\/","name":"Il documentario sul Vajont di Nicola Pittarello commentato da Francesca Chiarelli - Bellunopress - Dolomiti","isPartOf":{"@id":"https:\/\/www.bellunopress.it\/#website"},"primaryImageOfPage":{"@id":"https:\/\/www.bellunopress.it\/2015\/04\/11\/il-documentario-sul-vajont-di-nicola-pittarello-commentato-da-francesca-chiarelli\/#primaryimage"},"image":{"@id":"https:\/\/www.bellunopress.it\/2015\/04\/11\/il-documentario-sul-vajont-di-nicola-pittarello-commentato-da-francesca-chiarelli\/#primaryimage"},"thumbnailUrl":"http:\/\/www.bellunopress.it\/wp-content\/uploads\/2015\/04\/Notaio-Chiarelli-e-figlia-Francesca-leggera.jpg","datePublished":"2015-04-11T11:44:35+00:00","breadcrumb":{"@id":"https:\/\/www.bellunopress.it\/2015\/04\/11\/il-documentario-sul-vajont-di-nicola-pittarello-commentato-da-francesca-chiarelli\/#breadcrumb"},"inLanguage":"fr-FR","potentialAction":[{"@type":"ReadAction","target":["https:\/\/www.bellunopress.it\/2015\/04\/11\/il-documentario-sul-vajont-di-nicola-pittarello-commentato-da-francesca-chiarelli\/"]}]},{"@type":"ImageObject","inLanguage":"fr-FR","@id":"https:\/\/www.bellunopress.it\/2015\/04\/11\/il-documentario-sul-vajont-di-nicola-pittarello-commentato-da-francesca-chiarelli\/#primaryimage","url":"http:\/\/www.bellunopress.it\/wp-content\/uploads\/2015\/04\/Notaio-Chiarelli-e-figlia-Francesca-leggera.jpg","contentUrl":"http:\/\/www.bellunopress.it\/wp-content\/uploads\/2015\/04\/Notaio-Chiarelli-e-figlia-Francesca-leggera.jpg"},{"@type":"BreadcrumbList","@id":"https:\/\/www.bellunopress.it\/2015\/04\/11\/il-documentario-sul-vajont-di-nicola-pittarello-commentato-da-francesca-chiarelli\/#breadcrumb","itemListElement":[{"@type":"ListItem","position":1,"name":"Home","item":"https:\/\/www.bellunopress.it\/"},{"@type":"ListItem","position":2,"name":"Il documentario sul Vajont di Nicola Pittarello commentato da Francesca Chiarelli"}]},{"@type":"WebSite","@id":"https:\/\/www.bellunopress.it\/#website","url":"https:\/\/www.bellunopress.it\/","name":"Bellunopress - Dolomiti","description":"e-mail: redazione@bellunopress.it","publisher":{"@id":"https:\/\/www.bellunopress.it\/#organization"},"potentialAction":[{"@type":"SearchAction","target":{"@type":"EntryPoint","urlTemplate":"https:\/\/www.bellunopress.it\/?s={search_term_string}"},"query-input":{"@type":"PropertyValueSpecification","valueRequired":true,"valueName":"search_term_string"}}],"inLanguage":"fr-FR"},{"@type":"Organization","@id":"https:\/\/www.bellunopress.it\/#organization","name":"Bellunopress","url":"https:\/\/www.bellunopress.it\/","logo":{"@type":"ImageObject","inLanguage":"fr-FR","@id":"https:\/\/www.bellunopress.it\/#\/schema\/logo\/image\/","url":"https:\/\/www.bellunopress.it\/wp-content\/uploads\/2011\/05\/cropped-logo-bellunopress-.jpg","contentUrl":"https:\/\/www.bellunopress.it\/wp-content\/uploads\/2011\/05\/cropped-logo-bellunopress-.jpg","width":512,"height":512,"caption":"Bellunopress"},"image":{"@id":"https:\/\/www.bellunopress.it\/#\/schema\/logo\/image\/"},"sameAs":["https:\/\/www.facebook.com\/profile.php?id=100008943462799","https:\/\/x.com\/bellunopress","https:\/\/www.linkedin.com\/hp\/?dnr=JBzUWaJfMUw8vbXJJ2tVW5-I3jZKvC4wsoxE&amp;amp;amp;amp;amp;amp;trk=nav_responsive_tab_home","https:\/\/www.youtube.com\/channel\/UCxL0wu1uN0_3_7hGG0306cw"]},{"@type":"Person","@id":"https:\/\/www.bellunopress.it\/#\/schema\/person\/79bb06722b37ece1c03d3e94beb30d73","name":"r\u00e9daction","image":{"@type":"ImageObject","inLanguage":"fr-FR","@id":"https:\/\/secure.gravatar.com\/avatar\/37d968a2e67a6fd04c169c4bdef102d0bc5d31b2546345219e348575eb80e9a0?s=96&d=mm&r=g","url":"https:\/\/secure.gravatar.com\/avatar\/37d968a2e67a6fd04c169c4bdef102d0bc5d31b2546345219e348575eb80e9a0?s=96&d=mm&r=g","contentUrl":"https:\/\/secure.gravatar.com\/avatar\/37d968a2e67a6fd04c169c4bdef102d0bc5d31b2546345219e348575eb80e9a0?s=96&d=mm&r=g","caption":"redazione"},"sameAs":["http:\/\/www.bellunopress.it","https:\/\/x.com\/bellunopress"],"url":"https:\/\/www.bellunopress.it\/fr\/author\/redazione\/"}]}},"_links":{"self":[{"href":"https:\/\/www.bellunopress.it\/fr\/wp-json\/wp\/v2\/posts\/67866","targetHints":{"allow":["GET"]}}],"collection":[{"href":"https:\/\/www.bellunopress.it\/fr\/wp-json\/wp\/v2\/posts"}],"about":[{"href":"https:\/\/www.bellunopress.it\/fr\/wp-json\/wp\/v2\/types\/post"}],"author":[{"embeddable":true,"href":"https:\/\/www.bellunopress.it\/fr\/wp-json\/wp\/v2\/users\/2"}],"replies":[{"embeddable":true,"href":"https:\/\/www.bellunopress.it\/fr\/wp-json\/wp\/v2\/comments?post=67866"}],"version-history":[{"count":1,"href":"https:\/\/www.bellunopress.it\/fr\/wp-json\/wp\/v2\/posts\/67866\/revisions"}],"predecessor-version":[{"id":67869,"href":"https:\/\/www.bellunopress.it\/fr\/wp-json\/wp\/v2\/posts\/67866\/revisions\/67869"}],"wp:attachment":[{"href":"https:\/\/www.bellunopress.it\/fr\/wp-json\/wp\/v2\/media?parent=67866"}],"wp:term":[{"taxonomy":"category","embeddable":true,"href":"https:\/\/www.bellunopress.it\/fr\/wp-json\/wp\/v2\/categories?post=67866"},{"taxonomy":"post_tag","embeddable":true,"href":"https:\/\/www.bellunopress.it\/fr\/wp-json\/wp\/v2\/tags?post=67866"}],"curies":[{"name":"wp","href":"https:\/\/api.w.org\/{rel}","templated":true}]}}