{"id":67759,"date":"2015-04-06T20:14:05","date_gmt":"2015-04-06T18:14:05","guid":{"rendered":"http:\/\/www.bellunopress.it\/?p=67759"},"modified":"2015-04-06T20:14:05","modified_gmt":"2015-04-06T18:14:05","slug":"scialpinista-52enne-di-mantova-perde-la-vita-in-un-canale","status":"publish","type":"post","link":"https:\/\/www.bellunopress.it\/fr\/2015\/04\/06\/scialpinista-52enne-di-mantova-perde-la-vita-in-un-canale\/","title":{"rendered":"Scialpinista 52enne di Mantova perde la vita in un canale"},"content":{"rendered":"<p><a href=\"http:\/\/www.bellunopress.it\/wp-content\/uploads\/2015\/04\/soccorso-alpino-3.jpg\"><img loading=\"lazy\" decoding=\"async\" class=\"alignleft size-full wp-image-67760\" src=\"http:\/\/www.bellunopress.it\/wp-content\/uploads\/2015\/04\/soccorso-alpino-3.jpg\" alt=\"soccorso alpino 3\" width=\"300\" height=\"225\" \/><\/a>Falcade (BL), 06-04-15\u00a0Durante la discesa da Cima dei Bureloni, sulle Pale di San Martino, uno scialpinista ha perso il controllo degli sci sul pendio ghiacciato a circa 3.000 metri di quota, scomparendo alla vista dei compagni, che hanno lanciato l&#8217;allarme al 118 attorno alle 14. Mentre venivano allertati il Soccorso alpino della Guardia di finanza di Passo Rolle e della Stazione di San Martino di Castrozza poich\u00e9 non si conosceva con precisione il luogo dell&#8217;incidente, sul posto \u00e8 stato inviato l&#8217;elicottero del Suem di Pieve di Cadore, che ha in breve individuato il corpo senza vita di P.S., 52 anni, di Mantova, scivolato per circa 400 metri lungo il canale che porta alla Val Venegia.<\/p>\n<p>Dopo aver sbarcato il tecnico del Soccorso alpino dell&#8217;equipaggio, l&#8217;eliambulanza \u00e8 volata a imbarcare un soccorritore della Val Biois in supporto alle operazioni. La salma \u00e8 stata ricomposta, imbarellata, e recuperata con un verricello di 20 metri per essere trasportata fino in piazzola a Falcade e successivamente alla cella mortuaria di Caviola.<\/p>","protected":false},"excerpt":{"rendered":"<p>Falcade (BL), 06-04-15\u00a0Durante la discesa da Cima dei Bureloni, sulle Pale di San Martino, uno scialpinista ha perso il controllo degli sci sul pendio ghiacciato a circa 3.000 metri di quota, scomparendo alla vista dei compagni, che hanno lanciato l&#8217;allarme al 118 attorno alle 14. Mentre venivano allertati il Soccorso alpino della Guardia di finanza [&hellip;]<\/p>\n","protected":false},"author":2,"featured_media":0,"comment_status":"closed","ping_status":"open","sticky":false,"template":"","format":"standard","meta":{"footnotes":""},"categories":[1],"tags":[],"class_list":["post-67759","post","type-post","status-publish","format-standard","category-leo"],"yoast_head":"<!-- This site is optimized with the Yoast SEO plugin v28.4 - https:\/\/yoast.com\/product\/yoast-seo-wordpress\/ -->\n<title>Scialpinista 52enne di Mantova perde la vita in un canale - Bellunopress - Dolomiti<\/title>\n<meta name=\"robots\" content=\"index, follow, max-snippet:-1, max-image-preview:large, max-video-preview:-1\" \/>\n<link rel=\"canonical\" href=\"https:\/\/www.bellunopress.it\/fr\/2015\/04\/06\/scialpinista-52enne-di-mantova-perde-la-vita-in-un-canale\/\" \/>\n<meta property=\"og:locale\" content=\"fr_FR\" \/>\n<meta property=\"og:type\" content=\"article\" \/>\n<meta property=\"og:title\" content=\"Scialpinista 52enne di Mantova perde la vita in un canale - Bellunopress - Dolomiti\" \/>\n<meta property=\"og:description\" content=\"Falcade (BL), 06-04-15\u00a0Durante la discesa da Cima dei Bureloni, sulle Pale di San Martino, uno scialpinista ha perso il controllo degli sci sul pendio ghiacciato a circa 3.000 metri di quota, scomparendo alla vista dei compagni, che hanno lanciato l&#8217;allarme al 118 attorno alle 14. Mentre venivano allertati il Soccorso alpino della Guardia di finanza [&hellip;]\" \/>\n<meta property=\"og:url\" content=\"https:\/\/www.bellunopress.it\/fr\/2015\/04\/06\/scialpinista-52enne-di-mantova-perde-la-vita-in-un-canale\/\" \/>\n<meta property=\"og:site_name\" content=\"Bellunopress - Dolomiti\" \/>\n<meta property=\"article:publisher\" content=\"https:\/\/www.facebook.com\/profile.php?id=100008943462799\" \/>\n<meta property=\"article:published_time\" content=\"2015-04-06T18:14:05+00:00\" \/>\n<meta property=\"og:image\" content=\"http:\/\/www.bellunopress.it\/wp-content\/uploads\/2015\/04\/soccorso-alpino-3.jpg\" \/>\n<meta name=\"author\" content=\"redazione\" \/>\n<meta name=\"twitter:card\" content=\"summary_large_image\" \/>\n<meta name=\"twitter:creator\" content=\"@bellunopress\" \/>\n<meta name=\"twitter:site\" content=\"@bellunopress\" \/>\n<meta name=\"twitter:label1\" content=\"\u00c9crit par\" \/>\n\t<meta name=\"twitter:data1\" content=\"redazione\" \/>\n\t<meta name=\"twitter:label2\" content=\"Dur\u00e9e de lecture estim\u00e9e\" \/>\n\t<meta name=\"twitter:data2\" content=\"1 minute\" \/>\n<script type=\"application\/ld+json\" class=\"yoast-schema-graph\">{\"@context\":\"https:\\\/\\\/schema.org\",\"@graph\":[{\"@type\":\"Article\",\"@id\":\"https:\\\/\\\/www.bellunopress.it\\\/2015\\\/04\\\/06\\\/scialpinista-52enne-di-mantova-perde-la-vita-in-un-canale\\\/#article\",\"isPartOf\":{\"@id\":\"https:\\\/\\\/www.bellunopress.it\\\/2015\\\/04\\\/06\\\/scialpinista-52enne-di-mantova-perde-la-vita-in-un-canale\\\/\"},\"author\":{\"name\":\"redazione\",\"@id\":\"https:\\\/\\\/www.bellunopress.it\\\/#\\\/schema\\\/person\\\/79bb06722b37ece1c03d3e94beb30d73\"},\"headline\":\"Scialpinista 52enne di Mantova perde la vita in un canale\",\"datePublished\":\"2015-04-06T18:14:05+00:00\",\"mainEntityOfPage\":{\"@id\":\"https:\\\/\\\/www.bellunopress.it\\\/2015\\\/04\\\/06\\\/scialpinista-52enne-di-mantova-perde-la-vita-in-un-canale\\\/\"},\"wordCount\":176,\"publisher\":{\"@id\":\"https:\\\/\\\/www.bellunopress.it\\\/#organization\"},\"image\":{\"@id\":\"https:\\\/\\\/www.bellunopress.it\\\/2015\\\/04\\\/06\\\/scialpinista-52enne-di-mantova-perde-la-vita-in-un-canale\\\/#primaryimage\"},\"thumbnailUrl\":\"http:\\\/\\\/www.bellunopress.it\\\/wp-content\\\/uploads\\\/2015\\\/04\\\/soccorso-alpino-3.jpg\",\"articleSection\":[\"Lettere Opinioni\"],\"inLanguage\":\"fr-FR\"},{\"@type\":\"WebPage\",\"@id\":\"https:\\\/\\\/www.bellunopress.it\\\/2015\\\/04\\\/06\\\/scialpinista-52enne-di-mantova-perde-la-vita-in-un-canale\\\/\",\"url\":\"https:\\\/\\\/www.bellunopress.it\\\/2015\\\/04\\\/06\\\/scialpinista-52enne-di-mantova-perde-la-vita-in-un-canale\\\/\",\"name\":\"Scialpinista 52enne di Mantova perde la vita in un canale - Bellunopress - Dolomiti\",\"isPartOf\":{\"@id\":\"https:\\\/\\\/www.bellunopress.it\\\/#website\"},\"primaryImageOfPage\":{\"@id\":\"https:\\\/\\\/www.bellunopress.it\\\/2015\\\/04\\\/06\\\/scialpinista-52enne-di-mantova-perde-la-vita-in-un-canale\\\/#primaryimage\"},\"image\":{\"@id\":\"https:\\\/\\\/www.bellunopress.it\\\/2015\\\/04\\\/06\\\/scialpinista-52enne-di-mantova-perde-la-vita-in-un-canale\\\/#primaryimage\"},\"thumbnailUrl\":\"http:\\\/\\\/www.bellunopress.it\\\/wp-content\\\/uploads\\\/2015\\\/04\\\/soccorso-alpino-3.jpg\",\"datePublished\":\"2015-04-06T18:14:05+00:00\",\"breadcrumb\":{\"@id\":\"https:\\\/\\\/www.bellunopress.it\\\/2015\\\/04\\\/06\\\/scialpinista-52enne-di-mantova-perde-la-vita-in-un-canale\\\/#breadcrumb\"},\"inLanguage\":\"fr-FR\",\"potentialAction\":[{\"@type\":\"ReadAction\",\"target\":[\"https:\\\/\\\/www.bellunopress.it\\\/2015\\\/04\\\/06\\\/scialpinista-52enne-di-mantova-perde-la-vita-in-un-canale\\\/\"]}]},{\"@type\":\"ImageObject\",\"inLanguage\":\"fr-FR\",\"@id\":\"https:\\\/\\\/www.bellunopress.it\\\/2015\\\/04\\\/06\\\/scialpinista-52enne-di-mantova-perde-la-vita-in-un-canale\\\/#primaryimage\",\"url\":\"http:\\\/\\\/www.bellunopress.it\\\/wp-content\\\/uploads\\\/2015\\\/04\\\/soccorso-alpino-3.jpg\",\"contentUrl\":\"http:\\\/\\\/www.bellunopress.it\\\/wp-content\\\/uploads\\\/2015\\\/04\\\/soccorso-alpino-3.jpg\"},{\"@type\":\"BreadcrumbList\",\"@id\":\"https:\\\/\\\/www.bellunopress.it\\\/2015\\\/04\\\/06\\\/scialpinista-52enne-di-mantova-perde-la-vita-in-un-canale\\\/#breadcrumb\",\"itemListElement\":[{\"@type\":\"ListItem\",\"position\":1,\"name\":\"Home\",\"item\":\"https:\\\/\\\/www.bellunopress.it\\\/\"},{\"@type\":\"ListItem\",\"position\":2,\"name\":\"Scialpinista 52enne di Mantova perde la vita in un canale\"}]},{\"@type\":\"WebSite\",\"@id\":\"https:\\\/\\\/www.bellunopress.it\\\/#website\",\"url\":\"https:\\\/\\\/www.bellunopress.it\\\/\",\"name\":\"Bellunopress - Dolomiti\",\"description\":\"e-mail: redazione@bellunopress.it\",\"publisher\":{\"@id\":\"https:\\\/\\\/www.bellunopress.it\\\/#organization\"},\"potentialAction\":[{\"@type\":\"SearchAction\",\"target\":{\"@type\":\"EntryPoint\",\"urlTemplate\":\"https:\\\/\\\/www.bellunopress.it\\\/?s={search_term_string}\"},\"query-input\":{\"@type\":\"PropertyValueSpecification\",\"valueRequired\":true,\"valueName\":\"search_term_string\"}}],\"inLanguage\":\"fr-FR\"},{\"@type\":\"Organization\",\"@id\":\"https:\\\/\\\/www.bellunopress.it\\\/#organization\",\"name\":\"Bellunopress\",\"url\":\"https:\\\/\\\/www.bellunopress.it\\\/\",\"logo\":{\"@type\":\"ImageObject\",\"inLanguage\":\"fr-FR\",\"@id\":\"https:\\\/\\\/www.bellunopress.it\\\/#\\\/schema\\\/logo\\\/image\\\/\",\"url\":\"https:\\\/\\\/www.bellunopress.it\\\/wp-content\\\/uploads\\\/2011\\\/05\\\/cropped-logo-bellunopress-.jpg\",\"contentUrl\":\"https:\\\/\\\/www.bellunopress.it\\\/wp-content\\\/uploads\\\/2011\\\/05\\\/cropped-logo-bellunopress-.jpg\",\"width\":512,\"height\":512,\"caption\":\"Bellunopress\"},\"image\":{\"@id\":\"https:\\\/\\\/www.bellunopress.it\\\/#\\\/schema\\\/logo\\\/image\\\/\"},\"sameAs\":[\"https:\\\/\\\/www.facebook.com\\\/profile.php?id=100008943462799\",\"https:\\\/\\\/x.com\\\/bellunopress\",\"https:\\\/\\\/www.linkedin.com\\\/hp\\\/?dnr=JBzUWaJfMUw8vbXJJ2tVW5-I3jZKvC4wsoxE&amp;amp;amp;amp;amp;amp;trk=nav_responsive_tab_home\",\"https:\\\/\\\/www.youtube.com\\\/channel\\\/UCxL0wu1uN0_3_7hGG0306cw\"]},{\"@type\":\"Person\",\"@id\":\"https:\\\/\\\/www.bellunopress.it\\\/#\\\/schema\\\/person\\\/79bb06722b37ece1c03d3e94beb30d73\",\"name\":\"redazione\",\"image\":{\"@type\":\"ImageObject\",\"inLanguage\":\"fr-FR\",\"@id\":\"https:\\\/\\\/secure.gravatar.com\\\/avatar\\\/37d968a2e67a6fd04c169c4bdef102d0bc5d31b2546345219e348575eb80e9a0?s=96&d=mm&r=g\",\"url\":\"https:\\\/\\\/secure.gravatar.com\\\/avatar\\\/37d968a2e67a6fd04c169c4bdef102d0bc5d31b2546345219e348575eb80e9a0?s=96&d=mm&r=g\",\"contentUrl\":\"https:\\\/\\\/secure.gravatar.com\\\/avatar\\\/37d968a2e67a6fd04c169c4bdef102d0bc5d31b2546345219e348575eb80e9a0?s=96&d=mm&r=g\",\"caption\":\"redazione\"},\"sameAs\":[\"http:\\\/\\\/www.bellunopress.it\",\"https:\\\/\\\/x.com\\\/bellunopress\"],\"url\":\"https:\\\/\\\/www.bellunopress.it\\\/fr\\\/author\\\/redazione\\\/\"}]}<\/script>\n<!-- \/ Yoast SEO plugin. -->","yoast_head_json":{"title":"Scialpinista 52enne di Mantova perde la vita in un canale - Bellunopress - Dolomiti","robots":{"index":"index","follow":"follow","max-snippet":"max-snippet:-1","max-image-preview":"max-image-preview:large","max-video-preview":"max-video-preview:-1"},"canonical":"https:\/\/www.bellunopress.it\/fr\/2015\/04\/06\/scialpinista-52enne-di-mantova-perde-la-vita-in-un-canale\/","og_locale":"fr_FR","og_type":"article","og_title":"Scialpinista 52enne di Mantova perde la vita in un canale - Bellunopress - Dolomiti","og_description":"Falcade (BL), 06-04-15\u00a0Durante la discesa da Cima dei Bureloni, sulle Pale di San Martino, uno scialpinista ha perso il controllo degli sci sul pendio ghiacciato a circa 3.000 metri di quota, scomparendo alla vista dei compagni, che hanno lanciato l&#8217;allarme al 118 attorno alle 14. Mentre venivano allertati il Soccorso alpino della Guardia di finanza [&hellip;]","og_url":"https:\/\/www.bellunopress.it\/fr\/2015\/04\/06\/scialpinista-52enne-di-mantova-perde-la-vita-in-un-canale\/","og_site_name":"Bellunopress - Dolomiti","article_publisher":"https:\/\/www.facebook.com\/profile.php?id=100008943462799","article_published_time":"2015-04-06T18:14:05+00:00","og_image":[{"url":"http:\/\/www.bellunopress.it\/wp-content\/uploads\/2015\/04\/soccorso-alpino-3.jpg","type":"","width":"","height":""}],"author":"redazione","twitter_card":"summary_large_image","twitter_creator":"@bellunopress","twitter_site":"@bellunopress","twitter_misc":{"\u00c9crit par":"redazione","Dur\u00e9e de lecture estim\u00e9e":"1 minute"},"schema":{"@context":"https:\/\/schema.org","@graph":[{"@type":"Article","@id":"https:\/\/www.bellunopress.it\/2015\/04\/06\/scialpinista-52enne-di-mantova-perde-la-vita-in-un-canale\/#article","isPartOf":{"@id":"https:\/\/www.bellunopress.it\/2015\/04\/06\/scialpinista-52enne-di-mantova-perde-la-vita-in-un-canale\/"},"author":{"name":"redazione","@id":"https:\/\/www.bellunopress.it\/#\/schema\/person\/79bb06722b37ece1c03d3e94beb30d73"},"headline":"Scialpinista 52enne di Mantova perde la vita in un canale","datePublished":"2015-04-06T18:14:05+00:00","mainEntityOfPage":{"@id":"https:\/\/www.bellunopress.it\/2015\/04\/06\/scialpinista-52enne-di-mantova-perde-la-vita-in-un-canale\/"},"wordCount":176,"publisher":{"@id":"https:\/\/www.bellunopress.it\/#organization"},"image":{"@id":"https:\/\/www.bellunopress.it\/2015\/04\/06\/scialpinista-52enne-di-mantova-perde-la-vita-in-un-canale\/#primaryimage"},"thumbnailUrl":"http:\/\/www.bellunopress.it\/wp-content\/uploads\/2015\/04\/soccorso-alpino-3.jpg","articleSection":["Lettere Opinioni"],"inLanguage":"fr-FR"},{"@type":"WebPage","@id":"https:\/\/www.bellunopress.it\/2015\/04\/06\/scialpinista-52enne-di-mantova-perde-la-vita-in-un-canale\/","url":"https:\/\/www.bellunopress.it\/2015\/04\/06\/scialpinista-52enne-di-mantova-perde-la-vita-in-un-canale\/","name":"Scialpinista 52enne di Mantova perde la vita in un canale - Bellunopress - Dolomiti","isPartOf":{"@id":"https:\/\/www.bellunopress.it\/#website"},"primaryImageOfPage":{"@id":"https:\/\/www.bellunopress.it\/2015\/04\/06\/scialpinista-52enne-di-mantova-perde-la-vita-in-un-canale\/#primaryimage"},"image":{"@id":"https:\/\/www.bellunopress.it\/2015\/04\/06\/scialpinista-52enne-di-mantova-perde-la-vita-in-un-canale\/#primaryimage"},"thumbnailUrl":"http:\/\/www.bellunopress.it\/wp-content\/uploads\/2015\/04\/soccorso-alpino-3.jpg","datePublished":"2015-04-06T18:14:05+00:00","breadcrumb":{"@id":"https:\/\/www.bellunopress.it\/2015\/04\/06\/scialpinista-52enne-di-mantova-perde-la-vita-in-un-canale\/#breadcrumb"},"inLanguage":"fr-FR","potentialAction":[{"@type":"ReadAction","target":["https:\/\/www.bellunopress.it\/2015\/04\/06\/scialpinista-52enne-di-mantova-perde-la-vita-in-un-canale\/"]}]},{"@type":"ImageObject","inLanguage":"fr-FR","@id":"https:\/\/www.bellunopress.it\/2015\/04\/06\/scialpinista-52enne-di-mantova-perde-la-vita-in-un-canale\/#primaryimage","url":"http:\/\/www.bellunopress.it\/wp-content\/uploads\/2015\/04\/soccorso-alpino-3.jpg","contentUrl":"http:\/\/www.bellunopress.it\/wp-content\/uploads\/2015\/04\/soccorso-alpino-3.jpg"},{"@type":"BreadcrumbList","@id":"https:\/\/www.bellunopress.it\/2015\/04\/06\/scialpinista-52enne-di-mantova-perde-la-vita-in-un-canale\/#breadcrumb","itemListElement":[{"@type":"ListItem","position":1,"name":"Home","item":"https:\/\/www.bellunopress.it\/"},{"@type":"ListItem","position":2,"name":"Scialpinista 52enne di Mantova perde la vita in un canale"}]},{"@type":"WebSite","@id":"https:\/\/www.bellunopress.it\/#website","url":"https:\/\/www.bellunopress.it\/","name":"Bellunopress - Dolomiti","description":"e-mail: redazione@bellunopress.it","publisher":{"@id":"https:\/\/www.bellunopress.it\/#organization"},"potentialAction":[{"@type":"SearchAction","target":{"@type":"EntryPoint","urlTemplate":"https:\/\/www.bellunopress.it\/?s={search_term_string}"},"query-input":{"@type":"PropertyValueSpecification","valueRequired":true,"valueName":"search_term_string"}}],"inLanguage":"fr-FR"},{"@type":"Organization","@id":"https:\/\/www.bellunopress.it\/#organization","name":"Bellunopress","url":"https:\/\/www.bellunopress.it\/","logo":{"@type":"ImageObject","inLanguage":"fr-FR","@id":"https:\/\/www.bellunopress.it\/#\/schema\/logo\/image\/","url":"https:\/\/www.bellunopress.it\/wp-content\/uploads\/2011\/05\/cropped-logo-bellunopress-.jpg","contentUrl":"https:\/\/www.bellunopress.it\/wp-content\/uploads\/2011\/05\/cropped-logo-bellunopress-.jpg","width":512,"height":512,"caption":"Bellunopress"},"image":{"@id":"https:\/\/www.bellunopress.it\/#\/schema\/logo\/image\/"},"sameAs":["https:\/\/www.facebook.com\/profile.php?id=100008943462799","https:\/\/x.com\/bellunopress","https:\/\/www.linkedin.com\/hp\/?dnr=JBzUWaJfMUw8vbXJJ2tVW5-I3jZKvC4wsoxE&amp;amp;amp;amp;amp;amp;trk=nav_responsive_tab_home","https:\/\/www.youtube.com\/channel\/UCxL0wu1uN0_3_7hGG0306cw"]},{"@type":"Person","@id":"https:\/\/www.bellunopress.it\/#\/schema\/person\/79bb06722b37ece1c03d3e94beb30d73","name":"r\u00e9daction","image":{"@type":"ImageObject","inLanguage":"fr-FR","@id":"https:\/\/secure.gravatar.com\/avatar\/37d968a2e67a6fd04c169c4bdef102d0bc5d31b2546345219e348575eb80e9a0?s=96&d=mm&r=g","url":"https:\/\/secure.gravatar.com\/avatar\/37d968a2e67a6fd04c169c4bdef102d0bc5d31b2546345219e348575eb80e9a0?s=96&d=mm&r=g","contentUrl":"https:\/\/secure.gravatar.com\/avatar\/37d968a2e67a6fd04c169c4bdef102d0bc5d31b2546345219e348575eb80e9a0?s=96&d=mm&r=g","caption":"redazione"},"sameAs":["http:\/\/www.bellunopress.it","https:\/\/x.com\/bellunopress"],"url":"https:\/\/www.bellunopress.it\/fr\/author\/redazione\/"}]}},"_links":{"self":[{"href":"https:\/\/www.bellunopress.it\/fr\/wp-json\/wp\/v2\/posts\/67759","targetHints":{"allow":["GET"]}}],"collection":[{"href":"https:\/\/www.bellunopress.it\/fr\/wp-json\/wp\/v2\/posts"}],"about":[{"href":"https:\/\/www.bellunopress.it\/fr\/wp-json\/wp\/v2\/types\/post"}],"author":[{"embeddable":true,"href":"https:\/\/www.bellunopress.it\/fr\/wp-json\/wp\/v2\/users\/2"}],"replies":[{"embeddable":true,"href":"https:\/\/www.bellunopress.it\/fr\/wp-json\/wp\/v2\/comments?post=67759"}],"version-history":[{"count":1,"href":"https:\/\/www.bellunopress.it\/fr\/wp-json\/wp\/v2\/posts\/67759\/revisions"}],"predecessor-version":[{"id":67761,"href":"https:\/\/www.bellunopress.it\/fr\/wp-json\/wp\/v2\/posts\/67759\/revisions\/67761"}],"wp:attachment":[{"href":"https:\/\/www.bellunopress.it\/fr\/wp-json\/wp\/v2\/media?parent=67759"}],"wp:term":[{"taxonomy":"category","embeddable":true,"href":"https:\/\/www.bellunopress.it\/fr\/wp-json\/wp\/v2\/categories?post=67759"},{"taxonomy":"post_tag","embeddable":true,"href":"https:\/\/www.bellunopress.it\/fr\/wp-json\/wp\/v2\/tags?post=67759"}],"curies":[{"name":"wp","href":"https:\/\/api.w.org\/{rel}","templated":true}]}}