{"id":6773,"date":"2009-08-06T22:03:50","date_gmt":"2009-08-06T21:03:50","guid":{"rendered":"http:\/\/www.bellunopress.it\/?p=6773"},"modified":"2009-08-06T22:06:50","modified_gmt":"2009-08-06T21:06:50","slug":"pubblichiamo-un-intervento-sottoscritto-da-piu-di-40-firmatari-sulla-vicenda-dellisbrec","status":"publish","type":"post","link":"https:\/\/www.bellunopress.it\/fr\/2009\/08\/06\/pubblichiamo-un-intervento-sottoscritto-da-piu-di-40-firmatari-sulla-vicenda-dellisbrec\/","title":{"rendered":"Pubblichiamo un intervento sottoscritto da pi\u00f9 di 40 firmatari sulla vicenda dell&#8217;Isbrec"},"content":{"rendered":"<figure id=\"attachment_5005\" aria-describedby=\"caption-attachment-5005\" style=\"width: 226px\" class=\"wp-caption alignleft\"><a href=\"http:\/\/www.bellunopress.it\/wp-content\/uploads\/2009\/06\/tullio-bettiol-001.jpg\"><img loading=\"lazy\" decoding=\"async\" class=\"size-medium wp-image-5005\" title=\"tullio-bettiol-001\" src=\"http:\/\/www.bellunopress.it\/wp-content\/uploads\/2009\/06\/tullio-bettiol-001.jpg\" alt=\"Il presidente Isbrec Tullio Bettiol recentemente scomparso\" width=\"226\" height=\"181\" \/><\/a><figcaption id=\"caption-attachment-5005\" class=\"wp-caption-text\">Il presidente Isbrec Tullio Bettiol recentemente scomparso<\/figcaption><\/figure>\n<p>&#8220;La solita lunga prolusione del vice presidente dell\u2019 ISBREC vorrebbe dimostrare che il carattere d\u2019indipendenza dell\u2019Istituto verrebbe garantito dal suo statuto (e dalla cieca obbedienza di chi lo sottoscrive), dalla sua mancanza di vincoli politici che permetterebbero di affiancarlo alle Istituzioni dello Stato, in un dialogo paritetico. Ci sembra poco per poter essere garantiti\u00a0 in un lavoro di ricerca storica e nello studio sulle nuove sociologie e vicende dell\u2019et\u00e0 contemporanea senza invece avere la certezza di quel vincolo valoriale che \u00e8 stato all\u2019origine della nascita dell\u2019 ISBREC. Forse Franchi si dimentica, come nella recente et\u00e0 contemporanea sia effettivamente troppo semplice disconoscere le passate appartenenze politiche e trasformare le proprie convinzioni originarie per erodere pian piano i valori della Resistenza, dello Stato democratico e della Costituzione stessa; (ad esempio la festa della Liberazione diventa la festa della libert\u00e0; l\u2019umano rispetto verso i morti della guerra di liberazione viene utilizzato per porre sullo stesso piano chi combatteva per la democrazia e la libert\u00e0 e chi questi diritti negava) Sono questi i segnali pi\u00f9 evidenti di come ormai sia strisciante il trasformismo di gran parte del ceto e dell\u2019opinione politica e di come si possano inquinare anche i \u201ccanoni scientifici della ricerca e della libert\u00e0 di indagine\u201d che per tanti anni sono stati rispettati dentro l\u2019ISBREC. Giustamente Franchi ricorda che fu l\u2019elemento valoriale\u00a0 alla base della nascita dell\u2019ISBREC e quindi tale elemento deve essere discriminante e filo conduttore del lavoro dell\u2019Istituto negli anni. Oggi, chi guarda all\u2019Istituto sulla base delle recenti nomine si pone quindi delle domande: quali meccanismi stanno portando ora all\u2019allontanamento dai valori costituenti dell\u2019ISBREC? Non ci sono forse troppe mediazioni, o meglio, quali mediazioni interne si sono dovute accettare per accogliere e supportare la candidatura del Dott. Losego? Noi non possiamo dare risposte ma di certo siamo consapevoli che\u00a0 si\u00a0 stanno perdendo la stima e la fiducia che la vera autonomia dell\u2019ISBREC sia realmente rispettata nel suo lavoro di ricerca&#8221;.<br \/>\n<strong>I firmatari<\/strong>: Annalia Pellegrini, Francesco Rasera Berna, Sergio Dal Farra, Peter De Boni, Stefano Salvador, Ivano Dal Farra, Eleonora Dal Farra, Chiesura Giacomo, De Carli Mauro, Gino Sperandio, Pietro Apostoli, Giuliana D\u2019Alberto, Serra Romana, Rita Roldo, Giuliano Simonetto, Maurizio Bortolon, Massimo Bortolon, Claudia Rocco, Anna Franzogna, Francesco Piemonte, Valentina Da Rolt, Moira Fiorot, Emilio Da Rolt, Giovanni Mezzavilla, Cristiano Olivotto, Paolo Norese, Tarsilla Norese, Bortolo Calligaro, Igino Tonet, Renato Tormen, Fiamma Spadaro, Pietro Da Ros, Renzo Guglielmino, Guido Mattera, Paolo Bortot, Tatiana Cesco Betta, Giulia Gris, Ezio Vardanega, Fabio Talamini, Grazia Zaccaria, Roger De Bernardin, Myrene Funke, Mario Azzalini<\/p>","protected":false},"excerpt":{"rendered":"<p>&#8220;La solita lunga prolusione del vice presidente dell\u2019 ISBREC vorrebbe dimostrare che il carattere d\u2019indipendenza dell\u2019Istituto verrebbe garantito dal suo statuto (e dalla cieca obbedienza di chi lo sottoscrive), dalla sua mancanza di vincoli politici che permetterebbero di affiancarlo alle Istituzioni dello Stato, in un dialogo paritetico. Ci sembra poco per poter essere garantiti\u00a0 in [&hellip;]<\/p>\n","protected":false},"author":2,"featured_media":0,"comment_status":"closed","ping_status":"open","sticky":false,"template":"","format":"standard","meta":{"footnotes":""},"categories":[3,5,26],"tags":[139],"class_list":["post-6773","post","type-post","status-publish","format-standard","category-arte-cultura-spettacoli-scienza-archivi","category-cronaca","category-prima-pagina","tag-belluno"],"yoast_head":"<!-- This site is optimized with the Yoast SEO plugin v28.4 - https:\/\/yoast.com\/product\/yoast-seo-wordpress\/ -->\n<title>Pubblichiamo un intervento sottoscritto da pi\u00f9 di 40 firmatari sulla vicenda dell&#039;Isbrec - Bellunopress - Dolomiti<\/title>\n<meta name=\"robots\" content=\"index, follow, max-snippet:-1, max-image-preview:large, max-video-preview:-1\" \/>\n<link rel=\"canonical\" href=\"https:\/\/www.bellunopress.it\/fr\/2009\/08\/06\/pubblichiamo-un-intervento-sottoscritto-da-piu-di-40-firmatari-sulla-vicenda-dellisbrec\/\" \/>\n<meta property=\"og:locale\" content=\"fr_FR\" \/>\n<meta property=\"og:type\" content=\"article\" \/>\n<meta property=\"og:title\" content=\"Pubblichiamo un intervento sottoscritto da pi\u00f9 di 40 firmatari sulla vicenda dell&#039;Isbrec - Bellunopress - Dolomiti\" \/>\n<meta property=\"og:description\" content=\"&#8220;La solita lunga prolusione del vice presidente dell\u2019 ISBREC vorrebbe dimostrare che il carattere d\u2019indipendenza dell\u2019Istituto verrebbe garantito dal suo statuto (e dalla cieca obbedienza di chi lo sottoscrive), dalla sua mancanza di vincoli politici che permetterebbero di affiancarlo alle Istituzioni dello Stato, in un dialogo paritetico. Ci sembra poco per poter essere garantiti\u00a0 in [&hellip;]\" \/>\n<meta property=\"og:url\" content=\"https:\/\/www.bellunopress.it\/fr\/2009\/08\/06\/pubblichiamo-un-intervento-sottoscritto-da-piu-di-40-firmatari-sulla-vicenda-dellisbrec\/\" \/>\n<meta property=\"og:site_name\" content=\"Bellunopress - Dolomiti\" \/>\n<meta property=\"article:publisher\" content=\"https:\/\/www.facebook.com\/profile.php?id=100008943462799\" \/>\n<meta property=\"article:published_time\" content=\"2009-08-06T21:03:50+00:00\" \/>\n<meta property=\"article:modified_time\" content=\"2009-08-06T21:06:50+00:00\" \/>\n<meta property=\"og:image\" content=\"http:\/\/www.bellunopress.it\/wp-content\/uploads\/2009\/06\/tullio-bettiol-001.jpg\" \/>\n<meta name=\"author\" content=\"redazione\" \/>\n<meta name=\"twitter:card\" content=\"summary_large_image\" \/>\n<meta name=\"twitter:creator\" content=\"@bellunopress\" \/>\n<meta name=\"twitter:site\" content=\"@bellunopress\" \/>\n<meta name=\"twitter:label1\" content=\"\u00c9crit par\" \/>\n\t<meta name=\"twitter:data1\" content=\"redazione\" \/>\n\t<meta name=\"twitter:label2\" content=\"Dur\u00e9e de lecture estim\u00e9e\" \/>\n\t<meta name=\"twitter:data2\" content=\"2 minutes\" \/>\n<script type=\"application\/ld+json\" class=\"yoast-schema-graph\">{\"@context\":\"https:\\\/\\\/schema.org\",\"@graph\":[{\"@type\":\"Article\",\"@id\":\"https:\\\/\\\/www.bellunopress.it\\\/2009\\\/08\\\/06\\\/pubblichiamo-un-intervento-sottoscritto-da-piu-di-40-firmatari-sulla-vicenda-dellisbrec\\\/#article\",\"isPartOf\":{\"@id\":\"https:\\\/\\\/www.bellunopress.it\\\/2009\\\/08\\\/06\\\/pubblichiamo-un-intervento-sottoscritto-da-piu-di-40-firmatari-sulla-vicenda-dellisbrec\\\/\"},\"author\":{\"name\":\"redazione\",\"@id\":\"https:\\\/\\\/www.bellunopress.it\\\/#\\\/schema\\\/person\\\/79bb06722b37ece1c03d3e94beb30d73\"},\"headline\":\"Pubblichiamo un intervento sottoscritto da pi\u00f9 di 40 firmatari sulla vicenda dell&#8217;Isbrec\",\"datePublished\":\"2009-08-06T21:03:50+00:00\",\"dateModified\":\"2009-08-06T21:06:50+00:00\",\"mainEntityOfPage\":{\"@id\":\"https:\\\/\\\/www.bellunopress.it\\\/2009\\\/08\\\/06\\\/pubblichiamo-un-intervento-sottoscritto-da-piu-di-40-firmatari-sulla-vicenda-dellisbrec\\\/\"},\"wordCount\":460,\"publisher\":{\"@id\":\"https:\\\/\\\/www.bellunopress.it\\\/#organization\"},\"image\":{\"@id\":\"https:\\\/\\\/www.bellunopress.it\\\/2009\\\/08\\\/06\\\/pubblichiamo-un-intervento-sottoscritto-da-piu-di-40-firmatari-sulla-vicenda-dellisbrec\\\/#primaryimage\"},\"thumbnailUrl\":\"http:\\\/\\\/www.bellunopress.it\\\/wp-content\\\/uploads\\\/2009\\\/06\\\/tullio-bettiol-001.jpg\",\"keywords\":[\"Belluno\"],\"articleSection\":[\"Arte, Cultura, Spettacoli, Scienza\",\"Cronaca\\\/Politica\",\"Prima Pagina\"],\"inLanguage\":\"fr-FR\"},{\"@type\":\"WebPage\",\"@id\":\"https:\\\/\\\/www.bellunopress.it\\\/2009\\\/08\\\/06\\\/pubblichiamo-un-intervento-sottoscritto-da-piu-di-40-firmatari-sulla-vicenda-dellisbrec\\\/\",\"url\":\"https:\\\/\\\/www.bellunopress.it\\\/2009\\\/08\\\/06\\\/pubblichiamo-un-intervento-sottoscritto-da-piu-di-40-firmatari-sulla-vicenda-dellisbrec\\\/\",\"name\":\"Pubblichiamo un intervento sottoscritto da pi\u00f9 di 40 firmatari sulla vicenda dell'Isbrec - Bellunopress - Dolomiti\",\"isPartOf\":{\"@id\":\"https:\\\/\\\/www.bellunopress.it\\\/#website\"},\"primaryImageOfPage\":{\"@id\":\"https:\\\/\\\/www.bellunopress.it\\\/2009\\\/08\\\/06\\\/pubblichiamo-un-intervento-sottoscritto-da-piu-di-40-firmatari-sulla-vicenda-dellisbrec\\\/#primaryimage\"},\"image\":{\"@id\":\"https:\\\/\\\/www.bellunopress.it\\\/2009\\\/08\\\/06\\\/pubblichiamo-un-intervento-sottoscritto-da-piu-di-40-firmatari-sulla-vicenda-dellisbrec\\\/#primaryimage\"},\"thumbnailUrl\":\"http:\\\/\\\/www.bellunopress.it\\\/wp-content\\\/uploads\\\/2009\\\/06\\\/tullio-bettiol-001.jpg\",\"datePublished\":\"2009-08-06T21:03:50+00:00\",\"dateModified\":\"2009-08-06T21:06:50+00:00\",\"breadcrumb\":{\"@id\":\"https:\\\/\\\/www.bellunopress.it\\\/2009\\\/08\\\/06\\\/pubblichiamo-un-intervento-sottoscritto-da-piu-di-40-firmatari-sulla-vicenda-dellisbrec\\\/#breadcrumb\"},\"inLanguage\":\"fr-FR\",\"potentialAction\":[{\"@type\":\"ReadAction\",\"target\":[\"https:\\\/\\\/www.bellunopress.it\\\/2009\\\/08\\\/06\\\/pubblichiamo-un-intervento-sottoscritto-da-piu-di-40-firmatari-sulla-vicenda-dellisbrec\\\/\"]}]},{\"@type\":\"ImageObject\",\"inLanguage\":\"fr-FR\",\"@id\":\"https:\\\/\\\/www.bellunopress.it\\\/2009\\\/08\\\/06\\\/pubblichiamo-un-intervento-sottoscritto-da-piu-di-40-firmatari-sulla-vicenda-dellisbrec\\\/#primaryimage\",\"url\":\"http:\\\/\\\/www.bellunopress.it\\\/wp-content\\\/uploads\\\/2009\\\/06\\\/tullio-bettiol-001.jpg\",\"contentUrl\":\"http:\\\/\\\/www.bellunopress.it\\\/wp-content\\\/uploads\\\/2009\\\/06\\\/tullio-bettiol-001.jpg\"},{\"@type\":\"BreadcrumbList\",\"@id\":\"https:\\\/\\\/www.bellunopress.it\\\/2009\\\/08\\\/06\\\/pubblichiamo-un-intervento-sottoscritto-da-piu-di-40-firmatari-sulla-vicenda-dellisbrec\\\/#breadcrumb\",\"itemListElement\":[{\"@type\":\"ListItem\",\"position\":1,\"name\":\"Home\",\"item\":\"https:\\\/\\\/www.bellunopress.it\\\/\"},{\"@type\":\"ListItem\",\"position\":2,\"name\":\"Pubblichiamo un intervento sottoscritto da pi\u00f9 di 40 firmatari sulla vicenda dell&#8217;Isbrec\"}]},{\"@type\":\"WebSite\",\"@id\":\"https:\\\/\\\/www.bellunopress.it\\\/#website\",\"url\":\"https:\\\/\\\/www.bellunopress.it\\\/\",\"name\":\"Bellunopress - Dolomiti\",\"description\":\"e-mail: redazione@bellunopress.it\",\"publisher\":{\"@id\":\"https:\\\/\\\/www.bellunopress.it\\\/#organization\"},\"potentialAction\":[{\"@type\":\"SearchAction\",\"target\":{\"@type\":\"EntryPoint\",\"urlTemplate\":\"https:\\\/\\\/www.bellunopress.it\\\/?s={search_term_string}\"},\"query-input\":{\"@type\":\"PropertyValueSpecification\",\"valueRequired\":true,\"valueName\":\"search_term_string\"}}],\"inLanguage\":\"fr-FR\"},{\"@type\":\"Organization\",\"@id\":\"https:\\\/\\\/www.bellunopress.it\\\/#organization\",\"name\":\"Bellunopress\",\"url\":\"https:\\\/\\\/www.bellunopress.it\\\/\",\"logo\":{\"@type\":\"ImageObject\",\"inLanguage\":\"fr-FR\",\"@id\":\"https:\\\/\\\/www.bellunopress.it\\\/#\\\/schema\\\/logo\\\/image\\\/\",\"url\":\"https:\\\/\\\/www.bellunopress.it\\\/wp-content\\\/uploads\\\/2011\\\/05\\\/cropped-logo-bellunopress-.jpg\",\"contentUrl\":\"https:\\\/\\\/www.bellunopress.it\\\/wp-content\\\/uploads\\\/2011\\\/05\\\/cropped-logo-bellunopress-.jpg\",\"width\":512,\"height\":512,\"caption\":\"Bellunopress\"},\"image\":{\"@id\":\"https:\\\/\\\/www.bellunopress.it\\\/#\\\/schema\\\/logo\\\/image\\\/\"},\"sameAs\":[\"https:\\\/\\\/www.facebook.com\\\/profile.php?id=100008943462799\",\"https:\\\/\\\/x.com\\\/bellunopress\",\"https:\\\/\\\/www.linkedin.com\\\/hp\\\/?dnr=JBzUWaJfMUw8vbXJJ2tVW5-I3jZKvC4wsoxE&amp;amp;amp;amp;amp;amp;trk=nav_responsive_tab_home\",\"https:\\\/\\\/www.youtube.com\\\/channel\\\/UCxL0wu1uN0_3_7hGG0306cw\"]},{\"@type\":\"Person\",\"@id\":\"https:\\\/\\\/www.bellunopress.it\\\/#\\\/schema\\\/person\\\/79bb06722b37ece1c03d3e94beb30d73\",\"name\":\"redazione\",\"image\":{\"@type\":\"ImageObject\",\"inLanguage\":\"fr-FR\",\"@id\":\"https:\\\/\\\/secure.gravatar.com\\\/avatar\\\/37d968a2e67a6fd04c169c4bdef102d0bc5d31b2546345219e348575eb80e9a0?s=96&d=mm&r=g\",\"url\":\"https:\\\/\\\/secure.gravatar.com\\\/avatar\\\/37d968a2e67a6fd04c169c4bdef102d0bc5d31b2546345219e348575eb80e9a0?s=96&d=mm&r=g\",\"contentUrl\":\"https:\\\/\\\/secure.gravatar.com\\\/avatar\\\/37d968a2e67a6fd04c169c4bdef102d0bc5d31b2546345219e348575eb80e9a0?s=96&d=mm&r=g\",\"caption\":\"redazione\"},\"sameAs\":[\"http:\\\/\\\/www.bellunopress.it\",\"https:\\\/\\\/x.com\\\/bellunopress\"],\"url\":\"https:\\\/\\\/www.bellunopress.it\\\/fr\\\/author\\\/redazione\\\/\"}]}<\/script>\n<!-- \/ Yoast SEO plugin. -->","yoast_head_json":{"title":"Pubblichiamo un intervento sottoscritto da pi\u00f9 di 40 firmatari sulla vicenda dell'Isbrec - Bellunopress - Dolomiti","robots":{"index":"index","follow":"follow","max-snippet":"max-snippet:-1","max-image-preview":"max-image-preview:large","max-video-preview":"max-video-preview:-1"},"canonical":"https:\/\/www.bellunopress.it\/fr\/2009\/08\/06\/pubblichiamo-un-intervento-sottoscritto-da-piu-di-40-firmatari-sulla-vicenda-dellisbrec\/","og_locale":"fr_FR","og_type":"article","og_title":"Pubblichiamo un intervento sottoscritto da pi\u00f9 di 40 firmatari sulla vicenda dell'Isbrec - Bellunopress - Dolomiti","og_description":"&#8220;La solita lunga prolusione del vice presidente dell\u2019 ISBREC vorrebbe dimostrare che il carattere d\u2019indipendenza dell\u2019Istituto verrebbe garantito dal suo statuto (e dalla cieca obbedienza di chi lo sottoscrive), dalla sua mancanza di vincoli politici che permetterebbero di affiancarlo alle Istituzioni dello Stato, in un dialogo paritetico. Ci sembra poco per poter essere garantiti\u00a0 in [&hellip;]","og_url":"https:\/\/www.bellunopress.it\/fr\/2009\/08\/06\/pubblichiamo-un-intervento-sottoscritto-da-piu-di-40-firmatari-sulla-vicenda-dellisbrec\/","og_site_name":"Bellunopress - Dolomiti","article_publisher":"https:\/\/www.facebook.com\/profile.php?id=100008943462799","article_published_time":"2009-08-06T21:03:50+00:00","article_modified_time":"2009-08-06T21:06:50+00:00","og_image":[{"url":"http:\/\/www.bellunopress.it\/wp-content\/uploads\/2009\/06\/tullio-bettiol-001.jpg","type":"","width":"","height":""}],"author":"redazione","twitter_card":"summary_large_image","twitter_creator":"@bellunopress","twitter_site":"@bellunopress","twitter_misc":{"\u00c9crit par":"redazione","Dur\u00e9e de lecture estim\u00e9e":"2 minutes"},"schema":{"@context":"https:\/\/schema.org","@graph":[{"@type":"Article","@id":"https:\/\/www.bellunopress.it\/2009\/08\/06\/pubblichiamo-un-intervento-sottoscritto-da-piu-di-40-firmatari-sulla-vicenda-dellisbrec\/#article","isPartOf":{"@id":"https:\/\/www.bellunopress.it\/2009\/08\/06\/pubblichiamo-un-intervento-sottoscritto-da-piu-di-40-firmatari-sulla-vicenda-dellisbrec\/"},"author":{"name":"redazione","@id":"https:\/\/www.bellunopress.it\/#\/schema\/person\/79bb06722b37ece1c03d3e94beb30d73"},"headline":"Pubblichiamo un intervento sottoscritto da pi\u00f9 di 40 firmatari sulla vicenda dell&#8217;Isbrec","datePublished":"2009-08-06T21:03:50+00:00","dateModified":"2009-08-06T21:06:50+00:00","mainEntityOfPage":{"@id":"https:\/\/www.bellunopress.it\/2009\/08\/06\/pubblichiamo-un-intervento-sottoscritto-da-piu-di-40-firmatari-sulla-vicenda-dellisbrec\/"},"wordCount":460,"publisher":{"@id":"https:\/\/www.bellunopress.it\/#organization"},"image":{"@id":"https:\/\/www.bellunopress.it\/2009\/08\/06\/pubblichiamo-un-intervento-sottoscritto-da-piu-di-40-firmatari-sulla-vicenda-dellisbrec\/#primaryimage"},"thumbnailUrl":"http:\/\/www.bellunopress.it\/wp-content\/uploads\/2009\/06\/tullio-bettiol-001.jpg","keywords":["Belluno"],"articleSection":["Arte, Cultura, Spettacoli, Scienza","Cronaca\/Politica","Prima Pagina"],"inLanguage":"fr-FR"},{"@type":"WebPage","@id":"https:\/\/www.bellunopress.it\/2009\/08\/06\/pubblichiamo-un-intervento-sottoscritto-da-piu-di-40-firmatari-sulla-vicenda-dellisbrec\/","url":"https:\/\/www.bellunopress.it\/2009\/08\/06\/pubblichiamo-un-intervento-sottoscritto-da-piu-di-40-firmatari-sulla-vicenda-dellisbrec\/","name":"Pubblichiamo un intervento sottoscritto da pi\u00f9 di 40 firmatari sulla vicenda dell'Isbrec - Bellunopress - Dolomiti","isPartOf":{"@id":"https:\/\/www.bellunopress.it\/#website"},"primaryImageOfPage":{"@id":"https:\/\/www.bellunopress.it\/2009\/08\/06\/pubblichiamo-un-intervento-sottoscritto-da-piu-di-40-firmatari-sulla-vicenda-dellisbrec\/#primaryimage"},"image":{"@id":"https:\/\/www.bellunopress.it\/2009\/08\/06\/pubblichiamo-un-intervento-sottoscritto-da-piu-di-40-firmatari-sulla-vicenda-dellisbrec\/#primaryimage"},"thumbnailUrl":"http:\/\/www.bellunopress.it\/wp-content\/uploads\/2009\/06\/tullio-bettiol-001.jpg","datePublished":"2009-08-06T21:03:50+00:00","dateModified":"2009-08-06T21:06:50+00:00","breadcrumb":{"@id":"https:\/\/www.bellunopress.it\/2009\/08\/06\/pubblichiamo-un-intervento-sottoscritto-da-piu-di-40-firmatari-sulla-vicenda-dellisbrec\/#breadcrumb"},"inLanguage":"fr-FR","potentialAction":[{"@type":"ReadAction","target":["https:\/\/www.bellunopress.it\/2009\/08\/06\/pubblichiamo-un-intervento-sottoscritto-da-piu-di-40-firmatari-sulla-vicenda-dellisbrec\/"]}]},{"@type":"ImageObject","inLanguage":"fr-FR","@id":"https:\/\/www.bellunopress.it\/2009\/08\/06\/pubblichiamo-un-intervento-sottoscritto-da-piu-di-40-firmatari-sulla-vicenda-dellisbrec\/#primaryimage","url":"http:\/\/www.bellunopress.it\/wp-content\/uploads\/2009\/06\/tullio-bettiol-001.jpg","contentUrl":"http:\/\/www.bellunopress.it\/wp-content\/uploads\/2009\/06\/tullio-bettiol-001.jpg"},{"@type":"BreadcrumbList","@id":"https:\/\/www.bellunopress.it\/2009\/08\/06\/pubblichiamo-un-intervento-sottoscritto-da-piu-di-40-firmatari-sulla-vicenda-dellisbrec\/#breadcrumb","itemListElement":[{"@type":"ListItem","position":1,"name":"Home","item":"https:\/\/www.bellunopress.it\/"},{"@type":"ListItem","position":2,"name":"Pubblichiamo un intervento sottoscritto da pi\u00f9 di 40 firmatari sulla vicenda dell&#8217;Isbrec"}]},{"@type":"WebSite","@id":"https:\/\/www.bellunopress.it\/#website","url":"https:\/\/www.bellunopress.it\/","name":"Bellunopress - Dolomiti","description":"e-mail: redazione@bellunopress.it","publisher":{"@id":"https:\/\/www.bellunopress.it\/#organization"},"potentialAction":[{"@type":"SearchAction","target":{"@type":"EntryPoint","urlTemplate":"https:\/\/www.bellunopress.it\/?s={search_term_string}"},"query-input":{"@type":"PropertyValueSpecification","valueRequired":true,"valueName":"search_term_string"}}],"inLanguage":"fr-FR"},{"@type":"Organization","@id":"https:\/\/www.bellunopress.it\/#organization","name":"Bellunopress","url":"https:\/\/www.bellunopress.it\/","logo":{"@type":"ImageObject","inLanguage":"fr-FR","@id":"https:\/\/www.bellunopress.it\/#\/schema\/logo\/image\/","url":"https:\/\/www.bellunopress.it\/wp-content\/uploads\/2011\/05\/cropped-logo-bellunopress-.jpg","contentUrl":"https:\/\/www.bellunopress.it\/wp-content\/uploads\/2011\/05\/cropped-logo-bellunopress-.jpg","width":512,"height":512,"caption":"Bellunopress"},"image":{"@id":"https:\/\/www.bellunopress.it\/#\/schema\/logo\/image\/"},"sameAs":["https:\/\/www.facebook.com\/profile.php?id=100008943462799","https:\/\/x.com\/bellunopress","https:\/\/www.linkedin.com\/hp\/?dnr=JBzUWaJfMUw8vbXJJ2tVW5-I3jZKvC4wsoxE&amp;amp;amp;amp;amp;amp;trk=nav_responsive_tab_home","https:\/\/www.youtube.com\/channel\/UCxL0wu1uN0_3_7hGG0306cw"]},{"@type":"Person","@id":"https:\/\/www.bellunopress.it\/#\/schema\/person\/79bb06722b37ece1c03d3e94beb30d73","name":"r\u00e9daction","image":{"@type":"ImageObject","inLanguage":"fr-FR","@id":"https:\/\/secure.gravatar.com\/avatar\/37d968a2e67a6fd04c169c4bdef102d0bc5d31b2546345219e348575eb80e9a0?s=96&d=mm&r=g","url":"https:\/\/secure.gravatar.com\/avatar\/37d968a2e67a6fd04c169c4bdef102d0bc5d31b2546345219e348575eb80e9a0?s=96&d=mm&r=g","contentUrl":"https:\/\/secure.gravatar.com\/avatar\/37d968a2e67a6fd04c169c4bdef102d0bc5d31b2546345219e348575eb80e9a0?s=96&d=mm&r=g","caption":"redazione"},"sameAs":["http:\/\/www.bellunopress.it","https:\/\/x.com\/bellunopress"],"url":"https:\/\/www.bellunopress.it\/fr\/author\/redazione\/"}]}},"_links":{"self":[{"href":"https:\/\/www.bellunopress.it\/fr\/wp-json\/wp\/v2\/posts\/6773","targetHints":{"allow":["GET"]}}],"collection":[{"href":"https:\/\/www.bellunopress.it\/fr\/wp-json\/wp\/v2\/posts"}],"about":[{"href":"https:\/\/www.bellunopress.it\/fr\/wp-json\/wp\/v2\/types\/post"}],"author":[{"embeddable":true,"href":"https:\/\/www.bellunopress.it\/fr\/wp-json\/wp\/v2\/users\/2"}],"replies":[{"embeddable":true,"href":"https:\/\/www.bellunopress.it\/fr\/wp-json\/wp\/v2\/comments?post=6773"}],"version-history":[{"count":3,"href":"https:\/\/www.bellunopress.it\/fr\/wp-json\/wp\/v2\/posts\/6773\/revisions"}],"predecessor-version":[{"id":6775,"href":"https:\/\/www.bellunopress.it\/fr\/wp-json\/wp\/v2\/posts\/6773\/revisions\/6775"}],"wp:attachment":[{"href":"https:\/\/www.bellunopress.it\/fr\/wp-json\/wp\/v2\/media?parent=6773"}],"wp:term":[{"taxonomy":"category","embeddable":true,"href":"https:\/\/www.bellunopress.it\/fr\/wp-json\/wp\/v2\/categories?post=6773"},{"taxonomy":"post_tag","embeddable":true,"href":"https:\/\/www.bellunopress.it\/fr\/wp-json\/wp\/v2\/tags?post=6773"}],"curies":[{"name":"wp","href":"https:\/\/api.w.org\/{rel}","templated":true}]}}