{"id":6771,"date":"2009-08-06T20:01:57","date_gmt":"2009-08-06T19:01:57","guid":{"rendered":"http:\/\/www.bellunopress.it\/?p=6771"},"modified":"2009-08-06T20:01:57","modified_gmt":"2009-08-06T19:01:57","slug":"ancora-nessuna-traccia-dellanziano-scomparso-nellagordino","status":"publish","type":"post","link":"https:\/\/www.bellunopress.it\/fr\/2009\/08\/06\/ancora-nessuna-traccia-dellanziano-scomparso-nellagordino\/","title":{"rendered":"Ancora nessuna traccia dell&#8217;anziano scomparso nell&#8217;Agordino"},"content":{"rendered":"<p>Taibon Agordino (BL), 06-08-09\u00a0 Ancora nessuna traccia dell&#8217;anziano scomparso ieri nell&#8217;Agordino. Mentre stanno rientrando le ultime squadre impegnate nella ricerca di Gottardo D.L., 84 anni, l&#8217;ospite della casa di<br \/>\nriposo di Taibon Agordino che da ieri mattina non d\u00e0 pi\u00f9 notizie di s\u00e9, il Soccorso alpino di Agordo, coordinatore delle ricerche, si sta confrontando con i famigliari e le forze dell&#8217;ordine, per stabilire come procedere domani. Oggi oltre 50 persone, tecnici di tutte le Stazioni agordine del Soccorso alpino, Guardia di finanza, Vigili del fuoco, Corpo forestale dello Stato, unit\u00e0 cinofile da ricerca (comprese due da traccia arrivate da Brunico), hanno perlustrato gli itinerari che l&#8217;anziano potrebbe aver intrapreso ieri diretto a Laste di Rocca Pietore, dove abitava un tempo. Piste ciclabili, sentieri e vie secondarie sono state percorse, cos\u00ec come \u00e8 stata setacciata tutta l&#8217;area che da Taibon Agordino porta a Cencenighe, luogo in cui l&#8217;uomo sarebbe stato visto da un testimone ieri attorno alle 14, purtroppo senza alcun esito. L&#8217;anziano indossa una giacca a quadri e pantaloni color crema, ha capelli bianchi, un po&#8217; stempiato, e cammina tenendo sempre le braccia conserte. Chiunque lo dovesse incontrare \u00e8 pregato di segnalarlo ai carabinieri o al 118.<\/p>","protected":false},"excerpt":{"rendered":"<p>Taibon Agordino (BL), 06-08-09\u00a0 Ancora nessuna traccia dell&#8217;anziano scomparso ieri nell&#8217;Agordino. Mentre stanno rientrando le ultime squadre impegnate nella ricerca di Gottardo D.L., 84 anni, l&#8217;ospite della casa di riposo di Taibon Agordino che da ieri mattina non d\u00e0 pi\u00f9 notizie di s\u00e9, il Soccorso alpino di Agordo, coordinatore delle ricerche, si sta confrontando con [&hellip;]<\/p>\n","protected":false},"author":2,"featured_media":0,"comment_status":"closed","ping_status":"open","sticky":false,"template":"","format":"standard","meta":{"footnotes":""},"categories":[5,26],"tags":[23],"class_list":["post-6771","post","type-post","status-publish","format-standard","category-cronaca","category-prima-pagina","tag-salp"],"yoast_head":"<!-- This site is optimized with the Yoast SEO plugin v28.4 - https:\/\/yoast.com\/product\/yoast-seo-wordpress\/ -->\n<title>Ancora nessuna traccia dell&#039;anziano scomparso nell&#039;Agordino - Bellunopress - Dolomiti<\/title>\n<meta name=\"robots\" content=\"index, follow, max-snippet:-1, max-image-preview:large, max-video-preview:-1\" \/>\n<link rel=\"canonical\" href=\"https:\/\/www.bellunopress.it\/fr\/2009\/08\/06\/ancora-nessuna-traccia-dellanziano-scomparso-nellagordino\/\" \/>\n<meta property=\"og:locale\" content=\"fr_FR\" \/>\n<meta property=\"og:type\" content=\"article\" \/>\n<meta property=\"og:title\" content=\"Ancora nessuna traccia dell&#039;anziano scomparso nell&#039;Agordino - Bellunopress - Dolomiti\" \/>\n<meta property=\"og:description\" content=\"Taibon Agordino (BL), 06-08-09\u00a0 Ancora nessuna traccia dell&#8217;anziano scomparso ieri nell&#8217;Agordino. Mentre stanno rientrando le ultime squadre impegnate nella ricerca di Gottardo D.L., 84 anni, l&#8217;ospite della casa di riposo di Taibon Agordino che da ieri mattina non d\u00e0 pi\u00f9 notizie di s\u00e9, il Soccorso alpino di Agordo, coordinatore delle ricerche, si sta confrontando con [&hellip;]\" \/>\n<meta property=\"og:url\" content=\"https:\/\/www.bellunopress.it\/fr\/2009\/08\/06\/ancora-nessuna-traccia-dellanziano-scomparso-nellagordino\/\" \/>\n<meta property=\"og:site_name\" content=\"Bellunopress - Dolomiti\" \/>\n<meta property=\"article:publisher\" content=\"https:\/\/www.facebook.com\/profile.php?id=100008943462799\" \/>\n<meta property=\"article:published_time\" content=\"2009-08-06T19:01:57+00:00\" \/>\n<meta property=\"og:image\" content=\"http:\/\/www.bellunopress.it\/wp-content\/uploads\/2012\/07\/logo-bellunopress-250x250-2012.jpg\" \/>\n<meta name=\"author\" content=\"redazione\" \/>\n<meta name=\"twitter:card\" content=\"summary_large_image\" \/>\n<meta name=\"twitter:creator\" content=\"@bellunopress\" \/>\n<meta name=\"twitter:site\" content=\"@bellunopress\" \/>\n<meta name=\"twitter:label1\" content=\"\u00c9crit par\" \/>\n\t<meta name=\"twitter:data1\" content=\"redazione\" \/>\n\t<meta name=\"twitter:label2\" content=\"Dur\u00e9e de lecture estim\u00e9e\" \/>\n\t<meta name=\"twitter:data2\" content=\"1 minute\" \/>\n<script type=\"application\/ld+json\" class=\"yoast-schema-graph\">{\"@context\":\"https:\\\/\\\/schema.org\",\"@graph\":[{\"@type\":\"Article\",\"@id\":\"https:\\\/\\\/www.bellunopress.it\\\/2009\\\/08\\\/06\\\/ancora-nessuna-traccia-dellanziano-scomparso-nellagordino\\\/#article\",\"isPartOf\":{\"@id\":\"https:\\\/\\\/www.bellunopress.it\\\/2009\\\/08\\\/06\\\/ancora-nessuna-traccia-dellanziano-scomparso-nellagordino\\\/\"},\"author\":{\"name\":\"redazione\",\"@id\":\"https:\\\/\\\/www.bellunopress.it\\\/#\\\/schema\\\/person\\\/79bb06722b37ece1c03d3e94beb30d73\"},\"headline\":\"Ancora nessuna traccia dell&#8217;anziano scomparso nell&#8217;Agordino\",\"datePublished\":\"2009-08-06T19:01:57+00:00\",\"mainEntityOfPage\":{\"@id\":\"https:\\\/\\\/www.bellunopress.it\\\/2009\\\/08\\\/06\\\/ancora-nessuna-traccia-dellanziano-scomparso-nellagordino\\\/\"},\"wordCount\":209,\"publisher\":{\"@id\":\"https:\\\/\\\/www.bellunopress.it\\\/#organization\"},\"keywords\":[\"Soccorso Alpino\"],\"articleSection\":[\"Cronaca\\\/Politica\",\"Prima Pagina\"],\"inLanguage\":\"fr-FR\"},{\"@type\":\"WebPage\",\"@id\":\"https:\\\/\\\/www.bellunopress.it\\\/2009\\\/08\\\/06\\\/ancora-nessuna-traccia-dellanziano-scomparso-nellagordino\\\/\",\"url\":\"https:\\\/\\\/www.bellunopress.it\\\/2009\\\/08\\\/06\\\/ancora-nessuna-traccia-dellanziano-scomparso-nellagordino\\\/\",\"name\":\"Ancora nessuna traccia dell'anziano scomparso nell'Agordino - Bellunopress - Dolomiti\",\"isPartOf\":{\"@id\":\"https:\\\/\\\/www.bellunopress.it\\\/#website\"},\"datePublished\":\"2009-08-06T19:01:57+00:00\",\"breadcrumb\":{\"@id\":\"https:\\\/\\\/www.bellunopress.it\\\/2009\\\/08\\\/06\\\/ancora-nessuna-traccia-dellanziano-scomparso-nellagordino\\\/#breadcrumb\"},\"inLanguage\":\"fr-FR\",\"potentialAction\":[{\"@type\":\"ReadAction\",\"target\":[\"https:\\\/\\\/www.bellunopress.it\\\/2009\\\/08\\\/06\\\/ancora-nessuna-traccia-dellanziano-scomparso-nellagordino\\\/\"]}]},{\"@type\":\"BreadcrumbList\",\"@id\":\"https:\\\/\\\/www.bellunopress.it\\\/2009\\\/08\\\/06\\\/ancora-nessuna-traccia-dellanziano-scomparso-nellagordino\\\/#breadcrumb\",\"itemListElement\":[{\"@type\":\"ListItem\",\"position\":1,\"name\":\"Home\",\"item\":\"https:\\\/\\\/www.bellunopress.it\\\/\"},{\"@type\":\"ListItem\",\"position\":2,\"name\":\"Ancora nessuna traccia dell&#8217;anziano scomparso nell&#8217;Agordino\"}]},{\"@type\":\"WebSite\",\"@id\":\"https:\\\/\\\/www.bellunopress.it\\\/#website\",\"url\":\"https:\\\/\\\/www.bellunopress.it\\\/\",\"name\":\"Bellunopress - Dolomiti\",\"description\":\"e-mail: redazione@bellunopress.it\",\"publisher\":{\"@id\":\"https:\\\/\\\/www.bellunopress.it\\\/#organization\"},\"potentialAction\":[{\"@type\":\"SearchAction\",\"target\":{\"@type\":\"EntryPoint\",\"urlTemplate\":\"https:\\\/\\\/www.bellunopress.it\\\/?s={search_term_string}\"},\"query-input\":{\"@type\":\"PropertyValueSpecification\",\"valueRequired\":true,\"valueName\":\"search_term_string\"}}],\"inLanguage\":\"fr-FR\"},{\"@type\":\"Organization\",\"@id\":\"https:\\\/\\\/www.bellunopress.it\\\/#organization\",\"name\":\"Bellunopress\",\"url\":\"https:\\\/\\\/www.bellunopress.it\\\/\",\"logo\":{\"@type\":\"ImageObject\",\"inLanguage\":\"fr-FR\",\"@id\":\"https:\\\/\\\/www.bellunopress.it\\\/#\\\/schema\\\/logo\\\/image\\\/\",\"url\":\"https:\\\/\\\/www.bellunopress.it\\\/wp-content\\\/uploads\\\/2011\\\/05\\\/cropped-logo-bellunopress-.jpg\",\"contentUrl\":\"https:\\\/\\\/www.bellunopress.it\\\/wp-content\\\/uploads\\\/2011\\\/05\\\/cropped-logo-bellunopress-.jpg\",\"width\":512,\"height\":512,\"caption\":\"Bellunopress\"},\"image\":{\"@id\":\"https:\\\/\\\/www.bellunopress.it\\\/#\\\/schema\\\/logo\\\/image\\\/\"},\"sameAs\":[\"https:\\\/\\\/www.facebook.com\\\/profile.php?id=100008943462799\",\"https:\\\/\\\/x.com\\\/bellunopress\",\"https:\\\/\\\/www.linkedin.com\\\/hp\\\/?dnr=JBzUWaJfMUw8vbXJJ2tVW5-I3jZKvC4wsoxE&amp;amp;amp;amp;amp;amp;trk=nav_responsive_tab_home\",\"https:\\\/\\\/www.youtube.com\\\/channel\\\/UCxL0wu1uN0_3_7hGG0306cw\"]},{\"@type\":\"Person\",\"@id\":\"https:\\\/\\\/www.bellunopress.it\\\/#\\\/schema\\\/person\\\/79bb06722b37ece1c03d3e94beb30d73\",\"name\":\"redazione\",\"image\":{\"@type\":\"ImageObject\",\"inLanguage\":\"fr-FR\",\"@id\":\"https:\\\/\\\/secure.gravatar.com\\\/avatar\\\/37d968a2e67a6fd04c169c4bdef102d0bc5d31b2546345219e348575eb80e9a0?s=96&d=mm&r=g\",\"url\":\"https:\\\/\\\/secure.gravatar.com\\\/avatar\\\/37d968a2e67a6fd04c169c4bdef102d0bc5d31b2546345219e348575eb80e9a0?s=96&d=mm&r=g\",\"contentUrl\":\"https:\\\/\\\/secure.gravatar.com\\\/avatar\\\/37d968a2e67a6fd04c169c4bdef102d0bc5d31b2546345219e348575eb80e9a0?s=96&d=mm&r=g\",\"caption\":\"redazione\"},\"sameAs\":[\"http:\\\/\\\/www.bellunopress.it\",\"https:\\\/\\\/x.com\\\/bellunopress\"],\"url\":\"https:\\\/\\\/www.bellunopress.it\\\/fr\\\/author\\\/redazione\\\/\"}]}<\/script>\n<!-- \/ Yoast SEO plugin. -->","yoast_head_json":{"title":"Ancora nessuna traccia dell'anziano scomparso nell'Agordino - Bellunopress - Dolomiti","robots":{"index":"index","follow":"follow","max-snippet":"max-snippet:-1","max-image-preview":"max-image-preview:large","max-video-preview":"max-video-preview:-1"},"canonical":"https:\/\/www.bellunopress.it\/fr\/2009\/08\/06\/ancora-nessuna-traccia-dellanziano-scomparso-nellagordino\/","og_locale":"fr_FR","og_type":"article","og_title":"Ancora nessuna traccia dell'anziano scomparso nell'Agordino - Bellunopress - Dolomiti","og_description":"Taibon Agordino (BL), 06-08-09\u00a0 Ancora nessuna traccia dell&#8217;anziano scomparso ieri nell&#8217;Agordino. Mentre stanno rientrando le ultime squadre impegnate nella ricerca di Gottardo D.L., 84 anni, l&#8217;ospite della casa di riposo di Taibon Agordino che da ieri mattina non d\u00e0 pi\u00f9 notizie di s\u00e9, il Soccorso alpino di Agordo, coordinatore delle ricerche, si sta confrontando con [&hellip;]","og_url":"https:\/\/www.bellunopress.it\/fr\/2009\/08\/06\/ancora-nessuna-traccia-dellanziano-scomparso-nellagordino\/","og_site_name":"Bellunopress - Dolomiti","article_publisher":"https:\/\/www.facebook.com\/profile.php?id=100008943462799","article_published_time":"2009-08-06T19:01:57+00:00","og_image":[{"url":"http:\/\/www.bellunopress.it\/wp-content\/uploads\/2012\/07\/logo-bellunopress-250x250-2012.jpg","type":"","width":"","height":""}],"author":"redazione","twitter_card":"summary_large_image","twitter_creator":"@bellunopress","twitter_site":"@bellunopress","twitter_misc":{"\u00c9crit par":"redazione","Dur\u00e9e de lecture estim\u00e9e":"1 minute"},"schema":{"@context":"https:\/\/schema.org","@graph":[{"@type":"Article","@id":"https:\/\/www.bellunopress.it\/2009\/08\/06\/ancora-nessuna-traccia-dellanziano-scomparso-nellagordino\/#article","isPartOf":{"@id":"https:\/\/www.bellunopress.it\/2009\/08\/06\/ancora-nessuna-traccia-dellanziano-scomparso-nellagordino\/"},"author":{"name":"redazione","@id":"https:\/\/www.bellunopress.it\/#\/schema\/person\/79bb06722b37ece1c03d3e94beb30d73"},"headline":"Ancora nessuna traccia dell&#8217;anziano scomparso nell&#8217;Agordino","datePublished":"2009-08-06T19:01:57+00:00","mainEntityOfPage":{"@id":"https:\/\/www.bellunopress.it\/2009\/08\/06\/ancora-nessuna-traccia-dellanziano-scomparso-nellagordino\/"},"wordCount":209,"publisher":{"@id":"https:\/\/www.bellunopress.it\/#organization"},"keywords":["Soccorso Alpino"],"articleSection":["Cronaca\/Politica","Prima Pagina"],"inLanguage":"fr-FR"},{"@type":"WebPage","@id":"https:\/\/www.bellunopress.it\/2009\/08\/06\/ancora-nessuna-traccia-dellanziano-scomparso-nellagordino\/","url":"https:\/\/www.bellunopress.it\/2009\/08\/06\/ancora-nessuna-traccia-dellanziano-scomparso-nellagordino\/","name":"Ancora nessuna traccia dell'anziano scomparso nell'Agordino - Bellunopress - Dolomiti","isPartOf":{"@id":"https:\/\/www.bellunopress.it\/#website"},"datePublished":"2009-08-06T19:01:57+00:00","breadcrumb":{"@id":"https:\/\/www.bellunopress.it\/2009\/08\/06\/ancora-nessuna-traccia-dellanziano-scomparso-nellagordino\/#breadcrumb"},"inLanguage":"fr-FR","potentialAction":[{"@type":"ReadAction","target":["https:\/\/www.bellunopress.it\/2009\/08\/06\/ancora-nessuna-traccia-dellanziano-scomparso-nellagordino\/"]}]},{"@type":"BreadcrumbList","@id":"https:\/\/www.bellunopress.it\/2009\/08\/06\/ancora-nessuna-traccia-dellanziano-scomparso-nellagordino\/#breadcrumb","itemListElement":[{"@type":"ListItem","position":1,"name":"Home","item":"https:\/\/www.bellunopress.it\/"},{"@type":"ListItem","position":2,"name":"Ancora nessuna traccia dell&#8217;anziano scomparso nell&#8217;Agordino"}]},{"@type":"WebSite","@id":"https:\/\/www.bellunopress.it\/#website","url":"https:\/\/www.bellunopress.it\/","name":"Bellunopress - Dolomiti","description":"e-mail: redazione@bellunopress.it","publisher":{"@id":"https:\/\/www.bellunopress.it\/#organization"},"potentialAction":[{"@type":"SearchAction","target":{"@type":"EntryPoint","urlTemplate":"https:\/\/www.bellunopress.it\/?s={search_term_string}"},"query-input":{"@type":"PropertyValueSpecification","valueRequired":true,"valueName":"search_term_string"}}],"inLanguage":"fr-FR"},{"@type":"Organization","@id":"https:\/\/www.bellunopress.it\/#organization","name":"Bellunopress","url":"https:\/\/www.bellunopress.it\/","logo":{"@type":"ImageObject","inLanguage":"fr-FR","@id":"https:\/\/www.bellunopress.it\/#\/schema\/logo\/image\/","url":"https:\/\/www.bellunopress.it\/wp-content\/uploads\/2011\/05\/cropped-logo-bellunopress-.jpg","contentUrl":"https:\/\/www.bellunopress.it\/wp-content\/uploads\/2011\/05\/cropped-logo-bellunopress-.jpg","width":512,"height":512,"caption":"Bellunopress"},"image":{"@id":"https:\/\/www.bellunopress.it\/#\/schema\/logo\/image\/"},"sameAs":["https:\/\/www.facebook.com\/profile.php?id=100008943462799","https:\/\/x.com\/bellunopress","https:\/\/www.linkedin.com\/hp\/?dnr=JBzUWaJfMUw8vbXJJ2tVW5-I3jZKvC4wsoxE&amp;amp;amp;amp;amp;amp;trk=nav_responsive_tab_home","https:\/\/www.youtube.com\/channel\/UCxL0wu1uN0_3_7hGG0306cw"]},{"@type":"Person","@id":"https:\/\/www.bellunopress.it\/#\/schema\/person\/79bb06722b37ece1c03d3e94beb30d73","name":"r\u00e9daction","image":{"@type":"ImageObject","inLanguage":"fr-FR","@id":"https:\/\/secure.gravatar.com\/avatar\/37d968a2e67a6fd04c169c4bdef102d0bc5d31b2546345219e348575eb80e9a0?s=96&d=mm&r=g","url":"https:\/\/secure.gravatar.com\/avatar\/37d968a2e67a6fd04c169c4bdef102d0bc5d31b2546345219e348575eb80e9a0?s=96&d=mm&r=g","contentUrl":"https:\/\/secure.gravatar.com\/avatar\/37d968a2e67a6fd04c169c4bdef102d0bc5d31b2546345219e348575eb80e9a0?s=96&d=mm&r=g","caption":"redazione"},"sameAs":["http:\/\/www.bellunopress.it","https:\/\/x.com\/bellunopress"],"url":"https:\/\/www.bellunopress.it\/fr\/author\/redazione\/"}]}},"_links":{"self":[{"href":"https:\/\/www.bellunopress.it\/fr\/wp-json\/wp\/v2\/posts\/6771","targetHints":{"allow":["GET"]}}],"collection":[{"href":"https:\/\/www.bellunopress.it\/fr\/wp-json\/wp\/v2\/posts"}],"about":[{"href":"https:\/\/www.bellunopress.it\/fr\/wp-json\/wp\/v2\/types\/post"}],"author":[{"embeddable":true,"href":"https:\/\/www.bellunopress.it\/fr\/wp-json\/wp\/v2\/users\/2"}],"replies":[{"embeddable":true,"href":"https:\/\/www.bellunopress.it\/fr\/wp-json\/wp\/v2\/comments?post=6771"}],"version-history":[{"count":1,"href":"https:\/\/www.bellunopress.it\/fr\/wp-json\/wp\/v2\/posts\/6771\/revisions"}],"predecessor-version":[{"id":6772,"href":"https:\/\/www.bellunopress.it\/fr\/wp-json\/wp\/v2\/posts\/6771\/revisions\/6772"}],"wp:attachment":[{"href":"https:\/\/www.bellunopress.it\/fr\/wp-json\/wp\/v2\/media?parent=6771"}],"wp:term":[{"taxonomy":"category","embeddable":true,"href":"https:\/\/www.bellunopress.it\/fr\/wp-json\/wp\/v2\/categories?post=6771"},{"taxonomy":"post_tag","embeddable":true,"href":"https:\/\/www.bellunopress.it\/fr\/wp-json\/wp\/v2\/tags?post=6771"}],"curies":[{"name":"wp","href":"https:\/\/api.w.org\/{rel}","templated":true}]}}