{"id":6768,"date":"2009-08-06T19:50:20","date_gmt":"2009-08-06T18:50:20","guid":{"rendered":"http:\/\/www.bellunopress.it\/?p=6768"},"modified":"2009-08-06T19:54:59","modified_gmt":"2009-08-06T18:54:59","slug":"anche-oggi-il-soccorso-alpino-interviene-per-incidenti-vari-in-montagna","status":"publish","type":"post","link":"https:\/\/www.bellunopress.it\/fr\/2009\/08\/06\/anche-oggi-il-soccorso-alpino-interviene-per-incidenti-vari-in-montagna\/","title":{"rendered":"Anche oggi il Soccorso alpino interviene per incidenti vari in montagna"},"content":{"rendered":"<p><strong>Escursionista colta da malore<\/strong>\u00a0 Cortina d&#8217;Ampezzo (BL), 06-08-09 Mentre scendeva dal sentiero 452 che da passo Giau porta al rifugio Averau un&#8217;escursionista bolognese, M.P.B., 70 anni, \u00e8 svenuta, colta da<br \/>\nmalore, ed \u00e8 caduta a terra. Sul posto l&#8217;elicottero del Suem di Pieve di Cadore ha sbarcato il personale medico che ha prestato le prime cure alla donna priva di coscienza. Dopo averla stabilizzata, l&#8217;equipaggio la ha imbarcata e trasportata all&#8217;ospedale di Belluno.<\/p>\n<p><strong>70enne scivola sul sentiero<\/strong>\u00a0 Auronzo di Cadore (BL), 06-08-09 Al rientro da cima Aiarnola, sul gruppo del Popera, lungo il sentiero 127, un uomo di Pisa, G.M., 70 anni, \u00e8 scivolato mettendo male il piede. L&#8217;eliambulanza del Suem di Pieve di Cadore, dopo aver imbarcato un tecnico del Soccorso alpino della Stazione di Auronzo, ha individuato il luogo dell&#8217;incidente e ha recuperato l&#8217;infortunato per trasportarlo all&#8217;ospedale di Pieve con un sospetto trauma alla caviglia.<\/p>\n<p><strong>Infortunio ad una 59enne al Rifugio Averau<\/strong>\u00a0 Cortina d&#8217;Ampezzo (BL), 06-08-09 Una donna di Bologna, M.R., 59 anni, si \u00e8 infortunata al piede, non distante dal rifugio Averau. Sul posto una jeep della Guardia di finanza e l&#8217;elicottero del Suem che, dopo averla caricata a bordo, la ha accompagnata all&#8217;ospedale di Cortina poich\u00e8 lamentava forti dolori alla caviglia.<\/p>\n<p><strong>Giovani escursioniste sfinite dalla stanchezza<\/strong>\u00a0 Auronzo di Cadore (BL), 06-08-09 Sfinite dalla stanchezza per la lunga passeggiata con una comitiva, due giovani escursioniste di Dolo (VE), A.S., 14 anni, e L.M., 15 anni, sono state raggiunte dai soccorritori non distante dal rifugio Lavaredo e trasportate in jeep fino alla strada, dove attendeva un&#8217;ambulanza che le ha poi accompagnate all&#8217;ospedale per i dovuti controlli.<\/p>\n<p><strong>Scivola sul sentiero\u00a0 Cortina d&#8217;Ampezzo<\/strong> (BL), 06-08-09 E&#8217; scivolato sul sentiero che conduce al Col dei Bos, procurandosi un trauma alla caviglia. E&#8217; stato un escursionista di passaggio a lanciare l&#8217;allarme per l&#8217;infortunio di E.K., sessantaduenne austriaco, soccorso dall&#8217;elicottero del Suem di Pieve di Cadore che, dopo averlo imbarcato utilizzando un verricello di 7 metri, lo ha trasportato all&#8217;ospedale di Cortina.<\/p>\n<p><strong>Scivola sul greto del torrente<\/strong>\u00a0 Zoldo Alto (BL), 06-08-09 Una caduta sui ciottoli del greto del torrente Ma\u00e8 le ha causato la probabile frattura della gamba. Si \u00e8 infortunata in localit\u00e0 La Palanca C.R., 63 anni, di Ferrara, raggiunta nel primo pomeriggio da una squadra del Soccorso alpino della Valle di Zoldo, arrivata in supporto dell&#8217;ambulanza della Croce Verde. I soccorritori le hanno stabilizzato l&#8217;arto e la hanno trasportata per 150 metri fino all&#8217;ambulanza, diretta poi all&#8217;ospedale.<\/p>","protected":false},"excerpt":{"rendered":"<p>Escursionista colta da malore\u00a0 Cortina d&#8217;Ampezzo (BL), 06-08-09 Mentre scendeva dal sentiero 452 che da passo Giau porta al rifugio Averau un&#8217;escursionista bolognese, M.P.B., 70 anni, \u00e8 svenuta, colta da malore, ed \u00e8 caduta a terra. Sul posto l&#8217;elicottero del Suem di Pieve di Cadore ha sbarcato il personale medico che ha prestato le prime [&hellip;]<\/p>\n","protected":false},"author":2,"featured_media":0,"comment_status":"closed","ping_status":"open","sticky":false,"template":"","format":"standard","meta":{"footnotes":""},"categories":[5,26],"tags":[23],"class_list":["post-6768","post","type-post","status-publish","format-standard","category-cronaca","category-prima-pagina","tag-salp"],"yoast_head":"<!-- This site is optimized with the Yoast SEO plugin v28.4 - https:\/\/yoast.com\/product\/yoast-seo-wordpress\/ -->\n<title>Anche oggi il Soccorso alpino interviene per incidenti vari in montagna  - Bellunopress - Dolomiti<\/title>\n<meta name=\"robots\" content=\"index, follow, max-snippet:-1, max-image-preview:large, max-video-preview:-1\" \/>\n<link rel=\"canonical\" href=\"https:\/\/www.bellunopress.it\/fr\/2009\/08\/06\/anche-oggi-il-soccorso-alpino-interviene-per-incidenti-vari-in-montagna\/\" \/>\n<meta property=\"og:locale\" content=\"fr_FR\" \/>\n<meta property=\"og:type\" content=\"article\" \/>\n<meta property=\"og:title\" content=\"Anche oggi il Soccorso alpino interviene per incidenti vari in montagna  - Bellunopress - Dolomiti\" \/>\n<meta property=\"og:description\" content=\"Escursionista colta da malore\u00a0 Cortina d&#8217;Ampezzo (BL), 06-08-09 Mentre scendeva dal sentiero 452 che da passo Giau porta al rifugio Averau un&#8217;escursionista bolognese, M.P.B., 70 anni, \u00e8 svenuta, colta da malore, ed \u00e8 caduta a terra. Sul posto l&#8217;elicottero del Suem di Pieve di Cadore ha sbarcato il personale medico che ha prestato le prime [&hellip;]\" \/>\n<meta property=\"og:url\" content=\"https:\/\/www.bellunopress.it\/fr\/2009\/08\/06\/anche-oggi-il-soccorso-alpino-interviene-per-incidenti-vari-in-montagna\/\" \/>\n<meta property=\"og:site_name\" content=\"Bellunopress - Dolomiti\" \/>\n<meta property=\"article:publisher\" content=\"https:\/\/www.facebook.com\/profile.php?id=100008943462799\" \/>\n<meta property=\"article:published_time\" content=\"2009-08-06T18:50:20+00:00\" \/>\n<meta property=\"article:modified_time\" content=\"2009-08-06T18:54:59+00:00\" \/>\n<meta property=\"og:image\" content=\"http:\/\/www.bellunopress.it\/wp-content\/uploads\/2012\/07\/logo-bellunopress-250x250-2012.jpg\" \/>\n<meta name=\"author\" content=\"redazione\" \/>\n<meta name=\"twitter:card\" content=\"summary_large_image\" \/>\n<meta name=\"twitter:creator\" content=\"@bellunopress\" \/>\n<meta name=\"twitter:site\" content=\"@bellunopress\" \/>\n<meta name=\"twitter:label1\" content=\"\u00c9crit par\" \/>\n\t<meta name=\"twitter:data1\" content=\"redazione\" \/>\n\t<meta name=\"twitter:label2\" content=\"Dur\u00e9e de lecture estim\u00e9e\" \/>\n\t<meta name=\"twitter:data2\" content=\"2 minutes\" \/>\n<script type=\"application\/ld+json\" class=\"yoast-schema-graph\">{\"@context\":\"https:\\\/\\\/schema.org\",\"@graph\":[{\"@type\":\"Article\",\"@id\":\"https:\\\/\\\/www.bellunopress.it\\\/2009\\\/08\\\/06\\\/anche-oggi-il-soccorso-alpino-interviene-per-incidenti-vari-in-montagna\\\/#article\",\"isPartOf\":{\"@id\":\"https:\\\/\\\/www.bellunopress.it\\\/2009\\\/08\\\/06\\\/anche-oggi-il-soccorso-alpino-interviene-per-incidenti-vari-in-montagna\\\/\"},\"author\":{\"name\":\"redazione\",\"@id\":\"https:\\\/\\\/www.bellunopress.it\\\/#\\\/schema\\\/person\\\/79bb06722b37ece1c03d3e94beb30d73\"},\"headline\":\"Anche oggi il Soccorso alpino interviene per incidenti vari in montagna\",\"datePublished\":\"2009-08-06T18:50:20+00:00\",\"dateModified\":\"2009-08-06T18:54:59+00:00\",\"mainEntityOfPage\":{\"@id\":\"https:\\\/\\\/www.bellunopress.it\\\/2009\\\/08\\\/06\\\/anche-oggi-il-soccorso-alpino-interviene-per-incidenti-vari-in-montagna\\\/\"},\"wordCount\":439,\"publisher\":{\"@id\":\"https:\\\/\\\/www.bellunopress.it\\\/#organization\"},\"keywords\":[\"Soccorso Alpino\"],\"articleSection\":[\"Cronaca\\\/Politica\",\"Prima Pagina\"],\"inLanguage\":\"fr-FR\"},{\"@type\":\"WebPage\",\"@id\":\"https:\\\/\\\/www.bellunopress.it\\\/2009\\\/08\\\/06\\\/anche-oggi-il-soccorso-alpino-interviene-per-incidenti-vari-in-montagna\\\/\",\"url\":\"https:\\\/\\\/www.bellunopress.it\\\/2009\\\/08\\\/06\\\/anche-oggi-il-soccorso-alpino-interviene-per-incidenti-vari-in-montagna\\\/\",\"name\":\"Anche oggi il Soccorso alpino interviene per incidenti vari in montagna - Bellunopress - Dolomiti\",\"isPartOf\":{\"@id\":\"https:\\\/\\\/www.bellunopress.it\\\/#website\"},\"datePublished\":\"2009-08-06T18:50:20+00:00\",\"dateModified\":\"2009-08-06T18:54:59+00:00\",\"breadcrumb\":{\"@id\":\"https:\\\/\\\/www.bellunopress.it\\\/2009\\\/08\\\/06\\\/anche-oggi-il-soccorso-alpino-interviene-per-incidenti-vari-in-montagna\\\/#breadcrumb\"},\"inLanguage\":\"fr-FR\",\"potentialAction\":[{\"@type\":\"ReadAction\",\"target\":[\"https:\\\/\\\/www.bellunopress.it\\\/2009\\\/08\\\/06\\\/anche-oggi-il-soccorso-alpino-interviene-per-incidenti-vari-in-montagna\\\/\"]}]},{\"@type\":\"BreadcrumbList\",\"@id\":\"https:\\\/\\\/www.bellunopress.it\\\/2009\\\/08\\\/06\\\/anche-oggi-il-soccorso-alpino-interviene-per-incidenti-vari-in-montagna\\\/#breadcrumb\",\"itemListElement\":[{\"@type\":\"ListItem\",\"position\":1,\"name\":\"Home\",\"item\":\"https:\\\/\\\/www.bellunopress.it\\\/\"},{\"@type\":\"ListItem\",\"position\":2,\"name\":\"Anche oggi il Soccorso alpino interviene per incidenti vari in montagna\"}]},{\"@type\":\"WebSite\",\"@id\":\"https:\\\/\\\/www.bellunopress.it\\\/#website\",\"url\":\"https:\\\/\\\/www.bellunopress.it\\\/\",\"name\":\"Bellunopress - Dolomiti\",\"description\":\"e-mail: redazione@bellunopress.it\",\"publisher\":{\"@id\":\"https:\\\/\\\/www.bellunopress.it\\\/#organization\"},\"potentialAction\":[{\"@type\":\"SearchAction\",\"target\":{\"@type\":\"EntryPoint\",\"urlTemplate\":\"https:\\\/\\\/www.bellunopress.it\\\/?s={search_term_string}\"},\"query-input\":{\"@type\":\"PropertyValueSpecification\",\"valueRequired\":true,\"valueName\":\"search_term_string\"}}],\"inLanguage\":\"fr-FR\"},{\"@type\":\"Organization\",\"@id\":\"https:\\\/\\\/www.bellunopress.it\\\/#organization\",\"name\":\"Bellunopress\",\"url\":\"https:\\\/\\\/www.bellunopress.it\\\/\",\"logo\":{\"@type\":\"ImageObject\",\"inLanguage\":\"fr-FR\",\"@id\":\"https:\\\/\\\/www.bellunopress.it\\\/#\\\/schema\\\/logo\\\/image\\\/\",\"url\":\"https:\\\/\\\/www.bellunopress.it\\\/wp-content\\\/uploads\\\/2011\\\/05\\\/cropped-logo-bellunopress-.jpg\",\"contentUrl\":\"https:\\\/\\\/www.bellunopress.it\\\/wp-content\\\/uploads\\\/2011\\\/05\\\/cropped-logo-bellunopress-.jpg\",\"width\":512,\"height\":512,\"caption\":\"Bellunopress\"},\"image\":{\"@id\":\"https:\\\/\\\/www.bellunopress.it\\\/#\\\/schema\\\/logo\\\/image\\\/\"},\"sameAs\":[\"https:\\\/\\\/www.facebook.com\\\/profile.php?id=100008943462799\",\"https:\\\/\\\/x.com\\\/bellunopress\",\"https:\\\/\\\/www.linkedin.com\\\/hp\\\/?dnr=JBzUWaJfMUw8vbXJJ2tVW5-I3jZKvC4wsoxE&amp;amp;amp;amp;amp;amp;trk=nav_responsive_tab_home\",\"https:\\\/\\\/www.youtube.com\\\/channel\\\/UCxL0wu1uN0_3_7hGG0306cw\"]},{\"@type\":\"Person\",\"@id\":\"https:\\\/\\\/www.bellunopress.it\\\/#\\\/schema\\\/person\\\/79bb06722b37ece1c03d3e94beb30d73\",\"name\":\"redazione\",\"image\":{\"@type\":\"ImageObject\",\"inLanguage\":\"fr-FR\",\"@id\":\"https:\\\/\\\/secure.gravatar.com\\\/avatar\\\/37d968a2e67a6fd04c169c4bdef102d0bc5d31b2546345219e348575eb80e9a0?s=96&d=mm&r=g\",\"url\":\"https:\\\/\\\/secure.gravatar.com\\\/avatar\\\/37d968a2e67a6fd04c169c4bdef102d0bc5d31b2546345219e348575eb80e9a0?s=96&d=mm&r=g\",\"contentUrl\":\"https:\\\/\\\/secure.gravatar.com\\\/avatar\\\/37d968a2e67a6fd04c169c4bdef102d0bc5d31b2546345219e348575eb80e9a0?s=96&d=mm&r=g\",\"caption\":\"redazione\"},\"sameAs\":[\"http:\\\/\\\/www.bellunopress.it\",\"https:\\\/\\\/x.com\\\/bellunopress\"],\"url\":\"https:\\\/\\\/www.bellunopress.it\\\/fr\\\/author\\\/redazione\\\/\"}]}<\/script>\n<!-- \/ Yoast SEO plugin. -->","yoast_head_json":{"title":"Anche oggi il Soccorso alpino interviene per incidenti vari in montagna  - Bellunopress - Dolomiti","robots":{"index":"index","follow":"follow","max-snippet":"max-snippet:-1","max-image-preview":"max-image-preview:large","max-video-preview":"max-video-preview:-1"},"canonical":"https:\/\/www.bellunopress.it\/fr\/2009\/08\/06\/anche-oggi-il-soccorso-alpino-interviene-per-incidenti-vari-in-montagna\/","og_locale":"fr_FR","og_type":"article","og_title":"Anche oggi il Soccorso alpino interviene per incidenti vari in montagna  - Bellunopress - Dolomiti","og_description":"Escursionista colta da malore\u00a0 Cortina d&#8217;Ampezzo (BL), 06-08-09 Mentre scendeva dal sentiero 452 che da passo Giau porta al rifugio Averau un&#8217;escursionista bolognese, M.P.B., 70 anni, \u00e8 svenuta, colta da malore, ed \u00e8 caduta a terra. Sul posto l&#8217;elicottero del Suem di Pieve di Cadore ha sbarcato il personale medico che ha prestato le prime [&hellip;]","og_url":"https:\/\/www.bellunopress.it\/fr\/2009\/08\/06\/anche-oggi-il-soccorso-alpino-interviene-per-incidenti-vari-in-montagna\/","og_site_name":"Bellunopress - Dolomiti","article_publisher":"https:\/\/www.facebook.com\/profile.php?id=100008943462799","article_published_time":"2009-08-06T18:50:20+00:00","article_modified_time":"2009-08-06T18:54:59+00:00","og_image":[{"url":"http:\/\/www.bellunopress.it\/wp-content\/uploads\/2012\/07\/logo-bellunopress-250x250-2012.jpg","type":"","width":"","height":""}],"author":"redazione","twitter_card":"summary_large_image","twitter_creator":"@bellunopress","twitter_site":"@bellunopress","twitter_misc":{"\u00c9crit par":"redazione","Dur\u00e9e de lecture estim\u00e9e":"2 minutes"},"schema":{"@context":"https:\/\/schema.org","@graph":[{"@type":"Article","@id":"https:\/\/www.bellunopress.it\/2009\/08\/06\/anche-oggi-il-soccorso-alpino-interviene-per-incidenti-vari-in-montagna\/#article","isPartOf":{"@id":"https:\/\/www.bellunopress.it\/2009\/08\/06\/anche-oggi-il-soccorso-alpino-interviene-per-incidenti-vari-in-montagna\/"},"author":{"name":"redazione","@id":"https:\/\/www.bellunopress.it\/#\/schema\/person\/79bb06722b37ece1c03d3e94beb30d73"},"headline":"Anche oggi il Soccorso alpino interviene per incidenti vari in montagna","datePublished":"2009-08-06T18:50:20+00:00","dateModified":"2009-08-06T18:54:59+00:00","mainEntityOfPage":{"@id":"https:\/\/www.bellunopress.it\/2009\/08\/06\/anche-oggi-il-soccorso-alpino-interviene-per-incidenti-vari-in-montagna\/"},"wordCount":439,"publisher":{"@id":"https:\/\/www.bellunopress.it\/#organization"},"keywords":["Soccorso Alpino"],"articleSection":["Cronaca\/Politica","Prima Pagina"],"inLanguage":"fr-FR"},{"@type":"WebPage","@id":"https:\/\/www.bellunopress.it\/2009\/08\/06\/anche-oggi-il-soccorso-alpino-interviene-per-incidenti-vari-in-montagna\/","url":"https:\/\/www.bellunopress.it\/2009\/08\/06\/anche-oggi-il-soccorso-alpino-interviene-per-incidenti-vari-in-montagna\/","name":"Anche oggi il Soccorso alpino interviene per incidenti vari in montagna - Bellunopress - Dolomiti","isPartOf":{"@id":"https:\/\/www.bellunopress.it\/#website"},"datePublished":"2009-08-06T18:50:20+00:00","dateModified":"2009-08-06T18:54:59+00:00","breadcrumb":{"@id":"https:\/\/www.bellunopress.it\/2009\/08\/06\/anche-oggi-il-soccorso-alpino-interviene-per-incidenti-vari-in-montagna\/#breadcrumb"},"inLanguage":"fr-FR","potentialAction":[{"@type":"ReadAction","target":["https:\/\/www.bellunopress.it\/2009\/08\/06\/anche-oggi-il-soccorso-alpino-interviene-per-incidenti-vari-in-montagna\/"]}]},{"@type":"BreadcrumbList","@id":"https:\/\/www.bellunopress.it\/2009\/08\/06\/anche-oggi-il-soccorso-alpino-interviene-per-incidenti-vari-in-montagna\/#breadcrumb","itemListElement":[{"@type":"ListItem","position":1,"name":"Home","item":"https:\/\/www.bellunopress.it\/"},{"@type":"ListItem","position":2,"name":"Anche oggi il Soccorso alpino interviene per incidenti vari in montagna"}]},{"@type":"WebSite","@id":"https:\/\/www.bellunopress.it\/#website","url":"https:\/\/www.bellunopress.it\/","name":"Bellunopress - Dolomiti","description":"e-mail: redazione@bellunopress.it","publisher":{"@id":"https:\/\/www.bellunopress.it\/#organization"},"potentialAction":[{"@type":"SearchAction","target":{"@type":"EntryPoint","urlTemplate":"https:\/\/www.bellunopress.it\/?s={search_term_string}"},"query-input":{"@type":"PropertyValueSpecification","valueRequired":true,"valueName":"search_term_string"}}],"inLanguage":"fr-FR"},{"@type":"Organization","@id":"https:\/\/www.bellunopress.it\/#organization","name":"Bellunopress","url":"https:\/\/www.bellunopress.it\/","logo":{"@type":"ImageObject","inLanguage":"fr-FR","@id":"https:\/\/www.bellunopress.it\/#\/schema\/logo\/image\/","url":"https:\/\/www.bellunopress.it\/wp-content\/uploads\/2011\/05\/cropped-logo-bellunopress-.jpg","contentUrl":"https:\/\/www.bellunopress.it\/wp-content\/uploads\/2011\/05\/cropped-logo-bellunopress-.jpg","width":512,"height":512,"caption":"Bellunopress"},"image":{"@id":"https:\/\/www.bellunopress.it\/#\/schema\/logo\/image\/"},"sameAs":["https:\/\/www.facebook.com\/profile.php?id=100008943462799","https:\/\/x.com\/bellunopress","https:\/\/www.linkedin.com\/hp\/?dnr=JBzUWaJfMUw8vbXJJ2tVW5-I3jZKvC4wsoxE&amp;amp;amp;amp;amp;amp;trk=nav_responsive_tab_home","https:\/\/www.youtube.com\/channel\/UCxL0wu1uN0_3_7hGG0306cw"]},{"@type":"Person","@id":"https:\/\/www.bellunopress.it\/#\/schema\/person\/79bb06722b37ece1c03d3e94beb30d73","name":"r\u00e9daction","image":{"@type":"ImageObject","inLanguage":"fr-FR","@id":"https:\/\/secure.gravatar.com\/avatar\/37d968a2e67a6fd04c169c4bdef102d0bc5d31b2546345219e348575eb80e9a0?s=96&d=mm&r=g","url":"https:\/\/secure.gravatar.com\/avatar\/37d968a2e67a6fd04c169c4bdef102d0bc5d31b2546345219e348575eb80e9a0?s=96&d=mm&r=g","contentUrl":"https:\/\/secure.gravatar.com\/avatar\/37d968a2e67a6fd04c169c4bdef102d0bc5d31b2546345219e348575eb80e9a0?s=96&d=mm&r=g","caption":"redazione"},"sameAs":["http:\/\/www.bellunopress.it","https:\/\/x.com\/bellunopress"],"url":"https:\/\/www.bellunopress.it\/fr\/author\/redazione\/"}]}},"_links":{"self":[{"href":"https:\/\/www.bellunopress.it\/fr\/wp-json\/wp\/v2\/posts\/6768","targetHints":{"allow":["GET"]}}],"collection":[{"href":"https:\/\/www.bellunopress.it\/fr\/wp-json\/wp\/v2\/posts"}],"about":[{"href":"https:\/\/www.bellunopress.it\/fr\/wp-json\/wp\/v2\/types\/post"}],"author":[{"embeddable":true,"href":"https:\/\/www.bellunopress.it\/fr\/wp-json\/wp\/v2\/users\/2"}],"replies":[{"embeddable":true,"href":"https:\/\/www.bellunopress.it\/fr\/wp-json\/wp\/v2\/comments?post=6768"}],"version-history":[{"count":2,"href":"https:\/\/www.bellunopress.it\/fr\/wp-json\/wp\/v2\/posts\/6768\/revisions"}],"predecessor-version":[{"id":6770,"href":"https:\/\/www.bellunopress.it\/fr\/wp-json\/wp\/v2\/posts\/6768\/revisions\/6770"}],"wp:attachment":[{"href":"https:\/\/www.bellunopress.it\/fr\/wp-json\/wp\/v2\/media?parent=6768"}],"wp:term":[{"taxonomy":"category","embeddable":true,"href":"https:\/\/www.bellunopress.it\/fr\/wp-json\/wp\/v2\/categories?post=6768"},{"taxonomy":"post_tag","embeddable":true,"href":"https:\/\/www.bellunopress.it\/fr\/wp-json\/wp\/v2\/tags?post=6768"}],"curies":[{"name":"wp","href":"https:\/\/api.w.org\/{rel}","templated":true}]}}