{"id":67632,"date":"2015-03-31T20:19:49","date_gmt":"2015-03-31T18:19:49","guid":{"rendered":"http:\/\/www.bellunopress.it\/?p=67632"},"modified":"2015-03-31T20:19:49","modified_gmt":"2015-03-31T18:19:49","slug":"il-consiglio-regionale-veneto-firma-allunanimita-lordine-del-giorno-toscani-per-impedire-la-fusione-del-corpo-forestale-in-altre-forze-di-polizia","status":"publish","type":"post","link":"https:\/\/www.bellunopress.it\/fr\/2015\/03\/31\/il-consiglio-regionale-veneto-firma-allunanimita-lordine-del-giorno-toscani-per-impedire-la-fusione-del-corpo-forestale-in-altre-forze-di-polizia\/","title":{"rendered":"Il Consiglio regionale veneto firma all&#8217;unanimit\u00e0 l&#8217;ordine del giorno Toscani per impedire la fusione del Corpo forestale in altre Forze di polizia"},"content":{"rendered":"<p><a href=\"http:\/\/www.bellunopress.it\/wp-content\/uploads\/2015\/01\/Matteo-Toscani.jpg\"><img loading=\"lazy\" decoding=\"async\" class=\"alignleft size-full wp-image-65989\" src=\"http:\/\/www.bellunopress.it\/wp-content\/uploads\/2015\/01\/Matteo-Toscani.jpg\" alt=\"Matteo Toscani\" width=\"139\" height=\"180\" \/><\/a>Su proposta del consigliere regionale Matteo Toscani, \u00e8 stato sottoscritto oggi all&#8217;unanimit\u00e0 in consiglio regionale del Veneto l&#8217;ordine del giorno teso a\u00a0scongiurare l&#8217;assorbimento del Corpo Forestale dello Stato in altre Forze di Polizia.<\/p>\n<p>Ecco di seguito il testo:<\/p>\n<p>&nbsp;<\/p>\n<p>&nbsp;<\/p>\n<p>A RISCHIO DI SOPPRESSIONE IL CORPO FORESTALE DELLO STATO COME FORZA DI POLIZIA SPECIALIZZATA NELLA TUTELA DELL\u2019AMBIENTE, DEL TERRITORIO, DEL PATRIMONIO AGRO-ALIMENTARE E DELLA BIODIVERSIT\u00c0<\/p>\n<p>Presentato il dal Consigliere Toscani<\/p>\n<p>Il Consiglio regionale del Veneto<\/p>\n<p>Premesso che<br \/>\n\u2022 con il disegno di legge 1577 recante \u201cRiorganizzazione delle Amministrazioni Pubbliche\u201d il Governo nazionale ha formulato un progetto di riforma e razionalizzazione della Pubblica Amministrazione;<br \/>\n\u2022 l\u2019art. 7, comma 1, lettera a) del citato disegno di legge, tra i principi e i criteri direttivi prevede \u201cil riordino delle funzioni di polizia di tutela dell\u2019ambiente e del territorio, nonch\u00e9 nel campo della sicurezza e dei controlli nel settore agroalimentare, con riorganizzazione di quelle del Corpo forestale dello Stato ed eventuale assorbimento delle medesime in quelle delle altre forze di polizia, ferma restando la garanzia degli attuali livelli di presidio dell\u2019ambiente e del territorio e la salvaguardia delle professionalit\u00e0 esistenti\u201d, potendone derivare la soppressione del Corpo Forestale dello Stato e l\u2019assorbimento delle sue funzioni svolte in quelle delle altre forze di polizia a competenza generale ovvero di altri enti pubblici, cancellando cos\u00ec di fatto, l\u2019unico corpo di polizia statale con una marcata specializzazione e professionalit\u00e0 in materia di tutela dell\u2019ambiente, del territorio e della biodiversit\u00e0;<br \/>\n\u2022 questa operazione determinerebbe l\u2019irrimediabile dispersione della specifica professionalit\u00e0 del Corpo forestale dello Stato: nella lotta ai crimini ambientali e nella tutela degli ecosistemi naturali; nel presidio costante del territorio, nella difesa idrogeologica e del suolo; nella tutela delle condizioni di legalit\u00e0 nel sistema agroforestale ed alimentare del Paese; nella efficace prevenzione e contrasto al traffico e smaltimento illecito dei rifiuti; nella repressione dei reati a danno degli animali; nel contrasto e repressione degli illeciti e reati nel settore agro-alimentare come le contraffazioni, le sofisticazioni, le adulterazioni ormai sempre pi\u00f9 diffuse; nella tutela dei prodotti a qualit\u00e0 certificata e delle tipicit\u00e0 alimentari; nella prevenzione degli incendi boschivi e nelle successive attivit\u00e0 investigative; nella costante attivit\u00e0 di vigilanza e tutela dei Parchi nazionali e regionali, come momento di intervento e mediazione tra le esigenze di sviluppo e quelle della conservazione naturalistica; nel controllo, prevenzione e repressione dei traffici illeciti di specie animali e vegetali minacciate d\u2019estinzione (Convenzione \u201cC.I.T.E.S\u201d.);<br \/>\n\u2022 questa operazione determinerebbe l\u2019irrimediabile dispersione delle specifiche professionalit\u00e0 del Corpo forestale dello Stato non solo quale organo votato alla lotta ai crimini ambientali ed alla tutela degli ecosistemi naturali, ma anche quale indispensabile partner nel complesso sistema di governance del territorio, essendo dotato di una speciale, indiscutibile e storica sensibilit\u00e0 sia per le esigenze di conservazione degli ambienti naturali, sia per quelle connesse allo sviluppo sociale ed economico delle popolazioni locali con particolare riguardo a quelle delle zone montane e delle aree protette, da orientare verso forme ecosostenibili, partecipate dai cittadini e controllate da agenzie forti e autorevoli;<br \/>\n\u2022 l\u2019efficienza e l\u2019efficacia della presenza del Corpo forestale dello Stato nel presidio e nella difesa del territorio nell\u2019interesse del Paese e di questa Regione, \u00e8 il risultato delle risposte articolate che lo stesso, per la sua origine, per cultura, per la formazione del personale, fornisce nei vari ambiti operativi, dalla difesa idrogeologica e del suolo alla tutela della legalit\u00e0 nel sistema ambientale, forestale ed agroalimentare, dal contrasto al traffico e allo smaltimento illecito dei rifiuti alla repressione dei reati commessi in danno degli animali, dalla lotta agli incendi boschivi alla vigilanza nelle aree protette e alla tutela della biodiversit\u00e0;<br \/>\n\u2022 nella tutela dei prodotti a qualit\u00e0 certificata e delle tipicit\u00e0 alimentari del Veneto e nella vigilanza sull\u2019impiego di OGM nell\u2019agricoltura regionale, cos\u00ec come nella salvaguardia dei livelli di eccellenza del settore dell\u2019ospitalit\u00e0 rurale e degli agriturismi, connaturati agli aspetti paesaggistici e culturali del territorio, il Corpo Forestale dello Stato rappresenta elemento di garanzia anche per le politiche di sviluppo e di riconversione del modello economico \u2013 imprenditoriale regionale;<br \/>\n\u2022 sono attualmente in essere tra Regione Veneto e Corpo forestale dello Stato: un protocollo d\u2019intesa per collaborazione in materia faunistico \u2013 venatoria; una convenzione per l\u2019esercizio delle funzioni di vigilanza ex art. 6 c. 5 della L.R. 17\/2011; un protocollo d\u2019intesa con ARPAV in materia di rischio neve e valanghe a favore della Protezione Civile e della sicurezza in montagna. All\u2019attualit\u00e0 \u00e8 in esame una convenzione in materia di sicurezza agro-alimentare ed agro-ambientale.<br \/>\n\u2022 un elicottero del Corpo Forestale dello Stato \u00e8 presente presso l\u2019aeroporto di Belluno garantendo: l\u2019attivit\u00e0 di monitoraggio di aree del territorio particolarmente fragili, a rischio di inquinamento idrico e di illeciti smaltimenti di rifiuti; operazioni di ricerca e soccorso dispersi in zone impervie; monitoraggio del territorio in occasione di eventi meteorologici eccezionali, quali ad esempio nevicate copiose, per le quali gli esperti valanghe del Corpo Forestale dello Stato effettuano insieme alla Protezione Civile regionale le valutazioni di rischio volte ad adottare i provvedimenti necessari per la pubblica incolumit\u00e0 nel territorio montano.<br \/>\nConsiderato che<br \/>\n\u2022 il Corpo forestale dello Stato \u00e8 gi\u00e0 stato riorganizzato, quale unica forza di polizia ad ordinamento civile, con competenza specifica in materia di tutela ambientale e agroalimentare con la legge 6 febbraio 2004, n. 36 e che la sua specificit\u00e0 \u00e8 ribadita anche dal decreto del Ministro dell\u2019Interno 28 aprile 2006 di \u201cRiassetto dei comparti di specialit\u00e0 delle Forze di Polizia\u201d;<br \/>\n\u2022 il rilevante, qualificato e produttivo impegno del Corpo forestale dello Stato, il cui organico conta meno di 8.000 unit\u00e0 effettive a livello nazionale, necessita invece di un incremento attesa la circostanza che vede il numero dei professionisti addetti alla sicurezza ambientale e del territorio in molti Paesi europei, ben superiore a quello italiano;<br \/>\n\u2022 l\u2019assorbimento in altre forze di polizia del Corpo forestale dello Stato, non comporterebbe apprezzabili risparmi nella spesa pubblica, anzi occorrerebbe prevedere risorse finanziarie aggiuntive da destinare all\u2019adeguamento delle dotazioni strumentali e tecniche e del vestiario da fornire al personale, ma si risolverebbe in un minor livello di tutela degli ambienti naturali, dell\u2019agricoltura e del territorio con conseguenti inevitabili aumenti di spesa;<br \/>\n\u2022 il Corpo forestale dello Stato, in particolar modo nelle zone rurali, montane e svantaggiate e nelle aree protette, svolge di fatto un ruolo di sapiente armonizzazione nel rapporto cittadino\/ambiente\/agricoltura attraverso una continua azione di prossimit\u00e0 garantendo un efficace presidio di legalit\u00e0 per la sicurezza ambientale, agroalimentare e la tutela del territorio rurale e montano;<br \/>\n\u2022 appare assolutamente necessario evitare l\u2019assorbimento in altre forze di polizia del Corpo forestale dello Stato, disperdendone i compiti, ai fini del mantenimento degli attuali livelli di sicurezza e di presidio del territorio contro le manomissioni ambientali, il dissesto idrogeologico ed i reati agroalimentari;<br \/>\nPer quanto sopra espresso, nello spirito del mantenimento e del rafforzamento di ogni forma di collaborazione tra le amministrazioni centrali e regionali dello Stato finalizzate a perseguire efficienza, efficacia ed economicit\u00e0 nell\u2019azione pubblica, nell\u2019esclusivo interesse del Paese e dei Cittadini, questo Consiglio Regionale<\/p>\n<p>impegna la Giunta regionale<br \/>\nad intervenire presso il Presidente del Consiglio per scongiurare l\u2019assorbimento del Corpo forestale dello Stato in altre forze di polizia, bens\u00ec che lo stesso, in un ottica di razionalizzazione delle funzioni, venga rafforzato in termini di competenze specialistiche e di organico, anche con l\u2019assorbimanto di personale proveniente da altre pubbliche Amministrazioni; affinch\u00e9 si configuri sempre pi\u00f9 nettamente quale organo nazionale specializzato nella tutela e nella salvaguardia dell\u2019ambiente, del territorio, delle foreste, del patrimonio agroalimentare e della biodiversit\u00e0, a servizio di questa Regione e dell\u2019intero Paese.<\/p>","protected":false},"excerpt":{"rendered":"<p>Su proposta del consigliere regionale Matteo Toscani, \u00e8 stato sottoscritto oggi all&#8217;unanimit\u00e0 in consiglio regionale del Veneto l&#8217;ordine del giorno teso a\u00a0scongiurare l&#8217;assorbimento del Corpo Forestale dello Stato in altre Forze di Polizia. Ecco di seguito il testo: &nbsp; &nbsp; A RISCHIO DI SOPPRESSIONE IL CORPO FORESTALE DELLO STATO COME FORZA DI POLIZIA SPECIALIZZATA NELLA [&hellip;]<\/p>\n","protected":false},"author":2,"featured_media":0,"comment_status":"closed","ping_status":"open","sticky":false,"template":"","format":"standard","meta":{"footnotes":""},"categories":[5,26],"tags":[],"class_list":["post-67632","post","type-post","status-publish","format-standard","category-cronaca","category-prima-pagina"],"yoast_head":"<!-- This site is optimized with the Yoast SEO plugin v28.4 - https:\/\/yoast.com\/product\/yoast-seo-wordpress\/ -->\n<title>Il Consiglio regionale veneto firma all&#039;unanimit\u00e0 l&#039;ordine del giorno Toscani per impedire la fusione del Corpo forestale in altre Forze di polizia - Bellunopress - Dolomiti<\/title>\n<meta name=\"robots\" content=\"index, follow, max-snippet:-1, max-image-preview:large, max-video-preview:-1\" \/>\n<link rel=\"canonical\" href=\"https:\/\/www.bellunopress.it\/fr\/2015\/03\/31\/il-consiglio-regionale-veneto-firma-allunanimita-lordine-del-giorno-toscani-per-impedire-la-fusione-del-corpo-forestale-in-altre-forze-di-polizia\/\" \/>\n<meta property=\"og:locale\" content=\"fr_FR\" \/>\n<meta property=\"og:type\" content=\"article\" \/>\n<meta property=\"og:title\" content=\"Il Consiglio regionale veneto firma all&#039;unanimit\u00e0 l&#039;ordine del giorno Toscani per impedire la fusione del Corpo forestale in altre Forze di polizia - Bellunopress - Dolomiti\" \/>\n<meta property=\"og:description\" content=\"Su proposta del consigliere regionale Matteo Toscani, \u00e8 stato sottoscritto oggi all&#8217;unanimit\u00e0 in consiglio regionale del Veneto l&#8217;ordine del giorno teso a\u00a0scongiurare l&#8217;assorbimento del Corpo Forestale dello Stato in altre Forze di Polizia. Ecco di seguito il testo: &nbsp; &nbsp; A RISCHIO DI SOPPRESSIONE IL CORPO FORESTALE DELLO STATO COME FORZA DI POLIZIA SPECIALIZZATA NELLA [&hellip;]\" \/>\n<meta property=\"og:url\" content=\"https:\/\/www.bellunopress.it\/fr\/2015\/03\/31\/il-consiglio-regionale-veneto-firma-allunanimita-lordine-del-giorno-toscani-per-impedire-la-fusione-del-corpo-forestale-in-altre-forze-di-polizia\/\" \/>\n<meta property=\"og:site_name\" content=\"Bellunopress - Dolomiti\" \/>\n<meta property=\"article:publisher\" content=\"https:\/\/www.facebook.com\/profile.php?id=100008943462799\" \/>\n<meta property=\"article:published_time\" content=\"2015-03-31T18:19:49+00:00\" \/>\n<meta property=\"og:image\" content=\"http:\/\/www.bellunopress.it\/wp-content\/uploads\/2015\/01\/Matteo-Toscani.jpg\" \/>\n<meta name=\"author\" content=\"redazione\" \/>\n<meta name=\"twitter:card\" content=\"summary_large_image\" \/>\n<meta name=\"twitter:creator\" content=\"@bellunopress\" \/>\n<meta name=\"twitter:site\" content=\"@bellunopress\" \/>\n<meta name=\"twitter:label1\" content=\"\u00c9crit par\" \/>\n\t<meta name=\"twitter:data1\" content=\"redazione\" \/>\n\t<meta name=\"twitter:label2\" content=\"Dur\u00e9e de lecture estim\u00e9e\" \/>\n\t<meta name=\"twitter:data2\" content=\"6 minutes\" \/>\n<script type=\"application\/ld+json\" class=\"yoast-schema-graph\">{\"@context\":\"https:\\\/\\\/schema.org\",\"@graph\":[{\"@type\":\"Article\",\"@id\":\"https:\\\/\\\/www.bellunopress.it\\\/2015\\\/03\\\/31\\\/il-consiglio-regionale-veneto-firma-allunanimita-lordine-del-giorno-toscani-per-impedire-la-fusione-del-corpo-forestale-in-altre-forze-di-polizia\\\/#article\",\"isPartOf\":{\"@id\":\"https:\\\/\\\/www.bellunopress.it\\\/2015\\\/03\\\/31\\\/il-consiglio-regionale-veneto-firma-allunanimita-lordine-del-giorno-toscani-per-impedire-la-fusione-del-corpo-forestale-in-altre-forze-di-polizia\\\/\"},\"author\":{\"name\":\"redazione\",\"@id\":\"https:\\\/\\\/www.bellunopress.it\\\/#\\\/schema\\\/person\\\/79bb06722b37ece1c03d3e94beb30d73\"},\"headline\":\"Il Consiglio regionale veneto firma all&#8217;unanimit\u00e0 l&#8217;ordine del giorno Toscani per impedire la fusione del Corpo forestale in altre Forze di polizia\",\"datePublished\":\"2015-03-31T18:19:49+00:00\",\"mainEntityOfPage\":{\"@id\":\"https:\\\/\\\/www.bellunopress.it\\\/2015\\\/03\\\/31\\\/il-consiglio-regionale-veneto-firma-allunanimita-lordine-del-giorno-toscani-per-impedire-la-fusione-del-corpo-forestale-in-altre-forze-di-polizia\\\/\"},\"wordCount\":1278,\"publisher\":{\"@id\":\"https:\\\/\\\/www.bellunopress.it\\\/#organization\"},\"image\":{\"@id\":\"https:\\\/\\\/www.bellunopress.it\\\/2015\\\/03\\\/31\\\/il-consiglio-regionale-veneto-firma-allunanimita-lordine-del-giorno-toscani-per-impedire-la-fusione-del-corpo-forestale-in-altre-forze-di-polizia\\\/#primaryimage\"},\"thumbnailUrl\":\"http:\\\/\\\/www.bellunopress.it\\\/wp-content\\\/uploads\\\/2015\\\/01\\\/Matteo-Toscani.jpg\",\"articleSection\":[\"Cronaca\\\/Politica\",\"Prima Pagina\"],\"inLanguage\":\"fr-FR\"},{\"@type\":\"WebPage\",\"@id\":\"https:\\\/\\\/www.bellunopress.it\\\/2015\\\/03\\\/31\\\/il-consiglio-regionale-veneto-firma-allunanimita-lordine-del-giorno-toscani-per-impedire-la-fusione-del-corpo-forestale-in-altre-forze-di-polizia\\\/\",\"url\":\"https:\\\/\\\/www.bellunopress.it\\\/2015\\\/03\\\/31\\\/il-consiglio-regionale-veneto-firma-allunanimita-lordine-del-giorno-toscani-per-impedire-la-fusione-del-corpo-forestale-in-altre-forze-di-polizia\\\/\",\"name\":\"Il Consiglio regionale veneto firma all'unanimit\u00e0 l'ordine del giorno Toscani per impedire la fusione del Corpo forestale in altre Forze di polizia - Bellunopress - Dolomiti\",\"isPartOf\":{\"@id\":\"https:\\\/\\\/www.bellunopress.it\\\/#website\"},\"primaryImageOfPage\":{\"@id\":\"https:\\\/\\\/www.bellunopress.it\\\/2015\\\/03\\\/31\\\/il-consiglio-regionale-veneto-firma-allunanimita-lordine-del-giorno-toscani-per-impedire-la-fusione-del-corpo-forestale-in-altre-forze-di-polizia\\\/#primaryimage\"},\"image\":{\"@id\":\"https:\\\/\\\/www.bellunopress.it\\\/2015\\\/03\\\/31\\\/il-consiglio-regionale-veneto-firma-allunanimita-lordine-del-giorno-toscani-per-impedire-la-fusione-del-corpo-forestale-in-altre-forze-di-polizia\\\/#primaryimage\"},\"thumbnailUrl\":\"http:\\\/\\\/www.bellunopress.it\\\/wp-content\\\/uploads\\\/2015\\\/01\\\/Matteo-Toscani.jpg\",\"datePublished\":\"2015-03-31T18:19:49+00:00\",\"breadcrumb\":{\"@id\":\"https:\\\/\\\/www.bellunopress.it\\\/2015\\\/03\\\/31\\\/il-consiglio-regionale-veneto-firma-allunanimita-lordine-del-giorno-toscani-per-impedire-la-fusione-del-corpo-forestale-in-altre-forze-di-polizia\\\/#breadcrumb\"},\"inLanguage\":\"fr-FR\",\"potentialAction\":[{\"@type\":\"ReadAction\",\"target\":[\"https:\\\/\\\/www.bellunopress.it\\\/2015\\\/03\\\/31\\\/il-consiglio-regionale-veneto-firma-allunanimita-lordine-del-giorno-toscani-per-impedire-la-fusione-del-corpo-forestale-in-altre-forze-di-polizia\\\/\"]}]},{\"@type\":\"ImageObject\",\"inLanguage\":\"fr-FR\",\"@id\":\"https:\\\/\\\/www.bellunopress.it\\\/2015\\\/03\\\/31\\\/il-consiglio-regionale-veneto-firma-allunanimita-lordine-del-giorno-toscani-per-impedire-la-fusione-del-corpo-forestale-in-altre-forze-di-polizia\\\/#primaryimage\",\"url\":\"http:\\\/\\\/www.bellunopress.it\\\/wp-content\\\/uploads\\\/2015\\\/01\\\/Matteo-Toscani.jpg\",\"contentUrl\":\"http:\\\/\\\/www.bellunopress.it\\\/wp-content\\\/uploads\\\/2015\\\/01\\\/Matteo-Toscani.jpg\"},{\"@type\":\"BreadcrumbList\",\"@id\":\"https:\\\/\\\/www.bellunopress.it\\\/2015\\\/03\\\/31\\\/il-consiglio-regionale-veneto-firma-allunanimita-lordine-del-giorno-toscani-per-impedire-la-fusione-del-corpo-forestale-in-altre-forze-di-polizia\\\/#breadcrumb\",\"itemListElement\":[{\"@type\":\"ListItem\",\"position\":1,\"name\":\"Home\",\"item\":\"https:\\\/\\\/www.bellunopress.it\\\/\"},{\"@type\":\"ListItem\",\"position\":2,\"name\":\"Il Consiglio regionale veneto firma all&#8217;unanimit\u00e0 l&#8217;ordine del giorno Toscani per impedire la fusione del Corpo forestale in altre Forze di polizia\"}]},{\"@type\":\"WebSite\",\"@id\":\"https:\\\/\\\/www.bellunopress.it\\\/#website\",\"url\":\"https:\\\/\\\/www.bellunopress.it\\\/\",\"name\":\"Bellunopress - Dolomiti\",\"description\":\"e-mail: redazione@bellunopress.it\",\"publisher\":{\"@id\":\"https:\\\/\\\/www.bellunopress.it\\\/#organization\"},\"potentialAction\":[{\"@type\":\"SearchAction\",\"target\":{\"@type\":\"EntryPoint\",\"urlTemplate\":\"https:\\\/\\\/www.bellunopress.it\\\/?s={search_term_string}\"},\"query-input\":{\"@type\":\"PropertyValueSpecification\",\"valueRequired\":true,\"valueName\":\"search_term_string\"}}],\"inLanguage\":\"fr-FR\"},{\"@type\":\"Organization\",\"@id\":\"https:\\\/\\\/www.bellunopress.it\\\/#organization\",\"name\":\"Bellunopress\",\"url\":\"https:\\\/\\\/www.bellunopress.it\\\/\",\"logo\":{\"@type\":\"ImageObject\",\"inLanguage\":\"fr-FR\",\"@id\":\"https:\\\/\\\/www.bellunopress.it\\\/#\\\/schema\\\/logo\\\/image\\\/\",\"url\":\"https:\\\/\\\/www.bellunopress.it\\\/wp-content\\\/uploads\\\/2011\\\/05\\\/cropped-logo-bellunopress-.jpg\",\"contentUrl\":\"https:\\\/\\\/www.bellunopress.it\\\/wp-content\\\/uploads\\\/2011\\\/05\\\/cropped-logo-bellunopress-.jpg\",\"width\":512,\"height\":512,\"caption\":\"Bellunopress\"},\"image\":{\"@id\":\"https:\\\/\\\/www.bellunopress.it\\\/#\\\/schema\\\/logo\\\/image\\\/\"},\"sameAs\":[\"https:\\\/\\\/www.facebook.com\\\/profile.php?id=100008943462799\",\"https:\\\/\\\/x.com\\\/bellunopress\",\"https:\\\/\\\/www.linkedin.com\\\/hp\\\/?dnr=JBzUWaJfMUw8vbXJJ2tVW5-I3jZKvC4wsoxE&amp;amp;amp;amp;amp;amp;trk=nav_responsive_tab_home\",\"https:\\\/\\\/www.youtube.com\\\/channel\\\/UCxL0wu1uN0_3_7hGG0306cw\"]},{\"@type\":\"Person\",\"@id\":\"https:\\\/\\\/www.bellunopress.it\\\/#\\\/schema\\\/person\\\/79bb06722b37ece1c03d3e94beb30d73\",\"name\":\"redazione\",\"image\":{\"@type\":\"ImageObject\",\"inLanguage\":\"fr-FR\",\"@id\":\"https:\\\/\\\/secure.gravatar.com\\\/avatar\\\/37d968a2e67a6fd04c169c4bdef102d0bc5d31b2546345219e348575eb80e9a0?s=96&d=mm&r=g\",\"url\":\"https:\\\/\\\/secure.gravatar.com\\\/avatar\\\/37d968a2e67a6fd04c169c4bdef102d0bc5d31b2546345219e348575eb80e9a0?s=96&d=mm&r=g\",\"contentUrl\":\"https:\\\/\\\/secure.gravatar.com\\\/avatar\\\/37d968a2e67a6fd04c169c4bdef102d0bc5d31b2546345219e348575eb80e9a0?s=96&d=mm&r=g\",\"caption\":\"redazione\"},\"sameAs\":[\"http:\\\/\\\/www.bellunopress.it\",\"https:\\\/\\\/x.com\\\/bellunopress\"],\"url\":\"https:\\\/\\\/www.bellunopress.it\\\/fr\\\/author\\\/redazione\\\/\"}]}<\/script>\n<!-- \/ Yoast SEO plugin. -->","yoast_head_json":{"title":"Il Consiglio regionale veneto firma all'unanimit\u00e0 l'ordine del giorno Toscani per impedire la fusione del Corpo forestale in altre Forze di polizia - Bellunopress - Dolomiti","robots":{"index":"index","follow":"follow","max-snippet":"max-snippet:-1","max-image-preview":"max-image-preview:large","max-video-preview":"max-video-preview:-1"},"canonical":"https:\/\/www.bellunopress.it\/fr\/2015\/03\/31\/il-consiglio-regionale-veneto-firma-allunanimita-lordine-del-giorno-toscani-per-impedire-la-fusione-del-corpo-forestale-in-altre-forze-di-polizia\/","og_locale":"fr_FR","og_type":"article","og_title":"Il Consiglio regionale veneto firma all'unanimit\u00e0 l'ordine del giorno Toscani per impedire la fusione del Corpo forestale in altre Forze di polizia - Bellunopress - Dolomiti","og_description":"Su proposta del consigliere regionale Matteo Toscani, \u00e8 stato sottoscritto oggi all&#8217;unanimit\u00e0 in consiglio regionale del Veneto l&#8217;ordine del giorno teso a\u00a0scongiurare l&#8217;assorbimento del Corpo Forestale dello Stato in altre Forze di Polizia. Ecco di seguito il testo: &nbsp; &nbsp; A RISCHIO DI SOPPRESSIONE IL CORPO FORESTALE DELLO STATO COME FORZA DI POLIZIA SPECIALIZZATA NELLA [&hellip;]","og_url":"https:\/\/www.bellunopress.it\/fr\/2015\/03\/31\/il-consiglio-regionale-veneto-firma-allunanimita-lordine-del-giorno-toscani-per-impedire-la-fusione-del-corpo-forestale-in-altre-forze-di-polizia\/","og_site_name":"Bellunopress - Dolomiti","article_publisher":"https:\/\/www.facebook.com\/profile.php?id=100008943462799","article_published_time":"2015-03-31T18:19:49+00:00","og_image":[{"url":"http:\/\/www.bellunopress.it\/wp-content\/uploads\/2015\/01\/Matteo-Toscani.jpg","type":"","width":"","height":""}],"author":"redazione","twitter_card":"summary_large_image","twitter_creator":"@bellunopress","twitter_site":"@bellunopress","twitter_misc":{"\u00c9crit par":"redazione","Dur\u00e9e de lecture estim\u00e9e":"6 minutes"},"schema":{"@context":"https:\/\/schema.org","@graph":[{"@type":"Article","@id":"https:\/\/www.bellunopress.it\/2015\/03\/31\/il-consiglio-regionale-veneto-firma-allunanimita-lordine-del-giorno-toscani-per-impedire-la-fusione-del-corpo-forestale-in-altre-forze-di-polizia\/#article","isPartOf":{"@id":"https:\/\/www.bellunopress.it\/2015\/03\/31\/il-consiglio-regionale-veneto-firma-allunanimita-lordine-del-giorno-toscani-per-impedire-la-fusione-del-corpo-forestale-in-altre-forze-di-polizia\/"},"author":{"name":"redazione","@id":"https:\/\/www.bellunopress.it\/#\/schema\/person\/79bb06722b37ece1c03d3e94beb30d73"},"headline":"Il Consiglio regionale veneto firma all&#8217;unanimit\u00e0 l&#8217;ordine del giorno Toscani per impedire la fusione del Corpo forestale in altre Forze di polizia","datePublished":"2015-03-31T18:19:49+00:00","mainEntityOfPage":{"@id":"https:\/\/www.bellunopress.it\/2015\/03\/31\/il-consiglio-regionale-veneto-firma-allunanimita-lordine-del-giorno-toscani-per-impedire-la-fusione-del-corpo-forestale-in-altre-forze-di-polizia\/"},"wordCount":1278,"publisher":{"@id":"https:\/\/www.bellunopress.it\/#organization"},"image":{"@id":"https:\/\/www.bellunopress.it\/2015\/03\/31\/il-consiglio-regionale-veneto-firma-allunanimita-lordine-del-giorno-toscani-per-impedire-la-fusione-del-corpo-forestale-in-altre-forze-di-polizia\/#primaryimage"},"thumbnailUrl":"http:\/\/www.bellunopress.it\/wp-content\/uploads\/2015\/01\/Matteo-Toscani.jpg","articleSection":["Cronaca\/Politica","Prima Pagina"],"inLanguage":"fr-FR"},{"@type":"WebPage","@id":"https:\/\/www.bellunopress.it\/2015\/03\/31\/il-consiglio-regionale-veneto-firma-allunanimita-lordine-del-giorno-toscani-per-impedire-la-fusione-del-corpo-forestale-in-altre-forze-di-polizia\/","url":"https:\/\/www.bellunopress.it\/2015\/03\/31\/il-consiglio-regionale-veneto-firma-allunanimita-lordine-del-giorno-toscani-per-impedire-la-fusione-del-corpo-forestale-in-altre-forze-di-polizia\/","name":"Il Consiglio regionale veneto firma all'unanimit\u00e0 l'ordine del giorno Toscani per impedire la fusione del Corpo forestale in altre Forze di polizia - Bellunopress - Dolomiti","isPartOf":{"@id":"https:\/\/www.bellunopress.it\/#website"},"primaryImageOfPage":{"@id":"https:\/\/www.bellunopress.it\/2015\/03\/31\/il-consiglio-regionale-veneto-firma-allunanimita-lordine-del-giorno-toscani-per-impedire-la-fusione-del-corpo-forestale-in-altre-forze-di-polizia\/#primaryimage"},"image":{"@id":"https:\/\/www.bellunopress.it\/2015\/03\/31\/il-consiglio-regionale-veneto-firma-allunanimita-lordine-del-giorno-toscani-per-impedire-la-fusione-del-corpo-forestale-in-altre-forze-di-polizia\/#primaryimage"},"thumbnailUrl":"http:\/\/www.bellunopress.it\/wp-content\/uploads\/2015\/01\/Matteo-Toscani.jpg","datePublished":"2015-03-31T18:19:49+00:00","breadcrumb":{"@id":"https:\/\/www.bellunopress.it\/2015\/03\/31\/il-consiglio-regionale-veneto-firma-allunanimita-lordine-del-giorno-toscani-per-impedire-la-fusione-del-corpo-forestale-in-altre-forze-di-polizia\/#breadcrumb"},"inLanguage":"fr-FR","potentialAction":[{"@type":"ReadAction","target":["https:\/\/www.bellunopress.it\/2015\/03\/31\/il-consiglio-regionale-veneto-firma-allunanimita-lordine-del-giorno-toscani-per-impedire-la-fusione-del-corpo-forestale-in-altre-forze-di-polizia\/"]}]},{"@type":"ImageObject","inLanguage":"fr-FR","@id":"https:\/\/www.bellunopress.it\/2015\/03\/31\/il-consiglio-regionale-veneto-firma-allunanimita-lordine-del-giorno-toscani-per-impedire-la-fusione-del-corpo-forestale-in-altre-forze-di-polizia\/#primaryimage","url":"http:\/\/www.bellunopress.it\/wp-content\/uploads\/2015\/01\/Matteo-Toscani.jpg","contentUrl":"http:\/\/www.bellunopress.it\/wp-content\/uploads\/2015\/01\/Matteo-Toscani.jpg"},{"@type":"BreadcrumbList","@id":"https:\/\/www.bellunopress.it\/2015\/03\/31\/il-consiglio-regionale-veneto-firma-allunanimita-lordine-del-giorno-toscani-per-impedire-la-fusione-del-corpo-forestale-in-altre-forze-di-polizia\/#breadcrumb","itemListElement":[{"@type":"ListItem","position":1,"name":"Home","item":"https:\/\/www.bellunopress.it\/"},{"@type":"ListItem","position":2,"name":"Il Consiglio regionale veneto firma all&#8217;unanimit\u00e0 l&#8217;ordine del giorno Toscani per impedire la fusione del Corpo forestale in altre Forze di polizia"}]},{"@type":"WebSite","@id":"https:\/\/www.bellunopress.it\/#website","url":"https:\/\/www.bellunopress.it\/","name":"Bellunopress - Dolomiti","description":"e-mail: redazione@bellunopress.it","publisher":{"@id":"https:\/\/www.bellunopress.it\/#organization"},"potentialAction":[{"@type":"SearchAction","target":{"@type":"EntryPoint","urlTemplate":"https:\/\/www.bellunopress.it\/?s={search_term_string}"},"query-input":{"@type":"PropertyValueSpecification","valueRequired":true,"valueName":"search_term_string"}}],"inLanguage":"fr-FR"},{"@type":"Organization","@id":"https:\/\/www.bellunopress.it\/#organization","name":"Bellunopress","url":"https:\/\/www.bellunopress.it\/","logo":{"@type":"ImageObject","inLanguage":"fr-FR","@id":"https:\/\/www.bellunopress.it\/#\/schema\/logo\/image\/","url":"https:\/\/www.bellunopress.it\/wp-content\/uploads\/2011\/05\/cropped-logo-bellunopress-.jpg","contentUrl":"https:\/\/www.bellunopress.it\/wp-content\/uploads\/2011\/05\/cropped-logo-bellunopress-.jpg","width":512,"height":512,"caption":"Bellunopress"},"image":{"@id":"https:\/\/www.bellunopress.it\/#\/schema\/logo\/image\/"},"sameAs":["https:\/\/www.facebook.com\/profile.php?id=100008943462799","https:\/\/x.com\/bellunopress","https:\/\/www.linkedin.com\/hp\/?dnr=JBzUWaJfMUw8vbXJJ2tVW5-I3jZKvC4wsoxE&amp;amp;amp;amp;amp;amp;trk=nav_responsive_tab_home","https:\/\/www.youtube.com\/channel\/UCxL0wu1uN0_3_7hGG0306cw"]},{"@type":"Person","@id":"https:\/\/www.bellunopress.it\/#\/schema\/person\/79bb06722b37ece1c03d3e94beb30d73","name":"r\u00e9daction","image":{"@type":"ImageObject","inLanguage":"fr-FR","@id":"https:\/\/secure.gravatar.com\/avatar\/37d968a2e67a6fd04c169c4bdef102d0bc5d31b2546345219e348575eb80e9a0?s=96&d=mm&r=g","url":"https:\/\/secure.gravatar.com\/avatar\/37d968a2e67a6fd04c169c4bdef102d0bc5d31b2546345219e348575eb80e9a0?s=96&d=mm&r=g","contentUrl":"https:\/\/secure.gravatar.com\/avatar\/37d968a2e67a6fd04c169c4bdef102d0bc5d31b2546345219e348575eb80e9a0?s=96&d=mm&r=g","caption":"redazione"},"sameAs":["http:\/\/www.bellunopress.it","https:\/\/x.com\/bellunopress"],"url":"https:\/\/www.bellunopress.it\/fr\/author\/redazione\/"}]}},"_links":{"self":[{"href":"https:\/\/www.bellunopress.it\/fr\/wp-json\/wp\/v2\/posts\/67632","targetHints":{"allow":["GET"]}}],"collection":[{"href":"https:\/\/www.bellunopress.it\/fr\/wp-json\/wp\/v2\/posts"}],"about":[{"href":"https:\/\/www.bellunopress.it\/fr\/wp-json\/wp\/v2\/types\/post"}],"author":[{"embeddable":true,"href":"https:\/\/www.bellunopress.it\/fr\/wp-json\/wp\/v2\/users\/2"}],"replies":[{"embeddable":true,"href":"https:\/\/www.bellunopress.it\/fr\/wp-json\/wp\/v2\/comments?post=67632"}],"version-history":[{"count":1,"href":"https:\/\/www.bellunopress.it\/fr\/wp-json\/wp\/v2\/posts\/67632\/revisions"}],"predecessor-version":[{"id":67633,"href":"https:\/\/www.bellunopress.it\/fr\/wp-json\/wp\/v2\/posts\/67632\/revisions\/67633"}],"wp:attachment":[{"href":"https:\/\/www.bellunopress.it\/fr\/wp-json\/wp\/v2\/media?parent=67632"}],"wp:term":[{"taxonomy":"category","embeddable":true,"href":"https:\/\/www.bellunopress.it\/fr\/wp-json\/wp\/v2\/categories?post=67632"},{"taxonomy":"post_tag","embeddable":true,"href":"https:\/\/www.bellunopress.it\/fr\/wp-json\/wp\/v2\/tags?post=67632"}],"curies":[{"name":"wp","href":"https:\/\/api.w.org\/{rel}","templated":true}]}}