{"id":6758,"date":"2009-08-06T14:50:00","date_gmt":"2009-08-06T13:50:00","guid":{"rendered":"http:\/\/www.bellunopress.it\/?p=6758"},"modified":"2009-08-06T14:53:38","modified_gmt":"2009-08-06T13:53:38","slug":"servizio-forestale-regionale-impegnato-in-tutta-la-provincia","status":"publish","type":"post","link":"https:\/\/www.bellunopress.it\/fr\/2009\/08\/06\/servizio-forestale-regionale-impegnato-in-tutta-la-provincia\/","title":{"rendered":"Servizio forestale regionale impegnato in tutta la provincia"},"content":{"rendered":"<figure id=\"attachment_6759\" aria-describedby=\"caption-attachment-6759\" style=\"width: 178px\" class=\"wp-caption alignleft\"><a href=\"http:\/\/www.bellunopress.it\/wp-content\/uploads\/2009\/08\/pierantonio-zanchetta-oscar-de-bona-2.jpg\"><img loading=\"lazy\" decoding=\"async\" class=\"size-medium wp-image-6759\" title=\"pierantonio-zanchetta-oscar-de-bona-2\" src=\"http:\/\/www.bellunopress.it\/wp-content\/uploads\/2009\/08\/pierantonio-zanchetta-oscar-de-bona-2.jpg\" alt=\"Pierantonio Zanchetta e Oscar De Bona\" width=\"178\" height=\"131\" \/><\/a><figcaption id=\"caption-attachment-6759\" class=\"wp-caption-text\">Pierantonio Zanchetta e Oscar De Bona<\/figcaption><\/figure>\n<p>Nel corso delle ultime sedute, la Giunta regionale ha approvato il pacchetto dei lavori di sistemazione idrogeologica, riqualificazione ambientale e ripristino della viabilit\u00e0 silvo-pastorale assegnandone l\u2019esecuzione al Servizio forestale regionale di Belluno. Su delega dei Comuni che ne sostengono gli impegni finanziari sono state approvate opere che, per la loro tipologia, vengono affidate alla struttura specializzata\u00a0 che \u00e8 appunto il Servizio forestale. Questi gli interventi: Comune di Chies d\u2019Alpago,\u00a0\u00a0 in localit\u00e0 Colomp, Codenzano e Pelegona \u2013 Pian de Cice per l\u2019ammontare di 262 mila euro; Comune di San Tomaso Agordino, sistemazione delle strade silvo-pastorali di Piaia, Bosco dell\u2019impero e Costoia per 8 mila euro;\u00a0 Comune di Santa Giustina, opere sulla strada silvo-pastorale di Rivolta per 16 mila euro; Comune di Pedavena, sistemazione della strada della Val di Lamen-Trugno per 16 mila euro; Comune di Pieve di Cadore, manutenzione ambientale nelle localit\u00e0 Roccolo e Rusecco\u00a0 per 15 mila euro. Inoltre, un budget operativo di 29.500 euro \u00e8 stato esso a disposizione del Servizio forestale di Belluno, su proposta dell\u2019assessore alla Protezione civile Elena Donazzan,\u00a0 per le attivit\u00e0 di prevenzione ed estinzione di incendi boschivi. Per iniziativa dell\u2019assessore all\u2019Ambiente, Giancarlo Conta sono stati assegnati al dirigente del Servizio Pierantonio Zanchetta altri due budget, uno di 33.656 euro per realizzare interventi di miglioramento di aree forestali nei comuni di Lorenzago e di Danta di Cadore e un altro di 7.424 euro per oper di miglioramento boschivo nell\u2019area di propriet\u00e0 comunale in localit\u00e0 Boschette di Seren del Grappa. Nell\u2019ambito di interventi per la difesa fitosanitaria del patrimonio boschivo, sempre a favore del Servizio forestale bellunese sono stati assegnati 28.656 euro.<\/p>","protected":false},"excerpt":{"rendered":"<p>Nel corso delle ultime sedute, la Giunta regionale ha approvato il pacchetto dei lavori di sistemazione idrogeologica, riqualificazione ambientale e ripristino della viabilit\u00e0 silvo-pastorale assegnandone l\u2019esecuzione al Servizio forestale regionale di Belluno. Su delega dei Comuni che ne sostengono gli impegni finanziari sono state approvate opere che, per la loro tipologia, vengono affidate alla struttura [&hellip;]<\/p>\n","protected":false},"author":2,"featured_media":0,"comment_status":"closed","ping_status":"open","sticky":false,"template":"","format":"standard","meta":{"footnotes":""},"categories":[5,38,26],"tags":[139,151],"class_list":["post-6758","post","type-post","status-publish","format-standard","category-cronaca","category-natura-ambiente","category-prima-pagina","tag-belluno","tag-cadore"],"yoast_head":"<!-- This site is optimized with the Yoast SEO plugin v28.4 - https:\/\/yoast.com\/product\/yoast-seo-wordpress\/ -->\n<title>Servizio forestale regionale impegnato in tutta la provincia - Bellunopress - Dolomiti<\/title>\n<meta name=\"robots\" content=\"index, follow, max-snippet:-1, max-image-preview:large, max-video-preview:-1\" \/>\n<link rel=\"canonical\" href=\"https:\/\/www.bellunopress.it\/fr\/2009\/08\/06\/servizio-forestale-regionale-impegnato-in-tutta-la-provincia\/\" \/>\n<meta property=\"og:locale\" content=\"fr_FR\" \/>\n<meta property=\"og:type\" content=\"article\" \/>\n<meta property=\"og:title\" content=\"Servizio forestale regionale impegnato in tutta la provincia - Bellunopress - Dolomiti\" \/>\n<meta property=\"og:description\" content=\"Nel corso delle ultime sedute, la Giunta regionale ha approvato il pacchetto dei lavori di sistemazione idrogeologica, riqualificazione ambientale e ripristino della viabilit\u00e0 silvo-pastorale assegnandone l\u2019esecuzione al Servizio forestale regionale di Belluno. Su delega dei Comuni che ne sostengono gli impegni finanziari sono state approvate opere che, per la loro tipologia, vengono affidate alla struttura [&hellip;]\" \/>\n<meta property=\"og:url\" content=\"https:\/\/www.bellunopress.it\/fr\/2009\/08\/06\/servizio-forestale-regionale-impegnato-in-tutta-la-provincia\/\" \/>\n<meta property=\"og:site_name\" content=\"Bellunopress - Dolomiti\" \/>\n<meta property=\"article:publisher\" content=\"https:\/\/www.facebook.com\/profile.php?id=100008943462799\" \/>\n<meta property=\"article:published_time\" content=\"2009-08-06T13:50:00+00:00\" \/>\n<meta property=\"article:modified_time\" content=\"2009-08-06T13:53:38+00:00\" \/>\n<meta property=\"og:image\" content=\"http:\/\/www.bellunopress.it\/wp-content\/uploads\/2009\/08\/pierantonio-zanchetta-oscar-de-bona-2.jpg\" \/>\n<meta name=\"author\" content=\"redazione\" \/>\n<meta name=\"twitter:card\" content=\"summary_large_image\" \/>\n<meta name=\"twitter:creator\" content=\"@bellunopress\" \/>\n<meta name=\"twitter:site\" content=\"@bellunopress\" \/>\n<meta name=\"twitter:label1\" content=\"\u00c9crit par\" \/>\n\t<meta name=\"twitter:data1\" content=\"redazione\" \/>\n\t<meta name=\"twitter:label2\" content=\"Dur\u00e9e de lecture estim\u00e9e\" \/>\n\t<meta name=\"twitter:data2\" content=\"1 minute\" \/>\n<script type=\"application\/ld+json\" class=\"yoast-schema-graph\">{\"@context\":\"https:\\\/\\\/schema.org\",\"@graph\":[{\"@type\":\"Article\",\"@id\":\"https:\\\/\\\/www.bellunopress.it\\\/2009\\\/08\\\/06\\\/servizio-forestale-regionale-impegnato-in-tutta-la-provincia\\\/#article\",\"isPartOf\":{\"@id\":\"https:\\\/\\\/www.bellunopress.it\\\/2009\\\/08\\\/06\\\/servizio-forestale-regionale-impegnato-in-tutta-la-provincia\\\/\"},\"author\":{\"name\":\"redazione\",\"@id\":\"https:\\\/\\\/www.bellunopress.it\\\/#\\\/schema\\\/person\\\/79bb06722b37ece1c03d3e94beb30d73\"},\"headline\":\"Servizio forestale regionale impegnato in tutta la provincia\",\"datePublished\":\"2009-08-06T13:50:00+00:00\",\"dateModified\":\"2009-08-06T13:53:38+00:00\",\"mainEntityOfPage\":{\"@id\":\"https:\\\/\\\/www.bellunopress.it\\\/2009\\\/08\\\/06\\\/servizio-forestale-regionale-impegnato-in-tutta-la-provincia\\\/\"},\"wordCount\":285,\"publisher\":{\"@id\":\"https:\\\/\\\/www.bellunopress.it\\\/#organization\"},\"image\":{\"@id\":\"https:\\\/\\\/www.bellunopress.it\\\/2009\\\/08\\\/06\\\/servizio-forestale-regionale-impegnato-in-tutta-la-provincia\\\/#primaryimage\"},\"thumbnailUrl\":\"http:\\\/\\\/www.bellunopress.it\\\/wp-content\\\/uploads\\\/2009\\\/08\\\/pierantonio-zanchetta-oscar-de-bona-2.jpg\",\"keywords\":[\"Belluno\",\"Cadore\"],\"articleSection\":[\"Cronaca\\\/Politica\",\"Meteo, natura, ambiente, animali\",\"Prima Pagina\"],\"inLanguage\":\"fr-FR\"},{\"@type\":\"WebPage\",\"@id\":\"https:\\\/\\\/www.bellunopress.it\\\/2009\\\/08\\\/06\\\/servizio-forestale-regionale-impegnato-in-tutta-la-provincia\\\/\",\"url\":\"https:\\\/\\\/www.bellunopress.it\\\/2009\\\/08\\\/06\\\/servizio-forestale-regionale-impegnato-in-tutta-la-provincia\\\/\",\"name\":\"Servizio forestale regionale impegnato in tutta la provincia - Bellunopress - Dolomiti\",\"isPartOf\":{\"@id\":\"https:\\\/\\\/www.bellunopress.it\\\/#website\"},\"primaryImageOfPage\":{\"@id\":\"https:\\\/\\\/www.bellunopress.it\\\/2009\\\/08\\\/06\\\/servizio-forestale-regionale-impegnato-in-tutta-la-provincia\\\/#primaryimage\"},\"image\":{\"@id\":\"https:\\\/\\\/www.bellunopress.it\\\/2009\\\/08\\\/06\\\/servizio-forestale-regionale-impegnato-in-tutta-la-provincia\\\/#primaryimage\"},\"thumbnailUrl\":\"http:\\\/\\\/www.bellunopress.it\\\/wp-content\\\/uploads\\\/2009\\\/08\\\/pierantonio-zanchetta-oscar-de-bona-2.jpg\",\"datePublished\":\"2009-08-06T13:50:00+00:00\",\"dateModified\":\"2009-08-06T13:53:38+00:00\",\"breadcrumb\":{\"@id\":\"https:\\\/\\\/www.bellunopress.it\\\/2009\\\/08\\\/06\\\/servizio-forestale-regionale-impegnato-in-tutta-la-provincia\\\/#breadcrumb\"},\"inLanguage\":\"fr-FR\",\"potentialAction\":[{\"@type\":\"ReadAction\",\"target\":[\"https:\\\/\\\/www.bellunopress.it\\\/2009\\\/08\\\/06\\\/servizio-forestale-regionale-impegnato-in-tutta-la-provincia\\\/\"]}]},{\"@type\":\"ImageObject\",\"inLanguage\":\"fr-FR\",\"@id\":\"https:\\\/\\\/www.bellunopress.it\\\/2009\\\/08\\\/06\\\/servizio-forestale-regionale-impegnato-in-tutta-la-provincia\\\/#primaryimage\",\"url\":\"http:\\\/\\\/www.bellunopress.it\\\/wp-content\\\/uploads\\\/2009\\\/08\\\/pierantonio-zanchetta-oscar-de-bona-2.jpg\",\"contentUrl\":\"http:\\\/\\\/www.bellunopress.it\\\/wp-content\\\/uploads\\\/2009\\\/08\\\/pierantonio-zanchetta-oscar-de-bona-2.jpg\"},{\"@type\":\"BreadcrumbList\",\"@id\":\"https:\\\/\\\/www.bellunopress.it\\\/2009\\\/08\\\/06\\\/servizio-forestale-regionale-impegnato-in-tutta-la-provincia\\\/#breadcrumb\",\"itemListElement\":[{\"@type\":\"ListItem\",\"position\":1,\"name\":\"Home\",\"item\":\"https:\\\/\\\/www.bellunopress.it\\\/\"},{\"@type\":\"ListItem\",\"position\":2,\"name\":\"Servizio forestale regionale impegnato in tutta la provincia\"}]},{\"@type\":\"WebSite\",\"@id\":\"https:\\\/\\\/www.bellunopress.it\\\/#website\",\"url\":\"https:\\\/\\\/www.bellunopress.it\\\/\",\"name\":\"Bellunopress - Dolomiti\",\"description\":\"e-mail: redazione@bellunopress.it\",\"publisher\":{\"@id\":\"https:\\\/\\\/www.bellunopress.it\\\/#organization\"},\"potentialAction\":[{\"@type\":\"SearchAction\",\"target\":{\"@type\":\"EntryPoint\",\"urlTemplate\":\"https:\\\/\\\/www.bellunopress.it\\\/?s={search_term_string}\"},\"query-input\":{\"@type\":\"PropertyValueSpecification\",\"valueRequired\":true,\"valueName\":\"search_term_string\"}}],\"inLanguage\":\"fr-FR\"},{\"@type\":\"Organization\",\"@id\":\"https:\\\/\\\/www.bellunopress.it\\\/#organization\",\"name\":\"Bellunopress\",\"url\":\"https:\\\/\\\/www.bellunopress.it\\\/\",\"logo\":{\"@type\":\"ImageObject\",\"inLanguage\":\"fr-FR\",\"@id\":\"https:\\\/\\\/www.bellunopress.it\\\/#\\\/schema\\\/logo\\\/image\\\/\",\"url\":\"https:\\\/\\\/www.bellunopress.it\\\/wp-content\\\/uploads\\\/2011\\\/05\\\/cropped-logo-bellunopress-.jpg\",\"contentUrl\":\"https:\\\/\\\/www.bellunopress.it\\\/wp-content\\\/uploads\\\/2011\\\/05\\\/cropped-logo-bellunopress-.jpg\",\"width\":512,\"height\":512,\"caption\":\"Bellunopress\"},\"image\":{\"@id\":\"https:\\\/\\\/www.bellunopress.it\\\/#\\\/schema\\\/logo\\\/image\\\/\"},\"sameAs\":[\"https:\\\/\\\/www.facebook.com\\\/profile.php?id=100008943462799\",\"https:\\\/\\\/x.com\\\/bellunopress\",\"https:\\\/\\\/www.linkedin.com\\\/hp\\\/?dnr=JBzUWaJfMUw8vbXJJ2tVW5-I3jZKvC4wsoxE&amp;amp;amp;amp;amp;amp;trk=nav_responsive_tab_home\",\"https:\\\/\\\/www.youtube.com\\\/channel\\\/UCxL0wu1uN0_3_7hGG0306cw\"]},{\"@type\":\"Person\",\"@id\":\"https:\\\/\\\/www.bellunopress.it\\\/#\\\/schema\\\/person\\\/79bb06722b37ece1c03d3e94beb30d73\",\"name\":\"redazione\",\"image\":{\"@type\":\"ImageObject\",\"inLanguage\":\"fr-FR\",\"@id\":\"https:\\\/\\\/secure.gravatar.com\\\/avatar\\\/37d968a2e67a6fd04c169c4bdef102d0bc5d31b2546345219e348575eb80e9a0?s=96&d=mm&r=g\",\"url\":\"https:\\\/\\\/secure.gravatar.com\\\/avatar\\\/37d968a2e67a6fd04c169c4bdef102d0bc5d31b2546345219e348575eb80e9a0?s=96&d=mm&r=g\",\"contentUrl\":\"https:\\\/\\\/secure.gravatar.com\\\/avatar\\\/37d968a2e67a6fd04c169c4bdef102d0bc5d31b2546345219e348575eb80e9a0?s=96&d=mm&r=g\",\"caption\":\"redazione\"},\"sameAs\":[\"http:\\\/\\\/www.bellunopress.it\",\"https:\\\/\\\/x.com\\\/bellunopress\"],\"url\":\"https:\\\/\\\/www.bellunopress.it\\\/fr\\\/author\\\/redazione\\\/\"}]}<\/script>\n<!-- \/ Yoast SEO plugin. -->","yoast_head_json":{"title":"Servizio forestale regionale impegnato in tutta la provincia - Bellunopress - Dolomiti","robots":{"index":"index","follow":"follow","max-snippet":"max-snippet:-1","max-image-preview":"max-image-preview:large","max-video-preview":"max-video-preview:-1"},"canonical":"https:\/\/www.bellunopress.it\/fr\/2009\/08\/06\/servizio-forestale-regionale-impegnato-in-tutta-la-provincia\/","og_locale":"fr_FR","og_type":"article","og_title":"Servizio forestale regionale impegnato in tutta la provincia - Bellunopress - Dolomiti","og_description":"Nel corso delle ultime sedute, la Giunta regionale ha approvato il pacchetto dei lavori di sistemazione idrogeologica, riqualificazione ambientale e ripristino della viabilit\u00e0 silvo-pastorale assegnandone l\u2019esecuzione al Servizio forestale regionale di Belluno. Su delega dei Comuni che ne sostengono gli impegni finanziari sono state approvate opere che, per la loro tipologia, vengono affidate alla struttura [&hellip;]","og_url":"https:\/\/www.bellunopress.it\/fr\/2009\/08\/06\/servizio-forestale-regionale-impegnato-in-tutta-la-provincia\/","og_site_name":"Bellunopress - Dolomiti","article_publisher":"https:\/\/www.facebook.com\/profile.php?id=100008943462799","article_published_time":"2009-08-06T13:50:00+00:00","article_modified_time":"2009-08-06T13:53:38+00:00","og_image":[{"url":"http:\/\/www.bellunopress.it\/wp-content\/uploads\/2009\/08\/pierantonio-zanchetta-oscar-de-bona-2.jpg","type":"","width":"","height":""}],"author":"redazione","twitter_card":"summary_large_image","twitter_creator":"@bellunopress","twitter_site":"@bellunopress","twitter_misc":{"\u00c9crit par":"redazione","Dur\u00e9e de lecture estim\u00e9e":"1 minute"},"schema":{"@context":"https:\/\/schema.org","@graph":[{"@type":"Article","@id":"https:\/\/www.bellunopress.it\/2009\/08\/06\/servizio-forestale-regionale-impegnato-in-tutta-la-provincia\/#article","isPartOf":{"@id":"https:\/\/www.bellunopress.it\/2009\/08\/06\/servizio-forestale-regionale-impegnato-in-tutta-la-provincia\/"},"author":{"name":"redazione","@id":"https:\/\/www.bellunopress.it\/#\/schema\/person\/79bb06722b37ece1c03d3e94beb30d73"},"headline":"Servizio forestale regionale impegnato in tutta la provincia","datePublished":"2009-08-06T13:50:00+00:00","dateModified":"2009-08-06T13:53:38+00:00","mainEntityOfPage":{"@id":"https:\/\/www.bellunopress.it\/2009\/08\/06\/servizio-forestale-regionale-impegnato-in-tutta-la-provincia\/"},"wordCount":285,"publisher":{"@id":"https:\/\/www.bellunopress.it\/#organization"},"image":{"@id":"https:\/\/www.bellunopress.it\/2009\/08\/06\/servizio-forestale-regionale-impegnato-in-tutta-la-provincia\/#primaryimage"},"thumbnailUrl":"http:\/\/www.bellunopress.it\/wp-content\/uploads\/2009\/08\/pierantonio-zanchetta-oscar-de-bona-2.jpg","keywords":["Belluno","Cadore"],"articleSection":["Cronaca\/Politica","Meteo, natura, ambiente, animali","Prima Pagina"],"inLanguage":"fr-FR"},{"@type":"WebPage","@id":"https:\/\/www.bellunopress.it\/2009\/08\/06\/servizio-forestale-regionale-impegnato-in-tutta-la-provincia\/","url":"https:\/\/www.bellunopress.it\/2009\/08\/06\/servizio-forestale-regionale-impegnato-in-tutta-la-provincia\/","name":"Servizio forestale regionale impegnato in tutta la provincia - Bellunopress - Dolomiti","isPartOf":{"@id":"https:\/\/www.bellunopress.it\/#website"},"primaryImageOfPage":{"@id":"https:\/\/www.bellunopress.it\/2009\/08\/06\/servizio-forestale-regionale-impegnato-in-tutta-la-provincia\/#primaryimage"},"image":{"@id":"https:\/\/www.bellunopress.it\/2009\/08\/06\/servizio-forestale-regionale-impegnato-in-tutta-la-provincia\/#primaryimage"},"thumbnailUrl":"http:\/\/www.bellunopress.it\/wp-content\/uploads\/2009\/08\/pierantonio-zanchetta-oscar-de-bona-2.jpg","datePublished":"2009-08-06T13:50:00+00:00","dateModified":"2009-08-06T13:53:38+00:00","breadcrumb":{"@id":"https:\/\/www.bellunopress.it\/2009\/08\/06\/servizio-forestale-regionale-impegnato-in-tutta-la-provincia\/#breadcrumb"},"inLanguage":"fr-FR","potentialAction":[{"@type":"ReadAction","target":["https:\/\/www.bellunopress.it\/2009\/08\/06\/servizio-forestale-regionale-impegnato-in-tutta-la-provincia\/"]}]},{"@type":"ImageObject","inLanguage":"fr-FR","@id":"https:\/\/www.bellunopress.it\/2009\/08\/06\/servizio-forestale-regionale-impegnato-in-tutta-la-provincia\/#primaryimage","url":"http:\/\/www.bellunopress.it\/wp-content\/uploads\/2009\/08\/pierantonio-zanchetta-oscar-de-bona-2.jpg","contentUrl":"http:\/\/www.bellunopress.it\/wp-content\/uploads\/2009\/08\/pierantonio-zanchetta-oscar-de-bona-2.jpg"},{"@type":"BreadcrumbList","@id":"https:\/\/www.bellunopress.it\/2009\/08\/06\/servizio-forestale-regionale-impegnato-in-tutta-la-provincia\/#breadcrumb","itemListElement":[{"@type":"ListItem","position":1,"name":"Home","item":"https:\/\/www.bellunopress.it\/"},{"@type":"ListItem","position":2,"name":"Servizio forestale regionale impegnato in tutta la provincia"}]},{"@type":"WebSite","@id":"https:\/\/www.bellunopress.it\/#website","url":"https:\/\/www.bellunopress.it\/","name":"Bellunopress - Dolomiti","description":"e-mail: redazione@bellunopress.it","publisher":{"@id":"https:\/\/www.bellunopress.it\/#organization"},"potentialAction":[{"@type":"SearchAction","target":{"@type":"EntryPoint","urlTemplate":"https:\/\/www.bellunopress.it\/?s={search_term_string}"},"query-input":{"@type":"PropertyValueSpecification","valueRequired":true,"valueName":"search_term_string"}}],"inLanguage":"fr-FR"},{"@type":"Organization","@id":"https:\/\/www.bellunopress.it\/#organization","name":"Bellunopress","url":"https:\/\/www.bellunopress.it\/","logo":{"@type":"ImageObject","inLanguage":"fr-FR","@id":"https:\/\/www.bellunopress.it\/#\/schema\/logo\/image\/","url":"https:\/\/www.bellunopress.it\/wp-content\/uploads\/2011\/05\/cropped-logo-bellunopress-.jpg","contentUrl":"https:\/\/www.bellunopress.it\/wp-content\/uploads\/2011\/05\/cropped-logo-bellunopress-.jpg","width":512,"height":512,"caption":"Bellunopress"},"image":{"@id":"https:\/\/www.bellunopress.it\/#\/schema\/logo\/image\/"},"sameAs":["https:\/\/www.facebook.com\/profile.php?id=100008943462799","https:\/\/x.com\/bellunopress","https:\/\/www.linkedin.com\/hp\/?dnr=JBzUWaJfMUw8vbXJJ2tVW5-I3jZKvC4wsoxE&amp;amp;amp;amp;amp;amp;trk=nav_responsive_tab_home","https:\/\/www.youtube.com\/channel\/UCxL0wu1uN0_3_7hGG0306cw"]},{"@type":"Person","@id":"https:\/\/www.bellunopress.it\/#\/schema\/person\/79bb06722b37ece1c03d3e94beb30d73","name":"r\u00e9daction","image":{"@type":"ImageObject","inLanguage":"fr-FR","@id":"https:\/\/secure.gravatar.com\/avatar\/37d968a2e67a6fd04c169c4bdef102d0bc5d31b2546345219e348575eb80e9a0?s=96&d=mm&r=g","url":"https:\/\/secure.gravatar.com\/avatar\/37d968a2e67a6fd04c169c4bdef102d0bc5d31b2546345219e348575eb80e9a0?s=96&d=mm&r=g","contentUrl":"https:\/\/secure.gravatar.com\/avatar\/37d968a2e67a6fd04c169c4bdef102d0bc5d31b2546345219e348575eb80e9a0?s=96&d=mm&r=g","caption":"redazione"},"sameAs":["http:\/\/www.bellunopress.it","https:\/\/x.com\/bellunopress"],"url":"https:\/\/www.bellunopress.it\/fr\/author\/redazione\/"}]}},"_links":{"self":[{"href":"https:\/\/www.bellunopress.it\/fr\/wp-json\/wp\/v2\/posts\/6758","targetHints":{"allow":["GET"]}}],"collection":[{"href":"https:\/\/www.bellunopress.it\/fr\/wp-json\/wp\/v2\/posts"}],"about":[{"href":"https:\/\/www.bellunopress.it\/fr\/wp-json\/wp\/v2\/types\/post"}],"author":[{"embeddable":true,"href":"https:\/\/www.bellunopress.it\/fr\/wp-json\/wp\/v2\/users\/2"}],"replies":[{"embeddable":true,"href":"https:\/\/www.bellunopress.it\/fr\/wp-json\/wp\/v2\/comments?post=6758"}],"version-history":[{"count":2,"href":"https:\/\/www.bellunopress.it\/fr\/wp-json\/wp\/v2\/posts\/6758\/revisions"}],"predecessor-version":[{"id":6761,"href":"https:\/\/www.bellunopress.it\/fr\/wp-json\/wp\/v2\/posts\/6758\/revisions\/6761"}],"wp:attachment":[{"href":"https:\/\/www.bellunopress.it\/fr\/wp-json\/wp\/v2\/media?parent=6758"}],"wp:term":[{"taxonomy":"category","embeddable":true,"href":"https:\/\/www.bellunopress.it\/fr\/wp-json\/wp\/v2\/categories?post=6758"},{"taxonomy":"post_tag","embeddable":true,"href":"https:\/\/www.bellunopress.it\/fr\/wp-json\/wp\/v2\/tags?post=6758"}],"curies":[{"name":"wp","href":"https:\/\/api.w.org\/{rel}","templated":true}]}}