{"id":6755,"date":"2009-08-06T14:43:12","date_gmt":"2009-08-06T13:43:12","guid":{"rendered":"http:\/\/www.bellunopress.it\/?p=6755"},"modified":"2009-08-06T14:43:12","modified_gmt":"2009-08-06T13:43:12","slug":"lavori-per-un-milione-di-euro-nel-bacino-del-torrente-brente","status":"publish","type":"post","link":"https:\/\/www.bellunopress.it\/fr\/2009\/08\/06\/lavori-per-un-milione-di-euro-nel-bacino-del-torrente-brente\/","title":{"rendered":"Lavori per un milione di euro nel bacino del torrente Brente"},"content":{"rendered":"<figure id=\"attachment_6756\" aria-describedby=\"caption-attachment-6756\" style=\"width: 256px\" class=\"wp-caption alignleft\"><a href=\"http:\/\/www.bellunopress.it\/wp-content\/uploads\/2009\/08\/brente-trichiana-2.jpg\"><img loading=\"lazy\" decoding=\"async\" class=\"size-medium wp-image-6756\" title=\"brente-trichiana-2\" src=\"http:\/\/www.bellunopress.it\/wp-content\/uploads\/2009\/08\/brente-trichiana-2.jpg\" alt=\"Torrente Brente a Trichiana\" width=\"256\" height=\"192\" \/><\/a><figcaption id=\"caption-attachment-6756\" class=\"wp-caption-text\">Torrente Brente a Trichiana<\/figcaption><\/figure>\n<p>I lavori nel\u00a0 bacino del torrente Brente, in Sinistra Piave, procedono a pieno ritmo e dovrebbero concludersi entro questo autunno. Si tratta di un\u2019operazione da un milione di euro affidata al Servizio forestale regionale di Belluno. Essa ha previsto interventi di natura ambientale e di valorizzazione e protezione della fauna ittica. Un sopralluogo ai lavori da parte dell\u2019assessore regionale Oscar De Bona \u00e8 stato fatto anche di recente. De Bona, che ha visitato pi\u00f9 volte il cantiere e anche stavolta era accompagnato dal responsabile del Sevizio forestale bellunese, Pierantonio Zanchetta,\u00a0 ha potuto avere la visione pressoch\u00e9 completa dei lavori eseguiti dalle maestranze del Servizio di Belluno negli ultimi tre anni nel bacino del Brente in comune di Trichiana. Si tratta di opere di grande portata realizzate sia lungo l&#8217;asta principale e sia in alcuni sottobacini del corso d&#8217;acqua. Nella parte bassa del torrente Brente sono stati eseguiti interventi di manutenzione a tre grosse briglie realizzate in pietrame e malta tra gli anni 60 e 70. Contemporaneamente si \u00e8 provveduto al riordino idraulico dell&#8217;alveo lungo la parte finale della Valle del Moro nei pressi della strada che conduce al passo San Boldo. In Val di Cop, dove in passato vi furono sistemazioni idrauliche, \u00e8 stato necessario realizzare alcune manutenzioni alle briglie esistenti, a muri d&#8217;argine e ad una platea nei pressi della vecchia strada che collegava Sant\u2019Antonio di Tortal al passo San Boldo.\u00a0\u00a0Nella porzione a monte del torrente Brente, a completamento dei grossi interventi di sistemazione idraulica realizzati alcuni anni fa, \u00e8 stato quindi costruito un guado con una rampa per favorire la risalita dei pesci. Nella medesima area \u00e8 stata sistemata una frana in sinistra orografica. Nella frana di Pranolz sono stati completati gli interventi realizzati di recente con la costruzione, tra l\u2019altro, di trincee drenanti, di canalette per le acque e di opere di consolidamento del corpo di frana con interventi di ingegneria naturalistica. In Val dei Cop, dove il cantiere \u00e8\u00a0 iniziato da poco, verranno costruite\u00a0 4 briglie in cemento armato.<\/p>","protected":false},"excerpt":{"rendered":"<p>I lavori nel\u00a0 bacino del torrente Brente, in Sinistra Piave, procedono a pieno ritmo e dovrebbero concludersi entro questo autunno. Si tratta di un\u2019operazione da un milione di euro affidata al Servizio forestale regionale di Belluno. Essa ha previsto interventi di natura ambientale e di valorizzazione e protezione della fauna ittica. Un sopralluogo ai lavori [&hellip;]<\/p>\n","protected":false},"author":2,"featured_media":0,"comment_status":"closed","ping_status":"open","sticky":false,"template":"","format":"standard","meta":{"footnotes":""},"categories":[5,26],"tags":[139],"class_list":["post-6755","post","type-post","status-publish","format-standard","category-cronaca","category-prima-pagina","tag-belluno"],"yoast_head":"<!-- This site is optimized with the Yoast SEO plugin v28.4 - https:\/\/yoast.com\/product\/yoast-seo-wordpress\/ -->\n<title>Lavori per un milione di euro nel bacino del torrente Brente - Bellunopress - Dolomiti<\/title>\n<meta name=\"robots\" content=\"index, follow, max-snippet:-1, max-image-preview:large, max-video-preview:-1\" \/>\n<link rel=\"canonical\" href=\"https:\/\/www.bellunopress.it\/fr\/2009\/08\/06\/lavori-per-un-milione-di-euro-nel-bacino-del-torrente-brente\/\" \/>\n<meta property=\"og:locale\" content=\"fr_FR\" \/>\n<meta property=\"og:type\" content=\"article\" \/>\n<meta property=\"og:title\" content=\"Lavori per un milione di euro nel bacino del torrente Brente - Bellunopress - Dolomiti\" \/>\n<meta property=\"og:description\" content=\"I lavori nel\u00a0 bacino del torrente Brente, in Sinistra Piave, procedono a pieno ritmo e dovrebbero concludersi entro questo autunno. Si tratta di un\u2019operazione da un milione di euro affidata al Servizio forestale regionale di Belluno. Essa ha previsto interventi di natura ambientale e di valorizzazione e protezione della fauna ittica. Un sopralluogo ai lavori [&hellip;]\" \/>\n<meta property=\"og:url\" content=\"https:\/\/www.bellunopress.it\/fr\/2009\/08\/06\/lavori-per-un-milione-di-euro-nel-bacino-del-torrente-brente\/\" \/>\n<meta property=\"og:site_name\" content=\"Bellunopress - Dolomiti\" \/>\n<meta property=\"article:publisher\" content=\"https:\/\/www.facebook.com\/profile.php?id=100008943462799\" \/>\n<meta property=\"article:published_time\" content=\"2009-08-06T13:43:12+00:00\" \/>\n<meta property=\"og:image\" content=\"http:\/\/www.bellunopress.it\/wp-content\/uploads\/2009\/08\/brente-trichiana-2.jpg\" \/>\n<meta name=\"author\" content=\"redazione\" \/>\n<meta name=\"twitter:card\" content=\"summary_large_image\" \/>\n<meta name=\"twitter:creator\" content=\"@bellunopress\" \/>\n<meta name=\"twitter:site\" content=\"@bellunopress\" \/>\n<meta name=\"twitter:label1\" content=\"\u00c9crit par\" \/>\n\t<meta name=\"twitter:data1\" content=\"redazione\" \/>\n\t<meta name=\"twitter:label2\" content=\"Dur\u00e9e de lecture estim\u00e9e\" \/>\n\t<meta name=\"twitter:data2\" content=\"2 minutes\" \/>\n<script type=\"application\/ld+json\" class=\"yoast-schema-graph\">{\"@context\":\"https:\\\/\\\/schema.org\",\"@graph\":[{\"@type\":\"Article\",\"@id\":\"https:\\\/\\\/www.bellunopress.it\\\/2009\\\/08\\\/06\\\/lavori-per-un-milione-di-euro-nel-bacino-del-torrente-brente\\\/#article\",\"isPartOf\":{\"@id\":\"https:\\\/\\\/www.bellunopress.it\\\/2009\\\/08\\\/06\\\/lavori-per-un-milione-di-euro-nel-bacino-del-torrente-brente\\\/\"},\"author\":{\"name\":\"redazione\",\"@id\":\"https:\\\/\\\/www.bellunopress.it\\\/#\\\/schema\\\/person\\\/79bb06722b37ece1c03d3e94beb30d73\"},\"headline\":\"Lavori per un milione di euro nel bacino del torrente Brente\",\"datePublished\":\"2009-08-06T13:43:12+00:00\",\"mainEntityOfPage\":{\"@id\":\"https:\\\/\\\/www.bellunopress.it\\\/2009\\\/08\\\/06\\\/lavori-per-un-milione-di-euro-nel-bacino-del-torrente-brente\\\/\"},\"wordCount\":356,\"publisher\":{\"@id\":\"https:\\\/\\\/www.bellunopress.it\\\/#organization\"},\"image\":{\"@id\":\"https:\\\/\\\/www.bellunopress.it\\\/2009\\\/08\\\/06\\\/lavori-per-un-milione-di-euro-nel-bacino-del-torrente-brente\\\/#primaryimage\"},\"thumbnailUrl\":\"http:\\\/\\\/www.bellunopress.it\\\/wp-content\\\/uploads\\\/2009\\\/08\\\/brente-trichiana-2.jpg\",\"keywords\":[\"Belluno\"],\"articleSection\":[\"Cronaca\\\/Politica\",\"Prima Pagina\"],\"inLanguage\":\"fr-FR\"},{\"@type\":\"WebPage\",\"@id\":\"https:\\\/\\\/www.bellunopress.it\\\/2009\\\/08\\\/06\\\/lavori-per-un-milione-di-euro-nel-bacino-del-torrente-brente\\\/\",\"url\":\"https:\\\/\\\/www.bellunopress.it\\\/2009\\\/08\\\/06\\\/lavori-per-un-milione-di-euro-nel-bacino-del-torrente-brente\\\/\",\"name\":\"Lavori per un milione di euro nel bacino del torrente Brente - Bellunopress - Dolomiti\",\"isPartOf\":{\"@id\":\"https:\\\/\\\/www.bellunopress.it\\\/#website\"},\"primaryImageOfPage\":{\"@id\":\"https:\\\/\\\/www.bellunopress.it\\\/2009\\\/08\\\/06\\\/lavori-per-un-milione-di-euro-nel-bacino-del-torrente-brente\\\/#primaryimage\"},\"image\":{\"@id\":\"https:\\\/\\\/www.bellunopress.it\\\/2009\\\/08\\\/06\\\/lavori-per-un-milione-di-euro-nel-bacino-del-torrente-brente\\\/#primaryimage\"},\"thumbnailUrl\":\"http:\\\/\\\/www.bellunopress.it\\\/wp-content\\\/uploads\\\/2009\\\/08\\\/brente-trichiana-2.jpg\",\"datePublished\":\"2009-08-06T13:43:12+00:00\",\"breadcrumb\":{\"@id\":\"https:\\\/\\\/www.bellunopress.it\\\/2009\\\/08\\\/06\\\/lavori-per-un-milione-di-euro-nel-bacino-del-torrente-brente\\\/#breadcrumb\"},\"inLanguage\":\"fr-FR\",\"potentialAction\":[{\"@type\":\"ReadAction\",\"target\":[\"https:\\\/\\\/www.bellunopress.it\\\/2009\\\/08\\\/06\\\/lavori-per-un-milione-di-euro-nel-bacino-del-torrente-brente\\\/\"]}]},{\"@type\":\"ImageObject\",\"inLanguage\":\"fr-FR\",\"@id\":\"https:\\\/\\\/www.bellunopress.it\\\/2009\\\/08\\\/06\\\/lavori-per-un-milione-di-euro-nel-bacino-del-torrente-brente\\\/#primaryimage\",\"url\":\"http:\\\/\\\/www.bellunopress.it\\\/wp-content\\\/uploads\\\/2009\\\/08\\\/brente-trichiana-2.jpg\",\"contentUrl\":\"http:\\\/\\\/www.bellunopress.it\\\/wp-content\\\/uploads\\\/2009\\\/08\\\/brente-trichiana-2.jpg\"},{\"@type\":\"BreadcrumbList\",\"@id\":\"https:\\\/\\\/www.bellunopress.it\\\/2009\\\/08\\\/06\\\/lavori-per-un-milione-di-euro-nel-bacino-del-torrente-brente\\\/#breadcrumb\",\"itemListElement\":[{\"@type\":\"ListItem\",\"position\":1,\"name\":\"Home\",\"item\":\"https:\\\/\\\/www.bellunopress.it\\\/\"},{\"@type\":\"ListItem\",\"position\":2,\"name\":\"Lavori per un milione di euro nel bacino del torrente Brente\"}]},{\"@type\":\"WebSite\",\"@id\":\"https:\\\/\\\/www.bellunopress.it\\\/#website\",\"url\":\"https:\\\/\\\/www.bellunopress.it\\\/\",\"name\":\"Bellunopress - Dolomiti\",\"description\":\"e-mail: redazione@bellunopress.it\",\"publisher\":{\"@id\":\"https:\\\/\\\/www.bellunopress.it\\\/#organization\"},\"potentialAction\":[{\"@type\":\"SearchAction\",\"target\":{\"@type\":\"EntryPoint\",\"urlTemplate\":\"https:\\\/\\\/www.bellunopress.it\\\/?s={search_term_string}\"},\"query-input\":{\"@type\":\"PropertyValueSpecification\",\"valueRequired\":true,\"valueName\":\"search_term_string\"}}],\"inLanguage\":\"fr-FR\"},{\"@type\":\"Organization\",\"@id\":\"https:\\\/\\\/www.bellunopress.it\\\/#organization\",\"name\":\"Bellunopress\",\"url\":\"https:\\\/\\\/www.bellunopress.it\\\/\",\"logo\":{\"@type\":\"ImageObject\",\"inLanguage\":\"fr-FR\",\"@id\":\"https:\\\/\\\/www.bellunopress.it\\\/#\\\/schema\\\/logo\\\/image\\\/\",\"url\":\"https:\\\/\\\/www.bellunopress.it\\\/wp-content\\\/uploads\\\/2011\\\/05\\\/cropped-logo-bellunopress-.jpg\",\"contentUrl\":\"https:\\\/\\\/www.bellunopress.it\\\/wp-content\\\/uploads\\\/2011\\\/05\\\/cropped-logo-bellunopress-.jpg\",\"width\":512,\"height\":512,\"caption\":\"Bellunopress\"},\"image\":{\"@id\":\"https:\\\/\\\/www.bellunopress.it\\\/#\\\/schema\\\/logo\\\/image\\\/\"},\"sameAs\":[\"https:\\\/\\\/www.facebook.com\\\/profile.php?id=100008943462799\",\"https:\\\/\\\/x.com\\\/bellunopress\",\"https:\\\/\\\/www.linkedin.com\\\/hp\\\/?dnr=JBzUWaJfMUw8vbXJJ2tVW5-I3jZKvC4wsoxE&amp;amp;amp;amp;amp;amp;trk=nav_responsive_tab_home\",\"https:\\\/\\\/www.youtube.com\\\/channel\\\/UCxL0wu1uN0_3_7hGG0306cw\"]},{\"@type\":\"Person\",\"@id\":\"https:\\\/\\\/www.bellunopress.it\\\/#\\\/schema\\\/person\\\/79bb06722b37ece1c03d3e94beb30d73\",\"name\":\"redazione\",\"image\":{\"@type\":\"ImageObject\",\"inLanguage\":\"fr-FR\",\"@id\":\"https:\\\/\\\/secure.gravatar.com\\\/avatar\\\/37d968a2e67a6fd04c169c4bdef102d0bc5d31b2546345219e348575eb80e9a0?s=96&d=mm&r=g\",\"url\":\"https:\\\/\\\/secure.gravatar.com\\\/avatar\\\/37d968a2e67a6fd04c169c4bdef102d0bc5d31b2546345219e348575eb80e9a0?s=96&d=mm&r=g\",\"contentUrl\":\"https:\\\/\\\/secure.gravatar.com\\\/avatar\\\/37d968a2e67a6fd04c169c4bdef102d0bc5d31b2546345219e348575eb80e9a0?s=96&d=mm&r=g\",\"caption\":\"redazione\"},\"sameAs\":[\"http:\\\/\\\/www.bellunopress.it\",\"https:\\\/\\\/x.com\\\/bellunopress\"],\"url\":\"https:\\\/\\\/www.bellunopress.it\\\/fr\\\/author\\\/redazione\\\/\"}]}<\/script>\n<!-- \/ Yoast SEO plugin. -->","yoast_head_json":{"title":"Lavori per un milione di euro nel bacino del torrente Brente - Bellunopress - Dolomiti","robots":{"index":"index","follow":"follow","max-snippet":"max-snippet:-1","max-image-preview":"max-image-preview:large","max-video-preview":"max-video-preview:-1"},"canonical":"https:\/\/www.bellunopress.it\/fr\/2009\/08\/06\/lavori-per-un-milione-di-euro-nel-bacino-del-torrente-brente\/","og_locale":"fr_FR","og_type":"article","og_title":"Lavori per un milione di euro nel bacino del torrente Brente - Bellunopress - Dolomiti","og_description":"I lavori nel\u00a0 bacino del torrente Brente, in Sinistra Piave, procedono a pieno ritmo e dovrebbero concludersi entro questo autunno. Si tratta di un\u2019operazione da un milione di euro affidata al Servizio forestale regionale di Belluno. Essa ha previsto interventi di natura ambientale e di valorizzazione e protezione della fauna ittica. Un sopralluogo ai lavori [&hellip;]","og_url":"https:\/\/www.bellunopress.it\/fr\/2009\/08\/06\/lavori-per-un-milione-di-euro-nel-bacino-del-torrente-brente\/","og_site_name":"Bellunopress - Dolomiti","article_publisher":"https:\/\/www.facebook.com\/profile.php?id=100008943462799","article_published_time":"2009-08-06T13:43:12+00:00","og_image":[{"url":"http:\/\/www.bellunopress.it\/wp-content\/uploads\/2009\/08\/brente-trichiana-2.jpg","type":"","width":"","height":""}],"author":"redazione","twitter_card":"summary_large_image","twitter_creator":"@bellunopress","twitter_site":"@bellunopress","twitter_misc":{"\u00c9crit par":"redazione","Dur\u00e9e de lecture estim\u00e9e":"2 minutes"},"schema":{"@context":"https:\/\/schema.org","@graph":[{"@type":"Article","@id":"https:\/\/www.bellunopress.it\/2009\/08\/06\/lavori-per-un-milione-di-euro-nel-bacino-del-torrente-brente\/#article","isPartOf":{"@id":"https:\/\/www.bellunopress.it\/2009\/08\/06\/lavori-per-un-milione-di-euro-nel-bacino-del-torrente-brente\/"},"author":{"name":"redazione","@id":"https:\/\/www.bellunopress.it\/#\/schema\/person\/79bb06722b37ece1c03d3e94beb30d73"},"headline":"Lavori per un milione di euro nel bacino del torrente Brente","datePublished":"2009-08-06T13:43:12+00:00","mainEntityOfPage":{"@id":"https:\/\/www.bellunopress.it\/2009\/08\/06\/lavori-per-un-milione-di-euro-nel-bacino-del-torrente-brente\/"},"wordCount":356,"publisher":{"@id":"https:\/\/www.bellunopress.it\/#organization"},"image":{"@id":"https:\/\/www.bellunopress.it\/2009\/08\/06\/lavori-per-un-milione-di-euro-nel-bacino-del-torrente-brente\/#primaryimage"},"thumbnailUrl":"http:\/\/www.bellunopress.it\/wp-content\/uploads\/2009\/08\/brente-trichiana-2.jpg","keywords":["Belluno"],"articleSection":["Cronaca\/Politica","Prima Pagina"],"inLanguage":"fr-FR"},{"@type":"WebPage","@id":"https:\/\/www.bellunopress.it\/2009\/08\/06\/lavori-per-un-milione-di-euro-nel-bacino-del-torrente-brente\/","url":"https:\/\/www.bellunopress.it\/2009\/08\/06\/lavori-per-un-milione-di-euro-nel-bacino-del-torrente-brente\/","name":"Lavori per un milione di euro nel bacino del torrente Brente - Bellunopress - Dolomiti","isPartOf":{"@id":"https:\/\/www.bellunopress.it\/#website"},"primaryImageOfPage":{"@id":"https:\/\/www.bellunopress.it\/2009\/08\/06\/lavori-per-un-milione-di-euro-nel-bacino-del-torrente-brente\/#primaryimage"},"image":{"@id":"https:\/\/www.bellunopress.it\/2009\/08\/06\/lavori-per-un-milione-di-euro-nel-bacino-del-torrente-brente\/#primaryimage"},"thumbnailUrl":"http:\/\/www.bellunopress.it\/wp-content\/uploads\/2009\/08\/brente-trichiana-2.jpg","datePublished":"2009-08-06T13:43:12+00:00","breadcrumb":{"@id":"https:\/\/www.bellunopress.it\/2009\/08\/06\/lavori-per-un-milione-di-euro-nel-bacino-del-torrente-brente\/#breadcrumb"},"inLanguage":"fr-FR","potentialAction":[{"@type":"ReadAction","target":["https:\/\/www.bellunopress.it\/2009\/08\/06\/lavori-per-un-milione-di-euro-nel-bacino-del-torrente-brente\/"]}]},{"@type":"ImageObject","inLanguage":"fr-FR","@id":"https:\/\/www.bellunopress.it\/2009\/08\/06\/lavori-per-un-milione-di-euro-nel-bacino-del-torrente-brente\/#primaryimage","url":"http:\/\/www.bellunopress.it\/wp-content\/uploads\/2009\/08\/brente-trichiana-2.jpg","contentUrl":"http:\/\/www.bellunopress.it\/wp-content\/uploads\/2009\/08\/brente-trichiana-2.jpg"},{"@type":"BreadcrumbList","@id":"https:\/\/www.bellunopress.it\/2009\/08\/06\/lavori-per-un-milione-di-euro-nel-bacino-del-torrente-brente\/#breadcrumb","itemListElement":[{"@type":"ListItem","position":1,"name":"Home","item":"https:\/\/www.bellunopress.it\/"},{"@type":"ListItem","position":2,"name":"Lavori per un milione di euro nel bacino del torrente Brente"}]},{"@type":"WebSite","@id":"https:\/\/www.bellunopress.it\/#website","url":"https:\/\/www.bellunopress.it\/","name":"Bellunopress - Dolomiti","description":"e-mail: redazione@bellunopress.it","publisher":{"@id":"https:\/\/www.bellunopress.it\/#organization"},"potentialAction":[{"@type":"SearchAction","target":{"@type":"EntryPoint","urlTemplate":"https:\/\/www.bellunopress.it\/?s={search_term_string}"},"query-input":{"@type":"PropertyValueSpecification","valueRequired":true,"valueName":"search_term_string"}}],"inLanguage":"fr-FR"},{"@type":"Organization","@id":"https:\/\/www.bellunopress.it\/#organization","name":"Bellunopress","url":"https:\/\/www.bellunopress.it\/","logo":{"@type":"ImageObject","inLanguage":"fr-FR","@id":"https:\/\/www.bellunopress.it\/#\/schema\/logo\/image\/","url":"https:\/\/www.bellunopress.it\/wp-content\/uploads\/2011\/05\/cropped-logo-bellunopress-.jpg","contentUrl":"https:\/\/www.bellunopress.it\/wp-content\/uploads\/2011\/05\/cropped-logo-bellunopress-.jpg","width":512,"height":512,"caption":"Bellunopress"},"image":{"@id":"https:\/\/www.bellunopress.it\/#\/schema\/logo\/image\/"},"sameAs":["https:\/\/www.facebook.com\/profile.php?id=100008943462799","https:\/\/x.com\/bellunopress","https:\/\/www.linkedin.com\/hp\/?dnr=JBzUWaJfMUw8vbXJJ2tVW5-I3jZKvC4wsoxE&amp;amp;amp;amp;amp;amp;trk=nav_responsive_tab_home","https:\/\/www.youtube.com\/channel\/UCxL0wu1uN0_3_7hGG0306cw"]},{"@type":"Person","@id":"https:\/\/www.bellunopress.it\/#\/schema\/person\/79bb06722b37ece1c03d3e94beb30d73","name":"r\u00e9daction","image":{"@type":"ImageObject","inLanguage":"fr-FR","@id":"https:\/\/secure.gravatar.com\/avatar\/37d968a2e67a6fd04c169c4bdef102d0bc5d31b2546345219e348575eb80e9a0?s=96&d=mm&r=g","url":"https:\/\/secure.gravatar.com\/avatar\/37d968a2e67a6fd04c169c4bdef102d0bc5d31b2546345219e348575eb80e9a0?s=96&d=mm&r=g","contentUrl":"https:\/\/secure.gravatar.com\/avatar\/37d968a2e67a6fd04c169c4bdef102d0bc5d31b2546345219e348575eb80e9a0?s=96&d=mm&r=g","caption":"redazione"},"sameAs":["http:\/\/www.bellunopress.it","https:\/\/x.com\/bellunopress"],"url":"https:\/\/www.bellunopress.it\/fr\/author\/redazione\/"}]}},"_links":{"self":[{"href":"https:\/\/www.bellunopress.it\/fr\/wp-json\/wp\/v2\/posts\/6755","targetHints":{"allow":["GET"]}}],"collection":[{"href":"https:\/\/www.bellunopress.it\/fr\/wp-json\/wp\/v2\/posts"}],"about":[{"href":"https:\/\/www.bellunopress.it\/fr\/wp-json\/wp\/v2\/types\/post"}],"author":[{"embeddable":true,"href":"https:\/\/www.bellunopress.it\/fr\/wp-json\/wp\/v2\/users\/2"}],"replies":[{"embeddable":true,"href":"https:\/\/www.bellunopress.it\/fr\/wp-json\/wp\/v2\/comments?post=6755"}],"version-history":[{"count":1,"href":"https:\/\/www.bellunopress.it\/fr\/wp-json\/wp\/v2\/posts\/6755\/revisions"}],"predecessor-version":[{"id":6757,"href":"https:\/\/www.bellunopress.it\/fr\/wp-json\/wp\/v2\/posts\/6755\/revisions\/6757"}],"wp:attachment":[{"href":"https:\/\/www.bellunopress.it\/fr\/wp-json\/wp\/v2\/media?parent=6755"}],"wp:term":[{"taxonomy":"category","embeddable":true,"href":"https:\/\/www.bellunopress.it\/fr\/wp-json\/wp\/v2\/categories?post=6755"},{"taxonomy":"post_tag","embeddable":true,"href":"https:\/\/www.bellunopress.it\/fr\/wp-json\/wp\/v2\/tags?post=6755"}],"curies":[{"name":"wp","href":"https:\/\/api.w.org\/{rel}","templated":true}]}}