{"id":6753,"date":"2009-08-06T13:35:25","date_gmt":"2009-08-06T12:35:25","guid":{"rendered":"http:\/\/www.bellunopress.it\/?p=6753"},"modified":"2009-08-06T13:35:25","modified_gmt":"2009-08-06T12:35:25","slug":"i-reperti-industriali-di-brugnerotto-da-sabato-8-in-galleria-claudia-augusta","status":"publish","type":"post","link":"https:\/\/www.bellunopress.it\/fr\/2009\/08\/06\/i-reperti-industriali-di-brugnerotto-da-sabato-8-in-galleria-claudia-augusta\/","title":{"rendered":"I &#8220;Reperti industriali&#8221; di Brugnerotto da sabato 8 in Galleria Claudia Augusta"},"content":{"rendered":"<p>\u201cCon il titolo &#8216;Reperti industriali&#8217;, Adone Brugnerotto propone, nobilitandoli, vecchi angoli di fabbrica ed oggetti d&#8217;uso comune in quegli ambienti, specie obsoleti e dimenticati\u201d. Cos\u00ec, l&#8217;Assessore alle Politiche della Cultura del Comune di Feltre, Architetto Ennio Trento, ha anticipato il contenuto della personale di Adone Brugnerotto, che sar\u00e0 visitabile nella Galleria Via Claudia Augusta da sabato 8 agosto. \u201cIn effetti\u201d ha aggiunto l&#8217;Assessore \u201cci troviamo di fronte ad un sofisticato designer, che ripropone la minuteria dell&#8217;officina quanto le condutture sotterranee, i binari e le eliche degli aerei, il tutto reso con molta raffinatezza ed eleganza. In questa sua rivisitazione di un mondo d&#8217;ant\u00e0n domina il nero, che spicca fra le sottili pennellate di altri colori, arricchendo di contorni e riflessi le composizioni. Non poteva, forse, essere differente per un uomo nato e vissuto in una grande fabbrica di fine Ottocento, in cui ha svolto a lungo la propria attivit\u00e0 lavorativa. Sdoppiandosi, per\u00f2, dedicava il tempo libero all&#8217;arte, cui era arrivato dopo altrettanti appropriati studi specifici, nella quale riversava e riversa quel microcosmo che ha accompagnato la sua carriera professionale. Oggi, quei pezzi del lavoro di ieri, sciolti e sottratti alla loro funzione, assumono una valenza catartica, che li pone come ideali simboli di architetture sotterranee, alle quali fornivano forza e servizio La mostra si configura cos\u00ec come una installazione di oggetti &#8216;rinvenuti&#8217;\u201d. Adone Brugnerotto, trevigiano, si \u00e8 dedicato alla pittura fin da giovanissimo. L&#8217;ambiente industriale che ha frequentato per decenni ha avuto ed ha un&#8217;influenza nella sua ricerca artistica, tanto che i suoi temi pi\u00f9 recenti, come nelle opere esposte a Feltre, si rifanno alle suggestioni che la fabbrica gli ha trasmesso. Dopo le iniziali partecipazioni ai concorsi banditi dalla Fondazione Bevilacqua La Masa, ha tenuto esposizioni in importanti gallerie e Biennali, nazionali ed internazionali. La personale feltrina, realizzata anche grazie alla collaborazione dell&#8217;Associazione \u201cFenice. Arte, Cultura, Turismo\u201d, rappresenta il suo primo approdo in provincia di Belluno per una mostra che sar\u00e0 visitabile nei week-end dalle 10.00 alle 12.30 e dalle 16.00 alle 19.00. Un momento significativo si avr\u00e0 sabato 22 agosto, quando, alle 18.00, sempre nella Galleria Via Claudia Augusta, Brugnerotto \u201cdialogher\u00e0\u201d con Paolo Del Giudice, un collega che si \u00e8 sempre dimostrato, oltre che critico di vaglia, un grande estimatore della \u201cpittura in nero\u201d di Brugnerotto.<\/p>","protected":false},"excerpt":{"rendered":"<p>\u201cCon il titolo &#8216;Reperti industriali&#8217;, Adone Brugnerotto propone, nobilitandoli, vecchi angoli di fabbrica ed oggetti d&#8217;uso comune in quegli ambienti, specie obsoleti e dimenticati\u201d. Cos\u00ec, l&#8217;Assessore alle Politiche della Cultura del Comune di Feltre, Architetto Ennio Trento, ha anticipato il contenuto della personale di Adone Brugnerotto, che sar\u00e0 visitabile nella Galleria Via Claudia Augusta da [&hellip;]<\/p>\n","protected":false},"author":2,"featured_media":0,"comment_status":"closed","ping_status":"open","sticky":false,"template":"","format":"standard","meta":{"footnotes":""},"categories":[3,25],"tags":[139,302],"class_list":["post-6753","post","type-post","status-publish","format-standard","category-arte-cultura-spettacoli-scienza-archivi","category-pausa-caffe","tag-belluno","tag-feltre"],"yoast_head":"<!-- This site is optimized with the Yoast SEO plugin v28.4 - https:\/\/yoast.com\/product\/yoast-seo-wordpress\/ -->\n<title>I &quot;Reperti industriali&quot; di Brugnerotto da sabato 8 in Galleria Claudia Augusta  - Bellunopress - Dolomiti<\/title>\n<meta name=\"robots\" content=\"index, follow, max-snippet:-1, max-image-preview:large, max-video-preview:-1\" \/>\n<link rel=\"canonical\" href=\"https:\/\/www.bellunopress.it\/fr\/2009\/08\/06\/i-reperti-industriali-di-brugnerotto-da-sabato-8-in-galleria-claudia-augusta\/\" \/>\n<meta property=\"og:locale\" content=\"fr_FR\" \/>\n<meta property=\"og:type\" content=\"article\" \/>\n<meta property=\"og:title\" content=\"I &quot;Reperti industriali&quot; di Brugnerotto da sabato 8 in Galleria Claudia Augusta  - Bellunopress - Dolomiti\" \/>\n<meta property=\"og:description\" content=\"\u201cCon il titolo &#8216;Reperti industriali&#8217;, Adone Brugnerotto propone, nobilitandoli, vecchi angoli di fabbrica ed oggetti d&#8217;uso comune in quegli ambienti, specie obsoleti e dimenticati\u201d. Cos\u00ec, l&#8217;Assessore alle Politiche della Cultura del Comune di Feltre, Architetto Ennio Trento, ha anticipato il contenuto della personale di Adone Brugnerotto, che sar\u00e0 visitabile nella Galleria Via Claudia Augusta da [&hellip;]\" \/>\n<meta property=\"og:url\" content=\"https:\/\/www.bellunopress.it\/fr\/2009\/08\/06\/i-reperti-industriali-di-brugnerotto-da-sabato-8-in-galleria-claudia-augusta\/\" \/>\n<meta property=\"og:site_name\" content=\"Bellunopress - Dolomiti\" \/>\n<meta property=\"article:publisher\" content=\"https:\/\/www.facebook.com\/profile.php?id=100008943462799\" \/>\n<meta property=\"article:published_time\" content=\"2009-08-06T12:35:25+00:00\" \/>\n<meta property=\"og:image\" content=\"http:\/\/www.bellunopress.it\/wp-content\/uploads\/2012\/07\/logo-bellunopress-250x250-2012.jpg\" \/>\n<meta name=\"author\" content=\"redazione\" \/>\n<meta name=\"twitter:card\" content=\"summary_large_image\" \/>\n<meta name=\"twitter:creator\" content=\"@bellunopress\" \/>\n<meta name=\"twitter:site\" content=\"@bellunopress\" \/>\n<meta name=\"twitter:label1\" content=\"\u00c9crit par\" \/>\n\t<meta name=\"twitter:data1\" content=\"redazione\" \/>\n\t<meta name=\"twitter:label2\" content=\"Dur\u00e9e de lecture estim\u00e9e\" \/>\n\t<meta name=\"twitter:data2\" content=\"2 minutes\" \/>\n<script type=\"application\/ld+json\" class=\"yoast-schema-graph\">{\"@context\":\"https:\\\/\\\/schema.org\",\"@graph\":[{\"@type\":\"Article\",\"@id\":\"https:\\\/\\\/www.bellunopress.it\\\/2009\\\/08\\\/06\\\/i-reperti-industriali-di-brugnerotto-da-sabato-8-in-galleria-claudia-augusta\\\/#article\",\"isPartOf\":{\"@id\":\"https:\\\/\\\/www.bellunopress.it\\\/2009\\\/08\\\/06\\\/i-reperti-industriali-di-brugnerotto-da-sabato-8-in-galleria-claudia-augusta\\\/\"},\"author\":{\"name\":\"redazione\",\"@id\":\"https:\\\/\\\/www.bellunopress.it\\\/#\\\/schema\\\/person\\\/79bb06722b37ece1c03d3e94beb30d73\"},\"headline\":\"I &#8220;Reperti industriali&#8221; di Brugnerotto da sabato 8 in Galleria Claudia Augusta\",\"datePublished\":\"2009-08-06T12:35:25+00:00\",\"mainEntityOfPage\":{\"@id\":\"https:\\\/\\\/www.bellunopress.it\\\/2009\\\/08\\\/06\\\/i-reperti-industriali-di-brugnerotto-da-sabato-8-in-galleria-claudia-augusta\\\/\"},\"wordCount\":390,\"publisher\":{\"@id\":\"https:\\\/\\\/www.bellunopress.it\\\/#organization\"},\"keywords\":[\"Belluno\",\"Feltre\"],\"articleSection\":[\"Arte, Cultura, Spettacoli, Scienza\",\"Pausa Caff\u00e8\"],\"inLanguage\":\"fr-FR\"},{\"@type\":\"WebPage\",\"@id\":\"https:\\\/\\\/www.bellunopress.it\\\/2009\\\/08\\\/06\\\/i-reperti-industriali-di-brugnerotto-da-sabato-8-in-galleria-claudia-augusta\\\/\",\"url\":\"https:\\\/\\\/www.bellunopress.it\\\/2009\\\/08\\\/06\\\/i-reperti-industriali-di-brugnerotto-da-sabato-8-in-galleria-claudia-augusta\\\/\",\"name\":\"I \\\"Reperti industriali\\\" di Brugnerotto da sabato 8 in Galleria Claudia Augusta - Bellunopress - Dolomiti\",\"isPartOf\":{\"@id\":\"https:\\\/\\\/www.bellunopress.it\\\/#website\"},\"datePublished\":\"2009-08-06T12:35:25+00:00\",\"breadcrumb\":{\"@id\":\"https:\\\/\\\/www.bellunopress.it\\\/2009\\\/08\\\/06\\\/i-reperti-industriali-di-brugnerotto-da-sabato-8-in-galleria-claudia-augusta\\\/#breadcrumb\"},\"inLanguage\":\"fr-FR\",\"potentialAction\":[{\"@type\":\"ReadAction\",\"target\":[\"https:\\\/\\\/www.bellunopress.it\\\/2009\\\/08\\\/06\\\/i-reperti-industriali-di-brugnerotto-da-sabato-8-in-galleria-claudia-augusta\\\/\"]}]},{\"@type\":\"BreadcrumbList\",\"@id\":\"https:\\\/\\\/www.bellunopress.it\\\/2009\\\/08\\\/06\\\/i-reperti-industriali-di-brugnerotto-da-sabato-8-in-galleria-claudia-augusta\\\/#breadcrumb\",\"itemListElement\":[{\"@type\":\"ListItem\",\"position\":1,\"name\":\"Home\",\"item\":\"https:\\\/\\\/www.bellunopress.it\\\/\"},{\"@type\":\"ListItem\",\"position\":2,\"name\":\"I &#8220;Reperti industriali&#8221; di Brugnerotto da sabato 8 in Galleria Claudia Augusta\"}]},{\"@type\":\"WebSite\",\"@id\":\"https:\\\/\\\/www.bellunopress.it\\\/#website\",\"url\":\"https:\\\/\\\/www.bellunopress.it\\\/\",\"name\":\"Bellunopress - Dolomiti\",\"description\":\"e-mail: redazione@bellunopress.it\",\"publisher\":{\"@id\":\"https:\\\/\\\/www.bellunopress.it\\\/#organization\"},\"potentialAction\":[{\"@type\":\"SearchAction\",\"target\":{\"@type\":\"EntryPoint\",\"urlTemplate\":\"https:\\\/\\\/www.bellunopress.it\\\/?s={search_term_string}\"},\"query-input\":{\"@type\":\"PropertyValueSpecification\",\"valueRequired\":true,\"valueName\":\"search_term_string\"}}],\"inLanguage\":\"fr-FR\"},{\"@type\":\"Organization\",\"@id\":\"https:\\\/\\\/www.bellunopress.it\\\/#organization\",\"name\":\"Bellunopress\",\"url\":\"https:\\\/\\\/www.bellunopress.it\\\/\",\"logo\":{\"@type\":\"ImageObject\",\"inLanguage\":\"fr-FR\",\"@id\":\"https:\\\/\\\/www.bellunopress.it\\\/#\\\/schema\\\/logo\\\/image\\\/\",\"url\":\"https:\\\/\\\/www.bellunopress.it\\\/wp-content\\\/uploads\\\/2011\\\/05\\\/cropped-logo-bellunopress-.jpg\",\"contentUrl\":\"https:\\\/\\\/www.bellunopress.it\\\/wp-content\\\/uploads\\\/2011\\\/05\\\/cropped-logo-bellunopress-.jpg\",\"width\":512,\"height\":512,\"caption\":\"Bellunopress\"},\"image\":{\"@id\":\"https:\\\/\\\/www.bellunopress.it\\\/#\\\/schema\\\/logo\\\/image\\\/\"},\"sameAs\":[\"https:\\\/\\\/www.facebook.com\\\/profile.php?id=100008943462799\",\"https:\\\/\\\/x.com\\\/bellunopress\",\"https:\\\/\\\/www.linkedin.com\\\/hp\\\/?dnr=JBzUWaJfMUw8vbXJJ2tVW5-I3jZKvC4wsoxE&amp;amp;amp;amp;amp;amp;trk=nav_responsive_tab_home\",\"https:\\\/\\\/www.youtube.com\\\/channel\\\/UCxL0wu1uN0_3_7hGG0306cw\"]},{\"@type\":\"Person\",\"@id\":\"https:\\\/\\\/www.bellunopress.it\\\/#\\\/schema\\\/person\\\/79bb06722b37ece1c03d3e94beb30d73\",\"name\":\"redazione\",\"image\":{\"@type\":\"ImageObject\",\"inLanguage\":\"fr-FR\",\"@id\":\"https:\\\/\\\/secure.gravatar.com\\\/avatar\\\/37d968a2e67a6fd04c169c4bdef102d0bc5d31b2546345219e348575eb80e9a0?s=96&d=mm&r=g\",\"url\":\"https:\\\/\\\/secure.gravatar.com\\\/avatar\\\/37d968a2e67a6fd04c169c4bdef102d0bc5d31b2546345219e348575eb80e9a0?s=96&d=mm&r=g\",\"contentUrl\":\"https:\\\/\\\/secure.gravatar.com\\\/avatar\\\/37d968a2e67a6fd04c169c4bdef102d0bc5d31b2546345219e348575eb80e9a0?s=96&d=mm&r=g\",\"caption\":\"redazione\"},\"sameAs\":[\"http:\\\/\\\/www.bellunopress.it\",\"https:\\\/\\\/x.com\\\/bellunopress\"],\"url\":\"https:\\\/\\\/www.bellunopress.it\\\/fr\\\/author\\\/redazione\\\/\"}]}<\/script>\n<!-- \/ Yoast SEO plugin. -->","yoast_head_json":{"title":"I \"Reperti industriali\" di Brugnerotto da sabato 8 in Galleria Claudia Augusta  - Bellunopress - Dolomiti","robots":{"index":"index","follow":"follow","max-snippet":"max-snippet:-1","max-image-preview":"max-image-preview:large","max-video-preview":"max-video-preview:-1"},"canonical":"https:\/\/www.bellunopress.it\/fr\/2009\/08\/06\/i-reperti-industriali-di-brugnerotto-da-sabato-8-in-galleria-claudia-augusta\/","og_locale":"fr_FR","og_type":"article","og_title":"I \"Reperti industriali\" di Brugnerotto da sabato 8 in Galleria Claudia Augusta  - Bellunopress - Dolomiti","og_description":"\u201cCon il titolo &#8216;Reperti industriali&#8217;, Adone Brugnerotto propone, nobilitandoli, vecchi angoli di fabbrica ed oggetti d&#8217;uso comune in quegli ambienti, specie obsoleti e dimenticati\u201d. Cos\u00ec, l&#8217;Assessore alle Politiche della Cultura del Comune di Feltre, Architetto Ennio Trento, ha anticipato il contenuto della personale di Adone Brugnerotto, che sar\u00e0 visitabile nella Galleria Via Claudia Augusta da [&hellip;]","og_url":"https:\/\/www.bellunopress.it\/fr\/2009\/08\/06\/i-reperti-industriali-di-brugnerotto-da-sabato-8-in-galleria-claudia-augusta\/","og_site_name":"Bellunopress - Dolomiti","article_publisher":"https:\/\/www.facebook.com\/profile.php?id=100008943462799","article_published_time":"2009-08-06T12:35:25+00:00","og_image":[{"url":"http:\/\/www.bellunopress.it\/wp-content\/uploads\/2012\/07\/logo-bellunopress-250x250-2012.jpg","type":"","width":"","height":""}],"author":"redazione","twitter_card":"summary_large_image","twitter_creator":"@bellunopress","twitter_site":"@bellunopress","twitter_misc":{"\u00c9crit par":"redazione","Dur\u00e9e de lecture estim\u00e9e":"2 minutes"},"schema":{"@context":"https:\/\/schema.org","@graph":[{"@type":"Article","@id":"https:\/\/www.bellunopress.it\/2009\/08\/06\/i-reperti-industriali-di-brugnerotto-da-sabato-8-in-galleria-claudia-augusta\/#article","isPartOf":{"@id":"https:\/\/www.bellunopress.it\/2009\/08\/06\/i-reperti-industriali-di-brugnerotto-da-sabato-8-in-galleria-claudia-augusta\/"},"author":{"name":"redazione","@id":"https:\/\/www.bellunopress.it\/#\/schema\/person\/79bb06722b37ece1c03d3e94beb30d73"},"headline":"I &#8220;Reperti industriali&#8221; di Brugnerotto da sabato 8 in Galleria Claudia Augusta","datePublished":"2009-08-06T12:35:25+00:00","mainEntityOfPage":{"@id":"https:\/\/www.bellunopress.it\/2009\/08\/06\/i-reperti-industriali-di-brugnerotto-da-sabato-8-in-galleria-claudia-augusta\/"},"wordCount":390,"publisher":{"@id":"https:\/\/www.bellunopress.it\/#organization"},"keywords":["Belluno","Feltre"],"articleSection":["Arte, Cultura, Spettacoli, Scienza","Pausa Caff\u00e8"],"inLanguage":"fr-FR"},{"@type":"WebPage","@id":"https:\/\/www.bellunopress.it\/2009\/08\/06\/i-reperti-industriali-di-brugnerotto-da-sabato-8-in-galleria-claudia-augusta\/","url":"https:\/\/www.bellunopress.it\/2009\/08\/06\/i-reperti-industriali-di-brugnerotto-da-sabato-8-in-galleria-claudia-augusta\/","name":"I \"Reperti industriali\" di Brugnerotto da sabato 8 in Galleria Claudia Augusta - Bellunopress - Dolomiti","isPartOf":{"@id":"https:\/\/www.bellunopress.it\/#website"},"datePublished":"2009-08-06T12:35:25+00:00","breadcrumb":{"@id":"https:\/\/www.bellunopress.it\/2009\/08\/06\/i-reperti-industriali-di-brugnerotto-da-sabato-8-in-galleria-claudia-augusta\/#breadcrumb"},"inLanguage":"fr-FR","potentialAction":[{"@type":"ReadAction","target":["https:\/\/www.bellunopress.it\/2009\/08\/06\/i-reperti-industriali-di-brugnerotto-da-sabato-8-in-galleria-claudia-augusta\/"]}]},{"@type":"BreadcrumbList","@id":"https:\/\/www.bellunopress.it\/2009\/08\/06\/i-reperti-industriali-di-brugnerotto-da-sabato-8-in-galleria-claudia-augusta\/#breadcrumb","itemListElement":[{"@type":"ListItem","position":1,"name":"Home","item":"https:\/\/www.bellunopress.it\/"},{"@type":"ListItem","position":2,"name":"I &#8220;Reperti industriali&#8221; di Brugnerotto da sabato 8 in Galleria Claudia Augusta"}]},{"@type":"WebSite","@id":"https:\/\/www.bellunopress.it\/#website","url":"https:\/\/www.bellunopress.it\/","name":"Bellunopress - Dolomiti","description":"e-mail: redazione@bellunopress.it","publisher":{"@id":"https:\/\/www.bellunopress.it\/#organization"},"potentialAction":[{"@type":"SearchAction","target":{"@type":"EntryPoint","urlTemplate":"https:\/\/www.bellunopress.it\/?s={search_term_string}"},"query-input":{"@type":"PropertyValueSpecification","valueRequired":true,"valueName":"search_term_string"}}],"inLanguage":"fr-FR"},{"@type":"Organization","@id":"https:\/\/www.bellunopress.it\/#organization","name":"Bellunopress","url":"https:\/\/www.bellunopress.it\/","logo":{"@type":"ImageObject","inLanguage":"fr-FR","@id":"https:\/\/www.bellunopress.it\/#\/schema\/logo\/image\/","url":"https:\/\/www.bellunopress.it\/wp-content\/uploads\/2011\/05\/cropped-logo-bellunopress-.jpg","contentUrl":"https:\/\/www.bellunopress.it\/wp-content\/uploads\/2011\/05\/cropped-logo-bellunopress-.jpg","width":512,"height":512,"caption":"Bellunopress"},"image":{"@id":"https:\/\/www.bellunopress.it\/#\/schema\/logo\/image\/"},"sameAs":["https:\/\/www.facebook.com\/profile.php?id=100008943462799","https:\/\/x.com\/bellunopress","https:\/\/www.linkedin.com\/hp\/?dnr=JBzUWaJfMUw8vbXJJ2tVW5-I3jZKvC4wsoxE&amp;amp;amp;amp;amp;amp;trk=nav_responsive_tab_home","https:\/\/www.youtube.com\/channel\/UCxL0wu1uN0_3_7hGG0306cw"]},{"@type":"Person","@id":"https:\/\/www.bellunopress.it\/#\/schema\/person\/79bb06722b37ece1c03d3e94beb30d73","name":"r\u00e9daction","image":{"@type":"ImageObject","inLanguage":"fr-FR","@id":"https:\/\/secure.gravatar.com\/avatar\/37d968a2e67a6fd04c169c4bdef102d0bc5d31b2546345219e348575eb80e9a0?s=96&d=mm&r=g","url":"https:\/\/secure.gravatar.com\/avatar\/37d968a2e67a6fd04c169c4bdef102d0bc5d31b2546345219e348575eb80e9a0?s=96&d=mm&r=g","contentUrl":"https:\/\/secure.gravatar.com\/avatar\/37d968a2e67a6fd04c169c4bdef102d0bc5d31b2546345219e348575eb80e9a0?s=96&d=mm&r=g","caption":"redazione"},"sameAs":["http:\/\/www.bellunopress.it","https:\/\/x.com\/bellunopress"],"url":"https:\/\/www.bellunopress.it\/fr\/author\/redazione\/"}]}},"_links":{"self":[{"href":"https:\/\/www.bellunopress.it\/fr\/wp-json\/wp\/v2\/posts\/6753","targetHints":{"allow":["GET"]}}],"collection":[{"href":"https:\/\/www.bellunopress.it\/fr\/wp-json\/wp\/v2\/posts"}],"about":[{"href":"https:\/\/www.bellunopress.it\/fr\/wp-json\/wp\/v2\/types\/post"}],"author":[{"embeddable":true,"href":"https:\/\/www.bellunopress.it\/fr\/wp-json\/wp\/v2\/users\/2"}],"replies":[{"embeddable":true,"href":"https:\/\/www.bellunopress.it\/fr\/wp-json\/wp\/v2\/comments?post=6753"}],"version-history":[{"count":1,"href":"https:\/\/www.bellunopress.it\/fr\/wp-json\/wp\/v2\/posts\/6753\/revisions"}],"predecessor-version":[{"id":6754,"href":"https:\/\/www.bellunopress.it\/fr\/wp-json\/wp\/v2\/posts\/6753\/revisions\/6754"}],"wp:attachment":[{"href":"https:\/\/www.bellunopress.it\/fr\/wp-json\/wp\/v2\/media?parent=6753"}],"wp:term":[{"taxonomy":"category","embeddable":true,"href":"https:\/\/www.bellunopress.it\/fr\/wp-json\/wp\/v2\/categories?post=6753"},{"taxonomy":"post_tag","embeddable":true,"href":"https:\/\/www.bellunopress.it\/fr\/wp-json\/wp\/v2\/tags?post=6753"}],"curies":[{"name":"wp","href":"https:\/\/api.w.org\/{rel}","templated":true}]}}