{"id":6740,"date":"2009-08-05T22:10:01","date_gmt":"2009-08-05T21:10:01","guid":{"rendered":"http:\/\/www.bellunopress.it\/?p=6740"},"modified":"2009-08-05T22:10:01","modified_gmt":"2009-08-05T21:10:01","slug":"acqua-non-potabile-a-fortogna","status":"publish","type":"post","link":"https:\/\/www.bellunopress.it\/fr\/2009\/08\/05\/acqua-non-potabile-a-fortogna\/","title":{"rendered":"Acqua non potabile a Fortogna"},"content":{"rendered":"<p>Proseguono i disagi dovuti alle violente ed abbondanti piogge dei giorni scorsi: questa mattina l\u2019ULSS di Belluno ha comunicato a GSP la non potabilit\u00e0 dell\u2019acqua distribuita nella frazione di Fortogna in Comune di Longarone. Sono risultati, infatti, positivi gli esiti delle analisi effettuate su campioni d\u2019acqua prelevati nel tratto di acquedotto che alimenta circa 400 utenze residenti nella frazione.<br \/>\n\u2018In questo periodo siamo costantemente in allerta \u2013 spiega Franco Roccon, presidente di Bim Gestione Servizi Pubblici \u2013 e gli eventi dei giorni scorsi avvenuti nel Feltrino ne sono la riprova. Il maltempo, lo sappiamo, porta con s\u00e9 casi di non potabilit\u00e0 e va a penalizzare le sorgenti pi\u00f9 sensibili, quelle cio\u00e8 pi\u00f9 superficiali o non dotate di impianti di clorazione automatizzati. L\u2019ideale \u2013 prosegue Roccon \u2013 sarebbe di poter dotare tutte le sorgenti di impianti automatizzati, ma non sempre \u00e8 tecnicamente possibile: in quelle pi\u00f9 disagiate o dislocate in posti impervi vi \u00e8 la concreta difficolt\u00e0 di portare anche solo il collegamento elettrico per alimentare gli impianti di clorazione o di debatterizzazione. Su queste, quindi, a titolo preventivo eseguiamo la clorazione manualmente, con tutte le difficolt\u00e0 connesse agli spostamenti per raggiungere i siti\u2019.<br \/>\nTempestivo, comunque, l\u2019intervento di Gestione Servizi Pubblici all\u2019acquedotto di Fortogna: gi\u00e0 nella mattinata di oggi si \u00e8 provveduto a disinfettare con il cloro l\u2019acqua presente nei serbatoi e nella rete idrica.<br \/>\nDomani saranno prelevati nuovi campioni d\u2019acqua e solo gli esiti, previsti per l\u2019inizio della settimana prossima, potranno confermare se le misure adottate da GSP sono state sufficienti a rendere utilizzabile l\u2019acqua per scopi alimentari. Per il momento il divieto di utilizzare l\u2019acqua \u00e8 limitato all\u2019uso alimentare umano (ad esempio per cuocere i cibi, bere, ecc.), mentre sono consentiti gli usi igienico-sanitari (lavaggio di superfici, delle stoviglie, degli indumenti e della persona).\u00a0 GSP ha provveduto ad avvisare la popolazione interessata con avvisi informativi, telefonate con messaggio preregistrato a tutte le utenze presenti nell\u2019elenco telefonico ed SMS su cellulare \u2013 che ricordiamo \u00e8 attivabile gratuitamente da tutti collegandosi al sito <a href=\"http:\/\/www.gestioneservizipubblici.bl.it\">www.gestioneservizipubblici.bl.it<\/a>.<\/p>","protected":false},"excerpt":{"rendered":"<p>Proseguono i disagi dovuti alle violente ed abbondanti piogge dei giorni scorsi: questa mattina l\u2019ULSS di Belluno ha comunicato a GSP la non potabilit\u00e0 dell\u2019acqua distribuita nella frazione di Fortogna in Comune di Longarone. Sono risultati, infatti, positivi gli esiti delle analisi effettuate su campioni d\u2019acqua prelevati nel tratto di acquedotto che alimenta circa 400 [&hellip;]<\/p>\n","protected":false},"author":2,"featured_media":0,"comment_status":"closed","ping_status":"open","sticky":false,"template":"","format":"standard","meta":{"footnotes":""},"categories":[5,26],"tags":[139,2261],"class_list":["post-6740","post","type-post","status-publish","format-standard","category-cronaca","category-prima-pagina","tag-belluno","tag-feltrino"],"yoast_head":"<!-- This site is optimized with the Yoast SEO plugin v28.4 - https:\/\/yoast.com\/product\/yoast-seo-wordpress\/ -->\n<title>Acqua non potabile a Fortogna - Bellunopress - Dolomiti<\/title>\n<meta name=\"robots\" content=\"index, follow, max-snippet:-1, max-image-preview:large, max-video-preview:-1\" \/>\n<link rel=\"canonical\" href=\"https:\/\/www.bellunopress.it\/fr\/2009\/08\/05\/acqua-non-potabile-a-fortogna\/\" \/>\n<meta property=\"og:locale\" content=\"fr_FR\" \/>\n<meta property=\"og:type\" content=\"article\" \/>\n<meta property=\"og:title\" content=\"Acqua non potabile a Fortogna - Bellunopress - Dolomiti\" \/>\n<meta property=\"og:description\" content=\"Proseguono i disagi dovuti alle violente ed abbondanti piogge dei giorni scorsi: questa mattina l\u2019ULSS di Belluno ha comunicato a GSP la non potabilit\u00e0 dell\u2019acqua distribuita nella frazione di Fortogna in Comune di Longarone. Sono risultati, infatti, positivi gli esiti delle analisi effettuate su campioni d\u2019acqua prelevati nel tratto di acquedotto che alimenta circa 400 [&hellip;]\" \/>\n<meta property=\"og:url\" content=\"https:\/\/www.bellunopress.it\/fr\/2009\/08\/05\/acqua-non-potabile-a-fortogna\/\" \/>\n<meta property=\"og:site_name\" content=\"Bellunopress - Dolomiti\" \/>\n<meta property=\"article:publisher\" content=\"https:\/\/www.facebook.com\/profile.php?id=100008943462799\" \/>\n<meta property=\"article:published_time\" content=\"2009-08-05T21:10:01+00:00\" \/>\n<meta property=\"og:image\" content=\"http:\/\/www.bellunopress.it\/wp-content\/uploads\/2012\/07\/logo-bellunopress-250x250-2012.jpg\" \/>\n<meta name=\"author\" content=\"redazione\" \/>\n<meta name=\"twitter:card\" content=\"summary_large_image\" \/>\n<meta name=\"twitter:creator\" content=\"@bellunopress\" \/>\n<meta name=\"twitter:site\" content=\"@bellunopress\" \/>\n<meta name=\"twitter:label1\" content=\"\u00c9crit par\" \/>\n\t<meta name=\"twitter:data1\" content=\"redazione\" \/>\n\t<meta name=\"twitter:label2\" content=\"Dur\u00e9e de lecture estim\u00e9e\" \/>\n\t<meta name=\"twitter:data2\" content=\"2 minutes\" \/>\n<script type=\"application\/ld+json\" class=\"yoast-schema-graph\">{\"@context\":\"https:\\\/\\\/schema.org\",\"@graph\":[{\"@type\":\"Article\",\"@id\":\"https:\\\/\\\/www.bellunopress.it\\\/2009\\\/08\\\/05\\\/acqua-non-potabile-a-fortogna\\\/#article\",\"isPartOf\":{\"@id\":\"https:\\\/\\\/www.bellunopress.it\\\/2009\\\/08\\\/05\\\/acqua-non-potabile-a-fortogna\\\/\"},\"author\":{\"name\":\"redazione\",\"@id\":\"https:\\\/\\\/www.bellunopress.it\\\/#\\\/schema\\\/person\\\/79bb06722b37ece1c03d3e94beb30d73\"},\"headline\":\"Acqua non potabile a Fortogna\",\"datePublished\":\"2009-08-05T21:10:01+00:00\",\"mainEntityOfPage\":{\"@id\":\"https:\\\/\\\/www.bellunopress.it\\\/2009\\\/08\\\/05\\\/acqua-non-potabile-a-fortogna\\\/\"},\"wordCount\":343,\"publisher\":{\"@id\":\"https:\\\/\\\/www.bellunopress.it\\\/#organization\"},\"keywords\":[\"Belluno\",\"feltrino\"],\"articleSection\":[\"Cronaca\\\/Politica\",\"Prima Pagina\"],\"inLanguage\":\"fr-FR\"},{\"@type\":\"WebPage\",\"@id\":\"https:\\\/\\\/www.bellunopress.it\\\/2009\\\/08\\\/05\\\/acqua-non-potabile-a-fortogna\\\/\",\"url\":\"https:\\\/\\\/www.bellunopress.it\\\/2009\\\/08\\\/05\\\/acqua-non-potabile-a-fortogna\\\/\",\"name\":\"Acqua non potabile a Fortogna - Bellunopress - Dolomiti\",\"isPartOf\":{\"@id\":\"https:\\\/\\\/www.bellunopress.it\\\/#website\"},\"datePublished\":\"2009-08-05T21:10:01+00:00\",\"breadcrumb\":{\"@id\":\"https:\\\/\\\/www.bellunopress.it\\\/2009\\\/08\\\/05\\\/acqua-non-potabile-a-fortogna\\\/#breadcrumb\"},\"inLanguage\":\"fr-FR\",\"potentialAction\":[{\"@type\":\"ReadAction\",\"target\":[\"https:\\\/\\\/www.bellunopress.it\\\/2009\\\/08\\\/05\\\/acqua-non-potabile-a-fortogna\\\/\"]}]},{\"@type\":\"BreadcrumbList\",\"@id\":\"https:\\\/\\\/www.bellunopress.it\\\/2009\\\/08\\\/05\\\/acqua-non-potabile-a-fortogna\\\/#breadcrumb\",\"itemListElement\":[{\"@type\":\"ListItem\",\"position\":1,\"name\":\"Home\",\"item\":\"https:\\\/\\\/www.bellunopress.it\\\/\"},{\"@type\":\"ListItem\",\"position\":2,\"name\":\"Acqua non potabile a Fortogna\"}]},{\"@type\":\"WebSite\",\"@id\":\"https:\\\/\\\/www.bellunopress.it\\\/#website\",\"url\":\"https:\\\/\\\/www.bellunopress.it\\\/\",\"name\":\"Bellunopress - Dolomiti\",\"description\":\"e-mail: redazione@bellunopress.it\",\"publisher\":{\"@id\":\"https:\\\/\\\/www.bellunopress.it\\\/#organization\"},\"potentialAction\":[{\"@type\":\"SearchAction\",\"target\":{\"@type\":\"EntryPoint\",\"urlTemplate\":\"https:\\\/\\\/www.bellunopress.it\\\/?s={search_term_string}\"},\"query-input\":{\"@type\":\"PropertyValueSpecification\",\"valueRequired\":true,\"valueName\":\"search_term_string\"}}],\"inLanguage\":\"fr-FR\"},{\"@type\":\"Organization\",\"@id\":\"https:\\\/\\\/www.bellunopress.it\\\/#organization\",\"name\":\"Bellunopress\",\"url\":\"https:\\\/\\\/www.bellunopress.it\\\/\",\"logo\":{\"@type\":\"ImageObject\",\"inLanguage\":\"fr-FR\",\"@id\":\"https:\\\/\\\/www.bellunopress.it\\\/#\\\/schema\\\/logo\\\/image\\\/\",\"url\":\"https:\\\/\\\/www.bellunopress.it\\\/wp-content\\\/uploads\\\/2011\\\/05\\\/cropped-logo-bellunopress-.jpg\",\"contentUrl\":\"https:\\\/\\\/www.bellunopress.it\\\/wp-content\\\/uploads\\\/2011\\\/05\\\/cropped-logo-bellunopress-.jpg\",\"width\":512,\"height\":512,\"caption\":\"Bellunopress\"},\"image\":{\"@id\":\"https:\\\/\\\/www.bellunopress.it\\\/#\\\/schema\\\/logo\\\/image\\\/\"},\"sameAs\":[\"https:\\\/\\\/www.facebook.com\\\/profile.php?id=100008943462799\",\"https:\\\/\\\/x.com\\\/bellunopress\",\"https:\\\/\\\/www.linkedin.com\\\/hp\\\/?dnr=JBzUWaJfMUw8vbXJJ2tVW5-I3jZKvC4wsoxE&amp;amp;amp;amp;amp;amp;trk=nav_responsive_tab_home\",\"https:\\\/\\\/www.youtube.com\\\/channel\\\/UCxL0wu1uN0_3_7hGG0306cw\"]},{\"@type\":\"Person\",\"@id\":\"https:\\\/\\\/www.bellunopress.it\\\/#\\\/schema\\\/person\\\/79bb06722b37ece1c03d3e94beb30d73\",\"name\":\"redazione\",\"image\":{\"@type\":\"ImageObject\",\"inLanguage\":\"fr-FR\",\"@id\":\"https:\\\/\\\/secure.gravatar.com\\\/avatar\\\/37d968a2e67a6fd04c169c4bdef102d0bc5d31b2546345219e348575eb80e9a0?s=96&d=mm&r=g\",\"url\":\"https:\\\/\\\/secure.gravatar.com\\\/avatar\\\/37d968a2e67a6fd04c169c4bdef102d0bc5d31b2546345219e348575eb80e9a0?s=96&d=mm&r=g\",\"contentUrl\":\"https:\\\/\\\/secure.gravatar.com\\\/avatar\\\/37d968a2e67a6fd04c169c4bdef102d0bc5d31b2546345219e348575eb80e9a0?s=96&d=mm&r=g\",\"caption\":\"redazione\"},\"sameAs\":[\"http:\\\/\\\/www.bellunopress.it\",\"https:\\\/\\\/x.com\\\/bellunopress\"],\"url\":\"https:\\\/\\\/www.bellunopress.it\\\/fr\\\/author\\\/redazione\\\/\"}]}<\/script>\n<!-- \/ Yoast SEO plugin. -->","yoast_head_json":{"title":"Acqua non potabile a Fortogna - Bellunopress - Dolomiti","robots":{"index":"index","follow":"follow","max-snippet":"max-snippet:-1","max-image-preview":"max-image-preview:large","max-video-preview":"max-video-preview:-1"},"canonical":"https:\/\/www.bellunopress.it\/fr\/2009\/08\/05\/acqua-non-potabile-a-fortogna\/","og_locale":"fr_FR","og_type":"article","og_title":"Acqua non potabile a Fortogna - Bellunopress - Dolomiti","og_description":"Proseguono i disagi dovuti alle violente ed abbondanti piogge dei giorni scorsi: questa mattina l\u2019ULSS di Belluno ha comunicato a GSP la non potabilit\u00e0 dell\u2019acqua distribuita nella frazione di Fortogna in Comune di Longarone. Sono risultati, infatti, positivi gli esiti delle analisi effettuate su campioni d\u2019acqua prelevati nel tratto di acquedotto che alimenta circa 400 [&hellip;]","og_url":"https:\/\/www.bellunopress.it\/fr\/2009\/08\/05\/acqua-non-potabile-a-fortogna\/","og_site_name":"Bellunopress - Dolomiti","article_publisher":"https:\/\/www.facebook.com\/profile.php?id=100008943462799","article_published_time":"2009-08-05T21:10:01+00:00","og_image":[{"url":"http:\/\/www.bellunopress.it\/wp-content\/uploads\/2012\/07\/logo-bellunopress-250x250-2012.jpg","type":"","width":"","height":""}],"author":"redazione","twitter_card":"summary_large_image","twitter_creator":"@bellunopress","twitter_site":"@bellunopress","twitter_misc":{"\u00c9crit par":"redazione","Dur\u00e9e de lecture estim\u00e9e":"2 minutes"},"schema":{"@context":"https:\/\/schema.org","@graph":[{"@type":"Article","@id":"https:\/\/www.bellunopress.it\/2009\/08\/05\/acqua-non-potabile-a-fortogna\/#article","isPartOf":{"@id":"https:\/\/www.bellunopress.it\/2009\/08\/05\/acqua-non-potabile-a-fortogna\/"},"author":{"name":"redazione","@id":"https:\/\/www.bellunopress.it\/#\/schema\/person\/79bb06722b37ece1c03d3e94beb30d73"},"headline":"Acqua non potabile a Fortogna","datePublished":"2009-08-05T21:10:01+00:00","mainEntityOfPage":{"@id":"https:\/\/www.bellunopress.it\/2009\/08\/05\/acqua-non-potabile-a-fortogna\/"},"wordCount":343,"publisher":{"@id":"https:\/\/www.bellunopress.it\/#organization"},"keywords":["Belluno","feltrino"],"articleSection":["Cronaca\/Politica","Prima Pagina"],"inLanguage":"fr-FR"},{"@type":"WebPage","@id":"https:\/\/www.bellunopress.it\/2009\/08\/05\/acqua-non-potabile-a-fortogna\/","url":"https:\/\/www.bellunopress.it\/2009\/08\/05\/acqua-non-potabile-a-fortogna\/","name":"Acqua non potabile a Fortogna - Bellunopress - Dolomiti","isPartOf":{"@id":"https:\/\/www.bellunopress.it\/#website"},"datePublished":"2009-08-05T21:10:01+00:00","breadcrumb":{"@id":"https:\/\/www.bellunopress.it\/2009\/08\/05\/acqua-non-potabile-a-fortogna\/#breadcrumb"},"inLanguage":"fr-FR","potentialAction":[{"@type":"ReadAction","target":["https:\/\/www.bellunopress.it\/2009\/08\/05\/acqua-non-potabile-a-fortogna\/"]}]},{"@type":"BreadcrumbList","@id":"https:\/\/www.bellunopress.it\/2009\/08\/05\/acqua-non-potabile-a-fortogna\/#breadcrumb","itemListElement":[{"@type":"ListItem","position":1,"name":"Home","item":"https:\/\/www.bellunopress.it\/"},{"@type":"ListItem","position":2,"name":"Acqua non potabile a Fortogna"}]},{"@type":"WebSite","@id":"https:\/\/www.bellunopress.it\/#website","url":"https:\/\/www.bellunopress.it\/","name":"Bellunopress - Dolomiti","description":"e-mail: redazione@bellunopress.it","publisher":{"@id":"https:\/\/www.bellunopress.it\/#organization"},"potentialAction":[{"@type":"SearchAction","target":{"@type":"EntryPoint","urlTemplate":"https:\/\/www.bellunopress.it\/?s={search_term_string}"},"query-input":{"@type":"PropertyValueSpecification","valueRequired":true,"valueName":"search_term_string"}}],"inLanguage":"fr-FR"},{"@type":"Organization","@id":"https:\/\/www.bellunopress.it\/#organization","name":"Bellunopress","url":"https:\/\/www.bellunopress.it\/","logo":{"@type":"ImageObject","inLanguage":"fr-FR","@id":"https:\/\/www.bellunopress.it\/#\/schema\/logo\/image\/","url":"https:\/\/www.bellunopress.it\/wp-content\/uploads\/2011\/05\/cropped-logo-bellunopress-.jpg","contentUrl":"https:\/\/www.bellunopress.it\/wp-content\/uploads\/2011\/05\/cropped-logo-bellunopress-.jpg","width":512,"height":512,"caption":"Bellunopress"},"image":{"@id":"https:\/\/www.bellunopress.it\/#\/schema\/logo\/image\/"},"sameAs":["https:\/\/www.facebook.com\/profile.php?id=100008943462799","https:\/\/x.com\/bellunopress","https:\/\/www.linkedin.com\/hp\/?dnr=JBzUWaJfMUw8vbXJJ2tVW5-I3jZKvC4wsoxE&amp;amp;amp;amp;amp;amp;trk=nav_responsive_tab_home","https:\/\/www.youtube.com\/channel\/UCxL0wu1uN0_3_7hGG0306cw"]},{"@type":"Person","@id":"https:\/\/www.bellunopress.it\/#\/schema\/person\/79bb06722b37ece1c03d3e94beb30d73","name":"r\u00e9daction","image":{"@type":"ImageObject","inLanguage":"fr-FR","@id":"https:\/\/secure.gravatar.com\/avatar\/37d968a2e67a6fd04c169c4bdef102d0bc5d31b2546345219e348575eb80e9a0?s=96&d=mm&r=g","url":"https:\/\/secure.gravatar.com\/avatar\/37d968a2e67a6fd04c169c4bdef102d0bc5d31b2546345219e348575eb80e9a0?s=96&d=mm&r=g","contentUrl":"https:\/\/secure.gravatar.com\/avatar\/37d968a2e67a6fd04c169c4bdef102d0bc5d31b2546345219e348575eb80e9a0?s=96&d=mm&r=g","caption":"redazione"},"sameAs":["http:\/\/www.bellunopress.it","https:\/\/x.com\/bellunopress"],"url":"https:\/\/www.bellunopress.it\/fr\/author\/redazione\/"}]}},"_links":{"self":[{"href":"https:\/\/www.bellunopress.it\/fr\/wp-json\/wp\/v2\/posts\/6740","targetHints":{"allow":["GET"]}}],"collection":[{"href":"https:\/\/www.bellunopress.it\/fr\/wp-json\/wp\/v2\/posts"}],"about":[{"href":"https:\/\/www.bellunopress.it\/fr\/wp-json\/wp\/v2\/types\/post"}],"author":[{"embeddable":true,"href":"https:\/\/www.bellunopress.it\/fr\/wp-json\/wp\/v2\/users\/2"}],"replies":[{"embeddable":true,"href":"https:\/\/www.bellunopress.it\/fr\/wp-json\/wp\/v2\/comments?post=6740"}],"version-history":[{"count":1,"href":"https:\/\/www.bellunopress.it\/fr\/wp-json\/wp\/v2\/posts\/6740\/revisions"}],"predecessor-version":[{"id":6741,"href":"https:\/\/www.bellunopress.it\/fr\/wp-json\/wp\/v2\/posts\/6740\/revisions\/6741"}],"wp:attachment":[{"href":"https:\/\/www.bellunopress.it\/fr\/wp-json\/wp\/v2\/media?parent=6740"}],"wp:term":[{"taxonomy":"category","embeddable":true,"href":"https:\/\/www.bellunopress.it\/fr\/wp-json\/wp\/v2\/categories?post=6740"},{"taxonomy":"post_tag","embeddable":true,"href":"https:\/\/www.bellunopress.it\/fr\/wp-json\/wp\/v2\/tags?post=6740"}],"curies":[{"name":"wp","href":"https:\/\/api.w.org\/{rel}","templated":true}]}}