{"id":6738,"date":"2009-08-05T22:06:54","date_gmt":"2009-08-05T21:06:54","guid":{"rendered":"http:\/\/www.bellunopress.it\/?p=6738"},"modified":"2009-08-05T22:06:54","modified_gmt":"2009-08-05T21:06:54","slug":"un-concorso-di-idee-per-un-espositore-nella-regina-delle-dolomiti","status":"publish","type":"post","link":"https:\/\/www.bellunopress.it\/fr\/2009\/08\/05\/un-concorso-di-idee-per-un-espositore-nella-regina-delle-dolomiti\/","title":{"rendered":"Un concorso di idee per un espositore nella Regina delle Dolomiti"},"content":{"rendered":"<p>Cortina d\u2019Ampezzo durante l\u2019estate 2009 celebra l\u2019eccellenza delle maestranze locali con una mostra fotografica nel cuore della citt\u00e0: in Corso Italia troveranno spazio 12 espositori appositamente progettati dai professionisti e realizzati dagli artigiani di Cortina d\u2019Ampezzo che in uno scenografico percorso per immagini racconteranno l\u2019arte delle lavorazioni artigianali. Appuntamento il 20 agosto per la serata che presenter\u00e0 quello che pu\u00f2 essere considerato un marchio territoriale, di eccellenza progettuale, artistica e manifatturiera, sintetizzato nella sinergia che a Cortina unisce da sempre professionisti e artigiani. Un connubio vincente celebrato anche nella pagine di CORTINA.Top Living, la rivista di Cortina Turismo dedicata all\u2019architettura e all\u2019arredamento che porta l\u2019eccellenza artigianale e progettuale della Regina delle Dolomiti in tutto il mondo.\u00a0 Cortina d\u2019Ampezzo e il suo marchio territoriale nel campo dell\u2019architettura e dell\u2019artigianato. Un sogno accarezzato da anni che avvia il suo processo. Quest\u2019estate infatti la Regina delle Dolomiti si trasforma in un set a cielo aperto. Fa uscire la sapienza dalle botteghe, da forma alla competenza progettuale con un concorso di idee che diventa una grande mostra che si sviluppa lungo Corso Italia.L\u2019Associazione professionisti edili e l\u2019Associazione artigiani di Cortina sono promotrici del progetto \u201cTotem. Innovazione e tradizione\u201d: con una serie di eventi e incontri in programma nella stagione estiva coinvolgeranno il grande pubblico attraverso le eccellenze della valle ampezzana. Il 7 agosto alle ore 18.00 in Piazza Venezia verr\u00e0 inaugurata l\u2019esposizione open air che fino al 29 agosto celebrer\u00e0 le maestranze locali: ogni professionista ha disegnato un espositore, che \u00e8 poi stato concretamente realizzato dalle esperte mani degli artigiani di Cortina utilizzando i pi\u00f9 svariati materiali. Le \u2018opere\u2019 oltre ad esporre se stesse, conterranno ognuna un\u2019immagine rappresentativa della storia delle lavorazioni artigianali. Scatti del noto fotografo Stefano Zardini, lungo Corso Italia. Una visione nuova, artistica e insolita per svelare i volti dei veri protagonisti, solitamente nell\u2019ombra, che si celano dietro gli arredi, le architetture e i prodotti artigianali. E\u2019 ambizioso questo progetto, riflesso della vera e propria sinergia che nel corso dei decenni si \u00e8 costruita tra architetti, progettisti e depositari degli antichi mestieri, da sempre impegnati nel mantenere il perfetto equilibrio tra innovazione e tradizione, caratteristiche indissolubili di quello che oggi pu\u00f2 essere considerato un marchio territoriale. La competenza progettuale e artigianale della Regina delle Dolomiti rappresenta un\u2019eccellenza indiscutibile, conosciuta in tutto il mondo grazie all\u2019elevata qualit\u00e0 dei prodotti nati dal connubio tra le lungimiranti menti dei professionisti e l\u2019abilit\u00e0 manuale degli artigiani che si trasmettono di generazione in generazione saperi e tecniche. Un\u2019eccellenza da celebrare, con eventi e prodotti editoriali dedicati. Non \u00e8 un caso che sia stata lanciata ad aprile la prima rivista interamente incentrata sul mondo dell\u2019architettura, dell\u2019artigianato e dell\u2019arredamento di Cortina d\u2019Ampezzo, un osservatorio di eccellenze e di innovazioni, nel rispetto della tradizione e degli antichi mestieri. Un progetto della composita collana editoriale di Cortina Turismo <a href=\"http:\/\/www.dolomiti.org\/ita\/Cortina\/press\/index_testate.html\">http:\/\/www.dolomiti.org\/ita\/Cortina\/press\/index_testate.html<\/a>.<br \/>\nSar\u00e0 il pubblico, ospite di Cortina durante il mese di agosto, ad eleggere i totem vincitori del &#8220;concorso d&#8217;idee per un espositore nella Regina delle Dolomiti&#8221;, che verranno premiati durante la serata\/convegno del 20 agosto all&#8217;Alexander Girardi Hall. Partecipare alla votazione<br \/>\n\u00e8 semplice: basta ritagliare il coupon presente nei depliant distribuiti in tutta Cortina, sottostante, selezionare il totem prescelto (identificato dal numero) e cercare le speciali urne Progetto Totem (Alexander Girardi Hall, Casa delle Regole, Info Point in Piazza Roma, Cooperativa di Cortina, Cassa Rurale ed Artigiana di Cortina, Cortina Turismo, Cinema Eden, Pala Infiniti). Il 20 agosto all\u2019Alexander Girardi Hall sar\u00e0 possibile per il pubblico presente toccare con mano il profondo legame tra i maestri d\u2019arte e i professionisti in un convegno\/dibattito che vedr\u00e0 la partecipazione di grandi nomi dell\u2019arte e del design.<br \/>\nMedia-partner della serata CORTINA.TOP Living.<br \/>\nProgetto promosso dall\u2019Ape, Associazione professionisti edili (Luca Menardi Ruggeri e Ambra Piccin) e dall\u2019associazione Artigiani di Cortina (Renzo Siorpaes &#8220;Zino&#8221; e Loris Zanoli) in collaborazione con l\u2019Istituto d\u2019Arte di Cortina. \u201cTotem. Innovazione e tradizione\u201d, estate 2009 Cortina d\u2019Ampezzo. Inaugurazione mostra a cielo aperto: 7 agosto, ore 18.00, Piazza Venezia<br \/>\nL\u2019esposizione sar\u00e0 allestita in Corso Italia fino al 4 settembre.<br \/>\nVerso un marchio territoriale, serata convegno\/dibattito e premiazione concorso di idee:<br \/>\n20 agosto, ore 21.00, Alexander Girardi Hall (Centro Congressi via Marangoni, 1, Cortina d\u2019Ampezzo).<\/p>","protected":false},"excerpt":{"rendered":"<p>Cortina d\u2019Ampezzo durante l\u2019estate 2009 celebra l\u2019eccellenza delle maestranze locali con una mostra fotografica nel cuore della citt\u00e0: in Corso Italia troveranno spazio 12 espositori appositamente progettati dai professionisti e realizzati dagli artigiani di Cortina d\u2019Ampezzo che in uno scenografico percorso per immagini racconteranno l\u2019arte delle lavorazioni artigianali. Appuntamento il 20 agosto per la serata [&hellip;]<\/p>\n","protected":false},"author":2,"featured_media":0,"comment_status":"closed","ping_status":"open","sticky":false,"template":"","format":"standard","meta":{"footnotes":""},"categories":[3,25],"tags":[63],"class_list":["post-6738","post","type-post","status-publish","format-standard","category-arte-cultura-spettacoli-scienza-archivi","category-pausa-caffe","tag-dolomiti"],"yoast_head":"<!-- This site is optimized with the Yoast SEO plugin v28.4 - https:\/\/yoast.com\/product\/yoast-seo-wordpress\/ -->\n<title>Un concorso di idee per un espositore nella Regina delle Dolomiti - Bellunopress - Dolomiti<\/title>\n<meta name=\"robots\" content=\"index, follow, max-snippet:-1, max-image-preview:large, max-video-preview:-1\" \/>\n<link rel=\"canonical\" href=\"https:\/\/www.bellunopress.it\/fr\/2009\/08\/05\/un-concorso-di-idee-per-un-espositore-nella-regina-delle-dolomiti\/\" \/>\n<meta property=\"og:locale\" content=\"fr_FR\" \/>\n<meta property=\"og:type\" content=\"article\" \/>\n<meta property=\"og:title\" content=\"Un concorso di idee per un espositore nella Regina delle Dolomiti - Bellunopress - Dolomiti\" \/>\n<meta property=\"og:description\" content=\"Cortina d\u2019Ampezzo durante l\u2019estate 2009 celebra l\u2019eccellenza delle maestranze locali con una mostra fotografica nel cuore della citt\u00e0: in Corso Italia troveranno spazio 12 espositori appositamente progettati dai professionisti e realizzati dagli artigiani di Cortina d\u2019Ampezzo che in uno scenografico percorso per immagini racconteranno l\u2019arte delle lavorazioni artigianali. Appuntamento il 20 agosto per la serata [&hellip;]\" \/>\n<meta property=\"og:url\" content=\"https:\/\/www.bellunopress.it\/fr\/2009\/08\/05\/un-concorso-di-idee-per-un-espositore-nella-regina-delle-dolomiti\/\" \/>\n<meta property=\"og:site_name\" content=\"Bellunopress - Dolomiti\" \/>\n<meta property=\"article:publisher\" content=\"https:\/\/www.facebook.com\/profile.php?id=100008943462799\" \/>\n<meta property=\"article:published_time\" content=\"2009-08-05T21:06:54+00:00\" \/>\n<meta property=\"og:image\" content=\"http:\/\/www.bellunopress.it\/wp-content\/uploads\/2012\/07\/logo-bellunopress-250x250-2012.jpg\" \/>\n<meta name=\"author\" content=\"redazione\" \/>\n<meta name=\"twitter:card\" content=\"summary_large_image\" \/>\n<meta name=\"twitter:creator\" content=\"@bellunopress\" \/>\n<meta name=\"twitter:site\" content=\"@bellunopress\" \/>\n<meta name=\"twitter:label1\" content=\"\u00c9crit par\" \/>\n\t<meta name=\"twitter:data1\" content=\"redazione\" \/>\n\t<meta name=\"twitter:label2\" content=\"Dur\u00e9e de lecture estim\u00e9e\" \/>\n\t<meta name=\"twitter:data2\" content=\"4 minutes\" \/>\n<script type=\"application\/ld+json\" class=\"yoast-schema-graph\">{\"@context\":\"https:\\\/\\\/schema.org\",\"@graph\":[{\"@type\":\"Article\",\"@id\":\"https:\\\/\\\/www.bellunopress.it\\\/2009\\\/08\\\/05\\\/un-concorso-di-idee-per-un-espositore-nella-regina-delle-dolomiti\\\/#article\",\"isPartOf\":{\"@id\":\"https:\\\/\\\/www.bellunopress.it\\\/2009\\\/08\\\/05\\\/un-concorso-di-idee-per-un-espositore-nella-regina-delle-dolomiti\\\/\"},\"author\":{\"name\":\"redazione\",\"@id\":\"https:\\\/\\\/www.bellunopress.it\\\/#\\\/schema\\\/person\\\/79bb06722b37ece1c03d3e94beb30d73\"},\"headline\":\"Un concorso di idee per un espositore nella Regina delle Dolomiti\",\"datePublished\":\"2009-08-05T21:06:54+00:00\",\"mainEntityOfPage\":{\"@id\":\"https:\\\/\\\/www.bellunopress.it\\\/2009\\\/08\\\/05\\\/un-concorso-di-idee-per-un-espositore-nella-regina-delle-dolomiti\\\/\"},\"wordCount\":736,\"publisher\":{\"@id\":\"https:\\\/\\\/www.bellunopress.it\\\/#organization\"},\"keywords\":[\"Dolomiti\"],\"articleSection\":[\"Arte, Cultura, Spettacoli, Scienza\",\"Pausa Caff\u00e8\"],\"inLanguage\":\"fr-FR\"},{\"@type\":\"WebPage\",\"@id\":\"https:\\\/\\\/www.bellunopress.it\\\/2009\\\/08\\\/05\\\/un-concorso-di-idee-per-un-espositore-nella-regina-delle-dolomiti\\\/\",\"url\":\"https:\\\/\\\/www.bellunopress.it\\\/2009\\\/08\\\/05\\\/un-concorso-di-idee-per-un-espositore-nella-regina-delle-dolomiti\\\/\",\"name\":\"Un concorso di idee per un espositore nella Regina delle Dolomiti - Bellunopress - Dolomiti\",\"isPartOf\":{\"@id\":\"https:\\\/\\\/www.bellunopress.it\\\/#website\"},\"datePublished\":\"2009-08-05T21:06:54+00:00\",\"breadcrumb\":{\"@id\":\"https:\\\/\\\/www.bellunopress.it\\\/2009\\\/08\\\/05\\\/un-concorso-di-idee-per-un-espositore-nella-regina-delle-dolomiti\\\/#breadcrumb\"},\"inLanguage\":\"fr-FR\",\"potentialAction\":[{\"@type\":\"ReadAction\",\"target\":[\"https:\\\/\\\/www.bellunopress.it\\\/2009\\\/08\\\/05\\\/un-concorso-di-idee-per-un-espositore-nella-regina-delle-dolomiti\\\/\"]}]},{\"@type\":\"BreadcrumbList\",\"@id\":\"https:\\\/\\\/www.bellunopress.it\\\/2009\\\/08\\\/05\\\/un-concorso-di-idee-per-un-espositore-nella-regina-delle-dolomiti\\\/#breadcrumb\",\"itemListElement\":[{\"@type\":\"ListItem\",\"position\":1,\"name\":\"Home\",\"item\":\"https:\\\/\\\/www.bellunopress.it\\\/\"},{\"@type\":\"ListItem\",\"position\":2,\"name\":\"Un concorso di idee per un espositore nella Regina delle Dolomiti\"}]},{\"@type\":\"WebSite\",\"@id\":\"https:\\\/\\\/www.bellunopress.it\\\/#website\",\"url\":\"https:\\\/\\\/www.bellunopress.it\\\/\",\"name\":\"Bellunopress - Dolomiti\",\"description\":\"e-mail: redazione@bellunopress.it\",\"publisher\":{\"@id\":\"https:\\\/\\\/www.bellunopress.it\\\/#organization\"},\"potentialAction\":[{\"@type\":\"SearchAction\",\"target\":{\"@type\":\"EntryPoint\",\"urlTemplate\":\"https:\\\/\\\/www.bellunopress.it\\\/?s={search_term_string}\"},\"query-input\":{\"@type\":\"PropertyValueSpecification\",\"valueRequired\":true,\"valueName\":\"search_term_string\"}}],\"inLanguage\":\"fr-FR\"},{\"@type\":\"Organization\",\"@id\":\"https:\\\/\\\/www.bellunopress.it\\\/#organization\",\"name\":\"Bellunopress\",\"url\":\"https:\\\/\\\/www.bellunopress.it\\\/\",\"logo\":{\"@type\":\"ImageObject\",\"inLanguage\":\"fr-FR\",\"@id\":\"https:\\\/\\\/www.bellunopress.it\\\/#\\\/schema\\\/logo\\\/image\\\/\",\"url\":\"https:\\\/\\\/www.bellunopress.it\\\/wp-content\\\/uploads\\\/2011\\\/05\\\/cropped-logo-bellunopress-.jpg\",\"contentUrl\":\"https:\\\/\\\/www.bellunopress.it\\\/wp-content\\\/uploads\\\/2011\\\/05\\\/cropped-logo-bellunopress-.jpg\",\"width\":512,\"height\":512,\"caption\":\"Bellunopress\"},\"image\":{\"@id\":\"https:\\\/\\\/www.bellunopress.it\\\/#\\\/schema\\\/logo\\\/image\\\/\"},\"sameAs\":[\"https:\\\/\\\/www.facebook.com\\\/profile.php?id=100008943462799\",\"https:\\\/\\\/x.com\\\/bellunopress\",\"https:\\\/\\\/www.linkedin.com\\\/hp\\\/?dnr=JBzUWaJfMUw8vbXJJ2tVW5-I3jZKvC4wsoxE&amp;amp;amp;amp;amp;amp;trk=nav_responsive_tab_home\",\"https:\\\/\\\/www.youtube.com\\\/channel\\\/UCxL0wu1uN0_3_7hGG0306cw\"]},{\"@type\":\"Person\",\"@id\":\"https:\\\/\\\/www.bellunopress.it\\\/#\\\/schema\\\/person\\\/79bb06722b37ece1c03d3e94beb30d73\",\"name\":\"redazione\",\"image\":{\"@type\":\"ImageObject\",\"inLanguage\":\"fr-FR\",\"@id\":\"https:\\\/\\\/secure.gravatar.com\\\/avatar\\\/37d968a2e67a6fd04c169c4bdef102d0bc5d31b2546345219e348575eb80e9a0?s=96&d=mm&r=g\",\"url\":\"https:\\\/\\\/secure.gravatar.com\\\/avatar\\\/37d968a2e67a6fd04c169c4bdef102d0bc5d31b2546345219e348575eb80e9a0?s=96&d=mm&r=g\",\"contentUrl\":\"https:\\\/\\\/secure.gravatar.com\\\/avatar\\\/37d968a2e67a6fd04c169c4bdef102d0bc5d31b2546345219e348575eb80e9a0?s=96&d=mm&r=g\",\"caption\":\"redazione\"},\"sameAs\":[\"http:\\\/\\\/www.bellunopress.it\",\"https:\\\/\\\/x.com\\\/bellunopress\"],\"url\":\"https:\\\/\\\/www.bellunopress.it\\\/fr\\\/author\\\/redazione\\\/\"}]}<\/script>\n<!-- \/ Yoast SEO plugin. -->","yoast_head_json":{"title":"Un concorso di idee per un espositore nella Regina delle Dolomiti - Bellunopress - Dolomiti","robots":{"index":"index","follow":"follow","max-snippet":"max-snippet:-1","max-image-preview":"max-image-preview:large","max-video-preview":"max-video-preview:-1"},"canonical":"https:\/\/www.bellunopress.it\/fr\/2009\/08\/05\/un-concorso-di-idee-per-un-espositore-nella-regina-delle-dolomiti\/","og_locale":"fr_FR","og_type":"article","og_title":"Un concorso di idee per un espositore nella Regina delle Dolomiti - Bellunopress - Dolomiti","og_description":"Cortina d\u2019Ampezzo durante l\u2019estate 2009 celebra l\u2019eccellenza delle maestranze locali con una mostra fotografica nel cuore della citt\u00e0: in Corso Italia troveranno spazio 12 espositori appositamente progettati dai professionisti e realizzati dagli artigiani di Cortina d\u2019Ampezzo che in uno scenografico percorso per immagini racconteranno l\u2019arte delle lavorazioni artigianali. Appuntamento il 20 agosto per la serata [&hellip;]","og_url":"https:\/\/www.bellunopress.it\/fr\/2009\/08\/05\/un-concorso-di-idee-per-un-espositore-nella-regina-delle-dolomiti\/","og_site_name":"Bellunopress - Dolomiti","article_publisher":"https:\/\/www.facebook.com\/profile.php?id=100008943462799","article_published_time":"2009-08-05T21:06:54+00:00","og_image":[{"url":"http:\/\/www.bellunopress.it\/wp-content\/uploads\/2012\/07\/logo-bellunopress-250x250-2012.jpg","type":"","width":"","height":""}],"author":"redazione","twitter_card":"summary_large_image","twitter_creator":"@bellunopress","twitter_site":"@bellunopress","twitter_misc":{"\u00c9crit par":"redazione","Dur\u00e9e de lecture estim\u00e9e":"4 minutes"},"schema":{"@context":"https:\/\/schema.org","@graph":[{"@type":"Article","@id":"https:\/\/www.bellunopress.it\/2009\/08\/05\/un-concorso-di-idee-per-un-espositore-nella-regina-delle-dolomiti\/#article","isPartOf":{"@id":"https:\/\/www.bellunopress.it\/2009\/08\/05\/un-concorso-di-idee-per-un-espositore-nella-regina-delle-dolomiti\/"},"author":{"name":"redazione","@id":"https:\/\/www.bellunopress.it\/#\/schema\/person\/79bb06722b37ece1c03d3e94beb30d73"},"headline":"Un concorso di idee per un espositore nella Regina delle Dolomiti","datePublished":"2009-08-05T21:06:54+00:00","mainEntityOfPage":{"@id":"https:\/\/www.bellunopress.it\/2009\/08\/05\/un-concorso-di-idee-per-un-espositore-nella-regina-delle-dolomiti\/"},"wordCount":736,"publisher":{"@id":"https:\/\/www.bellunopress.it\/#organization"},"keywords":["Dolomiti"],"articleSection":["Arte, Cultura, Spettacoli, Scienza","Pausa Caff\u00e8"],"inLanguage":"fr-FR"},{"@type":"WebPage","@id":"https:\/\/www.bellunopress.it\/2009\/08\/05\/un-concorso-di-idee-per-un-espositore-nella-regina-delle-dolomiti\/","url":"https:\/\/www.bellunopress.it\/2009\/08\/05\/un-concorso-di-idee-per-un-espositore-nella-regina-delle-dolomiti\/","name":"Un concorso di idee per un espositore nella Regina delle Dolomiti - Bellunopress - Dolomiti","isPartOf":{"@id":"https:\/\/www.bellunopress.it\/#website"},"datePublished":"2009-08-05T21:06:54+00:00","breadcrumb":{"@id":"https:\/\/www.bellunopress.it\/2009\/08\/05\/un-concorso-di-idee-per-un-espositore-nella-regina-delle-dolomiti\/#breadcrumb"},"inLanguage":"fr-FR","potentialAction":[{"@type":"ReadAction","target":["https:\/\/www.bellunopress.it\/2009\/08\/05\/un-concorso-di-idee-per-un-espositore-nella-regina-delle-dolomiti\/"]}]},{"@type":"BreadcrumbList","@id":"https:\/\/www.bellunopress.it\/2009\/08\/05\/un-concorso-di-idee-per-un-espositore-nella-regina-delle-dolomiti\/#breadcrumb","itemListElement":[{"@type":"ListItem","position":1,"name":"Home","item":"https:\/\/www.bellunopress.it\/"},{"@type":"ListItem","position":2,"name":"Un concorso di idee per un espositore nella Regina delle Dolomiti"}]},{"@type":"WebSite","@id":"https:\/\/www.bellunopress.it\/#website","url":"https:\/\/www.bellunopress.it\/","name":"Bellunopress - Dolomiti","description":"e-mail: redazione@bellunopress.it","publisher":{"@id":"https:\/\/www.bellunopress.it\/#organization"},"potentialAction":[{"@type":"SearchAction","target":{"@type":"EntryPoint","urlTemplate":"https:\/\/www.bellunopress.it\/?s={search_term_string}"},"query-input":{"@type":"PropertyValueSpecification","valueRequired":true,"valueName":"search_term_string"}}],"inLanguage":"fr-FR"},{"@type":"Organization","@id":"https:\/\/www.bellunopress.it\/#organization","name":"Bellunopress","url":"https:\/\/www.bellunopress.it\/","logo":{"@type":"ImageObject","inLanguage":"fr-FR","@id":"https:\/\/www.bellunopress.it\/#\/schema\/logo\/image\/","url":"https:\/\/www.bellunopress.it\/wp-content\/uploads\/2011\/05\/cropped-logo-bellunopress-.jpg","contentUrl":"https:\/\/www.bellunopress.it\/wp-content\/uploads\/2011\/05\/cropped-logo-bellunopress-.jpg","width":512,"height":512,"caption":"Bellunopress"},"image":{"@id":"https:\/\/www.bellunopress.it\/#\/schema\/logo\/image\/"},"sameAs":["https:\/\/www.facebook.com\/profile.php?id=100008943462799","https:\/\/x.com\/bellunopress","https:\/\/www.linkedin.com\/hp\/?dnr=JBzUWaJfMUw8vbXJJ2tVW5-I3jZKvC4wsoxE&amp;amp;amp;amp;amp;amp;trk=nav_responsive_tab_home","https:\/\/www.youtube.com\/channel\/UCxL0wu1uN0_3_7hGG0306cw"]},{"@type":"Person","@id":"https:\/\/www.bellunopress.it\/#\/schema\/person\/79bb06722b37ece1c03d3e94beb30d73","name":"r\u00e9daction","image":{"@type":"ImageObject","inLanguage":"fr-FR","@id":"https:\/\/secure.gravatar.com\/avatar\/37d968a2e67a6fd04c169c4bdef102d0bc5d31b2546345219e348575eb80e9a0?s=96&d=mm&r=g","url":"https:\/\/secure.gravatar.com\/avatar\/37d968a2e67a6fd04c169c4bdef102d0bc5d31b2546345219e348575eb80e9a0?s=96&d=mm&r=g","contentUrl":"https:\/\/secure.gravatar.com\/avatar\/37d968a2e67a6fd04c169c4bdef102d0bc5d31b2546345219e348575eb80e9a0?s=96&d=mm&r=g","caption":"redazione"},"sameAs":["http:\/\/www.bellunopress.it","https:\/\/x.com\/bellunopress"],"url":"https:\/\/www.bellunopress.it\/fr\/author\/redazione\/"}]}},"_links":{"self":[{"href":"https:\/\/www.bellunopress.it\/fr\/wp-json\/wp\/v2\/posts\/6738","targetHints":{"allow":["GET"]}}],"collection":[{"href":"https:\/\/www.bellunopress.it\/fr\/wp-json\/wp\/v2\/posts"}],"about":[{"href":"https:\/\/www.bellunopress.it\/fr\/wp-json\/wp\/v2\/types\/post"}],"author":[{"embeddable":true,"href":"https:\/\/www.bellunopress.it\/fr\/wp-json\/wp\/v2\/users\/2"}],"replies":[{"embeddable":true,"href":"https:\/\/www.bellunopress.it\/fr\/wp-json\/wp\/v2\/comments?post=6738"}],"version-history":[{"count":1,"href":"https:\/\/www.bellunopress.it\/fr\/wp-json\/wp\/v2\/posts\/6738\/revisions"}],"predecessor-version":[{"id":6739,"href":"https:\/\/www.bellunopress.it\/fr\/wp-json\/wp\/v2\/posts\/6738\/revisions\/6739"}],"wp:attachment":[{"href":"https:\/\/www.bellunopress.it\/fr\/wp-json\/wp\/v2\/media?parent=6738"}],"wp:term":[{"taxonomy":"category","embeddable":true,"href":"https:\/\/www.bellunopress.it\/fr\/wp-json\/wp\/v2\/categories?post=6738"},{"taxonomy":"post_tag","embeddable":true,"href":"https:\/\/www.bellunopress.it\/fr\/wp-json\/wp\/v2\/tags?post=6738"}],"curies":[{"name":"wp","href":"https:\/\/api.w.org\/{rel}","templated":true}]}}