{"id":6719,"date":"2009-08-05T20:28:27","date_gmt":"2009-08-05T19:28:27","guid":{"rendered":"http:\/\/www.bellunopress.it\/?p=6719"},"modified":"2009-08-05T20:28:27","modified_gmt":"2009-08-05T19:28:27","slug":"visita-alla-mostra-%e2%80%9cin-finitum%e2%80%9d-di-palazzo-fortuny-con-la-biblioteca","status":"publish","type":"post","link":"https:\/\/www.bellunopress.it\/fr\/2009\/08\/05\/visita-alla-mostra-%e2%80%9cin-finitum%e2%80%9d-di-palazzo-fortuny-con-la-biblioteca\/","title":{"rendered":"Visita alla mostra \u201cIn-Finitum\u201d di Palazzo Fortuny con la Biblioteca"},"content":{"rendered":"<p><a href=\"http:\/\/www.bellunopress.it\/wp-content\/uploads\/2009\/08\/copertina20infinitum1-leggera.jpg\"><img loading=\"lazy\" decoding=\"async\" class=\"alignleft size-medium wp-image-6720\" title=\"copertina20infinitum1-leggera\" src=\"http:\/\/www.bellunopress.it\/wp-content\/uploads\/2009\/08\/copertina20infinitum1-leggera.jpg\" alt=\"\" width=\"280\" height=\"267\" \/><\/a>Organizzata dalla Biblioteca Civica di Belluno sabato 5 settembre alle ore 10.30, una visita guidata all\u2019importante mostra \u201cIn-Finitum\u201d presso palazzo Fortuny a Venezia, con Caterina De March. Fondazione Musei Civici di Venezia e Vervoordt Foundation, hanno allestito presso lo splendido atelier veneziano appartenuto all\u2019artista Mariano Fortuny ora museo civico, una mostra che esplora la categoria dell\u2019Infinito nelle sue diverse accezioni, dal non-finito all\u2019illimitato, con un approccio multidisciplinare in cui arte, scienza e filosofia di ere e civilt\u00e0 diverse si incontrano e si confrontano.<br \/>\nLa mostra completa e conclude uno straordinario ciclo espositivo ideato da Axel Vervoordt e iniziato\u00a0 a Venezia nel 2007 con Artempo: Where time becomes art &#8211; che indagava il rapporto tra arte, tempo e il loro mostrarsi, attraverso differenti secoli, luoghi, tendenze e linguaggi espressivi &#8211; e\u00a0 proseguito nel 2008 a Parigi con Academia: Qui es-tu? basata\u00a0 sulla trasmissione della conoscenza e della saggezza e sulla perpetua necessit\u00e0 della condizione umana del porsi domande e cercare risposte.\u00a0 Elemento comune alle tre mostre \u2013 oltre a\u00a0 un impatto emotivo e allestitivo di intensa suggestione &#8211;\u00a0 \u00e8 l\u2019indagine\u00a0 sulle innumerevoli possibilit\u00e0 di relazione e collegamento tra espressioni artistiche di epoche e culture differenti , e, in ultima analisi,\u00a0 con il senso stesso della vita.<br \/>\nMolti sono gli artisti che si sono misurati con il tema dell\u2019infinito,\u00a0 interpretandolo secondo concetti e rappresentazioni proprie della cultura di appartenenza. In mostra saranno presenti, tra le altre, opere di Giovanni Anselmo, Natvar Bhavsar, Pierre Bonnard, Berlinde de Bruyckere, Michael Borremans, Alberto Burri, Alexander Calder, Paul C\u00e9zanne, Antonio Canova, Eug\u00e8ne Delacroix, Ray &amp; Charles Eames, Lucio Fontana, Adam Fuss, Giuseppe Gabellone, Francesco Hayez, Ann-Veronica Janssens, Anish Kapoor, Anselm Kiefer, Kimsooja, Yves Klein, Piero Manzoni, Brice Marden, Fausto Melotti, Mario Merz, Joan Mir\u00f2, Tatsuo Miyajima, Vic Muniz, Renato Nicolodi, Roman Opalka, Palagio Pelagi, Pablo Picasso, Otto Piene, Giovanni Battista Piranesi, Guido Reni, Gerhard Richter, George Romney, Thomas Ruff, Kazuo Shiraga, Ettore Spaletti, Vassilikis Takis, Diana Thater, Dirk Van De Len, Jef Verheyen, Rik Wouters, Gilberto Zorio.<br \/>\nLa visita alla mostra sar\u00e0 anche l\u2019occasione per conoscere i suggestivi ambienti dove viveva e operava Mariano Fortuny.<br \/>\n<strong>Per informazioni tel. 043725727 <\/strong>o biblioteca@comune.belluno.it; per iscrizioni rivolgersi dal 5 agosto presso la sede la Biblioteca civica di Belluno (costo comprensivo del biglietto d\u2019ingresso e della visita guidata, 10 euro).<\/p>","protected":false},"excerpt":{"rendered":"<p>Organizzata dalla Biblioteca Civica di Belluno sabato 5 settembre alle ore 10.30, una visita guidata all\u2019importante mostra \u201cIn-Finitum\u201d presso palazzo Fortuny a Venezia, con Caterina De March. Fondazione Musei Civici di Venezia e Vervoordt Foundation, hanno allestito presso lo splendido atelier veneziano appartenuto all\u2019artista Mariano Fortuny ora museo civico, una mostra che esplora la categoria [&hellip;]<\/p>\n","protected":false},"author":2,"featured_media":0,"comment_status":"closed","ping_status":"open","sticky":false,"template":"","format":"standard","meta":{"footnotes":""},"categories":[3,25],"tags":[139],"class_list":["post-6719","post","type-post","status-publish","format-standard","category-arte-cultura-spettacoli-scienza-archivi","category-pausa-caffe","tag-belluno"],"yoast_head":"<!-- This site is optimized with the Yoast SEO plugin v28.4 - https:\/\/yoast.com\/product\/yoast-seo-wordpress\/ -->\n<title>Visita alla mostra \u201cIn-Finitum\u201d di Palazzo Fortuny con la Biblioteca - Bellunopress - Dolomiti<\/title>\n<meta name=\"robots\" content=\"index, follow, max-snippet:-1, max-image-preview:large, max-video-preview:-1\" \/>\n<link rel=\"canonical\" href=\"https:\/\/www.bellunopress.it\/fr\/2009\/08\/05\/visita-alla-mostra-\u201cin-finitum\u201d-di-palazzo-fortuny-con-la-biblioteca\/\" \/>\n<meta property=\"og:locale\" content=\"fr_FR\" \/>\n<meta property=\"og:type\" content=\"article\" \/>\n<meta property=\"og:title\" content=\"Visita alla mostra \u201cIn-Finitum\u201d di Palazzo Fortuny con la Biblioteca - Bellunopress - Dolomiti\" \/>\n<meta property=\"og:description\" content=\"Organizzata dalla Biblioteca Civica di Belluno sabato 5 settembre alle ore 10.30, una visita guidata all\u2019importante mostra \u201cIn-Finitum\u201d presso palazzo Fortuny a Venezia, con Caterina De March. Fondazione Musei Civici di Venezia e Vervoordt Foundation, hanno allestito presso lo splendido atelier veneziano appartenuto all\u2019artista Mariano Fortuny ora museo civico, una mostra che esplora la categoria [&hellip;]\" \/>\n<meta property=\"og:url\" content=\"https:\/\/www.bellunopress.it\/fr\/2009\/08\/05\/visita-alla-mostra-\u201cin-finitum\u201d-di-palazzo-fortuny-con-la-biblioteca\/\" \/>\n<meta property=\"og:site_name\" content=\"Bellunopress - Dolomiti\" \/>\n<meta property=\"article:publisher\" content=\"https:\/\/www.facebook.com\/profile.php?id=100008943462799\" \/>\n<meta property=\"article:published_time\" content=\"2009-08-05T19:28:27+00:00\" \/>\n<meta property=\"og:image\" content=\"http:\/\/www.bellunopress.it\/wp-content\/uploads\/2009\/08\/copertina20infinitum1-leggera.jpg\" \/>\n<meta name=\"author\" content=\"redazione\" \/>\n<meta name=\"twitter:card\" content=\"summary_large_image\" \/>\n<meta name=\"twitter:creator\" content=\"@bellunopress\" \/>\n<meta name=\"twitter:site\" content=\"@bellunopress\" \/>\n<meta name=\"twitter:label1\" content=\"\u00c9crit par\" \/>\n\t<meta name=\"twitter:data1\" content=\"redazione\" \/>\n\t<meta name=\"twitter:label2\" content=\"Dur\u00e9e de lecture estim\u00e9e\" \/>\n\t<meta name=\"twitter:data2\" content=\"2 minutes\" \/>\n<script type=\"application\/ld+json\" class=\"yoast-schema-graph\">{\"@context\":\"https:\\\/\\\/schema.org\",\"@graph\":[{\"@type\":\"Article\",\"@id\":\"https:\\\/\\\/www.bellunopress.it\\\/2009\\\/08\\\/05\\\/visita-alla-mostra-%e2%80%9cin-finitum%e2%80%9d-di-palazzo-fortuny-con-la-biblioteca\\\/#article\",\"isPartOf\":{\"@id\":\"https:\\\/\\\/www.bellunopress.it\\\/2009\\\/08\\\/05\\\/visita-alla-mostra-%e2%80%9cin-finitum%e2%80%9d-di-palazzo-fortuny-con-la-biblioteca\\\/\"},\"author\":{\"name\":\"redazione\",\"@id\":\"https:\\\/\\\/www.bellunopress.it\\\/#\\\/schema\\\/person\\\/79bb06722b37ece1c03d3e94beb30d73\"},\"headline\":\"Visita alla mostra \u201cIn-Finitum\u201d di Palazzo Fortuny con la Biblioteca\",\"datePublished\":\"2009-08-05T19:28:27+00:00\",\"mainEntityOfPage\":{\"@id\":\"https:\\\/\\\/www.bellunopress.it\\\/2009\\\/08\\\/05\\\/visita-alla-mostra-%e2%80%9cin-finitum%e2%80%9d-di-palazzo-fortuny-con-la-biblioteca\\\/\"},\"wordCount\":393,\"publisher\":{\"@id\":\"https:\\\/\\\/www.bellunopress.it\\\/#organization\"},\"image\":{\"@id\":\"https:\\\/\\\/www.bellunopress.it\\\/2009\\\/08\\\/05\\\/visita-alla-mostra-%e2%80%9cin-finitum%e2%80%9d-di-palazzo-fortuny-con-la-biblioteca\\\/#primaryimage\"},\"thumbnailUrl\":\"http:\\\/\\\/www.bellunopress.it\\\/wp-content\\\/uploads\\\/2009\\\/08\\\/copertina20infinitum1-leggera.jpg\",\"keywords\":[\"Belluno\"],\"articleSection\":[\"Arte, Cultura, Spettacoli, Scienza\",\"Pausa Caff\u00e8\"],\"inLanguage\":\"fr-FR\"},{\"@type\":\"WebPage\",\"@id\":\"https:\\\/\\\/www.bellunopress.it\\\/2009\\\/08\\\/05\\\/visita-alla-mostra-%e2%80%9cin-finitum%e2%80%9d-di-palazzo-fortuny-con-la-biblioteca\\\/\",\"url\":\"https:\\\/\\\/www.bellunopress.it\\\/2009\\\/08\\\/05\\\/visita-alla-mostra-%e2%80%9cin-finitum%e2%80%9d-di-palazzo-fortuny-con-la-biblioteca\\\/\",\"name\":\"Visita alla mostra \u201cIn-Finitum\u201d di Palazzo Fortuny con la Biblioteca - Bellunopress - Dolomiti\",\"isPartOf\":{\"@id\":\"https:\\\/\\\/www.bellunopress.it\\\/#website\"},\"primaryImageOfPage\":{\"@id\":\"https:\\\/\\\/www.bellunopress.it\\\/2009\\\/08\\\/05\\\/visita-alla-mostra-%e2%80%9cin-finitum%e2%80%9d-di-palazzo-fortuny-con-la-biblioteca\\\/#primaryimage\"},\"image\":{\"@id\":\"https:\\\/\\\/www.bellunopress.it\\\/2009\\\/08\\\/05\\\/visita-alla-mostra-%e2%80%9cin-finitum%e2%80%9d-di-palazzo-fortuny-con-la-biblioteca\\\/#primaryimage\"},\"thumbnailUrl\":\"http:\\\/\\\/www.bellunopress.it\\\/wp-content\\\/uploads\\\/2009\\\/08\\\/copertina20infinitum1-leggera.jpg\",\"datePublished\":\"2009-08-05T19:28:27+00:00\",\"breadcrumb\":{\"@id\":\"https:\\\/\\\/www.bellunopress.it\\\/2009\\\/08\\\/05\\\/visita-alla-mostra-%e2%80%9cin-finitum%e2%80%9d-di-palazzo-fortuny-con-la-biblioteca\\\/#breadcrumb\"},\"inLanguage\":\"fr-FR\",\"potentialAction\":[{\"@type\":\"ReadAction\",\"target\":[\"https:\\\/\\\/www.bellunopress.it\\\/2009\\\/08\\\/05\\\/visita-alla-mostra-%e2%80%9cin-finitum%e2%80%9d-di-palazzo-fortuny-con-la-biblioteca\\\/\"]}]},{\"@type\":\"ImageObject\",\"inLanguage\":\"fr-FR\",\"@id\":\"https:\\\/\\\/www.bellunopress.it\\\/2009\\\/08\\\/05\\\/visita-alla-mostra-%e2%80%9cin-finitum%e2%80%9d-di-palazzo-fortuny-con-la-biblioteca\\\/#primaryimage\",\"url\":\"http:\\\/\\\/www.bellunopress.it\\\/wp-content\\\/uploads\\\/2009\\\/08\\\/copertina20infinitum1-leggera.jpg\",\"contentUrl\":\"http:\\\/\\\/www.bellunopress.it\\\/wp-content\\\/uploads\\\/2009\\\/08\\\/copertina20infinitum1-leggera.jpg\"},{\"@type\":\"BreadcrumbList\",\"@id\":\"https:\\\/\\\/www.bellunopress.it\\\/2009\\\/08\\\/05\\\/visita-alla-mostra-%e2%80%9cin-finitum%e2%80%9d-di-palazzo-fortuny-con-la-biblioteca\\\/#breadcrumb\",\"itemListElement\":[{\"@type\":\"ListItem\",\"position\":1,\"name\":\"Home\",\"item\":\"https:\\\/\\\/www.bellunopress.it\\\/\"},{\"@type\":\"ListItem\",\"position\":2,\"name\":\"Visita alla mostra \u201cIn-Finitum\u201d di Palazzo Fortuny con la Biblioteca\"}]},{\"@type\":\"WebSite\",\"@id\":\"https:\\\/\\\/www.bellunopress.it\\\/#website\",\"url\":\"https:\\\/\\\/www.bellunopress.it\\\/\",\"name\":\"Bellunopress - Dolomiti\",\"description\":\"e-mail: redazione@bellunopress.it\",\"publisher\":{\"@id\":\"https:\\\/\\\/www.bellunopress.it\\\/#organization\"},\"potentialAction\":[{\"@type\":\"SearchAction\",\"target\":{\"@type\":\"EntryPoint\",\"urlTemplate\":\"https:\\\/\\\/www.bellunopress.it\\\/?s={search_term_string}\"},\"query-input\":{\"@type\":\"PropertyValueSpecification\",\"valueRequired\":true,\"valueName\":\"search_term_string\"}}],\"inLanguage\":\"fr-FR\"},{\"@type\":\"Organization\",\"@id\":\"https:\\\/\\\/www.bellunopress.it\\\/#organization\",\"name\":\"Bellunopress\",\"url\":\"https:\\\/\\\/www.bellunopress.it\\\/\",\"logo\":{\"@type\":\"ImageObject\",\"inLanguage\":\"fr-FR\",\"@id\":\"https:\\\/\\\/www.bellunopress.it\\\/#\\\/schema\\\/logo\\\/image\\\/\",\"url\":\"https:\\\/\\\/www.bellunopress.it\\\/wp-content\\\/uploads\\\/2011\\\/05\\\/cropped-logo-bellunopress-.jpg\",\"contentUrl\":\"https:\\\/\\\/www.bellunopress.it\\\/wp-content\\\/uploads\\\/2011\\\/05\\\/cropped-logo-bellunopress-.jpg\",\"width\":512,\"height\":512,\"caption\":\"Bellunopress\"},\"image\":{\"@id\":\"https:\\\/\\\/www.bellunopress.it\\\/#\\\/schema\\\/logo\\\/image\\\/\"},\"sameAs\":[\"https:\\\/\\\/www.facebook.com\\\/profile.php?id=100008943462799\",\"https:\\\/\\\/x.com\\\/bellunopress\",\"https:\\\/\\\/www.linkedin.com\\\/hp\\\/?dnr=JBzUWaJfMUw8vbXJJ2tVW5-I3jZKvC4wsoxE&amp;amp;amp;amp;amp;amp;trk=nav_responsive_tab_home\",\"https:\\\/\\\/www.youtube.com\\\/channel\\\/UCxL0wu1uN0_3_7hGG0306cw\"]},{\"@type\":\"Person\",\"@id\":\"https:\\\/\\\/www.bellunopress.it\\\/#\\\/schema\\\/person\\\/79bb06722b37ece1c03d3e94beb30d73\",\"name\":\"redazione\",\"image\":{\"@type\":\"ImageObject\",\"inLanguage\":\"fr-FR\",\"@id\":\"https:\\\/\\\/secure.gravatar.com\\\/avatar\\\/37d968a2e67a6fd04c169c4bdef102d0bc5d31b2546345219e348575eb80e9a0?s=96&d=mm&r=g\",\"url\":\"https:\\\/\\\/secure.gravatar.com\\\/avatar\\\/37d968a2e67a6fd04c169c4bdef102d0bc5d31b2546345219e348575eb80e9a0?s=96&d=mm&r=g\",\"contentUrl\":\"https:\\\/\\\/secure.gravatar.com\\\/avatar\\\/37d968a2e67a6fd04c169c4bdef102d0bc5d31b2546345219e348575eb80e9a0?s=96&d=mm&r=g\",\"caption\":\"redazione\"},\"sameAs\":[\"http:\\\/\\\/www.bellunopress.it\",\"https:\\\/\\\/x.com\\\/bellunopress\"],\"url\":\"https:\\\/\\\/www.bellunopress.it\\\/fr\\\/author\\\/redazione\\\/\"}]}<\/script>\n<!-- \/ Yoast SEO plugin. -->","yoast_head_json":{"title":"Visita alla mostra \u201cIn-Finitum\u201d di Palazzo Fortuny con la Biblioteca - Bellunopress - Dolomiti","robots":{"index":"index","follow":"follow","max-snippet":"max-snippet:-1","max-image-preview":"max-image-preview:large","max-video-preview":"max-video-preview:-1"},"canonical":"https:\/\/www.bellunopress.it\/fr\/2009\/08\/05\/visita-alla-mostra-\u201cin-finitum\u201d-di-palazzo-fortuny-con-la-biblioteca\/","og_locale":"fr_FR","og_type":"article","og_title":"Visita alla mostra \u201cIn-Finitum\u201d di Palazzo Fortuny con la Biblioteca - Bellunopress - Dolomiti","og_description":"Organizzata dalla Biblioteca Civica di Belluno sabato 5 settembre alle ore 10.30, una visita guidata all\u2019importante mostra \u201cIn-Finitum\u201d presso palazzo Fortuny a Venezia, con Caterina De March. Fondazione Musei Civici di Venezia e Vervoordt Foundation, hanno allestito presso lo splendido atelier veneziano appartenuto all\u2019artista Mariano Fortuny ora museo civico, una mostra che esplora la categoria [&hellip;]","og_url":"https:\/\/www.bellunopress.it\/fr\/2009\/08\/05\/visita-alla-mostra-\u201cin-finitum\u201d-di-palazzo-fortuny-con-la-biblioteca\/","og_site_name":"Bellunopress - Dolomiti","article_publisher":"https:\/\/www.facebook.com\/profile.php?id=100008943462799","article_published_time":"2009-08-05T19:28:27+00:00","og_image":[{"url":"http:\/\/www.bellunopress.it\/wp-content\/uploads\/2009\/08\/copertina20infinitum1-leggera.jpg","type":"","width":"","height":""}],"author":"redazione","twitter_card":"summary_large_image","twitter_creator":"@bellunopress","twitter_site":"@bellunopress","twitter_misc":{"\u00c9crit par":"redazione","Dur\u00e9e de lecture estim\u00e9e":"2 minutes"},"schema":{"@context":"https:\/\/schema.org","@graph":[{"@type":"Article","@id":"https:\/\/www.bellunopress.it\/2009\/08\/05\/visita-alla-mostra-%e2%80%9cin-finitum%e2%80%9d-di-palazzo-fortuny-con-la-biblioteca\/#article","isPartOf":{"@id":"https:\/\/www.bellunopress.it\/2009\/08\/05\/visita-alla-mostra-%e2%80%9cin-finitum%e2%80%9d-di-palazzo-fortuny-con-la-biblioteca\/"},"author":{"name":"redazione","@id":"https:\/\/www.bellunopress.it\/#\/schema\/person\/79bb06722b37ece1c03d3e94beb30d73"},"headline":"Visita alla mostra \u201cIn-Finitum\u201d di Palazzo Fortuny con la Biblioteca","datePublished":"2009-08-05T19:28:27+00:00","mainEntityOfPage":{"@id":"https:\/\/www.bellunopress.it\/2009\/08\/05\/visita-alla-mostra-%e2%80%9cin-finitum%e2%80%9d-di-palazzo-fortuny-con-la-biblioteca\/"},"wordCount":393,"publisher":{"@id":"https:\/\/www.bellunopress.it\/#organization"},"image":{"@id":"https:\/\/www.bellunopress.it\/2009\/08\/05\/visita-alla-mostra-%e2%80%9cin-finitum%e2%80%9d-di-palazzo-fortuny-con-la-biblioteca\/#primaryimage"},"thumbnailUrl":"http:\/\/www.bellunopress.it\/wp-content\/uploads\/2009\/08\/copertina20infinitum1-leggera.jpg","keywords":["Belluno"],"articleSection":["Arte, Cultura, Spettacoli, Scienza","Pausa Caff\u00e8"],"inLanguage":"fr-FR"},{"@type":"WebPage","@id":"https:\/\/www.bellunopress.it\/2009\/08\/05\/visita-alla-mostra-%e2%80%9cin-finitum%e2%80%9d-di-palazzo-fortuny-con-la-biblioteca\/","url":"https:\/\/www.bellunopress.it\/2009\/08\/05\/visita-alla-mostra-%e2%80%9cin-finitum%e2%80%9d-di-palazzo-fortuny-con-la-biblioteca\/","name":"Visita alla mostra \u201cIn-Finitum\u201d di Palazzo Fortuny con la Biblioteca - Bellunopress - Dolomiti","isPartOf":{"@id":"https:\/\/www.bellunopress.it\/#website"},"primaryImageOfPage":{"@id":"https:\/\/www.bellunopress.it\/2009\/08\/05\/visita-alla-mostra-%e2%80%9cin-finitum%e2%80%9d-di-palazzo-fortuny-con-la-biblioteca\/#primaryimage"},"image":{"@id":"https:\/\/www.bellunopress.it\/2009\/08\/05\/visita-alla-mostra-%e2%80%9cin-finitum%e2%80%9d-di-palazzo-fortuny-con-la-biblioteca\/#primaryimage"},"thumbnailUrl":"http:\/\/www.bellunopress.it\/wp-content\/uploads\/2009\/08\/copertina20infinitum1-leggera.jpg","datePublished":"2009-08-05T19:28:27+00:00","breadcrumb":{"@id":"https:\/\/www.bellunopress.it\/2009\/08\/05\/visita-alla-mostra-%e2%80%9cin-finitum%e2%80%9d-di-palazzo-fortuny-con-la-biblioteca\/#breadcrumb"},"inLanguage":"fr-FR","potentialAction":[{"@type":"ReadAction","target":["https:\/\/www.bellunopress.it\/2009\/08\/05\/visita-alla-mostra-%e2%80%9cin-finitum%e2%80%9d-di-palazzo-fortuny-con-la-biblioteca\/"]}]},{"@type":"ImageObject","inLanguage":"fr-FR","@id":"https:\/\/www.bellunopress.it\/2009\/08\/05\/visita-alla-mostra-%e2%80%9cin-finitum%e2%80%9d-di-palazzo-fortuny-con-la-biblioteca\/#primaryimage","url":"http:\/\/www.bellunopress.it\/wp-content\/uploads\/2009\/08\/copertina20infinitum1-leggera.jpg","contentUrl":"http:\/\/www.bellunopress.it\/wp-content\/uploads\/2009\/08\/copertina20infinitum1-leggera.jpg"},{"@type":"BreadcrumbList","@id":"https:\/\/www.bellunopress.it\/2009\/08\/05\/visita-alla-mostra-%e2%80%9cin-finitum%e2%80%9d-di-palazzo-fortuny-con-la-biblioteca\/#breadcrumb","itemListElement":[{"@type":"ListItem","position":1,"name":"Home","item":"https:\/\/www.bellunopress.it\/"},{"@type":"ListItem","position":2,"name":"Visita alla mostra \u201cIn-Finitum\u201d di Palazzo Fortuny con la Biblioteca"}]},{"@type":"WebSite","@id":"https:\/\/www.bellunopress.it\/#website","url":"https:\/\/www.bellunopress.it\/","name":"Bellunopress - Dolomiti","description":"e-mail: redazione@bellunopress.it","publisher":{"@id":"https:\/\/www.bellunopress.it\/#organization"},"potentialAction":[{"@type":"SearchAction","target":{"@type":"EntryPoint","urlTemplate":"https:\/\/www.bellunopress.it\/?s={search_term_string}"},"query-input":{"@type":"PropertyValueSpecification","valueRequired":true,"valueName":"search_term_string"}}],"inLanguage":"fr-FR"},{"@type":"Organization","@id":"https:\/\/www.bellunopress.it\/#organization","name":"Bellunopress","url":"https:\/\/www.bellunopress.it\/","logo":{"@type":"ImageObject","inLanguage":"fr-FR","@id":"https:\/\/www.bellunopress.it\/#\/schema\/logo\/image\/","url":"https:\/\/www.bellunopress.it\/wp-content\/uploads\/2011\/05\/cropped-logo-bellunopress-.jpg","contentUrl":"https:\/\/www.bellunopress.it\/wp-content\/uploads\/2011\/05\/cropped-logo-bellunopress-.jpg","width":512,"height":512,"caption":"Bellunopress"},"image":{"@id":"https:\/\/www.bellunopress.it\/#\/schema\/logo\/image\/"},"sameAs":["https:\/\/www.facebook.com\/profile.php?id=100008943462799","https:\/\/x.com\/bellunopress","https:\/\/www.linkedin.com\/hp\/?dnr=JBzUWaJfMUw8vbXJJ2tVW5-I3jZKvC4wsoxE&amp;amp;amp;amp;amp;amp;trk=nav_responsive_tab_home","https:\/\/www.youtube.com\/channel\/UCxL0wu1uN0_3_7hGG0306cw"]},{"@type":"Person","@id":"https:\/\/www.bellunopress.it\/#\/schema\/person\/79bb06722b37ece1c03d3e94beb30d73","name":"r\u00e9daction","image":{"@type":"ImageObject","inLanguage":"fr-FR","@id":"https:\/\/secure.gravatar.com\/avatar\/37d968a2e67a6fd04c169c4bdef102d0bc5d31b2546345219e348575eb80e9a0?s=96&d=mm&r=g","url":"https:\/\/secure.gravatar.com\/avatar\/37d968a2e67a6fd04c169c4bdef102d0bc5d31b2546345219e348575eb80e9a0?s=96&d=mm&r=g","contentUrl":"https:\/\/secure.gravatar.com\/avatar\/37d968a2e67a6fd04c169c4bdef102d0bc5d31b2546345219e348575eb80e9a0?s=96&d=mm&r=g","caption":"redazione"},"sameAs":["http:\/\/www.bellunopress.it","https:\/\/x.com\/bellunopress"],"url":"https:\/\/www.bellunopress.it\/fr\/author\/redazione\/"}]}},"_links":{"self":[{"href":"https:\/\/www.bellunopress.it\/fr\/wp-json\/wp\/v2\/posts\/6719","targetHints":{"allow":["GET"]}}],"collection":[{"href":"https:\/\/www.bellunopress.it\/fr\/wp-json\/wp\/v2\/posts"}],"about":[{"href":"https:\/\/www.bellunopress.it\/fr\/wp-json\/wp\/v2\/types\/post"}],"author":[{"embeddable":true,"href":"https:\/\/www.bellunopress.it\/fr\/wp-json\/wp\/v2\/users\/2"}],"replies":[{"embeddable":true,"href":"https:\/\/www.bellunopress.it\/fr\/wp-json\/wp\/v2\/comments?post=6719"}],"version-history":[{"count":1,"href":"https:\/\/www.bellunopress.it\/fr\/wp-json\/wp\/v2\/posts\/6719\/revisions"}],"predecessor-version":[{"id":6721,"href":"https:\/\/www.bellunopress.it\/fr\/wp-json\/wp\/v2\/posts\/6719\/revisions\/6721"}],"wp:attachment":[{"href":"https:\/\/www.bellunopress.it\/fr\/wp-json\/wp\/v2\/media?parent=6719"}],"wp:term":[{"taxonomy":"category","embeddable":true,"href":"https:\/\/www.bellunopress.it\/fr\/wp-json\/wp\/v2\/categories?post=6719"},{"taxonomy":"post_tag","embeddable":true,"href":"https:\/\/www.bellunopress.it\/fr\/wp-json\/wp\/v2\/tags?post=6719"}],"curies":[{"name":"wp","href":"https:\/\/api.w.org\/{rel}","templated":true}]}}