{"id":6715,"date":"2009-08-05T20:23:41","date_gmt":"2009-08-05T19:23:41","guid":{"rendered":"http:\/\/www.bellunopress.it\/?p=6715"},"modified":"2009-08-05T20:24:47","modified_gmt":"2009-08-05T19:24:47","slug":"domani-sera-in-anteprima-auto-e-piloti-di-enjoy-motorsport-che-parteciperanno-alla-cronoscalata","status":"publish","type":"post","link":"https:\/\/www.bellunopress.it\/fr\/2009\/08\/05\/domani-sera-in-anteprima-auto-e-piloti-di-enjoy-motorsport-che-parteciperanno-alla-cronoscalata\/","title":{"rendered":"Domani sera in anteprima auto e piloti di Enjoy Motorsport che parteciperanno alla cronoscalata"},"content":{"rendered":"<div class=\"mceTemp\">\n<dl id=\"attachment_3998\" class=\"wp-caption alignleft\" style=\"width: 280px;\">\n<dt class=\"wp-caption-dt\"><a href=\"http:\/\/www.bellunopress.it\/wp-content\/uploads\/2009\/05\/rally-folla2.jpg\"><img loading=\"lazy\" decoding=\"async\" class=\"size-medium wp-image-3998\" title=\"rally-folla2\" src=\"http:\/\/www.bellunopress.it\/wp-content\/uploads\/2009\/05\/rally-folla2.jpg\" alt=\"back stage\" width=\"270\" height=\"180\" \/><\/a><\/dt>\n<\/dl>\n<\/div>\n<p>L\u2019appuntamento \u00e8 gioved\u00ec alle 21 in piazza dei Martiri, dove nel corso dell\u2019anteprima della corsa automobilistica saranno esposte le auto da rally che domenica parteciperanno all\u2019Alpe del Nevegal. Occhi puntati sulla Peugeot 206 WRC che Luca Garaboni, presidente di Enjoy Motor Sport di Belluno, piloter\u00e0 indossando i colori del RB Motorsport.<br \/>\nAccanto all\u2019auto due volte vincitrice del campionato del mondo di rally e a Garaboni, che festeggia in questo modo 10 anni da pilota, ci saranno una dozzina di altri drivers dell\u2019Enjoy Motor Sport con i loro bolidi, tra cui la campionessa italiana Monica Burigo su Peugeot 106, testimonial della lotta e la ricerca contro la fibrosi cistica. Sabato sera, alla fine della seconda giornata di prove, ancora l\u2019Enjoy Motor Sport celebrer\u00e0 la vigilia della gara a Castion, vicino al Parco San Cipriano, con un brindisi e una piccola festa dedicata al suo presidente e a tutti gli appassionati che domenica potranno nuovamente visitare i paddock dell\u2019Enjoy dopo il loro trasferimento a Caleipo-Castion da dove partir\u00e0 l\u2019attesa gara.<\/p>","protected":false},"excerpt":{"rendered":"<p>L\u2019appuntamento \u00e8 gioved\u00ec alle 21 in piazza dei Martiri, dove nel corso dell\u2019anteprima della corsa automobilistica saranno esposte le auto da rally che domenica parteciperanno all\u2019Alpe del Nevegal. Occhi puntati sulla Peugeot 206 WRC che Luca Garaboni, presidente di Enjoy Motor Sport di Belluno, piloter\u00e0 indossando i colori del RB Motorsport. Accanto all\u2019auto due volte [&hellip;]<\/p>\n","protected":false},"author":2,"featured_media":0,"comment_status":"closed","ping_status":"open","sticky":false,"template":"","format":"standard","meta":{"footnotes":""},"categories":[25,4],"tags":[139],"class_list":["post-6715","post","type-post","status-publish","format-standard","category-pausa-caffe","category-sport","tag-belluno"],"yoast_head":"<!-- This site is optimized with the Yoast SEO plugin v28.4 - https:\/\/yoast.com\/product\/yoast-seo-wordpress\/ -->\n<title>Domani sera in anteprima auto e piloti di Enjoy Motorsport che parteciperanno alla cronoscalata - Bellunopress - Dolomiti<\/title>\n<meta name=\"robots\" content=\"index, follow, max-snippet:-1, max-image-preview:large, max-video-preview:-1\" \/>\n<link rel=\"canonical\" href=\"https:\/\/www.bellunopress.it\/fr\/2009\/08\/05\/domani-sera-in-anteprima-auto-e-piloti-di-enjoy-motorsport-che-parteciperanno-alla-cronoscalata\/\" \/>\n<meta property=\"og:locale\" content=\"fr_FR\" \/>\n<meta property=\"og:type\" content=\"article\" \/>\n<meta property=\"og:title\" content=\"Domani sera in anteprima auto e piloti di Enjoy Motorsport che parteciperanno alla cronoscalata - Bellunopress - Dolomiti\" \/>\n<meta property=\"og:description\" content=\"L\u2019appuntamento \u00e8 gioved\u00ec alle 21 in piazza dei Martiri, dove nel corso dell\u2019anteprima della corsa automobilistica saranno esposte le auto da rally che domenica parteciperanno all\u2019Alpe del Nevegal. Occhi puntati sulla Peugeot 206 WRC che Luca Garaboni, presidente di Enjoy Motor Sport di Belluno, piloter\u00e0 indossando i colori del RB Motorsport. Accanto all\u2019auto due volte [&hellip;]\" \/>\n<meta property=\"og:url\" content=\"https:\/\/www.bellunopress.it\/fr\/2009\/08\/05\/domani-sera-in-anteprima-auto-e-piloti-di-enjoy-motorsport-che-parteciperanno-alla-cronoscalata\/\" \/>\n<meta property=\"og:site_name\" content=\"Bellunopress - Dolomiti\" \/>\n<meta property=\"article:publisher\" content=\"https:\/\/www.facebook.com\/profile.php?id=100008943462799\" \/>\n<meta property=\"article:published_time\" content=\"2009-08-05T19:23:41+00:00\" \/>\n<meta property=\"article:modified_time\" content=\"2009-08-05T19:24:47+00:00\" \/>\n<meta property=\"og:image\" content=\"http:\/\/www.bellunopress.it\/wp-content\/uploads\/2009\/05\/rally-folla2.jpg\" \/>\n<meta name=\"author\" content=\"redazione\" \/>\n<meta name=\"twitter:card\" content=\"summary_large_image\" \/>\n<meta name=\"twitter:creator\" content=\"@bellunopress\" \/>\n<meta name=\"twitter:site\" content=\"@bellunopress\" \/>\n<meta name=\"twitter:label1\" content=\"\u00c9crit par\" \/>\n\t<meta name=\"twitter:data1\" content=\"redazione\" \/>\n\t<meta name=\"twitter:label2\" content=\"Dur\u00e9e de lecture estim\u00e9e\" \/>\n\t<meta name=\"twitter:data2\" content=\"1 minute\" \/>\n<script type=\"application\/ld+json\" class=\"yoast-schema-graph\">{\"@context\":\"https:\\\/\\\/schema.org\",\"@graph\":[{\"@type\":\"Article\",\"@id\":\"https:\\\/\\\/www.bellunopress.it\\\/2009\\\/08\\\/05\\\/domani-sera-in-anteprima-auto-e-piloti-di-enjoy-motorsport-che-parteciperanno-alla-cronoscalata\\\/#article\",\"isPartOf\":{\"@id\":\"https:\\\/\\\/www.bellunopress.it\\\/2009\\\/08\\\/05\\\/domani-sera-in-anteprima-auto-e-piloti-di-enjoy-motorsport-che-parteciperanno-alla-cronoscalata\\\/\"},\"author\":{\"name\":\"redazione\",\"@id\":\"https:\\\/\\\/www.bellunopress.it\\\/#\\\/schema\\\/person\\\/79bb06722b37ece1c03d3e94beb30d73\"},\"headline\":\"Domani sera in anteprima auto e piloti di Enjoy Motorsport che parteciperanno alla cronoscalata\",\"datePublished\":\"2009-08-05T19:23:41+00:00\",\"dateModified\":\"2009-08-05T19:24:47+00:00\",\"mainEntityOfPage\":{\"@id\":\"https:\\\/\\\/www.bellunopress.it\\\/2009\\\/08\\\/05\\\/domani-sera-in-anteprima-auto-e-piloti-di-enjoy-motorsport-che-parteciperanno-alla-cronoscalata\\\/\"},\"wordCount\":185,\"publisher\":{\"@id\":\"https:\\\/\\\/www.bellunopress.it\\\/#organization\"},\"image\":{\"@id\":\"https:\\\/\\\/www.bellunopress.it\\\/2009\\\/08\\\/05\\\/domani-sera-in-anteprima-auto-e-piloti-di-enjoy-motorsport-che-parteciperanno-alla-cronoscalata\\\/#primaryimage\"},\"thumbnailUrl\":\"http:\\\/\\\/www.bellunopress.it\\\/wp-content\\\/uploads\\\/2009\\\/05\\\/rally-folla2.jpg\",\"keywords\":[\"Belluno\"],\"articleSection\":[\"Pausa Caff\u00e8\",\"Sport, tempo libero\"],\"inLanguage\":\"fr-FR\"},{\"@type\":\"WebPage\",\"@id\":\"https:\\\/\\\/www.bellunopress.it\\\/2009\\\/08\\\/05\\\/domani-sera-in-anteprima-auto-e-piloti-di-enjoy-motorsport-che-parteciperanno-alla-cronoscalata\\\/\",\"url\":\"https:\\\/\\\/www.bellunopress.it\\\/2009\\\/08\\\/05\\\/domani-sera-in-anteprima-auto-e-piloti-di-enjoy-motorsport-che-parteciperanno-alla-cronoscalata\\\/\",\"name\":\"Domani sera in anteprima auto e piloti di Enjoy Motorsport che parteciperanno alla cronoscalata - Bellunopress - Dolomiti\",\"isPartOf\":{\"@id\":\"https:\\\/\\\/www.bellunopress.it\\\/#website\"},\"primaryImageOfPage\":{\"@id\":\"https:\\\/\\\/www.bellunopress.it\\\/2009\\\/08\\\/05\\\/domani-sera-in-anteprima-auto-e-piloti-di-enjoy-motorsport-che-parteciperanno-alla-cronoscalata\\\/#primaryimage\"},\"image\":{\"@id\":\"https:\\\/\\\/www.bellunopress.it\\\/2009\\\/08\\\/05\\\/domani-sera-in-anteprima-auto-e-piloti-di-enjoy-motorsport-che-parteciperanno-alla-cronoscalata\\\/#primaryimage\"},\"thumbnailUrl\":\"http:\\\/\\\/www.bellunopress.it\\\/wp-content\\\/uploads\\\/2009\\\/05\\\/rally-folla2.jpg\",\"datePublished\":\"2009-08-05T19:23:41+00:00\",\"dateModified\":\"2009-08-05T19:24:47+00:00\",\"breadcrumb\":{\"@id\":\"https:\\\/\\\/www.bellunopress.it\\\/2009\\\/08\\\/05\\\/domani-sera-in-anteprima-auto-e-piloti-di-enjoy-motorsport-che-parteciperanno-alla-cronoscalata\\\/#breadcrumb\"},\"inLanguage\":\"fr-FR\",\"potentialAction\":[{\"@type\":\"ReadAction\",\"target\":[\"https:\\\/\\\/www.bellunopress.it\\\/2009\\\/08\\\/05\\\/domani-sera-in-anteprima-auto-e-piloti-di-enjoy-motorsport-che-parteciperanno-alla-cronoscalata\\\/\"]}]},{\"@type\":\"ImageObject\",\"inLanguage\":\"fr-FR\",\"@id\":\"https:\\\/\\\/www.bellunopress.it\\\/2009\\\/08\\\/05\\\/domani-sera-in-anteprima-auto-e-piloti-di-enjoy-motorsport-che-parteciperanno-alla-cronoscalata\\\/#primaryimage\",\"url\":\"http:\\\/\\\/www.bellunopress.it\\\/wp-content\\\/uploads\\\/2009\\\/05\\\/rally-folla2.jpg\",\"contentUrl\":\"http:\\\/\\\/www.bellunopress.it\\\/wp-content\\\/uploads\\\/2009\\\/05\\\/rally-folla2.jpg\"},{\"@type\":\"BreadcrumbList\",\"@id\":\"https:\\\/\\\/www.bellunopress.it\\\/2009\\\/08\\\/05\\\/domani-sera-in-anteprima-auto-e-piloti-di-enjoy-motorsport-che-parteciperanno-alla-cronoscalata\\\/#breadcrumb\",\"itemListElement\":[{\"@type\":\"ListItem\",\"position\":1,\"name\":\"Home\",\"item\":\"https:\\\/\\\/www.bellunopress.it\\\/\"},{\"@type\":\"ListItem\",\"position\":2,\"name\":\"Domani sera in anteprima auto e piloti di Enjoy Motorsport che parteciperanno alla cronoscalata\"}]},{\"@type\":\"WebSite\",\"@id\":\"https:\\\/\\\/www.bellunopress.it\\\/#website\",\"url\":\"https:\\\/\\\/www.bellunopress.it\\\/\",\"name\":\"Bellunopress - Dolomiti\",\"description\":\"e-mail: redazione@bellunopress.it\",\"publisher\":{\"@id\":\"https:\\\/\\\/www.bellunopress.it\\\/#organization\"},\"potentialAction\":[{\"@type\":\"SearchAction\",\"target\":{\"@type\":\"EntryPoint\",\"urlTemplate\":\"https:\\\/\\\/www.bellunopress.it\\\/?s={search_term_string}\"},\"query-input\":{\"@type\":\"PropertyValueSpecification\",\"valueRequired\":true,\"valueName\":\"search_term_string\"}}],\"inLanguage\":\"fr-FR\"},{\"@type\":\"Organization\",\"@id\":\"https:\\\/\\\/www.bellunopress.it\\\/#organization\",\"name\":\"Bellunopress\",\"url\":\"https:\\\/\\\/www.bellunopress.it\\\/\",\"logo\":{\"@type\":\"ImageObject\",\"inLanguage\":\"fr-FR\",\"@id\":\"https:\\\/\\\/www.bellunopress.it\\\/#\\\/schema\\\/logo\\\/image\\\/\",\"url\":\"https:\\\/\\\/www.bellunopress.it\\\/wp-content\\\/uploads\\\/2011\\\/05\\\/cropped-logo-bellunopress-.jpg\",\"contentUrl\":\"https:\\\/\\\/www.bellunopress.it\\\/wp-content\\\/uploads\\\/2011\\\/05\\\/cropped-logo-bellunopress-.jpg\",\"width\":512,\"height\":512,\"caption\":\"Bellunopress\"},\"image\":{\"@id\":\"https:\\\/\\\/www.bellunopress.it\\\/#\\\/schema\\\/logo\\\/image\\\/\"},\"sameAs\":[\"https:\\\/\\\/www.facebook.com\\\/profile.php?id=100008943462799\",\"https:\\\/\\\/x.com\\\/bellunopress\",\"https:\\\/\\\/www.linkedin.com\\\/hp\\\/?dnr=JBzUWaJfMUw8vbXJJ2tVW5-I3jZKvC4wsoxE&amp;amp;amp;amp;amp;amp;trk=nav_responsive_tab_home\",\"https:\\\/\\\/www.youtube.com\\\/channel\\\/UCxL0wu1uN0_3_7hGG0306cw\"]},{\"@type\":\"Person\",\"@id\":\"https:\\\/\\\/www.bellunopress.it\\\/#\\\/schema\\\/person\\\/79bb06722b37ece1c03d3e94beb30d73\",\"name\":\"redazione\",\"image\":{\"@type\":\"ImageObject\",\"inLanguage\":\"fr-FR\",\"@id\":\"https:\\\/\\\/secure.gravatar.com\\\/avatar\\\/37d968a2e67a6fd04c169c4bdef102d0bc5d31b2546345219e348575eb80e9a0?s=96&d=mm&r=g\",\"url\":\"https:\\\/\\\/secure.gravatar.com\\\/avatar\\\/37d968a2e67a6fd04c169c4bdef102d0bc5d31b2546345219e348575eb80e9a0?s=96&d=mm&r=g\",\"contentUrl\":\"https:\\\/\\\/secure.gravatar.com\\\/avatar\\\/37d968a2e67a6fd04c169c4bdef102d0bc5d31b2546345219e348575eb80e9a0?s=96&d=mm&r=g\",\"caption\":\"redazione\"},\"sameAs\":[\"http:\\\/\\\/www.bellunopress.it\",\"https:\\\/\\\/x.com\\\/bellunopress\"],\"url\":\"https:\\\/\\\/www.bellunopress.it\\\/fr\\\/author\\\/redazione\\\/\"}]}<\/script>\n<!-- \/ Yoast SEO plugin. -->","yoast_head_json":{"title":"Domani sera in anteprima auto e piloti di Enjoy Motorsport che parteciperanno alla cronoscalata - Bellunopress - Dolomiti","robots":{"index":"index","follow":"follow","max-snippet":"max-snippet:-1","max-image-preview":"max-image-preview:large","max-video-preview":"max-video-preview:-1"},"canonical":"https:\/\/www.bellunopress.it\/fr\/2009\/08\/05\/domani-sera-in-anteprima-auto-e-piloti-di-enjoy-motorsport-che-parteciperanno-alla-cronoscalata\/","og_locale":"fr_FR","og_type":"article","og_title":"Domani sera in anteprima auto e piloti di Enjoy Motorsport che parteciperanno alla cronoscalata - Bellunopress - Dolomiti","og_description":"L\u2019appuntamento \u00e8 gioved\u00ec alle 21 in piazza dei Martiri, dove nel corso dell\u2019anteprima della corsa automobilistica saranno esposte le auto da rally che domenica parteciperanno all\u2019Alpe del Nevegal. Occhi puntati sulla Peugeot 206 WRC che Luca Garaboni, presidente di Enjoy Motor Sport di Belluno, piloter\u00e0 indossando i colori del RB Motorsport. Accanto all\u2019auto due volte [&hellip;]","og_url":"https:\/\/www.bellunopress.it\/fr\/2009\/08\/05\/domani-sera-in-anteprima-auto-e-piloti-di-enjoy-motorsport-che-parteciperanno-alla-cronoscalata\/","og_site_name":"Bellunopress - Dolomiti","article_publisher":"https:\/\/www.facebook.com\/profile.php?id=100008943462799","article_published_time":"2009-08-05T19:23:41+00:00","article_modified_time":"2009-08-05T19:24:47+00:00","og_image":[{"url":"http:\/\/www.bellunopress.it\/wp-content\/uploads\/2009\/05\/rally-folla2.jpg","type":"","width":"","height":""}],"author":"redazione","twitter_card":"summary_large_image","twitter_creator":"@bellunopress","twitter_site":"@bellunopress","twitter_misc":{"\u00c9crit par":"redazione","Dur\u00e9e de lecture estim\u00e9e":"1 minute"},"schema":{"@context":"https:\/\/schema.org","@graph":[{"@type":"Article","@id":"https:\/\/www.bellunopress.it\/2009\/08\/05\/domani-sera-in-anteprima-auto-e-piloti-di-enjoy-motorsport-che-parteciperanno-alla-cronoscalata\/#article","isPartOf":{"@id":"https:\/\/www.bellunopress.it\/2009\/08\/05\/domani-sera-in-anteprima-auto-e-piloti-di-enjoy-motorsport-che-parteciperanno-alla-cronoscalata\/"},"author":{"name":"redazione","@id":"https:\/\/www.bellunopress.it\/#\/schema\/person\/79bb06722b37ece1c03d3e94beb30d73"},"headline":"Domani sera in anteprima auto e piloti di Enjoy Motorsport che parteciperanno alla cronoscalata","datePublished":"2009-08-05T19:23:41+00:00","dateModified":"2009-08-05T19:24:47+00:00","mainEntityOfPage":{"@id":"https:\/\/www.bellunopress.it\/2009\/08\/05\/domani-sera-in-anteprima-auto-e-piloti-di-enjoy-motorsport-che-parteciperanno-alla-cronoscalata\/"},"wordCount":185,"publisher":{"@id":"https:\/\/www.bellunopress.it\/#organization"},"image":{"@id":"https:\/\/www.bellunopress.it\/2009\/08\/05\/domani-sera-in-anteprima-auto-e-piloti-di-enjoy-motorsport-che-parteciperanno-alla-cronoscalata\/#primaryimage"},"thumbnailUrl":"http:\/\/www.bellunopress.it\/wp-content\/uploads\/2009\/05\/rally-folla2.jpg","keywords":["Belluno"],"articleSection":["Pausa Caff\u00e8","Sport, tempo libero"],"inLanguage":"fr-FR"},{"@type":"WebPage","@id":"https:\/\/www.bellunopress.it\/2009\/08\/05\/domani-sera-in-anteprima-auto-e-piloti-di-enjoy-motorsport-che-parteciperanno-alla-cronoscalata\/","url":"https:\/\/www.bellunopress.it\/2009\/08\/05\/domani-sera-in-anteprima-auto-e-piloti-di-enjoy-motorsport-che-parteciperanno-alla-cronoscalata\/","name":"Domani sera in anteprima auto e piloti di Enjoy Motorsport che parteciperanno alla cronoscalata - Bellunopress - Dolomiti","isPartOf":{"@id":"https:\/\/www.bellunopress.it\/#website"},"primaryImageOfPage":{"@id":"https:\/\/www.bellunopress.it\/2009\/08\/05\/domani-sera-in-anteprima-auto-e-piloti-di-enjoy-motorsport-che-parteciperanno-alla-cronoscalata\/#primaryimage"},"image":{"@id":"https:\/\/www.bellunopress.it\/2009\/08\/05\/domani-sera-in-anteprima-auto-e-piloti-di-enjoy-motorsport-che-parteciperanno-alla-cronoscalata\/#primaryimage"},"thumbnailUrl":"http:\/\/www.bellunopress.it\/wp-content\/uploads\/2009\/05\/rally-folla2.jpg","datePublished":"2009-08-05T19:23:41+00:00","dateModified":"2009-08-05T19:24:47+00:00","breadcrumb":{"@id":"https:\/\/www.bellunopress.it\/2009\/08\/05\/domani-sera-in-anteprima-auto-e-piloti-di-enjoy-motorsport-che-parteciperanno-alla-cronoscalata\/#breadcrumb"},"inLanguage":"fr-FR","potentialAction":[{"@type":"ReadAction","target":["https:\/\/www.bellunopress.it\/2009\/08\/05\/domani-sera-in-anteprima-auto-e-piloti-di-enjoy-motorsport-che-parteciperanno-alla-cronoscalata\/"]}]},{"@type":"ImageObject","inLanguage":"fr-FR","@id":"https:\/\/www.bellunopress.it\/2009\/08\/05\/domani-sera-in-anteprima-auto-e-piloti-di-enjoy-motorsport-che-parteciperanno-alla-cronoscalata\/#primaryimage","url":"http:\/\/www.bellunopress.it\/wp-content\/uploads\/2009\/05\/rally-folla2.jpg","contentUrl":"http:\/\/www.bellunopress.it\/wp-content\/uploads\/2009\/05\/rally-folla2.jpg"},{"@type":"BreadcrumbList","@id":"https:\/\/www.bellunopress.it\/2009\/08\/05\/domani-sera-in-anteprima-auto-e-piloti-di-enjoy-motorsport-che-parteciperanno-alla-cronoscalata\/#breadcrumb","itemListElement":[{"@type":"ListItem","position":1,"name":"Home","item":"https:\/\/www.bellunopress.it\/"},{"@type":"ListItem","position":2,"name":"Domani sera in anteprima auto e piloti di Enjoy Motorsport che parteciperanno alla cronoscalata"}]},{"@type":"WebSite","@id":"https:\/\/www.bellunopress.it\/#website","url":"https:\/\/www.bellunopress.it\/","name":"Bellunopress - Dolomiti","description":"e-mail: redazione@bellunopress.it","publisher":{"@id":"https:\/\/www.bellunopress.it\/#organization"},"potentialAction":[{"@type":"SearchAction","target":{"@type":"EntryPoint","urlTemplate":"https:\/\/www.bellunopress.it\/?s={search_term_string}"},"query-input":{"@type":"PropertyValueSpecification","valueRequired":true,"valueName":"search_term_string"}}],"inLanguage":"fr-FR"},{"@type":"Organization","@id":"https:\/\/www.bellunopress.it\/#organization","name":"Bellunopress","url":"https:\/\/www.bellunopress.it\/","logo":{"@type":"ImageObject","inLanguage":"fr-FR","@id":"https:\/\/www.bellunopress.it\/#\/schema\/logo\/image\/","url":"https:\/\/www.bellunopress.it\/wp-content\/uploads\/2011\/05\/cropped-logo-bellunopress-.jpg","contentUrl":"https:\/\/www.bellunopress.it\/wp-content\/uploads\/2011\/05\/cropped-logo-bellunopress-.jpg","width":512,"height":512,"caption":"Bellunopress"},"image":{"@id":"https:\/\/www.bellunopress.it\/#\/schema\/logo\/image\/"},"sameAs":["https:\/\/www.facebook.com\/profile.php?id=100008943462799","https:\/\/x.com\/bellunopress","https:\/\/www.linkedin.com\/hp\/?dnr=JBzUWaJfMUw8vbXJJ2tVW5-I3jZKvC4wsoxE&amp;amp;amp;amp;amp;amp;trk=nav_responsive_tab_home","https:\/\/www.youtube.com\/channel\/UCxL0wu1uN0_3_7hGG0306cw"]},{"@type":"Person","@id":"https:\/\/www.bellunopress.it\/#\/schema\/person\/79bb06722b37ece1c03d3e94beb30d73","name":"r\u00e9daction","image":{"@type":"ImageObject","inLanguage":"fr-FR","@id":"https:\/\/secure.gravatar.com\/avatar\/37d968a2e67a6fd04c169c4bdef102d0bc5d31b2546345219e348575eb80e9a0?s=96&d=mm&r=g","url":"https:\/\/secure.gravatar.com\/avatar\/37d968a2e67a6fd04c169c4bdef102d0bc5d31b2546345219e348575eb80e9a0?s=96&d=mm&r=g","contentUrl":"https:\/\/secure.gravatar.com\/avatar\/37d968a2e67a6fd04c169c4bdef102d0bc5d31b2546345219e348575eb80e9a0?s=96&d=mm&r=g","caption":"redazione"},"sameAs":["http:\/\/www.bellunopress.it","https:\/\/x.com\/bellunopress"],"url":"https:\/\/www.bellunopress.it\/fr\/author\/redazione\/"}]}},"_links":{"self":[{"href":"https:\/\/www.bellunopress.it\/fr\/wp-json\/wp\/v2\/posts\/6715","targetHints":{"allow":["GET"]}}],"collection":[{"href":"https:\/\/www.bellunopress.it\/fr\/wp-json\/wp\/v2\/posts"}],"about":[{"href":"https:\/\/www.bellunopress.it\/fr\/wp-json\/wp\/v2\/types\/post"}],"author":[{"embeddable":true,"href":"https:\/\/www.bellunopress.it\/fr\/wp-json\/wp\/v2\/users\/2"}],"replies":[{"embeddable":true,"href":"https:\/\/www.bellunopress.it\/fr\/wp-json\/wp\/v2\/comments?post=6715"}],"version-history":[{"count":2,"href":"https:\/\/www.bellunopress.it\/fr\/wp-json\/wp\/v2\/posts\/6715\/revisions"}],"predecessor-version":[{"id":6718,"href":"https:\/\/www.bellunopress.it\/fr\/wp-json\/wp\/v2\/posts\/6715\/revisions\/6718"}],"wp:attachment":[{"href":"https:\/\/www.bellunopress.it\/fr\/wp-json\/wp\/v2\/media?parent=6715"}],"wp:term":[{"taxonomy":"category","embeddable":true,"href":"https:\/\/www.bellunopress.it\/fr\/wp-json\/wp\/v2\/categories?post=6715"},{"taxonomy":"post_tag","embeddable":true,"href":"https:\/\/www.bellunopress.it\/fr\/wp-json\/wp\/v2\/tags?post=6715"}],"curies":[{"name":"wp","href":"https:\/\/api.w.org\/{rel}","templated":true}]}}