{"id":6705,"date":"2009-08-04T23:21:00","date_gmt":"2009-08-04T22:21:00","guid":{"rendered":"http:\/\/www.bellunopress.it\/?p=6705"},"modified":"2009-08-04T23:21:00","modified_gmt":"2009-08-04T22:21:00","slug":"auronzoincontra-lo-scontro-di-religioni-e-il-nuovo-fronte-in-cui-si-combatteranno-le-principali-guerre-del-terzo-millennio","status":"publish","type":"post","link":"https:\/\/www.bellunopress.it\/fr\/2009\/08\/04\/auronzoincontra-lo-scontro-di-religioni-e-il-nuovo-fronte-in-cui-si-combatteranno-le-principali-guerre-del-terzo-millennio\/","title":{"rendered":"AuronzoInConTra: lo scontro di religioni \u00e8 il nuovo fronte in cui si combatteranno le principali guerre del Terzo Millennio"},"content":{"rendered":"<p>Auronzo di Cadore (BL) 4 agosto 2009 \u2013 Un giorno dopo aver presentato la visione religiosa di Magdi Allam, \u201cAuronzo InConTra\u201d ha proposto un altro appuntamento che ha come tema caldo il confronto-scontro tra Islam e occidente, soprattutto in relazione alla minaccia mai sopita del terrorismo. Gli ospiti sono stati, come al solito, di altissimo profilo: Fiamma Nirenstein, Vicepresidente della Commissione Esteri della Camera dei Deputati; Stefano Dambruoso, responsabile delle attivit\u00e0 internazionali del Ministero di Giustizia; Valentina Colombo, scrittrice esperta di Islam. A moderare, Iole Cisnetto, che ha introdotto il primo tema caldo della serata, ovvero la situazione del terrorismo internazionale. La Nirenstein, che ha grande conoscenza della situazione sionista, ha spiegato che la minaccia terroristica \u00e8 sempre forte in quel paese, e ha aggiunto come la grande unit\u00e0 tra i cittadini permette gesti di autentico eroismo: \u201cin Israele \u2013 ha spiegato la parlamentare \u2013 gli autisti degli autobus si buttano contro i kamikaze per salvare i passeggeri. C\u2019\u00e8 un forte senso della comunit\u00e0\u201d. Altro argomento analizzato \u00e8 stata la differenza tra religione e stato. In questo caso \u00e8 stata Valentina Colombo a portare la sua testimonianza: \u201cin Tunisia, paese islamico, \u00e8 vietata la poligamia. Eppure noi in Europa ci preoccupiamo di soddisfare esigenze che nemmeno alcuni paesi islamici sono disposti ad accettare. L\u2019Europa si sente in dovere di accogliere le istanze pi\u00f9 integrali della legge coranica per una sorta di \u2018timore di offendere\u2019 gli islamici\u201d. Una domanda dal pubblico ha nuovamente infiammato il dibattito: i terrorismi disseminati per il mondo, hanno una matrice comune? Per Stefano Dambruoso \u201cno, dal momento che ci sono dei localismi che non possono essere cos\u00ec generalizzabili. Il terrorismo basco, per esempio, che ha ripreso a fare morti qualche giorno fa, ha una regia completamente diversa da quello islamico\u201d. Fiamma Nirenstein ha invece sostenuto che \u201cpur non essendoci una regia comune, l\u2019Iran \u00e8 dappertutto. \u00c8 dietro a Hezbollah, per esempio, mette il suo zampino dietro a molte delle azioni terroristiche che avvengono almeno in Medio Oriente\u201d. Ha concluso il dibattito Valentina Colombo, sostenendo che \u201cin questa situazione \u00e8 importante anche il ruolo delle donne, perch\u00e9 molte donne sono in prima fila contro gli integralismi religiosi e a favore di una societ\u00e0 pi\u00f9 democratica\u201d.<\/p>","protected":false},"excerpt":{"rendered":"<p>Auronzo di Cadore (BL) 4 agosto 2009 \u2013 Un giorno dopo aver presentato la visione religiosa di Magdi Allam, \u201cAuronzo InConTra\u201d ha proposto un altro appuntamento che ha come tema caldo il confronto-scontro tra Islam e occidente, soprattutto in relazione alla minaccia mai sopita del terrorismo. Gli ospiti sono stati, come al solito, di altissimo [&hellip;]<\/p>\n","protected":false},"author":2,"featured_media":0,"comment_status":"closed","ping_status":"open","sticky":false,"template":"","format":"standard","meta":{"footnotes":""},"categories":[3,25],"tags":[151],"class_list":["post-6705","post","type-post","status-publish","format-standard","category-arte-cultura-spettacoli-scienza-archivi","category-pausa-caffe","tag-cadore"],"yoast_head":"<!-- This site is optimized with the Yoast SEO plugin v28.4 - https:\/\/yoast.com\/product\/yoast-seo-wordpress\/ -->\n<title>AuronzoInConTra: lo scontro di religioni \u00e8 il nuovo fronte in cui si combatteranno le principali guerre del Terzo Millennio - Bellunopress - Dolomiti<\/title>\n<meta name=\"robots\" content=\"index, follow, max-snippet:-1, max-image-preview:large, max-video-preview:-1\" \/>\n<link rel=\"canonical\" href=\"https:\/\/www.bellunopress.it\/fr\/2009\/08\/04\/auronzoincontra-lo-scontro-di-religioni-e-il-nuovo-fronte-in-cui-si-combatteranno-le-principali-guerre-del-terzo-millennio\/\" \/>\n<meta property=\"og:locale\" content=\"fr_FR\" \/>\n<meta property=\"og:type\" content=\"article\" \/>\n<meta property=\"og:title\" content=\"AuronzoInConTra: lo scontro di religioni \u00e8 il nuovo fronte in cui si combatteranno le principali guerre del Terzo Millennio - Bellunopress - Dolomiti\" \/>\n<meta property=\"og:description\" content=\"Auronzo di Cadore (BL) 4 agosto 2009 \u2013 Un giorno dopo aver presentato la visione religiosa di Magdi Allam, \u201cAuronzo InConTra\u201d ha proposto un altro appuntamento che ha come tema caldo il confronto-scontro tra Islam e occidente, soprattutto in relazione alla minaccia mai sopita del terrorismo. Gli ospiti sono stati, come al solito, di altissimo [&hellip;]\" \/>\n<meta property=\"og:url\" content=\"https:\/\/www.bellunopress.it\/fr\/2009\/08\/04\/auronzoincontra-lo-scontro-di-religioni-e-il-nuovo-fronte-in-cui-si-combatteranno-le-principali-guerre-del-terzo-millennio\/\" \/>\n<meta property=\"og:site_name\" content=\"Bellunopress - Dolomiti\" \/>\n<meta property=\"article:publisher\" content=\"https:\/\/www.facebook.com\/profile.php?id=100008943462799\" \/>\n<meta property=\"article:published_time\" content=\"2009-08-04T22:21:00+00:00\" \/>\n<meta property=\"og:image\" content=\"http:\/\/www.bellunopress.it\/wp-content\/uploads\/2012\/07\/logo-bellunopress-250x250-2012.jpg\" \/>\n<meta name=\"author\" content=\"redazione\" \/>\n<meta name=\"twitter:card\" content=\"summary_large_image\" \/>\n<meta name=\"twitter:creator\" content=\"@bellunopress\" \/>\n<meta name=\"twitter:site\" content=\"@bellunopress\" \/>\n<meta name=\"twitter:label1\" content=\"Written by\" \/>\n\t<meta name=\"twitter:data1\" content=\"redazione\" \/>\n\t<meta name=\"twitter:label2\" content=\"Est. reading time\" \/>\n\t<meta name=\"twitter:data2\" content=\"2 minutes\" \/>\n<script type=\"application\/ld+json\" class=\"yoast-schema-graph\">{\"@context\":\"https:\\\/\\\/schema.org\",\"@graph\":[{\"@type\":\"Article\",\"@id\":\"https:\\\/\\\/www.bellunopress.it\\\/2009\\\/08\\\/04\\\/auronzoincontra-lo-scontro-di-religioni-e-il-nuovo-fronte-in-cui-si-combatteranno-le-principali-guerre-del-terzo-millennio\\\/#article\",\"isPartOf\":{\"@id\":\"https:\\\/\\\/www.bellunopress.it\\\/2009\\\/08\\\/04\\\/auronzoincontra-lo-scontro-di-religioni-e-il-nuovo-fronte-in-cui-si-combatteranno-le-principali-guerre-del-terzo-millennio\\\/\"},\"author\":{\"name\":\"redazione\",\"@id\":\"https:\\\/\\\/www.bellunopress.it\\\/#\\\/schema\\\/person\\\/79bb06722b37ece1c03d3e94beb30d73\"},\"headline\":\"AuronzoInConTra: lo scontro di religioni \u00e8 il nuovo fronte in cui si combatteranno le principali guerre del Terzo Millennio\",\"datePublished\":\"2009-08-04T22:21:00+00:00\",\"mainEntityOfPage\":{\"@id\":\"https:\\\/\\\/www.bellunopress.it\\\/2009\\\/08\\\/04\\\/auronzoincontra-lo-scontro-di-religioni-e-il-nuovo-fronte-in-cui-si-combatteranno-le-principali-guerre-del-terzo-millennio\\\/\"},\"wordCount\":376,\"publisher\":{\"@id\":\"https:\\\/\\\/www.bellunopress.it\\\/#organization\"},\"keywords\":[\"Cadore\"],\"articleSection\":[\"Arte, Cultura, Spettacoli, Scienza\",\"Pausa Caff\u00e8\"],\"inLanguage\":\"fr-FR\"},{\"@type\":\"WebPage\",\"@id\":\"https:\\\/\\\/www.bellunopress.it\\\/2009\\\/08\\\/04\\\/auronzoincontra-lo-scontro-di-religioni-e-il-nuovo-fronte-in-cui-si-combatteranno-le-principali-guerre-del-terzo-millennio\\\/\",\"url\":\"https:\\\/\\\/www.bellunopress.it\\\/2009\\\/08\\\/04\\\/auronzoincontra-lo-scontro-di-religioni-e-il-nuovo-fronte-in-cui-si-combatteranno-le-principali-guerre-del-terzo-millennio\\\/\",\"name\":\"AuronzoInConTra: lo scontro di religioni \u00e8 il nuovo fronte in cui si combatteranno le principali guerre del Terzo Millennio - Bellunopress - Dolomiti\",\"isPartOf\":{\"@id\":\"https:\\\/\\\/www.bellunopress.it\\\/#website\"},\"datePublished\":\"2009-08-04T22:21:00+00:00\",\"breadcrumb\":{\"@id\":\"https:\\\/\\\/www.bellunopress.it\\\/2009\\\/08\\\/04\\\/auronzoincontra-lo-scontro-di-religioni-e-il-nuovo-fronte-in-cui-si-combatteranno-le-principali-guerre-del-terzo-millennio\\\/#breadcrumb\"},\"inLanguage\":\"fr-FR\",\"potentialAction\":[{\"@type\":\"ReadAction\",\"target\":[\"https:\\\/\\\/www.bellunopress.it\\\/2009\\\/08\\\/04\\\/auronzoincontra-lo-scontro-di-religioni-e-il-nuovo-fronte-in-cui-si-combatteranno-le-principali-guerre-del-terzo-millennio\\\/\"]}]},{\"@type\":\"BreadcrumbList\",\"@id\":\"https:\\\/\\\/www.bellunopress.it\\\/2009\\\/08\\\/04\\\/auronzoincontra-lo-scontro-di-religioni-e-il-nuovo-fronte-in-cui-si-combatteranno-le-principali-guerre-del-terzo-millennio\\\/#breadcrumb\",\"itemListElement\":[{\"@type\":\"ListItem\",\"position\":1,\"name\":\"Home\",\"item\":\"https:\\\/\\\/www.bellunopress.it\\\/\"},{\"@type\":\"ListItem\",\"position\":2,\"name\":\"AuronzoInConTra: lo scontro di religioni \u00e8 il nuovo fronte in cui si combatteranno le principali guerre del Terzo Millennio\"}]},{\"@type\":\"WebSite\",\"@id\":\"https:\\\/\\\/www.bellunopress.it\\\/#website\",\"url\":\"https:\\\/\\\/www.bellunopress.it\\\/\",\"name\":\"Bellunopress - Dolomiti\",\"description\":\"e-mail: redazione@bellunopress.it\",\"publisher\":{\"@id\":\"https:\\\/\\\/www.bellunopress.it\\\/#organization\"},\"potentialAction\":[{\"@type\":\"SearchAction\",\"target\":{\"@type\":\"EntryPoint\",\"urlTemplate\":\"https:\\\/\\\/www.bellunopress.it\\\/?s={search_term_string}\"},\"query-input\":{\"@type\":\"PropertyValueSpecification\",\"valueRequired\":true,\"valueName\":\"search_term_string\"}}],\"inLanguage\":\"fr-FR\"},{\"@type\":\"Organization\",\"@id\":\"https:\\\/\\\/www.bellunopress.it\\\/#organization\",\"name\":\"Bellunopress\",\"url\":\"https:\\\/\\\/www.bellunopress.it\\\/\",\"logo\":{\"@type\":\"ImageObject\",\"inLanguage\":\"fr-FR\",\"@id\":\"https:\\\/\\\/www.bellunopress.it\\\/#\\\/schema\\\/logo\\\/image\\\/\",\"url\":\"https:\\\/\\\/www.bellunopress.it\\\/wp-content\\\/uploads\\\/2011\\\/05\\\/cropped-logo-bellunopress-.jpg\",\"contentUrl\":\"https:\\\/\\\/www.bellunopress.it\\\/wp-content\\\/uploads\\\/2011\\\/05\\\/cropped-logo-bellunopress-.jpg\",\"width\":512,\"height\":512,\"caption\":\"Bellunopress\"},\"image\":{\"@id\":\"https:\\\/\\\/www.bellunopress.it\\\/#\\\/schema\\\/logo\\\/image\\\/\"},\"sameAs\":[\"https:\\\/\\\/www.facebook.com\\\/profile.php?id=100008943462799\",\"https:\\\/\\\/x.com\\\/bellunopress\",\"https:\\\/\\\/www.linkedin.com\\\/hp\\\/?dnr=JBzUWaJfMUw8vbXJJ2tVW5-I3jZKvC4wsoxE&amp;amp;amp;amp;amp;amp;trk=nav_responsive_tab_home\",\"https:\\\/\\\/www.youtube.com\\\/channel\\\/UCxL0wu1uN0_3_7hGG0306cw\"]},{\"@type\":\"Person\",\"@id\":\"https:\\\/\\\/www.bellunopress.it\\\/#\\\/schema\\\/person\\\/79bb06722b37ece1c03d3e94beb30d73\",\"name\":\"redazione\",\"image\":{\"@type\":\"ImageObject\",\"inLanguage\":\"fr-FR\",\"@id\":\"https:\\\/\\\/secure.gravatar.com\\\/avatar\\\/37d968a2e67a6fd04c169c4bdef102d0bc5d31b2546345219e348575eb80e9a0?s=96&d=mm&r=g\",\"url\":\"https:\\\/\\\/secure.gravatar.com\\\/avatar\\\/37d968a2e67a6fd04c169c4bdef102d0bc5d31b2546345219e348575eb80e9a0?s=96&d=mm&r=g\",\"contentUrl\":\"https:\\\/\\\/secure.gravatar.com\\\/avatar\\\/37d968a2e67a6fd04c169c4bdef102d0bc5d31b2546345219e348575eb80e9a0?s=96&d=mm&r=g\",\"caption\":\"redazione\"},\"sameAs\":[\"http:\\\/\\\/www.bellunopress.it\",\"https:\\\/\\\/x.com\\\/bellunopress\"],\"url\":\"https:\\\/\\\/www.bellunopress.it\\\/fr\\\/author\\\/redazione\\\/\"}]}<\/script>\n<!-- \/ Yoast SEO plugin. -->","yoast_head_json":{"title":"AuronzoInConTra: lo scontro di religioni \u00e8 il nuovo fronte in cui si combatteranno le principali guerre del Terzo Millennio - Bellunopress - Dolomiti","robots":{"index":"index","follow":"follow","max-snippet":"max-snippet:-1","max-image-preview":"max-image-preview:large","max-video-preview":"max-video-preview:-1"},"canonical":"https:\/\/www.bellunopress.it\/fr\/2009\/08\/04\/auronzoincontra-lo-scontro-di-religioni-e-il-nuovo-fronte-in-cui-si-combatteranno-le-principali-guerre-del-terzo-millennio\/","og_locale":"fr_FR","og_type":"article","og_title":"AuronzoInConTra: lo scontro di religioni \u00e8 il nuovo fronte in cui si combatteranno le principali guerre del Terzo Millennio - Bellunopress - Dolomiti","og_description":"Auronzo di Cadore (BL) 4 agosto 2009 \u2013 Un giorno dopo aver presentato la visione religiosa di Magdi Allam, \u201cAuronzo InConTra\u201d ha proposto un altro appuntamento che ha come tema caldo il confronto-scontro tra Islam e occidente, soprattutto in relazione alla minaccia mai sopita del terrorismo. Gli ospiti sono stati, come al solito, di altissimo [&hellip;]","og_url":"https:\/\/www.bellunopress.it\/fr\/2009\/08\/04\/auronzoincontra-lo-scontro-di-religioni-e-il-nuovo-fronte-in-cui-si-combatteranno-le-principali-guerre-del-terzo-millennio\/","og_site_name":"Bellunopress - Dolomiti","article_publisher":"https:\/\/www.facebook.com\/profile.php?id=100008943462799","article_published_time":"2009-08-04T22:21:00+00:00","og_image":[{"url":"http:\/\/www.bellunopress.it\/wp-content\/uploads\/2012\/07\/logo-bellunopress-250x250-2012.jpg","type":"","width":"","height":""}],"author":"redazione","twitter_card":"summary_large_image","twitter_creator":"@bellunopress","twitter_site":"@bellunopress","twitter_misc":{"Written by":"redazione","Est. reading time":"2 minutes"},"schema":{"@context":"https:\/\/schema.org","@graph":[{"@type":"Article","@id":"https:\/\/www.bellunopress.it\/2009\/08\/04\/auronzoincontra-lo-scontro-di-religioni-e-il-nuovo-fronte-in-cui-si-combatteranno-le-principali-guerre-del-terzo-millennio\/#article","isPartOf":{"@id":"https:\/\/www.bellunopress.it\/2009\/08\/04\/auronzoincontra-lo-scontro-di-religioni-e-il-nuovo-fronte-in-cui-si-combatteranno-le-principali-guerre-del-terzo-millennio\/"},"author":{"name":"redazione","@id":"https:\/\/www.bellunopress.it\/#\/schema\/person\/79bb06722b37ece1c03d3e94beb30d73"},"headline":"AuronzoInConTra: lo scontro di religioni \u00e8 il nuovo fronte in cui si combatteranno le principali guerre del Terzo Millennio","datePublished":"2009-08-04T22:21:00+00:00","mainEntityOfPage":{"@id":"https:\/\/www.bellunopress.it\/2009\/08\/04\/auronzoincontra-lo-scontro-di-religioni-e-il-nuovo-fronte-in-cui-si-combatteranno-le-principali-guerre-del-terzo-millennio\/"},"wordCount":376,"publisher":{"@id":"https:\/\/www.bellunopress.it\/#organization"},"keywords":["Cadore"],"articleSection":["Arte, Cultura, Spettacoli, Scienza","Pausa Caff\u00e8"],"inLanguage":"fr-FR"},{"@type":"WebPage","@id":"https:\/\/www.bellunopress.it\/2009\/08\/04\/auronzoincontra-lo-scontro-di-religioni-e-il-nuovo-fronte-in-cui-si-combatteranno-le-principali-guerre-del-terzo-millennio\/","url":"https:\/\/www.bellunopress.it\/2009\/08\/04\/auronzoincontra-lo-scontro-di-religioni-e-il-nuovo-fronte-in-cui-si-combatteranno-le-principali-guerre-del-terzo-millennio\/","name":"AuronzoInConTra: lo scontro di religioni \u00e8 il nuovo fronte in cui si combatteranno le principali guerre del Terzo Millennio - Bellunopress - Dolomiti","isPartOf":{"@id":"https:\/\/www.bellunopress.it\/#website"},"datePublished":"2009-08-04T22:21:00+00:00","breadcrumb":{"@id":"https:\/\/www.bellunopress.it\/2009\/08\/04\/auronzoincontra-lo-scontro-di-religioni-e-il-nuovo-fronte-in-cui-si-combatteranno-le-principali-guerre-del-terzo-millennio\/#breadcrumb"},"inLanguage":"fr-FR","potentialAction":[{"@type":"ReadAction","target":["https:\/\/www.bellunopress.it\/2009\/08\/04\/auronzoincontra-lo-scontro-di-religioni-e-il-nuovo-fronte-in-cui-si-combatteranno-le-principali-guerre-del-terzo-millennio\/"]}]},{"@type":"BreadcrumbList","@id":"https:\/\/www.bellunopress.it\/2009\/08\/04\/auronzoincontra-lo-scontro-di-religioni-e-il-nuovo-fronte-in-cui-si-combatteranno-le-principali-guerre-del-terzo-millennio\/#breadcrumb","itemListElement":[{"@type":"ListItem","position":1,"name":"Home","item":"https:\/\/www.bellunopress.it\/"},{"@type":"ListItem","position":2,"name":"AuronzoInConTra: lo scontro di religioni \u00e8 il nuovo fronte in cui si combatteranno le principali guerre del Terzo Millennio"}]},{"@type":"WebSite","@id":"https:\/\/www.bellunopress.it\/#website","url":"https:\/\/www.bellunopress.it\/","name":"Bellunopress - Dolomiti","description":"e-mail: redazione@bellunopress.it","publisher":{"@id":"https:\/\/www.bellunopress.it\/#organization"},"potentialAction":[{"@type":"SearchAction","target":{"@type":"EntryPoint","urlTemplate":"https:\/\/www.bellunopress.it\/?s={search_term_string}"},"query-input":{"@type":"PropertyValueSpecification","valueRequired":true,"valueName":"search_term_string"}}],"inLanguage":"fr-FR"},{"@type":"Organization","@id":"https:\/\/www.bellunopress.it\/#organization","name":"Bellunopress","url":"https:\/\/www.bellunopress.it\/","logo":{"@type":"ImageObject","inLanguage":"fr-FR","@id":"https:\/\/www.bellunopress.it\/#\/schema\/logo\/image\/","url":"https:\/\/www.bellunopress.it\/wp-content\/uploads\/2011\/05\/cropped-logo-bellunopress-.jpg","contentUrl":"https:\/\/www.bellunopress.it\/wp-content\/uploads\/2011\/05\/cropped-logo-bellunopress-.jpg","width":512,"height":512,"caption":"Bellunopress"},"image":{"@id":"https:\/\/www.bellunopress.it\/#\/schema\/logo\/image\/"},"sameAs":["https:\/\/www.facebook.com\/profile.php?id=100008943462799","https:\/\/x.com\/bellunopress","https:\/\/www.linkedin.com\/hp\/?dnr=JBzUWaJfMUw8vbXJJ2tVW5-I3jZKvC4wsoxE&amp;amp;amp;amp;amp;amp;trk=nav_responsive_tab_home","https:\/\/www.youtube.com\/channel\/UCxL0wu1uN0_3_7hGG0306cw"]},{"@type":"Person","@id":"https:\/\/www.bellunopress.it\/#\/schema\/person\/79bb06722b37ece1c03d3e94beb30d73","name":"r\u00e9daction","image":{"@type":"ImageObject","inLanguage":"fr-FR","@id":"https:\/\/secure.gravatar.com\/avatar\/37d968a2e67a6fd04c169c4bdef102d0bc5d31b2546345219e348575eb80e9a0?s=96&d=mm&r=g","url":"https:\/\/secure.gravatar.com\/avatar\/37d968a2e67a6fd04c169c4bdef102d0bc5d31b2546345219e348575eb80e9a0?s=96&d=mm&r=g","contentUrl":"https:\/\/secure.gravatar.com\/avatar\/37d968a2e67a6fd04c169c4bdef102d0bc5d31b2546345219e348575eb80e9a0?s=96&d=mm&r=g","caption":"redazione"},"sameAs":["http:\/\/www.bellunopress.it","https:\/\/x.com\/bellunopress"],"url":"https:\/\/www.bellunopress.it\/fr\/author\/redazione\/"}]}},"_links":{"self":[{"href":"https:\/\/www.bellunopress.it\/fr\/wp-json\/wp\/v2\/posts\/6705","targetHints":{"allow":["GET"]}}],"collection":[{"href":"https:\/\/www.bellunopress.it\/fr\/wp-json\/wp\/v2\/posts"}],"about":[{"href":"https:\/\/www.bellunopress.it\/fr\/wp-json\/wp\/v2\/types\/post"}],"author":[{"embeddable":true,"href":"https:\/\/www.bellunopress.it\/fr\/wp-json\/wp\/v2\/users\/2"}],"replies":[{"embeddable":true,"href":"https:\/\/www.bellunopress.it\/fr\/wp-json\/wp\/v2\/comments?post=6705"}],"version-history":[{"count":1,"href":"https:\/\/www.bellunopress.it\/fr\/wp-json\/wp\/v2\/posts\/6705\/revisions"}],"predecessor-version":[{"id":6706,"href":"https:\/\/www.bellunopress.it\/fr\/wp-json\/wp\/v2\/posts\/6705\/revisions\/6706"}],"wp:attachment":[{"href":"https:\/\/www.bellunopress.it\/fr\/wp-json\/wp\/v2\/media?parent=6705"}],"wp:term":[{"taxonomy":"category","embeddable":true,"href":"https:\/\/www.bellunopress.it\/fr\/wp-json\/wp\/v2\/categories?post=6705"},{"taxonomy":"post_tag","embeddable":true,"href":"https:\/\/www.bellunopress.it\/fr\/wp-json\/wp\/v2\/tags?post=6705"}],"curies":[{"name":"wp","href":"https:\/\/api.w.org\/{rel}","templated":true}]}}