{"id":6699,"date":"2009-08-04T23:03:50","date_gmt":"2009-08-04T22:03:50","guid":{"rendered":"http:\/\/www.bellunopress.it\/?p=6699"},"modified":"2009-08-04T23:03:50","modified_gmt":"2009-08-04T22:03:50","slug":"made-in-italy-le-nuove-norme-anticontraffazione-presto-in-vigore","status":"publish","type":"post","link":"https:\/\/www.bellunopress.it\/fr\/2009\/08\/04\/made-in-italy-le-nuove-norme-anticontraffazione-presto-in-vigore\/","title":{"rendered":"Made in Italy: le nuove norme anticontraffazione presto in vigore"},"content":{"rendered":"<figure id=\"attachment_6700\" aria-describedby=\"caption-attachment-6700\" style=\"width: 224px\" class=\"wp-caption alignleft\"><a href=\"http:\/\/www.bellunopress.it\/wp-content\/uploads\/2009\/08\/brunello-franco-presidente-occhialerie-dellappia.jpg\"><img loading=\"lazy\" decoding=\"async\" class=\"size-medium wp-image-6700\" title=\"brunello-franco-presidente-occhialerie-dellappia\" src=\"http:\/\/www.bellunopress.it\/wp-content\/uploads\/2009\/08\/brunello-franco-presidente-occhialerie-dellappia.jpg\" alt=\"Franco Brunello presidente occhialerie aderenti all'Appia\" width=\"224\" height=\"280\" \/><\/a><figcaption id=\"caption-attachment-6700\" class=\"wp-caption-text\">Franco Brunello presidente occhialerie aderenti all<\/figcaption><\/figure>\n<p>Il prossimo 15 agosto entrer\u00e0 in vigore la nuova legge n. 99 del 23\/7\/2009 che tra l&#8217;altro contiene nuovi criteri per la tutela del \u201cmade in Italy\u201d. Non \u00e9 passato quindi, grazie anche al fattivo impegno di CNA Federmoda, il tentativo di chiedere una moratoria all\u2019applicazione della nuova norma che dovrebbe garantire una maggiore trasparenza definendo come pratica commerciale ingannevole \u201cl&#8217;uso di marchi di aziende italiane su prodotti o merci non originari dell&#8217;Italia ai sensi della normativa europea sull&#8217;origine senza l&#8217;indicazione precisa, in caratteri evidenti, del loro Paese o del loro luogo di fabbricazione o di produzione, o di altra indicazione sufficiente ad evitare qualsiasi errore sulla loro effettiva origine straniera\u201d. Questa legge \u00e9 il frutto di anni di impegno tanto sul versante nazionale che comunitario e pu\u00f2 rappresentare una boccata di ossigeno per tante piccole aziende del settore moda a condizione ovviamente che le nuove norme vengano fatte rispettare. A sostenerlo \u00e9 Franco Brunello presidente delle occhialerie aderenti all\u2019APPIA nonch\u00e9 referente nazionale per il sistema moda della CNA per quanto riguarda lo specifico comparto. \u201c Si aprono per le aziende del settore che hanno deciso\u00a0\u00a0 di rimanere legate al made in Italy \u2013 continua Brunello \u2013 nuove possibilit\u00e0 in quanto anche chi \u00e9 proprietario di un piccolo marchio commerciale potr\u00e0 cercare di acquisire nuove quote di mercato mentre chi svolge il ruolo di contoterzista potr\u00e0 essere considerato dai committenti come un valore aggiunto e non solo come un costo da minimizzare producendo altrove\u201d. Un primo passo per la tutela dei consumatori e delle aziende locali \u00e9 stato fatto. Occorrer\u00e0 ora, con coerenza, fare si che queste norme non cadano nel dimenticatoio e che i controlli si attivino da subito.<\/p>","protected":false},"excerpt":{"rendered":"<p>Il prossimo 15 agosto entrer\u00e0 in vigore la nuova legge n. 99 del 23\/7\/2009 che tra l&#8217;altro contiene nuovi criteri per la tutela del \u201cmade in Italy\u201d. Non \u00e9 passato quindi, grazie anche al fattivo impegno di CNA Federmoda, il tentativo di chiedere una moratoria all\u2019applicazione della nuova norma che dovrebbe garantire una maggiore trasparenza [&hellip;]<\/p>\n","protected":false},"author":2,"featured_media":0,"comment_status":"closed","ping_status":"open","sticky":false,"template":"","format":"standard","meta":{"footnotes":""},"categories":[36,26],"tags":[139],"class_list":["post-6699","post","type-post","status-publish","format-standard","category-lavoro-economia","category-prima-pagina","tag-belluno"],"yoast_head":"<!-- This site is optimized with the Yoast SEO plugin v28.4 - https:\/\/yoast.com\/product\/yoast-seo-wordpress\/ -->\n<title>Made in Italy: le nuove norme anticontraffazione presto in vigore - Bellunopress - Dolomiti<\/title>\n<meta name=\"robots\" content=\"index, follow, max-snippet:-1, max-image-preview:large, max-video-preview:-1\" \/>\n<link rel=\"canonical\" href=\"https:\/\/www.bellunopress.it\/fr\/2009\/08\/04\/made-in-italy-le-nuove-norme-anticontraffazione-presto-in-vigore\/\" \/>\n<meta property=\"og:locale\" content=\"fr_FR\" \/>\n<meta property=\"og:type\" content=\"article\" \/>\n<meta property=\"og:title\" content=\"Made in Italy: le nuove norme anticontraffazione presto in vigore - Bellunopress - Dolomiti\" \/>\n<meta property=\"og:description\" content=\"Il prossimo 15 agosto entrer\u00e0 in vigore la nuova legge n. 99 del 23\/7\/2009 che tra l&#8217;altro contiene nuovi criteri per la tutela del \u201cmade in Italy\u201d. Non \u00e9 passato quindi, grazie anche al fattivo impegno di CNA Federmoda, il tentativo di chiedere una moratoria all\u2019applicazione della nuova norma che dovrebbe garantire una maggiore trasparenza [&hellip;]\" \/>\n<meta property=\"og:url\" content=\"https:\/\/www.bellunopress.it\/fr\/2009\/08\/04\/made-in-italy-le-nuove-norme-anticontraffazione-presto-in-vigore\/\" \/>\n<meta property=\"og:site_name\" content=\"Bellunopress - Dolomiti\" \/>\n<meta property=\"article:publisher\" content=\"https:\/\/www.facebook.com\/profile.php?id=100008943462799\" \/>\n<meta property=\"article:published_time\" content=\"2009-08-04T22:03:50+00:00\" \/>\n<meta property=\"og:image\" content=\"http:\/\/www.bellunopress.it\/wp-content\/uploads\/2009\/08\/brunello-franco-presidente-occhialerie-dellappia.jpg\" \/>\n<meta name=\"author\" content=\"redazione\" \/>\n<meta name=\"twitter:card\" content=\"summary_large_image\" \/>\n<meta name=\"twitter:creator\" content=\"@bellunopress\" \/>\n<meta name=\"twitter:site\" content=\"@bellunopress\" \/>\n<meta name=\"twitter:label1\" content=\"Written by\" \/>\n\t<meta name=\"twitter:data1\" content=\"redazione\" \/>\n\t<meta name=\"twitter:label2\" content=\"Est. reading time\" \/>\n\t<meta name=\"twitter:data2\" content=\"1 minute\" \/>\n<script type=\"application\/ld+json\" class=\"yoast-schema-graph\">{\"@context\":\"https:\\\/\\\/schema.org\",\"@graph\":[{\"@type\":\"Article\",\"@id\":\"https:\\\/\\\/www.bellunopress.it\\\/2009\\\/08\\\/04\\\/made-in-italy-le-nuove-norme-anticontraffazione-presto-in-vigore\\\/#article\",\"isPartOf\":{\"@id\":\"https:\\\/\\\/www.bellunopress.it\\\/2009\\\/08\\\/04\\\/made-in-italy-le-nuove-norme-anticontraffazione-presto-in-vigore\\\/\"},\"author\":{\"name\":\"redazione\",\"@id\":\"https:\\\/\\\/www.bellunopress.it\\\/#\\\/schema\\\/person\\\/79bb06722b37ece1c03d3e94beb30d73\"},\"headline\":\"Made in Italy: le nuove norme anticontraffazione presto in vigore\",\"datePublished\":\"2009-08-04T22:03:50+00:00\",\"mainEntityOfPage\":{\"@id\":\"https:\\\/\\\/www.bellunopress.it\\\/2009\\\/08\\\/04\\\/made-in-italy-le-nuove-norme-anticontraffazione-presto-in-vigore\\\/\"},\"wordCount\":300,\"publisher\":{\"@id\":\"https:\\\/\\\/www.bellunopress.it\\\/#organization\"},\"image\":{\"@id\":\"https:\\\/\\\/www.bellunopress.it\\\/2009\\\/08\\\/04\\\/made-in-italy-le-nuove-norme-anticontraffazione-presto-in-vigore\\\/#primaryimage\"},\"thumbnailUrl\":\"http:\\\/\\\/www.bellunopress.it\\\/wp-content\\\/uploads\\\/2009\\\/08\\\/brunello-franco-presidente-occhialerie-dellappia.jpg\",\"keywords\":[\"Belluno\"],\"articleSection\":[\"Lavoro, Economia, Turismo\",\"Prima Pagina\"],\"inLanguage\":\"fr-FR\"},{\"@type\":\"WebPage\",\"@id\":\"https:\\\/\\\/www.bellunopress.it\\\/2009\\\/08\\\/04\\\/made-in-italy-le-nuove-norme-anticontraffazione-presto-in-vigore\\\/\",\"url\":\"https:\\\/\\\/www.bellunopress.it\\\/2009\\\/08\\\/04\\\/made-in-italy-le-nuove-norme-anticontraffazione-presto-in-vigore\\\/\",\"name\":\"Made in Italy: le nuove norme anticontraffazione presto in vigore - Bellunopress - Dolomiti\",\"isPartOf\":{\"@id\":\"https:\\\/\\\/www.bellunopress.it\\\/#website\"},\"primaryImageOfPage\":{\"@id\":\"https:\\\/\\\/www.bellunopress.it\\\/2009\\\/08\\\/04\\\/made-in-italy-le-nuove-norme-anticontraffazione-presto-in-vigore\\\/#primaryimage\"},\"image\":{\"@id\":\"https:\\\/\\\/www.bellunopress.it\\\/2009\\\/08\\\/04\\\/made-in-italy-le-nuove-norme-anticontraffazione-presto-in-vigore\\\/#primaryimage\"},\"thumbnailUrl\":\"http:\\\/\\\/www.bellunopress.it\\\/wp-content\\\/uploads\\\/2009\\\/08\\\/brunello-franco-presidente-occhialerie-dellappia.jpg\",\"datePublished\":\"2009-08-04T22:03:50+00:00\",\"breadcrumb\":{\"@id\":\"https:\\\/\\\/www.bellunopress.it\\\/2009\\\/08\\\/04\\\/made-in-italy-le-nuove-norme-anticontraffazione-presto-in-vigore\\\/#breadcrumb\"},\"inLanguage\":\"fr-FR\",\"potentialAction\":[{\"@type\":\"ReadAction\",\"target\":[\"https:\\\/\\\/www.bellunopress.it\\\/2009\\\/08\\\/04\\\/made-in-italy-le-nuove-norme-anticontraffazione-presto-in-vigore\\\/\"]}]},{\"@type\":\"ImageObject\",\"inLanguage\":\"fr-FR\",\"@id\":\"https:\\\/\\\/www.bellunopress.it\\\/2009\\\/08\\\/04\\\/made-in-italy-le-nuove-norme-anticontraffazione-presto-in-vigore\\\/#primaryimage\",\"url\":\"http:\\\/\\\/www.bellunopress.it\\\/wp-content\\\/uploads\\\/2009\\\/08\\\/brunello-franco-presidente-occhialerie-dellappia.jpg\",\"contentUrl\":\"http:\\\/\\\/www.bellunopress.it\\\/wp-content\\\/uploads\\\/2009\\\/08\\\/brunello-franco-presidente-occhialerie-dellappia.jpg\"},{\"@type\":\"BreadcrumbList\",\"@id\":\"https:\\\/\\\/www.bellunopress.it\\\/2009\\\/08\\\/04\\\/made-in-italy-le-nuove-norme-anticontraffazione-presto-in-vigore\\\/#breadcrumb\",\"itemListElement\":[{\"@type\":\"ListItem\",\"position\":1,\"name\":\"Home\",\"item\":\"https:\\\/\\\/www.bellunopress.it\\\/\"},{\"@type\":\"ListItem\",\"position\":2,\"name\":\"Made in Italy: le nuove norme anticontraffazione presto in vigore\"}]},{\"@type\":\"WebSite\",\"@id\":\"https:\\\/\\\/www.bellunopress.it\\\/#website\",\"url\":\"https:\\\/\\\/www.bellunopress.it\\\/\",\"name\":\"Bellunopress - Dolomiti\",\"description\":\"e-mail: redazione@bellunopress.it\",\"publisher\":{\"@id\":\"https:\\\/\\\/www.bellunopress.it\\\/#organization\"},\"potentialAction\":[{\"@type\":\"SearchAction\",\"target\":{\"@type\":\"EntryPoint\",\"urlTemplate\":\"https:\\\/\\\/www.bellunopress.it\\\/?s={search_term_string}\"},\"query-input\":{\"@type\":\"PropertyValueSpecification\",\"valueRequired\":true,\"valueName\":\"search_term_string\"}}],\"inLanguage\":\"fr-FR\"},{\"@type\":\"Organization\",\"@id\":\"https:\\\/\\\/www.bellunopress.it\\\/#organization\",\"name\":\"Bellunopress\",\"url\":\"https:\\\/\\\/www.bellunopress.it\\\/\",\"logo\":{\"@type\":\"ImageObject\",\"inLanguage\":\"fr-FR\",\"@id\":\"https:\\\/\\\/www.bellunopress.it\\\/#\\\/schema\\\/logo\\\/image\\\/\",\"url\":\"https:\\\/\\\/www.bellunopress.it\\\/wp-content\\\/uploads\\\/2011\\\/05\\\/cropped-logo-bellunopress-.jpg\",\"contentUrl\":\"https:\\\/\\\/www.bellunopress.it\\\/wp-content\\\/uploads\\\/2011\\\/05\\\/cropped-logo-bellunopress-.jpg\",\"width\":512,\"height\":512,\"caption\":\"Bellunopress\"},\"image\":{\"@id\":\"https:\\\/\\\/www.bellunopress.it\\\/#\\\/schema\\\/logo\\\/image\\\/\"},\"sameAs\":[\"https:\\\/\\\/www.facebook.com\\\/profile.php?id=100008943462799\",\"https:\\\/\\\/x.com\\\/bellunopress\",\"https:\\\/\\\/www.linkedin.com\\\/hp\\\/?dnr=JBzUWaJfMUw8vbXJJ2tVW5-I3jZKvC4wsoxE&amp;amp;amp;amp;amp;amp;trk=nav_responsive_tab_home\",\"https:\\\/\\\/www.youtube.com\\\/channel\\\/UCxL0wu1uN0_3_7hGG0306cw\"]},{\"@type\":\"Person\",\"@id\":\"https:\\\/\\\/www.bellunopress.it\\\/#\\\/schema\\\/person\\\/79bb06722b37ece1c03d3e94beb30d73\",\"name\":\"redazione\",\"image\":{\"@type\":\"ImageObject\",\"inLanguage\":\"fr-FR\",\"@id\":\"https:\\\/\\\/secure.gravatar.com\\\/avatar\\\/37d968a2e67a6fd04c169c4bdef102d0bc5d31b2546345219e348575eb80e9a0?s=96&d=mm&r=g\",\"url\":\"https:\\\/\\\/secure.gravatar.com\\\/avatar\\\/37d968a2e67a6fd04c169c4bdef102d0bc5d31b2546345219e348575eb80e9a0?s=96&d=mm&r=g\",\"contentUrl\":\"https:\\\/\\\/secure.gravatar.com\\\/avatar\\\/37d968a2e67a6fd04c169c4bdef102d0bc5d31b2546345219e348575eb80e9a0?s=96&d=mm&r=g\",\"caption\":\"redazione\"},\"sameAs\":[\"http:\\\/\\\/www.bellunopress.it\",\"https:\\\/\\\/x.com\\\/bellunopress\"],\"url\":\"https:\\\/\\\/www.bellunopress.it\\\/fr\\\/author\\\/redazione\\\/\"}]}<\/script>\n<!-- \/ Yoast SEO plugin. -->","yoast_head_json":{"title":"Made in Italy: le nuove norme anticontraffazione presto in vigore - Bellunopress - Dolomiti","robots":{"index":"index","follow":"follow","max-snippet":"max-snippet:-1","max-image-preview":"max-image-preview:large","max-video-preview":"max-video-preview:-1"},"canonical":"https:\/\/www.bellunopress.it\/fr\/2009\/08\/04\/made-in-italy-le-nuove-norme-anticontraffazione-presto-in-vigore\/","og_locale":"fr_FR","og_type":"article","og_title":"Made in Italy: le nuove norme anticontraffazione presto in vigore - Bellunopress - Dolomiti","og_description":"Il prossimo 15 agosto entrer\u00e0 in vigore la nuova legge n. 99 del 23\/7\/2009 che tra l&#8217;altro contiene nuovi criteri per la tutela del \u201cmade in Italy\u201d. Non \u00e9 passato quindi, grazie anche al fattivo impegno di CNA Federmoda, il tentativo di chiedere una moratoria all\u2019applicazione della nuova norma che dovrebbe garantire una maggiore trasparenza [&hellip;]","og_url":"https:\/\/www.bellunopress.it\/fr\/2009\/08\/04\/made-in-italy-le-nuove-norme-anticontraffazione-presto-in-vigore\/","og_site_name":"Bellunopress - Dolomiti","article_publisher":"https:\/\/www.facebook.com\/profile.php?id=100008943462799","article_published_time":"2009-08-04T22:03:50+00:00","og_image":[{"url":"http:\/\/www.bellunopress.it\/wp-content\/uploads\/2009\/08\/brunello-franco-presidente-occhialerie-dellappia.jpg","type":"","width":"","height":""}],"author":"redazione","twitter_card":"summary_large_image","twitter_creator":"@bellunopress","twitter_site":"@bellunopress","twitter_misc":{"Written by":"redazione","Est. reading time":"1 minute"},"schema":{"@context":"https:\/\/schema.org","@graph":[{"@type":"Article","@id":"https:\/\/www.bellunopress.it\/2009\/08\/04\/made-in-italy-le-nuove-norme-anticontraffazione-presto-in-vigore\/#article","isPartOf":{"@id":"https:\/\/www.bellunopress.it\/2009\/08\/04\/made-in-italy-le-nuove-norme-anticontraffazione-presto-in-vigore\/"},"author":{"name":"redazione","@id":"https:\/\/www.bellunopress.it\/#\/schema\/person\/79bb06722b37ece1c03d3e94beb30d73"},"headline":"Made in Italy: le nuove norme anticontraffazione presto in vigore","datePublished":"2009-08-04T22:03:50+00:00","mainEntityOfPage":{"@id":"https:\/\/www.bellunopress.it\/2009\/08\/04\/made-in-italy-le-nuove-norme-anticontraffazione-presto-in-vigore\/"},"wordCount":300,"publisher":{"@id":"https:\/\/www.bellunopress.it\/#organization"},"image":{"@id":"https:\/\/www.bellunopress.it\/2009\/08\/04\/made-in-italy-le-nuove-norme-anticontraffazione-presto-in-vigore\/#primaryimage"},"thumbnailUrl":"http:\/\/www.bellunopress.it\/wp-content\/uploads\/2009\/08\/brunello-franco-presidente-occhialerie-dellappia.jpg","keywords":["Belluno"],"articleSection":["Lavoro, Economia, Turismo","Prima Pagina"],"inLanguage":"fr-FR"},{"@type":"WebPage","@id":"https:\/\/www.bellunopress.it\/2009\/08\/04\/made-in-italy-le-nuove-norme-anticontraffazione-presto-in-vigore\/","url":"https:\/\/www.bellunopress.it\/2009\/08\/04\/made-in-italy-le-nuove-norme-anticontraffazione-presto-in-vigore\/","name":"Made in Italy: le nuove norme anticontraffazione presto in vigore - Bellunopress - Dolomiti","isPartOf":{"@id":"https:\/\/www.bellunopress.it\/#website"},"primaryImageOfPage":{"@id":"https:\/\/www.bellunopress.it\/2009\/08\/04\/made-in-italy-le-nuove-norme-anticontraffazione-presto-in-vigore\/#primaryimage"},"image":{"@id":"https:\/\/www.bellunopress.it\/2009\/08\/04\/made-in-italy-le-nuove-norme-anticontraffazione-presto-in-vigore\/#primaryimage"},"thumbnailUrl":"http:\/\/www.bellunopress.it\/wp-content\/uploads\/2009\/08\/brunello-franco-presidente-occhialerie-dellappia.jpg","datePublished":"2009-08-04T22:03:50+00:00","breadcrumb":{"@id":"https:\/\/www.bellunopress.it\/2009\/08\/04\/made-in-italy-le-nuove-norme-anticontraffazione-presto-in-vigore\/#breadcrumb"},"inLanguage":"fr-FR","potentialAction":[{"@type":"ReadAction","target":["https:\/\/www.bellunopress.it\/2009\/08\/04\/made-in-italy-le-nuove-norme-anticontraffazione-presto-in-vigore\/"]}]},{"@type":"ImageObject","inLanguage":"fr-FR","@id":"https:\/\/www.bellunopress.it\/2009\/08\/04\/made-in-italy-le-nuove-norme-anticontraffazione-presto-in-vigore\/#primaryimage","url":"http:\/\/www.bellunopress.it\/wp-content\/uploads\/2009\/08\/brunello-franco-presidente-occhialerie-dellappia.jpg","contentUrl":"http:\/\/www.bellunopress.it\/wp-content\/uploads\/2009\/08\/brunello-franco-presidente-occhialerie-dellappia.jpg"},{"@type":"BreadcrumbList","@id":"https:\/\/www.bellunopress.it\/2009\/08\/04\/made-in-italy-le-nuove-norme-anticontraffazione-presto-in-vigore\/#breadcrumb","itemListElement":[{"@type":"ListItem","position":1,"name":"Home","item":"https:\/\/www.bellunopress.it\/"},{"@type":"ListItem","position":2,"name":"Made in Italy: le nuove norme anticontraffazione presto in vigore"}]},{"@type":"WebSite","@id":"https:\/\/www.bellunopress.it\/#website","url":"https:\/\/www.bellunopress.it\/","name":"Bellunopress - Dolomiti","description":"e-mail: redazione@bellunopress.it","publisher":{"@id":"https:\/\/www.bellunopress.it\/#organization"},"potentialAction":[{"@type":"SearchAction","target":{"@type":"EntryPoint","urlTemplate":"https:\/\/www.bellunopress.it\/?s={search_term_string}"},"query-input":{"@type":"PropertyValueSpecification","valueRequired":true,"valueName":"search_term_string"}}],"inLanguage":"fr-FR"},{"@type":"Organization","@id":"https:\/\/www.bellunopress.it\/#organization","name":"Bellunopress","url":"https:\/\/www.bellunopress.it\/","logo":{"@type":"ImageObject","inLanguage":"fr-FR","@id":"https:\/\/www.bellunopress.it\/#\/schema\/logo\/image\/","url":"https:\/\/www.bellunopress.it\/wp-content\/uploads\/2011\/05\/cropped-logo-bellunopress-.jpg","contentUrl":"https:\/\/www.bellunopress.it\/wp-content\/uploads\/2011\/05\/cropped-logo-bellunopress-.jpg","width":512,"height":512,"caption":"Bellunopress"},"image":{"@id":"https:\/\/www.bellunopress.it\/#\/schema\/logo\/image\/"},"sameAs":["https:\/\/www.facebook.com\/profile.php?id=100008943462799","https:\/\/x.com\/bellunopress","https:\/\/www.linkedin.com\/hp\/?dnr=JBzUWaJfMUw8vbXJJ2tVW5-I3jZKvC4wsoxE&amp;amp;amp;amp;amp;amp;trk=nav_responsive_tab_home","https:\/\/www.youtube.com\/channel\/UCxL0wu1uN0_3_7hGG0306cw"]},{"@type":"Person","@id":"https:\/\/www.bellunopress.it\/#\/schema\/person\/79bb06722b37ece1c03d3e94beb30d73","name":"r\u00e9daction","image":{"@type":"ImageObject","inLanguage":"fr-FR","@id":"https:\/\/secure.gravatar.com\/avatar\/37d968a2e67a6fd04c169c4bdef102d0bc5d31b2546345219e348575eb80e9a0?s=96&d=mm&r=g","url":"https:\/\/secure.gravatar.com\/avatar\/37d968a2e67a6fd04c169c4bdef102d0bc5d31b2546345219e348575eb80e9a0?s=96&d=mm&r=g","contentUrl":"https:\/\/secure.gravatar.com\/avatar\/37d968a2e67a6fd04c169c4bdef102d0bc5d31b2546345219e348575eb80e9a0?s=96&d=mm&r=g","caption":"redazione"},"sameAs":["http:\/\/www.bellunopress.it","https:\/\/x.com\/bellunopress"],"url":"https:\/\/www.bellunopress.it\/fr\/author\/redazione\/"}]}},"_links":{"self":[{"href":"https:\/\/www.bellunopress.it\/fr\/wp-json\/wp\/v2\/posts\/6699","targetHints":{"allow":["GET"]}}],"collection":[{"href":"https:\/\/www.bellunopress.it\/fr\/wp-json\/wp\/v2\/posts"}],"about":[{"href":"https:\/\/www.bellunopress.it\/fr\/wp-json\/wp\/v2\/types\/post"}],"author":[{"embeddable":true,"href":"https:\/\/www.bellunopress.it\/fr\/wp-json\/wp\/v2\/users\/2"}],"replies":[{"embeddable":true,"href":"https:\/\/www.bellunopress.it\/fr\/wp-json\/wp\/v2\/comments?post=6699"}],"version-history":[{"count":1,"href":"https:\/\/www.bellunopress.it\/fr\/wp-json\/wp\/v2\/posts\/6699\/revisions"}],"predecessor-version":[{"id":6702,"href":"https:\/\/www.bellunopress.it\/fr\/wp-json\/wp\/v2\/posts\/6699\/revisions\/6702"}],"wp:attachment":[{"href":"https:\/\/www.bellunopress.it\/fr\/wp-json\/wp\/v2\/media?parent=6699"}],"wp:term":[{"taxonomy":"category","embeddable":true,"href":"https:\/\/www.bellunopress.it\/fr\/wp-json\/wp\/v2\/categories?post=6699"},{"taxonomy":"post_tag","embeddable":true,"href":"https:\/\/www.bellunopress.it\/fr\/wp-json\/wp\/v2\/tags?post=6699"}],"curies":[{"name":"wp","href":"https:\/\/api.w.org\/{rel}","templated":true}]}}