{"id":6689,"date":"2009-08-04T21:53:37","date_gmt":"2009-08-04T20:53:37","guid":{"rendered":"http:\/\/www.bellunopress.it\/?p=6689"},"modified":"2009-08-04T21:53:37","modified_gmt":"2009-08-04T20:53:37","slug":"ultimissime-dalla-regione","status":"publish","type":"post","link":"https:\/\/www.bellunopress.it\/fr\/2009\/08\/04\/ultimissime-dalla-regione\/","title":{"rendered":"Ultimissime dalla Regione"},"content":{"rendered":"<p><strong>All\u2019Arpav la realizzazione del sistema di monitoraggio della frana di Cancia<br \/>\n<\/strong>\u00abSono particolarmente grato ai colleghi di giunta e, in particolare a Giancarlo Conta ed Elena Donazzan, rispettivamente assessori alla Difesa del suolo e alla Protezione civile \u2013 ha dichiarato l\u2019assessore bellunese Oscar De Bona al termine della seduta del governo veneto &#8211;\u00a0 per aver predisposto un intervento strutturale per mitigare il rischio idrogeologico a cui \u00e8 soggetto l\u2019abitato di Cancia a ridosso della frana. Era il 18 luglio scorso quando la frazione di Borca di Cadore \u00e8 stata ancora una volta colpita dalla gran massa di materiale precipitata dalle pendici dell\u2019Antelao causando la morte di due persone. Si \u00e8 trattato di un lutto gravissimo, che ha addolorato tutti profondamente e che richiede interventi urgenti affinch\u00e9 non possa mai pi\u00f9 ripetersi\u00bb. Cos\u00ec la giunta del Veneto, che ha gi\u00e0 dichiarato lo stato di crisi che permette di attingere risorse al fondo regionale e consente di avanzare la richiesta al Dipartimento nazionale per la dichiarazione dello stato di emergenza,\u00a0 ha affidato all\u2019Arpav la progettazione e l\u2019esecuzione del sistema di monitoraggio e di allarme della frana. \u00abTale sistema, la cui spesa\u00a0 di realizzazione \u00e8 prevista in 160 mila euro \u2013 ha sottolineato De Bona &#8211; dovr\u00e0 essere pronto con la tempestivit\u00e0 che la situazione impone e andr\u00e0 accoppiato ad altri specificamente idonei per l\u2019allertamento della popolazione. Esso avr\u00e0 comunque la funzione primaria del monitoraggio meteo-idro-pluviometrico per la previsione e l\u2019allerta in caso di precipitazioni importanti. In precedenza, esattamente una settimana fa, la giunta veneta aveva impartito alcune disposizioni urgenti per il ripristino e la messa in sicurezza del territorio da attuarsi in regime di somma urgenza. In particolare sono stati attivati i lavori per liberare il materiale dalle zone della vasca di accumulo e del sovrastante canalone, oltre al ripristino delle opere di difesa\u00bb.<\/p>\n<p><strong>Cortina, 100 mila euro per l\u2019acquisto del terreno dell\u2019ex ferrovia<br \/>\n<\/strong>Il governo del Veneto, nella seduta odierna (4 agosto), ha accolto la domanda inoltrata dal Comune di Cortina d\u2019Ampezzo e ha concesso un ulteriore contributo di 100 mila euro per procedere in maniera compiuta all\u2019acquisto del terreno dell\u2019ex Ferrovia delle Dolomiti.\u00a0 \u00abIl provvedimento proposto dal collega alla Mobilit\u00e0, Renato Chisso \u2013 spiega l\u2019assessore Oscar De Bona \u2013 si richiama ala precedente accordo di programma fra la Regione Veneto e il Comune di Cortina, sottoscritto in data 7 novembre 2006, il quale costituisce punto di riferimento per le fasi di acquisizione dell\u2019ex sedime ferroviario. Ora spetta all\u2019amministrazione comunale ampezzana presentare entro il 31 dicembre 2011 la rendicontazione della spesa sostenuta\u00bb.<\/p>\n<p><strong>Contributo alla Comunanza delle Regole d\u2019Ampezzo<br \/>\n<\/strong>Al termine della giunta l\u2019assessore De Bona riferisce che su iniziativa dell\u2019assessore agli Enti locali e ai Parchi, Flavio Silvestin,\u00a0 \u00e8 stato concesso i contributo di 368.602,11 euro alla Comunanza delle Regole d\u2019Ampezzo. Questo stanziamento completa un finanziamento destinato alle spese di gestione del Parco delle Dolomiti d\u2019Ampezzo con lo scopo di realizzare l\u2019obiettivo programmatico di favorire l\u2019attuazione delle finalit\u00e0 stesse per cui i parchi regionali sono stati istituiti.\u00a0\u00a0<\/p>\n<p><strong>100 mila euro per sistemare la strada della nuova Rsa di Pieve di Cadore<br \/>\n<\/strong>All\u2019azienda Ulss n. 1 di Belluno, la giunta regionale ha assegnato il finanziamento straordinario di 100 mila euro a copertura dei costi per la sistemazione della strada di accesso alla nuova Residenza sanitaria assistita nell\u2019ex colonia Vazzoler di Pieve di Cadore.\u00a0 Lo fa sapere l\u2019assessore Osca De Bona il quale precisa che si tratta di un contributo straordinario per finanziato ai lavori di adeguamento della \u201cVia Privata del Bersaglio\u201dnecessari per garantire l\u2019accesso alla Rsa del Centro Socio Sanitario del Cadore.<br \/>\n\u00abSulla base della relazione del collega assessore alle Politiche sanitarie,\u00a0 Sandro Sandri, &#8211; spiega De Bona \u2013 \u00e8 stato ritenuto di contribuire alla copertura delle spese necessarie all\u2019attuazione degli interventi urgenti per la viabilit\u00e0 di accesso alla struttura, anche per non vanificare il contributo assegnato per la realizzazione della nuova Rsa e per consentire la sua attivazione in tempi ragionevolmente contenuti. Il finanziamento straordinario \u00e8 a carico del Fondo sanitario regionale a condizione che il Comune di Pieve di Cadore si impegni a costituire sulla strada un vincolo di destinazione a favore della Residenza fintanto che questa rimarr\u00e0 in esercizio\u00bb.<\/p>","protected":false},"excerpt":{"rendered":"<p>All\u2019Arpav la realizzazione del sistema di monitoraggio della frana di Cancia \u00abSono particolarmente grato ai colleghi di giunta e, in particolare a Giancarlo Conta ed Elena Donazzan, rispettivamente assessori alla Difesa del suolo e alla Protezione civile \u2013 ha dichiarato l\u2019assessore bellunese Oscar De Bona al termine della seduta del governo veneto &#8211;\u00a0 per aver [&hellip;]<\/p>\n","protected":false},"author":2,"featured_media":0,"comment_status":"closed","ping_status":"open","sticky":false,"template":"","format":"standard","meta":{"footnotes":""},"categories":[5,26],"tags":[139,151,63],"class_list":["post-6689","post","type-post","status-publish","format-standard","category-cronaca","category-prima-pagina","tag-belluno","tag-cadore","tag-dolomiti"],"yoast_head":"<!-- This site is optimized with the Yoast SEO plugin v28.4 - https:\/\/yoast.com\/product\/yoast-seo-wordpress\/ -->\n<title>Ultimissime dalla Regione - Bellunopress - Dolomiti<\/title>\n<meta name=\"robots\" content=\"index, follow, max-snippet:-1, max-image-preview:large, max-video-preview:-1\" \/>\n<link rel=\"canonical\" href=\"https:\/\/www.bellunopress.it\/fr\/2009\/08\/04\/ultimissime-dalla-regione\/\" \/>\n<meta property=\"og:locale\" content=\"fr_FR\" \/>\n<meta property=\"og:type\" content=\"article\" \/>\n<meta property=\"og:title\" content=\"Ultimissime dalla Regione - Bellunopress - Dolomiti\" \/>\n<meta property=\"og:description\" content=\"All\u2019Arpav la realizzazione del sistema di monitoraggio della frana di Cancia \u00abSono particolarmente grato ai colleghi di giunta e, in particolare a Giancarlo Conta ed Elena Donazzan, rispettivamente assessori alla Difesa del suolo e alla Protezione civile \u2013 ha dichiarato l\u2019assessore bellunese Oscar De Bona al termine della seduta del governo veneto &#8211;\u00a0 per aver [&hellip;]\" \/>\n<meta property=\"og:url\" content=\"https:\/\/www.bellunopress.it\/fr\/2009\/08\/04\/ultimissime-dalla-regione\/\" \/>\n<meta property=\"og:site_name\" content=\"Bellunopress - Dolomiti\" \/>\n<meta property=\"article:publisher\" content=\"https:\/\/www.facebook.com\/profile.php?id=100008943462799\" \/>\n<meta property=\"article:published_time\" content=\"2009-08-04T20:53:37+00:00\" \/>\n<meta property=\"og:image\" content=\"http:\/\/www.bellunopress.it\/wp-content\/uploads\/2012\/07\/logo-bellunopress-250x250-2012.jpg\" \/>\n<meta name=\"author\" content=\"redazione\" \/>\n<meta name=\"twitter:card\" content=\"summary_large_image\" \/>\n<meta name=\"twitter:creator\" content=\"@bellunopress\" \/>\n<meta name=\"twitter:site\" content=\"@bellunopress\" \/>\n<meta name=\"twitter:label1\" content=\"\u00c9crit par\" \/>\n\t<meta name=\"twitter:data1\" content=\"redazione\" \/>\n\t<meta name=\"twitter:label2\" content=\"Dur\u00e9e de lecture estim\u00e9e\" \/>\n\t<meta name=\"twitter:data2\" content=\"3 minutes\" \/>\n<script type=\"application\/ld+json\" class=\"yoast-schema-graph\">{\"@context\":\"https:\\\/\\\/schema.org\",\"@graph\":[{\"@type\":\"Article\",\"@id\":\"https:\\\/\\\/www.bellunopress.it\\\/2009\\\/08\\\/04\\\/ultimissime-dalla-regione\\\/#article\",\"isPartOf\":{\"@id\":\"https:\\\/\\\/www.bellunopress.it\\\/2009\\\/08\\\/04\\\/ultimissime-dalla-regione\\\/\"},\"author\":{\"name\":\"redazione\",\"@id\":\"https:\\\/\\\/www.bellunopress.it\\\/#\\\/schema\\\/person\\\/79bb06722b37ece1c03d3e94beb30d73\"},\"headline\":\"Ultimissime dalla Regione\",\"datePublished\":\"2009-08-04T20:53:37+00:00\",\"mainEntityOfPage\":{\"@id\":\"https:\\\/\\\/www.bellunopress.it\\\/2009\\\/08\\\/04\\\/ultimissime-dalla-regione\\\/\"},\"wordCount\":697,\"publisher\":{\"@id\":\"https:\\\/\\\/www.bellunopress.it\\\/#organization\"},\"keywords\":[\"Belluno\",\"Cadore\",\"Dolomiti\"],\"articleSection\":[\"Cronaca\\\/Politica\",\"Prima Pagina\"],\"inLanguage\":\"fr-FR\"},{\"@type\":\"WebPage\",\"@id\":\"https:\\\/\\\/www.bellunopress.it\\\/2009\\\/08\\\/04\\\/ultimissime-dalla-regione\\\/\",\"url\":\"https:\\\/\\\/www.bellunopress.it\\\/2009\\\/08\\\/04\\\/ultimissime-dalla-regione\\\/\",\"name\":\"Ultimissime dalla Regione - Bellunopress - Dolomiti\",\"isPartOf\":{\"@id\":\"https:\\\/\\\/www.bellunopress.it\\\/#website\"},\"datePublished\":\"2009-08-04T20:53:37+00:00\",\"breadcrumb\":{\"@id\":\"https:\\\/\\\/www.bellunopress.it\\\/2009\\\/08\\\/04\\\/ultimissime-dalla-regione\\\/#breadcrumb\"},\"inLanguage\":\"fr-FR\",\"potentialAction\":[{\"@type\":\"ReadAction\",\"target\":[\"https:\\\/\\\/www.bellunopress.it\\\/2009\\\/08\\\/04\\\/ultimissime-dalla-regione\\\/\"]}]},{\"@type\":\"BreadcrumbList\",\"@id\":\"https:\\\/\\\/www.bellunopress.it\\\/2009\\\/08\\\/04\\\/ultimissime-dalla-regione\\\/#breadcrumb\",\"itemListElement\":[{\"@type\":\"ListItem\",\"position\":1,\"name\":\"Home\",\"item\":\"https:\\\/\\\/www.bellunopress.it\\\/\"},{\"@type\":\"ListItem\",\"position\":2,\"name\":\"Ultimissime dalla Regione\"}]},{\"@type\":\"WebSite\",\"@id\":\"https:\\\/\\\/www.bellunopress.it\\\/#website\",\"url\":\"https:\\\/\\\/www.bellunopress.it\\\/\",\"name\":\"Bellunopress - Dolomiti\",\"description\":\"e-mail: redazione@bellunopress.it\",\"publisher\":{\"@id\":\"https:\\\/\\\/www.bellunopress.it\\\/#organization\"},\"potentialAction\":[{\"@type\":\"SearchAction\",\"target\":{\"@type\":\"EntryPoint\",\"urlTemplate\":\"https:\\\/\\\/www.bellunopress.it\\\/?s={search_term_string}\"},\"query-input\":{\"@type\":\"PropertyValueSpecification\",\"valueRequired\":true,\"valueName\":\"search_term_string\"}}],\"inLanguage\":\"fr-FR\"},{\"@type\":\"Organization\",\"@id\":\"https:\\\/\\\/www.bellunopress.it\\\/#organization\",\"name\":\"Bellunopress\",\"url\":\"https:\\\/\\\/www.bellunopress.it\\\/\",\"logo\":{\"@type\":\"ImageObject\",\"inLanguage\":\"fr-FR\",\"@id\":\"https:\\\/\\\/www.bellunopress.it\\\/#\\\/schema\\\/logo\\\/image\\\/\",\"url\":\"https:\\\/\\\/www.bellunopress.it\\\/wp-content\\\/uploads\\\/2011\\\/05\\\/cropped-logo-bellunopress-.jpg\",\"contentUrl\":\"https:\\\/\\\/www.bellunopress.it\\\/wp-content\\\/uploads\\\/2011\\\/05\\\/cropped-logo-bellunopress-.jpg\",\"width\":512,\"height\":512,\"caption\":\"Bellunopress\"},\"image\":{\"@id\":\"https:\\\/\\\/www.bellunopress.it\\\/#\\\/schema\\\/logo\\\/image\\\/\"},\"sameAs\":[\"https:\\\/\\\/www.facebook.com\\\/profile.php?id=100008943462799\",\"https:\\\/\\\/x.com\\\/bellunopress\",\"https:\\\/\\\/www.linkedin.com\\\/hp\\\/?dnr=JBzUWaJfMUw8vbXJJ2tVW5-I3jZKvC4wsoxE&amp;amp;amp;amp;amp;amp;trk=nav_responsive_tab_home\",\"https:\\\/\\\/www.youtube.com\\\/channel\\\/UCxL0wu1uN0_3_7hGG0306cw\"]},{\"@type\":\"Person\",\"@id\":\"https:\\\/\\\/www.bellunopress.it\\\/#\\\/schema\\\/person\\\/79bb06722b37ece1c03d3e94beb30d73\",\"name\":\"redazione\",\"image\":{\"@type\":\"ImageObject\",\"inLanguage\":\"fr-FR\",\"@id\":\"https:\\\/\\\/secure.gravatar.com\\\/avatar\\\/37d968a2e67a6fd04c169c4bdef102d0bc5d31b2546345219e348575eb80e9a0?s=96&d=mm&r=g\",\"url\":\"https:\\\/\\\/secure.gravatar.com\\\/avatar\\\/37d968a2e67a6fd04c169c4bdef102d0bc5d31b2546345219e348575eb80e9a0?s=96&d=mm&r=g\",\"contentUrl\":\"https:\\\/\\\/secure.gravatar.com\\\/avatar\\\/37d968a2e67a6fd04c169c4bdef102d0bc5d31b2546345219e348575eb80e9a0?s=96&d=mm&r=g\",\"caption\":\"redazione\"},\"sameAs\":[\"http:\\\/\\\/www.bellunopress.it\",\"https:\\\/\\\/x.com\\\/bellunopress\"],\"url\":\"https:\\\/\\\/www.bellunopress.it\\\/fr\\\/author\\\/redazione\\\/\"}]}<\/script>\n<!-- \/ Yoast SEO plugin. -->","yoast_head_json":{"title":"Ultimissime dalla Regione - Bellunopress - Dolomiti","robots":{"index":"index","follow":"follow","max-snippet":"max-snippet:-1","max-image-preview":"max-image-preview:large","max-video-preview":"max-video-preview:-1"},"canonical":"https:\/\/www.bellunopress.it\/fr\/2009\/08\/04\/ultimissime-dalla-regione\/","og_locale":"fr_FR","og_type":"article","og_title":"Ultimissime dalla Regione - Bellunopress - Dolomiti","og_description":"All\u2019Arpav la realizzazione del sistema di monitoraggio della frana di Cancia \u00abSono particolarmente grato ai colleghi di giunta e, in particolare a Giancarlo Conta ed Elena Donazzan, rispettivamente assessori alla Difesa del suolo e alla Protezione civile \u2013 ha dichiarato l\u2019assessore bellunese Oscar De Bona al termine della seduta del governo veneto &#8211;\u00a0 per aver [&hellip;]","og_url":"https:\/\/www.bellunopress.it\/fr\/2009\/08\/04\/ultimissime-dalla-regione\/","og_site_name":"Bellunopress - Dolomiti","article_publisher":"https:\/\/www.facebook.com\/profile.php?id=100008943462799","article_published_time":"2009-08-04T20:53:37+00:00","og_image":[{"url":"http:\/\/www.bellunopress.it\/wp-content\/uploads\/2012\/07\/logo-bellunopress-250x250-2012.jpg","type":"","width":"","height":""}],"author":"redazione","twitter_card":"summary_large_image","twitter_creator":"@bellunopress","twitter_site":"@bellunopress","twitter_misc":{"\u00c9crit par":"redazione","Dur\u00e9e de lecture estim\u00e9e":"3 minutes"},"schema":{"@context":"https:\/\/schema.org","@graph":[{"@type":"Article","@id":"https:\/\/www.bellunopress.it\/2009\/08\/04\/ultimissime-dalla-regione\/#article","isPartOf":{"@id":"https:\/\/www.bellunopress.it\/2009\/08\/04\/ultimissime-dalla-regione\/"},"author":{"name":"redazione","@id":"https:\/\/www.bellunopress.it\/#\/schema\/person\/79bb06722b37ece1c03d3e94beb30d73"},"headline":"Ultimissime dalla Regione","datePublished":"2009-08-04T20:53:37+00:00","mainEntityOfPage":{"@id":"https:\/\/www.bellunopress.it\/2009\/08\/04\/ultimissime-dalla-regione\/"},"wordCount":697,"publisher":{"@id":"https:\/\/www.bellunopress.it\/#organization"},"keywords":["Belluno","Cadore","Dolomiti"],"articleSection":["Cronaca\/Politica","Prima Pagina"],"inLanguage":"fr-FR"},{"@type":"WebPage","@id":"https:\/\/www.bellunopress.it\/2009\/08\/04\/ultimissime-dalla-regione\/","url":"https:\/\/www.bellunopress.it\/2009\/08\/04\/ultimissime-dalla-regione\/","name":"Ultimissime dalla Regione - Bellunopress - Dolomiti","isPartOf":{"@id":"https:\/\/www.bellunopress.it\/#website"},"datePublished":"2009-08-04T20:53:37+00:00","breadcrumb":{"@id":"https:\/\/www.bellunopress.it\/2009\/08\/04\/ultimissime-dalla-regione\/#breadcrumb"},"inLanguage":"fr-FR","potentialAction":[{"@type":"ReadAction","target":["https:\/\/www.bellunopress.it\/2009\/08\/04\/ultimissime-dalla-regione\/"]}]},{"@type":"BreadcrumbList","@id":"https:\/\/www.bellunopress.it\/2009\/08\/04\/ultimissime-dalla-regione\/#breadcrumb","itemListElement":[{"@type":"ListItem","position":1,"name":"Home","item":"https:\/\/www.bellunopress.it\/"},{"@type":"ListItem","position":2,"name":"Ultimissime dalla Regione"}]},{"@type":"WebSite","@id":"https:\/\/www.bellunopress.it\/#website","url":"https:\/\/www.bellunopress.it\/","name":"Bellunopress - Dolomiti","description":"e-mail: redazione@bellunopress.it","publisher":{"@id":"https:\/\/www.bellunopress.it\/#organization"},"potentialAction":[{"@type":"SearchAction","target":{"@type":"EntryPoint","urlTemplate":"https:\/\/www.bellunopress.it\/?s={search_term_string}"},"query-input":{"@type":"PropertyValueSpecification","valueRequired":true,"valueName":"search_term_string"}}],"inLanguage":"fr-FR"},{"@type":"Organization","@id":"https:\/\/www.bellunopress.it\/#organization","name":"Bellunopress","url":"https:\/\/www.bellunopress.it\/","logo":{"@type":"ImageObject","inLanguage":"fr-FR","@id":"https:\/\/www.bellunopress.it\/#\/schema\/logo\/image\/","url":"https:\/\/www.bellunopress.it\/wp-content\/uploads\/2011\/05\/cropped-logo-bellunopress-.jpg","contentUrl":"https:\/\/www.bellunopress.it\/wp-content\/uploads\/2011\/05\/cropped-logo-bellunopress-.jpg","width":512,"height":512,"caption":"Bellunopress"},"image":{"@id":"https:\/\/www.bellunopress.it\/#\/schema\/logo\/image\/"},"sameAs":["https:\/\/www.facebook.com\/profile.php?id=100008943462799","https:\/\/x.com\/bellunopress","https:\/\/www.linkedin.com\/hp\/?dnr=JBzUWaJfMUw8vbXJJ2tVW5-I3jZKvC4wsoxE&amp;amp;amp;amp;amp;amp;trk=nav_responsive_tab_home","https:\/\/www.youtube.com\/channel\/UCxL0wu1uN0_3_7hGG0306cw"]},{"@type":"Person","@id":"https:\/\/www.bellunopress.it\/#\/schema\/person\/79bb06722b37ece1c03d3e94beb30d73","name":"r\u00e9daction","image":{"@type":"ImageObject","inLanguage":"fr-FR","@id":"https:\/\/secure.gravatar.com\/avatar\/37d968a2e67a6fd04c169c4bdef102d0bc5d31b2546345219e348575eb80e9a0?s=96&d=mm&r=g","url":"https:\/\/secure.gravatar.com\/avatar\/37d968a2e67a6fd04c169c4bdef102d0bc5d31b2546345219e348575eb80e9a0?s=96&d=mm&r=g","contentUrl":"https:\/\/secure.gravatar.com\/avatar\/37d968a2e67a6fd04c169c4bdef102d0bc5d31b2546345219e348575eb80e9a0?s=96&d=mm&r=g","caption":"redazione"},"sameAs":["http:\/\/www.bellunopress.it","https:\/\/x.com\/bellunopress"],"url":"https:\/\/www.bellunopress.it\/fr\/author\/redazione\/"}]}},"_links":{"self":[{"href":"https:\/\/www.bellunopress.it\/fr\/wp-json\/wp\/v2\/posts\/6689","targetHints":{"allow":["GET"]}}],"collection":[{"href":"https:\/\/www.bellunopress.it\/fr\/wp-json\/wp\/v2\/posts"}],"about":[{"href":"https:\/\/www.bellunopress.it\/fr\/wp-json\/wp\/v2\/types\/post"}],"author":[{"embeddable":true,"href":"https:\/\/www.bellunopress.it\/fr\/wp-json\/wp\/v2\/users\/2"}],"replies":[{"embeddable":true,"href":"https:\/\/www.bellunopress.it\/fr\/wp-json\/wp\/v2\/comments?post=6689"}],"version-history":[{"count":1,"href":"https:\/\/www.bellunopress.it\/fr\/wp-json\/wp\/v2\/posts\/6689\/revisions"}],"predecessor-version":[{"id":6690,"href":"https:\/\/www.bellunopress.it\/fr\/wp-json\/wp\/v2\/posts\/6689\/revisions\/6690"}],"wp:attachment":[{"href":"https:\/\/www.bellunopress.it\/fr\/wp-json\/wp\/v2\/media?parent=6689"}],"wp:term":[{"taxonomy":"category","embeddable":true,"href":"https:\/\/www.bellunopress.it\/fr\/wp-json\/wp\/v2\/categories?post=6689"},{"taxonomy":"post_tag","embeddable":true,"href":"https:\/\/www.bellunopress.it\/fr\/wp-json\/wp\/v2\/tags?post=6689"}],"curies":[{"name":"wp","href":"https:\/\/api.w.org\/{rel}","templated":true}]}}