{"id":66219,"date":"2015-02-05T16:21:48","date_gmt":"2015-02-05T15:21:48","guid":{"rendered":"http:\/\/www.bellunopress.it\/?p=66219"},"modified":"2015-02-05T16:21:48","modified_gmt":"2015-02-05T15:21:48","slug":"bollo-auto-storiche-ultraventennali-ciambetti-deposita-lemendamento-per-reintrodurre-le-agevolazioni","status":"publish","type":"post","link":"https:\/\/www.bellunopress.it\/fr\/2015\/02\/05\/bollo-auto-storiche-ultraventennali-ciambetti-deposita-lemendamento-per-reintrodurre-le-agevolazioni\/","title":{"rendered":"Bollo auto storiche ultraventennali: Ciambetti deposita l&#8217;emendamento per reintrodurre le agevolazioni"},"content":{"rendered":"<figure id=\"attachment_15094\" aria-describedby=\"caption-attachment-15094\" style=\"width: 109px\" class=\"wp-caption alignleft\"><a href=\"http:\/\/www.bellunopress.it\/wp-content\/uploads\/2010\/05\/roberto-ciambetti.jpg\"><img loading=\"lazy\" decoding=\"async\" class=\"size-full wp-image-15094\" src=\"http:\/\/www.bellunopress.it\/wp-content\/uploads\/2010\/05\/roberto-ciambetti.jpg\" alt=\"Roberto Ciambetti\" width=\"109\" height=\"160\" \/><\/a><figcaption id=\"caption-attachment-15094\" class=\"wp-caption-text\">Roberto Ciambetti<\/figcaption><\/figure>\n<p align=\"LEFT\">\u201cCome preannunciato, \u00a0ho depositato in Commissione bilancio l\u2019emendamento che reintroduce le agevolazioni per le auto storiche ultraventennali\u201d.<\/p>\n<p align=\"LEFT\">L&#8217;assessore Roberto Ciambetti ha avviato in maniera formale l\u2019iter che porter\u00e0 il Consiglio regionale a pronunciarsi sulle agevolazioni per le auto storiche con pi\u00f9 di 20 ma meno di 30 anni di vita.<\/p>\n<p align=\"LEFT\">\u201cCome \u00e8 noto \u2013 ha spiegato Ciambetti \u2013 il governo con la legge di Stabilit\u00e0 aveva escluso ogni agevolazione per questo tipo di veicoli, con il risultato assurdo di prevedere bolli auto sproporzionati rispetto al valore di mercato dei veicoli. Proprio per riequilibrare la situazione e tutelare il mondo del collezionismo, con questo emendamento introduco nuovamente le agevolazioni che erano riconosciute in precedenza: auto e moto iscritte nei registri storici, previsti dal Decreto legislativo 285 del 1992, pagheranno rispettivamente 11,36 euro e 28,40 euro come in passato\u201d.<\/p>\n<p align=\"LEFT\">\u201cL\u2019emendamento \u2013 conclude l\u2019assessore \u2013 non riguarda in maniera indiscriminata tutti i mezzi, ma solo quelli certificati e iscritti nei registri. Non credo che il Consiglio avr\u00e0 remore nel dire s\u00ec a questa proposta\u201d.<\/p>\n<p align=\"LEFT\">L&#8217;emendamento Ciambetti, passato il vaglio della Commissione bilancio, verr\u00e0 discusso &#8211; &#8220;e mi auguro approvato&#8221; auspica l&#8217;assessore &#8211; in Consiglio regionale nella sessione dedicata al bilancio.<\/p>","protected":false},"excerpt":{"rendered":"<p>\u201cCome preannunciato, \u00a0ho depositato in Commissione bilancio l\u2019emendamento che reintroduce le agevolazioni per le auto storiche ultraventennali\u201d. L&#8217;assessore Roberto Ciambetti ha avviato in maniera formale l\u2019iter che porter\u00e0 il Consiglio regionale a pronunciarsi sulle agevolazioni per le auto storiche con pi\u00f9 di 20 ma meno di 30 anni di vita. \u201cCome \u00e8 noto \u2013 ha [&hellip;]<\/p>\n","protected":false},"author":2,"featured_media":0,"comment_status":"closed","ping_status":"open","sticky":false,"template":"","format":"standard","meta":{"footnotes":""},"categories":[5,26,4],"tags":[],"class_list":["post-66219","post","type-post","status-publish","format-standard","category-cronaca","category-prima-pagina","category-sport"],"yoast_head":"<!-- This site is optimized with the Yoast SEO plugin v28.4 - https:\/\/yoast.com\/product\/yoast-seo-wordpress\/ -->\n<title>Bollo auto storiche ultraventennali: Ciambetti deposita l&#039;emendamento per reintrodurre le agevolazioni - Bellunopress - Dolomiti<\/title>\n<meta name=\"robots\" content=\"index, follow, max-snippet:-1, max-image-preview:large, max-video-preview:-1\" \/>\n<link rel=\"canonical\" href=\"https:\/\/www.bellunopress.it\/fr\/2015\/02\/05\/bollo-auto-storiche-ultraventennali-ciambetti-deposita-lemendamento-per-reintrodurre-le-agevolazioni\/\" \/>\n<meta property=\"og:locale\" content=\"fr_FR\" \/>\n<meta property=\"og:type\" content=\"article\" \/>\n<meta property=\"og:title\" content=\"Bollo auto storiche ultraventennali: Ciambetti deposita l&#039;emendamento per reintrodurre le agevolazioni - Bellunopress - Dolomiti\" \/>\n<meta property=\"og:description\" content=\"\u201cCome preannunciato, \u00a0ho depositato in Commissione bilancio l\u2019emendamento che reintroduce le agevolazioni per le auto storiche ultraventennali\u201d. L&#8217;assessore Roberto Ciambetti ha avviato in maniera formale l\u2019iter che porter\u00e0 il Consiglio regionale a pronunciarsi sulle agevolazioni per le auto storiche con pi\u00f9 di 20 ma meno di 30 anni di vita. \u201cCome \u00e8 noto \u2013 ha [&hellip;]\" \/>\n<meta property=\"og:url\" content=\"https:\/\/www.bellunopress.it\/fr\/2015\/02\/05\/bollo-auto-storiche-ultraventennali-ciambetti-deposita-lemendamento-per-reintrodurre-le-agevolazioni\/\" \/>\n<meta property=\"og:site_name\" content=\"Bellunopress - Dolomiti\" \/>\n<meta property=\"article:publisher\" content=\"https:\/\/www.facebook.com\/profile.php?id=100008943462799\" \/>\n<meta property=\"article:published_time\" content=\"2015-02-05T15:21:48+00:00\" \/>\n<meta property=\"og:image\" content=\"http:\/\/www.bellunopress.it\/wp-content\/uploads\/2010\/05\/roberto-ciambetti.jpg\" \/>\n<meta name=\"author\" content=\"redazione\" \/>\n<meta name=\"twitter:card\" content=\"summary_large_image\" \/>\n<meta name=\"twitter:creator\" content=\"@bellunopress\" \/>\n<meta name=\"twitter:site\" content=\"@bellunopress\" \/>\n<meta name=\"twitter:label1\" content=\"\u00c9crit par\" \/>\n\t<meta name=\"twitter:data1\" content=\"redazione\" \/>\n\t<meta name=\"twitter:label2\" content=\"Dur\u00e9e de lecture estim\u00e9e\" \/>\n\t<meta name=\"twitter:data2\" content=\"1 minute\" \/>\n<script type=\"application\/ld+json\" class=\"yoast-schema-graph\">{\"@context\":\"https:\\\/\\\/schema.org\",\"@graph\":[{\"@type\":\"Article\",\"@id\":\"https:\\\/\\\/www.bellunopress.it\\\/2015\\\/02\\\/05\\\/bollo-auto-storiche-ultraventennali-ciambetti-deposita-lemendamento-per-reintrodurre-le-agevolazioni\\\/#article\",\"isPartOf\":{\"@id\":\"https:\\\/\\\/www.bellunopress.it\\\/2015\\\/02\\\/05\\\/bollo-auto-storiche-ultraventennali-ciambetti-deposita-lemendamento-per-reintrodurre-le-agevolazioni\\\/\"},\"author\":{\"name\":\"redazione\",\"@id\":\"https:\\\/\\\/www.bellunopress.it\\\/#\\\/schema\\\/person\\\/79bb06722b37ece1c03d3e94beb30d73\"},\"headline\":\"Bollo auto storiche ultraventennali: Ciambetti deposita l&#8217;emendamento per reintrodurre le agevolazioni\",\"datePublished\":\"2015-02-05T15:21:48+00:00\",\"mainEntityOfPage\":{\"@id\":\"https:\\\/\\\/www.bellunopress.it\\\/2015\\\/02\\\/05\\\/bollo-auto-storiche-ultraventennali-ciambetti-deposita-lemendamento-per-reintrodurre-le-agevolazioni\\\/\"},\"wordCount\":214,\"publisher\":{\"@id\":\"https:\\\/\\\/www.bellunopress.it\\\/#organization\"},\"image\":{\"@id\":\"https:\\\/\\\/www.bellunopress.it\\\/2015\\\/02\\\/05\\\/bollo-auto-storiche-ultraventennali-ciambetti-deposita-lemendamento-per-reintrodurre-le-agevolazioni\\\/#primaryimage\"},\"thumbnailUrl\":\"http:\\\/\\\/www.bellunopress.it\\\/wp-content\\\/uploads\\\/2010\\\/05\\\/roberto-ciambetti.jpg\",\"articleSection\":[\"Cronaca\\\/Politica\",\"Prima Pagina\",\"Sport, tempo libero\"],\"inLanguage\":\"fr-FR\"},{\"@type\":\"WebPage\",\"@id\":\"https:\\\/\\\/www.bellunopress.it\\\/2015\\\/02\\\/05\\\/bollo-auto-storiche-ultraventennali-ciambetti-deposita-lemendamento-per-reintrodurre-le-agevolazioni\\\/\",\"url\":\"https:\\\/\\\/www.bellunopress.it\\\/2015\\\/02\\\/05\\\/bollo-auto-storiche-ultraventennali-ciambetti-deposita-lemendamento-per-reintrodurre-le-agevolazioni\\\/\",\"name\":\"Bollo auto storiche ultraventennali: Ciambetti deposita l'emendamento per reintrodurre le agevolazioni - Bellunopress - Dolomiti\",\"isPartOf\":{\"@id\":\"https:\\\/\\\/www.bellunopress.it\\\/#website\"},\"primaryImageOfPage\":{\"@id\":\"https:\\\/\\\/www.bellunopress.it\\\/2015\\\/02\\\/05\\\/bollo-auto-storiche-ultraventennali-ciambetti-deposita-lemendamento-per-reintrodurre-le-agevolazioni\\\/#primaryimage\"},\"image\":{\"@id\":\"https:\\\/\\\/www.bellunopress.it\\\/2015\\\/02\\\/05\\\/bollo-auto-storiche-ultraventennali-ciambetti-deposita-lemendamento-per-reintrodurre-le-agevolazioni\\\/#primaryimage\"},\"thumbnailUrl\":\"http:\\\/\\\/www.bellunopress.it\\\/wp-content\\\/uploads\\\/2010\\\/05\\\/roberto-ciambetti.jpg\",\"datePublished\":\"2015-02-05T15:21:48+00:00\",\"breadcrumb\":{\"@id\":\"https:\\\/\\\/www.bellunopress.it\\\/2015\\\/02\\\/05\\\/bollo-auto-storiche-ultraventennali-ciambetti-deposita-lemendamento-per-reintrodurre-le-agevolazioni\\\/#breadcrumb\"},\"inLanguage\":\"fr-FR\",\"potentialAction\":[{\"@type\":\"ReadAction\",\"target\":[\"https:\\\/\\\/www.bellunopress.it\\\/2015\\\/02\\\/05\\\/bollo-auto-storiche-ultraventennali-ciambetti-deposita-lemendamento-per-reintrodurre-le-agevolazioni\\\/\"]}]},{\"@type\":\"ImageObject\",\"inLanguage\":\"fr-FR\",\"@id\":\"https:\\\/\\\/www.bellunopress.it\\\/2015\\\/02\\\/05\\\/bollo-auto-storiche-ultraventennali-ciambetti-deposita-lemendamento-per-reintrodurre-le-agevolazioni\\\/#primaryimage\",\"url\":\"http:\\\/\\\/www.bellunopress.it\\\/wp-content\\\/uploads\\\/2010\\\/05\\\/roberto-ciambetti.jpg\",\"contentUrl\":\"http:\\\/\\\/www.bellunopress.it\\\/wp-content\\\/uploads\\\/2010\\\/05\\\/roberto-ciambetti.jpg\"},{\"@type\":\"BreadcrumbList\",\"@id\":\"https:\\\/\\\/www.bellunopress.it\\\/2015\\\/02\\\/05\\\/bollo-auto-storiche-ultraventennali-ciambetti-deposita-lemendamento-per-reintrodurre-le-agevolazioni\\\/#breadcrumb\",\"itemListElement\":[{\"@type\":\"ListItem\",\"position\":1,\"name\":\"Home\",\"item\":\"https:\\\/\\\/www.bellunopress.it\\\/\"},{\"@type\":\"ListItem\",\"position\":2,\"name\":\"Bollo auto storiche ultraventennali: Ciambetti deposita l&#8217;emendamento per reintrodurre le agevolazioni\"}]},{\"@type\":\"WebSite\",\"@id\":\"https:\\\/\\\/www.bellunopress.it\\\/#website\",\"url\":\"https:\\\/\\\/www.bellunopress.it\\\/\",\"name\":\"Bellunopress - Dolomiti\",\"description\":\"e-mail: redazione@bellunopress.it\",\"publisher\":{\"@id\":\"https:\\\/\\\/www.bellunopress.it\\\/#organization\"},\"potentialAction\":[{\"@type\":\"SearchAction\",\"target\":{\"@type\":\"EntryPoint\",\"urlTemplate\":\"https:\\\/\\\/www.bellunopress.it\\\/?s={search_term_string}\"},\"query-input\":{\"@type\":\"PropertyValueSpecification\",\"valueRequired\":true,\"valueName\":\"search_term_string\"}}],\"inLanguage\":\"fr-FR\"},{\"@type\":\"Organization\",\"@id\":\"https:\\\/\\\/www.bellunopress.it\\\/#organization\",\"name\":\"Bellunopress\",\"url\":\"https:\\\/\\\/www.bellunopress.it\\\/\",\"logo\":{\"@type\":\"ImageObject\",\"inLanguage\":\"fr-FR\",\"@id\":\"https:\\\/\\\/www.bellunopress.it\\\/#\\\/schema\\\/logo\\\/image\\\/\",\"url\":\"https:\\\/\\\/www.bellunopress.it\\\/wp-content\\\/uploads\\\/2011\\\/05\\\/cropped-logo-bellunopress-.jpg\",\"contentUrl\":\"https:\\\/\\\/www.bellunopress.it\\\/wp-content\\\/uploads\\\/2011\\\/05\\\/cropped-logo-bellunopress-.jpg\",\"width\":512,\"height\":512,\"caption\":\"Bellunopress\"},\"image\":{\"@id\":\"https:\\\/\\\/www.bellunopress.it\\\/#\\\/schema\\\/logo\\\/image\\\/\"},\"sameAs\":[\"https:\\\/\\\/www.facebook.com\\\/profile.php?id=100008943462799\",\"https:\\\/\\\/x.com\\\/bellunopress\",\"https:\\\/\\\/www.linkedin.com\\\/hp\\\/?dnr=JBzUWaJfMUw8vbXJJ2tVW5-I3jZKvC4wsoxE&amp;amp;amp;amp;amp;amp;trk=nav_responsive_tab_home\",\"https:\\\/\\\/www.youtube.com\\\/channel\\\/UCxL0wu1uN0_3_7hGG0306cw\"]},{\"@type\":\"Person\",\"@id\":\"https:\\\/\\\/www.bellunopress.it\\\/#\\\/schema\\\/person\\\/79bb06722b37ece1c03d3e94beb30d73\",\"name\":\"redazione\",\"image\":{\"@type\":\"ImageObject\",\"inLanguage\":\"fr-FR\",\"@id\":\"https:\\\/\\\/secure.gravatar.com\\\/avatar\\\/37d968a2e67a6fd04c169c4bdef102d0bc5d31b2546345219e348575eb80e9a0?s=96&d=mm&r=g\",\"url\":\"https:\\\/\\\/secure.gravatar.com\\\/avatar\\\/37d968a2e67a6fd04c169c4bdef102d0bc5d31b2546345219e348575eb80e9a0?s=96&d=mm&r=g\",\"contentUrl\":\"https:\\\/\\\/secure.gravatar.com\\\/avatar\\\/37d968a2e67a6fd04c169c4bdef102d0bc5d31b2546345219e348575eb80e9a0?s=96&d=mm&r=g\",\"caption\":\"redazione\"},\"sameAs\":[\"http:\\\/\\\/www.bellunopress.it\",\"https:\\\/\\\/x.com\\\/bellunopress\"],\"url\":\"https:\\\/\\\/www.bellunopress.it\\\/fr\\\/author\\\/redazione\\\/\"}]}<\/script>\n<!-- \/ Yoast SEO plugin. -->","yoast_head_json":{"title":"Bollo auto storiche ultraventennali: Ciambetti deposita l'emendamento per reintrodurre le agevolazioni - Bellunopress - Dolomiti","robots":{"index":"index","follow":"follow","max-snippet":"max-snippet:-1","max-image-preview":"max-image-preview:large","max-video-preview":"max-video-preview:-1"},"canonical":"https:\/\/www.bellunopress.it\/fr\/2015\/02\/05\/bollo-auto-storiche-ultraventennali-ciambetti-deposita-lemendamento-per-reintrodurre-le-agevolazioni\/","og_locale":"fr_FR","og_type":"article","og_title":"Bollo auto storiche ultraventennali: Ciambetti deposita l'emendamento per reintrodurre le agevolazioni - Bellunopress - Dolomiti","og_description":"\u201cCome preannunciato, \u00a0ho depositato in Commissione bilancio l\u2019emendamento che reintroduce le agevolazioni per le auto storiche ultraventennali\u201d. L&#8217;assessore Roberto Ciambetti ha avviato in maniera formale l\u2019iter che porter\u00e0 il Consiglio regionale a pronunciarsi sulle agevolazioni per le auto storiche con pi\u00f9 di 20 ma meno di 30 anni di vita. \u201cCome \u00e8 noto \u2013 ha [&hellip;]","og_url":"https:\/\/www.bellunopress.it\/fr\/2015\/02\/05\/bollo-auto-storiche-ultraventennali-ciambetti-deposita-lemendamento-per-reintrodurre-le-agevolazioni\/","og_site_name":"Bellunopress - Dolomiti","article_publisher":"https:\/\/www.facebook.com\/profile.php?id=100008943462799","article_published_time":"2015-02-05T15:21:48+00:00","og_image":[{"url":"http:\/\/www.bellunopress.it\/wp-content\/uploads\/2010\/05\/roberto-ciambetti.jpg","type":"","width":"","height":""}],"author":"redazione","twitter_card":"summary_large_image","twitter_creator":"@bellunopress","twitter_site":"@bellunopress","twitter_misc":{"\u00c9crit par":"redazione","Dur\u00e9e de lecture estim\u00e9e":"1 minute"},"schema":{"@context":"https:\/\/schema.org","@graph":[{"@type":"Article","@id":"https:\/\/www.bellunopress.it\/2015\/02\/05\/bollo-auto-storiche-ultraventennali-ciambetti-deposita-lemendamento-per-reintrodurre-le-agevolazioni\/#article","isPartOf":{"@id":"https:\/\/www.bellunopress.it\/2015\/02\/05\/bollo-auto-storiche-ultraventennali-ciambetti-deposita-lemendamento-per-reintrodurre-le-agevolazioni\/"},"author":{"name":"redazione","@id":"https:\/\/www.bellunopress.it\/#\/schema\/person\/79bb06722b37ece1c03d3e94beb30d73"},"headline":"Bollo auto storiche ultraventennali: Ciambetti deposita l&#8217;emendamento per reintrodurre le agevolazioni","datePublished":"2015-02-05T15:21:48+00:00","mainEntityOfPage":{"@id":"https:\/\/www.bellunopress.it\/2015\/02\/05\/bollo-auto-storiche-ultraventennali-ciambetti-deposita-lemendamento-per-reintrodurre-le-agevolazioni\/"},"wordCount":214,"publisher":{"@id":"https:\/\/www.bellunopress.it\/#organization"},"image":{"@id":"https:\/\/www.bellunopress.it\/2015\/02\/05\/bollo-auto-storiche-ultraventennali-ciambetti-deposita-lemendamento-per-reintrodurre-le-agevolazioni\/#primaryimage"},"thumbnailUrl":"http:\/\/www.bellunopress.it\/wp-content\/uploads\/2010\/05\/roberto-ciambetti.jpg","articleSection":["Cronaca\/Politica","Prima Pagina","Sport, tempo libero"],"inLanguage":"fr-FR"},{"@type":"WebPage","@id":"https:\/\/www.bellunopress.it\/2015\/02\/05\/bollo-auto-storiche-ultraventennali-ciambetti-deposita-lemendamento-per-reintrodurre-le-agevolazioni\/","url":"https:\/\/www.bellunopress.it\/2015\/02\/05\/bollo-auto-storiche-ultraventennali-ciambetti-deposita-lemendamento-per-reintrodurre-le-agevolazioni\/","name":"Bollo auto storiche ultraventennali: Ciambetti deposita l'emendamento per reintrodurre le agevolazioni - Bellunopress - Dolomiti","isPartOf":{"@id":"https:\/\/www.bellunopress.it\/#website"},"primaryImageOfPage":{"@id":"https:\/\/www.bellunopress.it\/2015\/02\/05\/bollo-auto-storiche-ultraventennali-ciambetti-deposita-lemendamento-per-reintrodurre-le-agevolazioni\/#primaryimage"},"image":{"@id":"https:\/\/www.bellunopress.it\/2015\/02\/05\/bollo-auto-storiche-ultraventennali-ciambetti-deposita-lemendamento-per-reintrodurre-le-agevolazioni\/#primaryimage"},"thumbnailUrl":"http:\/\/www.bellunopress.it\/wp-content\/uploads\/2010\/05\/roberto-ciambetti.jpg","datePublished":"2015-02-05T15:21:48+00:00","breadcrumb":{"@id":"https:\/\/www.bellunopress.it\/2015\/02\/05\/bollo-auto-storiche-ultraventennali-ciambetti-deposita-lemendamento-per-reintrodurre-le-agevolazioni\/#breadcrumb"},"inLanguage":"fr-FR","potentialAction":[{"@type":"ReadAction","target":["https:\/\/www.bellunopress.it\/2015\/02\/05\/bollo-auto-storiche-ultraventennali-ciambetti-deposita-lemendamento-per-reintrodurre-le-agevolazioni\/"]}]},{"@type":"ImageObject","inLanguage":"fr-FR","@id":"https:\/\/www.bellunopress.it\/2015\/02\/05\/bollo-auto-storiche-ultraventennali-ciambetti-deposita-lemendamento-per-reintrodurre-le-agevolazioni\/#primaryimage","url":"http:\/\/www.bellunopress.it\/wp-content\/uploads\/2010\/05\/roberto-ciambetti.jpg","contentUrl":"http:\/\/www.bellunopress.it\/wp-content\/uploads\/2010\/05\/roberto-ciambetti.jpg"},{"@type":"BreadcrumbList","@id":"https:\/\/www.bellunopress.it\/2015\/02\/05\/bollo-auto-storiche-ultraventennali-ciambetti-deposita-lemendamento-per-reintrodurre-le-agevolazioni\/#breadcrumb","itemListElement":[{"@type":"ListItem","position":1,"name":"Home","item":"https:\/\/www.bellunopress.it\/"},{"@type":"ListItem","position":2,"name":"Bollo auto storiche ultraventennali: Ciambetti deposita l&#8217;emendamento per reintrodurre le agevolazioni"}]},{"@type":"WebSite","@id":"https:\/\/www.bellunopress.it\/#website","url":"https:\/\/www.bellunopress.it\/","name":"Bellunopress - Dolomiti","description":"e-mail: redazione@bellunopress.it","publisher":{"@id":"https:\/\/www.bellunopress.it\/#organization"},"potentialAction":[{"@type":"SearchAction","target":{"@type":"EntryPoint","urlTemplate":"https:\/\/www.bellunopress.it\/?s={search_term_string}"},"query-input":{"@type":"PropertyValueSpecification","valueRequired":true,"valueName":"search_term_string"}}],"inLanguage":"fr-FR"},{"@type":"Organization","@id":"https:\/\/www.bellunopress.it\/#organization","name":"Bellunopress","url":"https:\/\/www.bellunopress.it\/","logo":{"@type":"ImageObject","inLanguage":"fr-FR","@id":"https:\/\/www.bellunopress.it\/#\/schema\/logo\/image\/","url":"https:\/\/www.bellunopress.it\/wp-content\/uploads\/2011\/05\/cropped-logo-bellunopress-.jpg","contentUrl":"https:\/\/www.bellunopress.it\/wp-content\/uploads\/2011\/05\/cropped-logo-bellunopress-.jpg","width":512,"height":512,"caption":"Bellunopress"},"image":{"@id":"https:\/\/www.bellunopress.it\/#\/schema\/logo\/image\/"},"sameAs":["https:\/\/www.facebook.com\/profile.php?id=100008943462799","https:\/\/x.com\/bellunopress","https:\/\/www.linkedin.com\/hp\/?dnr=JBzUWaJfMUw8vbXJJ2tVW5-I3jZKvC4wsoxE&amp;amp;amp;amp;amp;amp;trk=nav_responsive_tab_home","https:\/\/www.youtube.com\/channel\/UCxL0wu1uN0_3_7hGG0306cw"]},{"@type":"Person","@id":"https:\/\/www.bellunopress.it\/#\/schema\/person\/79bb06722b37ece1c03d3e94beb30d73","name":"r\u00e9daction","image":{"@type":"ImageObject","inLanguage":"fr-FR","@id":"https:\/\/secure.gravatar.com\/avatar\/37d968a2e67a6fd04c169c4bdef102d0bc5d31b2546345219e348575eb80e9a0?s=96&d=mm&r=g","url":"https:\/\/secure.gravatar.com\/avatar\/37d968a2e67a6fd04c169c4bdef102d0bc5d31b2546345219e348575eb80e9a0?s=96&d=mm&r=g","contentUrl":"https:\/\/secure.gravatar.com\/avatar\/37d968a2e67a6fd04c169c4bdef102d0bc5d31b2546345219e348575eb80e9a0?s=96&d=mm&r=g","caption":"redazione"},"sameAs":["http:\/\/www.bellunopress.it","https:\/\/x.com\/bellunopress"],"url":"https:\/\/www.bellunopress.it\/fr\/author\/redazione\/"}]}},"_links":{"self":[{"href":"https:\/\/www.bellunopress.it\/fr\/wp-json\/wp\/v2\/posts\/66219","targetHints":{"allow":["GET"]}}],"collection":[{"href":"https:\/\/www.bellunopress.it\/fr\/wp-json\/wp\/v2\/posts"}],"about":[{"href":"https:\/\/www.bellunopress.it\/fr\/wp-json\/wp\/v2\/types\/post"}],"author":[{"embeddable":true,"href":"https:\/\/www.bellunopress.it\/fr\/wp-json\/wp\/v2\/users\/2"}],"replies":[{"embeddable":true,"href":"https:\/\/www.bellunopress.it\/fr\/wp-json\/wp\/v2\/comments?post=66219"}],"version-history":[{"count":1,"href":"https:\/\/www.bellunopress.it\/fr\/wp-json\/wp\/v2\/posts\/66219\/revisions"}],"predecessor-version":[{"id":66220,"href":"https:\/\/www.bellunopress.it\/fr\/wp-json\/wp\/v2\/posts\/66219\/revisions\/66220"}],"wp:attachment":[{"href":"https:\/\/www.bellunopress.it\/fr\/wp-json\/wp\/v2\/media?parent=66219"}],"wp:term":[{"taxonomy":"category","embeddable":true,"href":"https:\/\/www.bellunopress.it\/fr\/wp-json\/wp\/v2\/categories?post=66219"},{"taxonomy":"post_tag","embeddable":true,"href":"https:\/\/www.bellunopress.it\/fr\/wp-json\/wp\/v2\/tags?post=66219"}],"curies":[{"name":"wp","href":"https:\/\/api.w.org\/{rel}","templated":true}]}}