{"id":66212,"date":"2015-02-05T14:54:19","date_gmt":"2015-02-05T13:54:19","guid":{"rendered":"http:\/\/www.bellunopress.it\/?p=66212"},"modified":"2015-02-05T14:54:19","modified_gmt":"2015-02-05T13:54:19","slug":"decreto-milleproroghe-deputati-del-pd-al-lavoro-per-riportare-liva-al-10-sul-pellet","status":"publish","type":"post","link":"https:\/\/www.bellunopress.it\/fr\/2015\/02\/05\/decreto-milleproroghe-deputati-del-pd-al-lavoro-per-riportare-liva-al-10-sul-pellet\/","title":{"rendered":"Decreto Milleproroghe: i deputati del Pd al lavoro per riportare l&#8217;Iva al 10% sul pellet"},"content":{"rendered":"<p align=\"LEFT\"><a href=\"http:\/\/www.bellunopress.it\/wp-content\/uploads\/2014\/02\/pd.jpg\"><img loading=\"lazy\" decoding=\"async\" class=\"alignleft size-full wp-image-56103\" src=\"http:\/\/www.bellunopress.it\/wp-content\/uploads\/2014\/02\/pd.jpg\" alt=\"pd\" width=\"290\" height=\"234\" \/><\/a>Tra gli emendamenti al decreto \u2018Milleproroghe\u2019, in questi giorni all\u2019esame delle commissioni Affari costituzionali e Bilancio della Camera, c\u2019\u00e8 anche in discussione una proposta per riportare l\u2019Iva sul pellet da riscaldamento al 10 per cento.<\/p>\n<p align=\"LEFT\">Si tratta di due emendamenti predisposti dall&#8217;onorevole\u00a0Simonetta Rubinato e sottoscritti anche dal collega Matteo Richetti.<\/p>\n<p align=\"LEFT\">&#8220;Stiamo lavorando \u2013 spiegano i due deputati del Pd &#8211;\u00a0con il Governo per trovare la copertura, calcolata in 96 milioni di euro, necessaria per correggere le norme dell&#8217;ultima Legge di Stabilit\u00e0 che hanno stabilito un iniquo incremento di imposta a danno delle fasce pi\u00f9 deboli e in particolare dei cittadini delle aree montane che utilizzano questo combustibile perch\u00e9 meno costoso e dal basso impatto ambientale. Siamo fiduciosi che si possa trovare una soluzione anche grazie all&#8217;impegno espresso in tal senso dallo stesso Presidente del Consiglio dei ministri all&#8217;inizio di gennaio&#8221;.<\/p>\n<p lang=\"it-IT\" align=\"LEFT\">L\u2019onorevole Rubinato con altri colleghi deputati avevano gi\u00e0 presentato degli odg alla Legge di stabilit\u00e0 su questo tema, accolti dal viceministro Morando il 23 dicembre scorso, che impegnavano il Governo a sopprimere i commi 711 e 712 introdotti durante il passaggio al Senato che hanno aumentato l\u2019aliquota Iva sul pellet dal 10 al 22 per cento. Contro questa norma si sono espressi i consumatori e i produttori che hanno chiesto a governo e parlamento un ritorno dell\u2019Iva al 10 per cento.<\/p>","protected":false},"excerpt":{"rendered":"<p>Tra gli emendamenti al decreto \u2018Milleproroghe\u2019, in questi giorni all\u2019esame delle commissioni Affari costituzionali e Bilancio della Camera, c\u2019\u00e8 anche in discussione una proposta per riportare l\u2019Iva sul pellet da riscaldamento al 10 per cento. Si tratta di due emendamenti predisposti dall&#8217;onorevole\u00a0Simonetta Rubinato e sottoscritti anche dal collega Matteo Richetti. &#8220;Stiamo lavorando \u2013 spiegano i [&hellip;]<\/p>\n","protected":false},"author":2,"featured_media":0,"comment_status":"closed","ping_status":"open","sticky":false,"template":"","format":"standard","meta":{"footnotes":""},"categories":[5,26],"tags":[],"class_list":["post-66212","post","type-post","status-publish","format-standard","category-cronaca","category-prima-pagina"],"yoast_head":"<!-- This site is optimized with the Yoast SEO plugin v28.4 - https:\/\/yoast.com\/product\/yoast-seo-wordpress\/ -->\n<title>Decreto Milleproroghe: i deputati del Pd al lavoro per riportare l&#039;Iva al 10% sul pellet - Bellunopress - Dolomiti<\/title>\n<meta name=\"robots\" content=\"index, follow, max-snippet:-1, max-image-preview:large, max-video-preview:-1\" \/>\n<link rel=\"canonical\" href=\"https:\/\/www.bellunopress.it\/fr\/2015\/02\/05\/decreto-milleproroghe-deputati-del-pd-al-lavoro-per-riportare-liva-al-10-sul-pellet\/\" \/>\n<meta property=\"og:locale\" content=\"fr_FR\" \/>\n<meta property=\"og:type\" content=\"article\" \/>\n<meta property=\"og:title\" content=\"Decreto Milleproroghe: i deputati del Pd al lavoro per riportare l&#039;Iva al 10% sul pellet - Bellunopress - Dolomiti\" \/>\n<meta property=\"og:description\" content=\"Tra gli emendamenti al decreto \u2018Milleproroghe\u2019, in questi giorni all\u2019esame delle commissioni Affari costituzionali e Bilancio della Camera, c\u2019\u00e8 anche in discussione una proposta per riportare l\u2019Iva sul pellet da riscaldamento al 10 per cento. Si tratta di due emendamenti predisposti dall&#8217;onorevole\u00a0Simonetta Rubinato e sottoscritti anche dal collega Matteo Richetti. &#8220;Stiamo lavorando \u2013 spiegano i [&hellip;]\" \/>\n<meta property=\"og:url\" content=\"https:\/\/www.bellunopress.it\/fr\/2015\/02\/05\/decreto-milleproroghe-deputati-del-pd-al-lavoro-per-riportare-liva-al-10-sul-pellet\/\" \/>\n<meta property=\"og:site_name\" content=\"Bellunopress - Dolomiti\" \/>\n<meta property=\"article:publisher\" content=\"https:\/\/www.facebook.com\/profile.php?id=100008943462799\" \/>\n<meta property=\"article:published_time\" content=\"2015-02-05T13:54:19+00:00\" \/>\n<meta property=\"og:image\" content=\"http:\/\/www.bellunopress.it\/wp-content\/uploads\/2014\/02\/pd.jpg\" \/>\n<meta name=\"author\" content=\"redazione\" \/>\n<meta name=\"twitter:card\" content=\"summary_large_image\" \/>\n<meta name=\"twitter:creator\" content=\"@bellunopress\" \/>\n<meta name=\"twitter:site\" content=\"@bellunopress\" \/>\n<meta name=\"twitter:label1\" content=\"\u00c9crit par\" \/>\n\t<meta name=\"twitter:data1\" content=\"redazione\" \/>\n\t<meta name=\"twitter:label2\" content=\"Dur\u00e9e de lecture estim\u00e9e\" \/>\n\t<meta name=\"twitter:data2\" content=\"1 minute\" \/>\n<script type=\"application\/ld+json\" class=\"yoast-schema-graph\">{\"@context\":\"https:\\\/\\\/schema.org\",\"@graph\":[{\"@type\":\"Article\",\"@id\":\"https:\\\/\\\/www.bellunopress.it\\\/2015\\\/02\\\/05\\\/decreto-milleproroghe-deputati-del-pd-al-lavoro-per-riportare-liva-al-10-sul-pellet\\\/#article\",\"isPartOf\":{\"@id\":\"https:\\\/\\\/www.bellunopress.it\\\/2015\\\/02\\\/05\\\/decreto-milleproroghe-deputati-del-pd-al-lavoro-per-riportare-liva-al-10-sul-pellet\\\/\"},\"author\":{\"name\":\"redazione\",\"@id\":\"https:\\\/\\\/www.bellunopress.it\\\/#\\\/schema\\\/person\\\/79bb06722b37ece1c03d3e94beb30d73\"},\"headline\":\"Decreto Milleproroghe: i deputati del Pd al lavoro per riportare l&#8217;Iva al 10% sul pellet\",\"datePublished\":\"2015-02-05T13:54:19+00:00\",\"mainEntityOfPage\":{\"@id\":\"https:\\\/\\\/www.bellunopress.it\\\/2015\\\/02\\\/05\\\/decreto-milleproroghe-deputati-del-pd-al-lavoro-per-riportare-liva-al-10-sul-pellet\\\/\"},\"wordCount\":238,\"publisher\":{\"@id\":\"https:\\\/\\\/www.bellunopress.it\\\/#organization\"},\"image\":{\"@id\":\"https:\\\/\\\/www.bellunopress.it\\\/2015\\\/02\\\/05\\\/decreto-milleproroghe-deputati-del-pd-al-lavoro-per-riportare-liva-al-10-sul-pellet\\\/#primaryimage\"},\"thumbnailUrl\":\"http:\\\/\\\/www.bellunopress.it\\\/wp-content\\\/uploads\\\/2014\\\/02\\\/pd.jpg\",\"articleSection\":[\"Cronaca\\\/Politica\",\"Prima Pagina\"],\"inLanguage\":\"fr-FR\"},{\"@type\":\"WebPage\",\"@id\":\"https:\\\/\\\/www.bellunopress.it\\\/2015\\\/02\\\/05\\\/decreto-milleproroghe-deputati-del-pd-al-lavoro-per-riportare-liva-al-10-sul-pellet\\\/\",\"url\":\"https:\\\/\\\/www.bellunopress.it\\\/2015\\\/02\\\/05\\\/decreto-milleproroghe-deputati-del-pd-al-lavoro-per-riportare-liva-al-10-sul-pellet\\\/\",\"name\":\"Decreto Milleproroghe: i deputati del Pd al lavoro per riportare l'Iva al 10% sul pellet - Bellunopress - Dolomiti\",\"isPartOf\":{\"@id\":\"https:\\\/\\\/www.bellunopress.it\\\/#website\"},\"primaryImageOfPage\":{\"@id\":\"https:\\\/\\\/www.bellunopress.it\\\/2015\\\/02\\\/05\\\/decreto-milleproroghe-deputati-del-pd-al-lavoro-per-riportare-liva-al-10-sul-pellet\\\/#primaryimage\"},\"image\":{\"@id\":\"https:\\\/\\\/www.bellunopress.it\\\/2015\\\/02\\\/05\\\/decreto-milleproroghe-deputati-del-pd-al-lavoro-per-riportare-liva-al-10-sul-pellet\\\/#primaryimage\"},\"thumbnailUrl\":\"http:\\\/\\\/www.bellunopress.it\\\/wp-content\\\/uploads\\\/2014\\\/02\\\/pd.jpg\",\"datePublished\":\"2015-02-05T13:54:19+00:00\",\"breadcrumb\":{\"@id\":\"https:\\\/\\\/www.bellunopress.it\\\/2015\\\/02\\\/05\\\/decreto-milleproroghe-deputati-del-pd-al-lavoro-per-riportare-liva-al-10-sul-pellet\\\/#breadcrumb\"},\"inLanguage\":\"fr-FR\",\"potentialAction\":[{\"@type\":\"ReadAction\",\"target\":[\"https:\\\/\\\/www.bellunopress.it\\\/2015\\\/02\\\/05\\\/decreto-milleproroghe-deputati-del-pd-al-lavoro-per-riportare-liva-al-10-sul-pellet\\\/\"]}]},{\"@type\":\"ImageObject\",\"inLanguage\":\"fr-FR\",\"@id\":\"https:\\\/\\\/www.bellunopress.it\\\/2015\\\/02\\\/05\\\/decreto-milleproroghe-deputati-del-pd-al-lavoro-per-riportare-liva-al-10-sul-pellet\\\/#primaryimage\",\"url\":\"http:\\\/\\\/www.bellunopress.it\\\/wp-content\\\/uploads\\\/2014\\\/02\\\/pd.jpg\",\"contentUrl\":\"http:\\\/\\\/www.bellunopress.it\\\/wp-content\\\/uploads\\\/2014\\\/02\\\/pd.jpg\"},{\"@type\":\"BreadcrumbList\",\"@id\":\"https:\\\/\\\/www.bellunopress.it\\\/2015\\\/02\\\/05\\\/decreto-milleproroghe-deputati-del-pd-al-lavoro-per-riportare-liva-al-10-sul-pellet\\\/#breadcrumb\",\"itemListElement\":[{\"@type\":\"ListItem\",\"position\":1,\"name\":\"Home\",\"item\":\"https:\\\/\\\/www.bellunopress.it\\\/\"},{\"@type\":\"ListItem\",\"position\":2,\"name\":\"Decreto Milleproroghe: i deputati del Pd al lavoro per riportare l&#8217;Iva al 10% sul pellet\"}]},{\"@type\":\"WebSite\",\"@id\":\"https:\\\/\\\/www.bellunopress.it\\\/#website\",\"url\":\"https:\\\/\\\/www.bellunopress.it\\\/\",\"name\":\"Bellunopress - Dolomiti\",\"description\":\"e-mail: redazione@bellunopress.it\",\"publisher\":{\"@id\":\"https:\\\/\\\/www.bellunopress.it\\\/#organization\"},\"potentialAction\":[{\"@type\":\"SearchAction\",\"target\":{\"@type\":\"EntryPoint\",\"urlTemplate\":\"https:\\\/\\\/www.bellunopress.it\\\/?s={search_term_string}\"},\"query-input\":{\"@type\":\"PropertyValueSpecification\",\"valueRequired\":true,\"valueName\":\"search_term_string\"}}],\"inLanguage\":\"fr-FR\"},{\"@type\":\"Organization\",\"@id\":\"https:\\\/\\\/www.bellunopress.it\\\/#organization\",\"name\":\"Bellunopress\",\"url\":\"https:\\\/\\\/www.bellunopress.it\\\/\",\"logo\":{\"@type\":\"ImageObject\",\"inLanguage\":\"fr-FR\",\"@id\":\"https:\\\/\\\/www.bellunopress.it\\\/#\\\/schema\\\/logo\\\/image\\\/\",\"url\":\"https:\\\/\\\/www.bellunopress.it\\\/wp-content\\\/uploads\\\/2011\\\/05\\\/cropped-logo-bellunopress-.jpg\",\"contentUrl\":\"https:\\\/\\\/www.bellunopress.it\\\/wp-content\\\/uploads\\\/2011\\\/05\\\/cropped-logo-bellunopress-.jpg\",\"width\":512,\"height\":512,\"caption\":\"Bellunopress\"},\"image\":{\"@id\":\"https:\\\/\\\/www.bellunopress.it\\\/#\\\/schema\\\/logo\\\/image\\\/\"},\"sameAs\":[\"https:\\\/\\\/www.facebook.com\\\/profile.php?id=100008943462799\",\"https:\\\/\\\/x.com\\\/bellunopress\",\"https:\\\/\\\/www.linkedin.com\\\/hp\\\/?dnr=JBzUWaJfMUw8vbXJJ2tVW5-I3jZKvC4wsoxE&amp;amp;amp;amp;amp;amp;trk=nav_responsive_tab_home\",\"https:\\\/\\\/www.youtube.com\\\/channel\\\/UCxL0wu1uN0_3_7hGG0306cw\"]},{\"@type\":\"Person\",\"@id\":\"https:\\\/\\\/www.bellunopress.it\\\/#\\\/schema\\\/person\\\/79bb06722b37ece1c03d3e94beb30d73\",\"name\":\"redazione\",\"image\":{\"@type\":\"ImageObject\",\"inLanguage\":\"fr-FR\",\"@id\":\"https:\\\/\\\/secure.gravatar.com\\\/avatar\\\/37d968a2e67a6fd04c169c4bdef102d0bc5d31b2546345219e348575eb80e9a0?s=96&d=mm&r=g\",\"url\":\"https:\\\/\\\/secure.gravatar.com\\\/avatar\\\/37d968a2e67a6fd04c169c4bdef102d0bc5d31b2546345219e348575eb80e9a0?s=96&d=mm&r=g\",\"contentUrl\":\"https:\\\/\\\/secure.gravatar.com\\\/avatar\\\/37d968a2e67a6fd04c169c4bdef102d0bc5d31b2546345219e348575eb80e9a0?s=96&d=mm&r=g\",\"caption\":\"redazione\"},\"sameAs\":[\"http:\\\/\\\/www.bellunopress.it\",\"https:\\\/\\\/x.com\\\/bellunopress\"],\"url\":\"https:\\\/\\\/www.bellunopress.it\\\/fr\\\/author\\\/redazione\\\/\"}]}<\/script>\n<!-- \/ Yoast SEO plugin. -->","yoast_head_json":{"title":"Decreto Milleproroghe: i deputati del Pd al lavoro per riportare l'Iva al 10% sul pellet - Bellunopress - Dolomiti","robots":{"index":"index","follow":"follow","max-snippet":"max-snippet:-1","max-image-preview":"max-image-preview:large","max-video-preview":"max-video-preview:-1"},"canonical":"https:\/\/www.bellunopress.it\/fr\/2015\/02\/05\/decreto-milleproroghe-deputati-del-pd-al-lavoro-per-riportare-liva-al-10-sul-pellet\/","og_locale":"fr_FR","og_type":"article","og_title":"Decreto Milleproroghe: i deputati del Pd al lavoro per riportare l'Iva al 10% sul pellet - Bellunopress - Dolomiti","og_description":"Tra gli emendamenti al decreto \u2018Milleproroghe\u2019, in questi giorni all\u2019esame delle commissioni Affari costituzionali e Bilancio della Camera, c\u2019\u00e8 anche in discussione una proposta per riportare l\u2019Iva sul pellet da riscaldamento al 10 per cento. Si tratta di due emendamenti predisposti dall&#8217;onorevole\u00a0Simonetta Rubinato e sottoscritti anche dal collega Matteo Richetti. &#8220;Stiamo lavorando \u2013 spiegano i [&hellip;]","og_url":"https:\/\/www.bellunopress.it\/fr\/2015\/02\/05\/decreto-milleproroghe-deputati-del-pd-al-lavoro-per-riportare-liva-al-10-sul-pellet\/","og_site_name":"Bellunopress - Dolomiti","article_publisher":"https:\/\/www.facebook.com\/profile.php?id=100008943462799","article_published_time":"2015-02-05T13:54:19+00:00","og_image":[{"url":"http:\/\/www.bellunopress.it\/wp-content\/uploads\/2014\/02\/pd.jpg","type":"","width":"","height":""}],"author":"redazione","twitter_card":"summary_large_image","twitter_creator":"@bellunopress","twitter_site":"@bellunopress","twitter_misc":{"\u00c9crit par":"redazione","Dur\u00e9e de lecture estim\u00e9e":"1 minute"},"schema":{"@context":"https:\/\/schema.org","@graph":[{"@type":"Article","@id":"https:\/\/www.bellunopress.it\/2015\/02\/05\/decreto-milleproroghe-deputati-del-pd-al-lavoro-per-riportare-liva-al-10-sul-pellet\/#article","isPartOf":{"@id":"https:\/\/www.bellunopress.it\/2015\/02\/05\/decreto-milleproroghe-deputati-del-pd-al-lavoro-per-riportare-liva-al-10-sul-pellet\/"},"author":{"name":"redazione","@id":"https:\/\/www.bellunopress.it\/#\/schema\/person\/79bb06722b37ece1c03d3e94beb30d73"},"headline":"Decreto Milleproroghe: i deputati del Pd al lavoro per riportare l&#8217;Iva al 10% sul pellet","datePublished":"2015-02-05T13:54:19+00:00","mainEntityOfPage":{"@id":"https:\/\/www.bellunopress.it\/2015\/02\/05\/decreto-milleproroghe-deputati-del-pd-al-lavoro-per-riportare-liva-al-10-sul-pellet\/"},"wordCount":238,"publisher":{"@id":"https:\/\/www.bellunopress.it\/#organization"},"image":{"@id":"https:\/\/www.bellunopress.it\/2015\/02\/05\/decreto-milleproroghe-deputati-del-pd-al-lavoro-per-riportare-liva-al-10-sul-pellet\/#primaryimage"},"thumbnailUrl":"http:\/\/www.bellunopress.it\/wp-content\/uploads\/2014\/02\/pd.jpg","articleSection":["Cronaca\/Politica","Prima Pagina"],"inLanguage":"fr-FR"},{"@type":"WebPage","@id":"https:\/\/www.bellunopress.it\/2015\/02\/05\/decreto-milleproroghe-deputati-del-pd-al-lavoro-per-riportare-liva-al-10-sul-pellet\/","url":"https:\/\/www.bellunopress.it\/2015\/02\/05\/decreto-milleproroghe-deputati-del-pd-al-lavoro-per-riportare-liva-al-10-sul-pellet\/","name":"Decreto Milleproroghe: i deputati del Pd al lavoro per riportare l'Iva al 10% sul pellet - Bellunopress - Dolomiti","isPartOf":{"@id":"https:\/\/www.bellunopress.it\/#website"},"primaryImageOfPage":{"@id":"https:\/\/www.bellunopress.it\/2015\/02\/05\/decreto-milleproroghe-deputati-del-pd-al-lavoro-per-riportare-liva-al-10-sul-pellet\/#primaryimage"},"image":{"@id":"https:\/\/www.bellunopress.it\/2015\/02\/05\/decreto-milleproroghe-deputati-del-pd-al-lavoro-per-riportare-liva-al-10-sul-pellet\/#primaryimage"},"thumbnailUrl":"http:\/\/www.bellunopress.it\/wp-content\/uploads\/2014\/02\/pd.jpg","datePublished":"2015-02-05T13:54:19+00:00","breadcrumb":{"@id":"https:\/\/www.bellunopress.it\/2015\/02\/05\/decreto-milleproroghe-deputati-del-pd-al-lavoro-per-riportare-liva-al-10-sul-pellet\/#breadcrumb"},"inLanguage":"fr-FR","potentialAction":[{"@type":"ReadAction","target":["https:\/\/www.bellunopress.it\/2015\/02\/05\/decreto-milleproroghe-deputati-del-pd-al-lavoro-per-riportare-liva-al-10-sul-pellet\/"]}]},{"@type":"ImageObject","inLanguage":"fr-FR","@id":"https:\/\/www.bellunopress.it\/2015\/02\/05\/decreto-milleproroghe-deputati-del-pd-al-lavoro-per-riportare-liva-al-10-sul-pellet\/#primaryimage","url":"http:\/\/www.bellunopress.it\/wp-content\/uploads\/2014\/02\/pd.jpg","contentUrl":"http:\/\/www.bellunopress.it\/wp-content\/uploads\/2014\/02\/pd.jpg"},{"@type":"BreadcrumbList","@id":"https:\/\/www.bellunopress.it\/2015\/02\/05\/decreto-milleproroghe-deputati-del-pd-al-lavoro-per-riportare-liva-al-10-sul-pellet\/#breadcrumb","itemListElement":[{"@type":"ListItem","position":1,"name":"Home","item":"https:\/\/www.bellunopress.it\/"},{"@type":"ListItem","position":2,"name":"Decreto Milleproroghe: i deputati del Pd al lavoro per riportare l&#8217;Iva al 10% sul pellet"}]},{"@type":"WebSite","@id":"https:\/\/www.bellunopress.it\/#website","url":"https:\/\/www.bellunopress.it\/","name":"Bellunopress - Dolomiti","description":"e-mail: redazione@bellunopress.it","publisher":{"@id":"https:\/\/www.bellunopress.it\/#organization"},"potentialAction":[{"@type":"SearchAction","target":{"@type":"EntryPoint","urlTemplate":"https:\/\/www.bellunopress.it\/?s={search_term_string}"},"query-input":{"@type":"PropertyValueSpecification","valueRequired":true,"valueName":"search_term_string"}}],"inLanguage":"fr-FR"},{"@type":"Organization","@id":"https:\/\/www.bellunopress.it\/#organization","name":"Bellunopress","url":"https:\/\/www.bellunopress.it\/","logo":{"@type":"ImageObject","inLanguage":"fr-FR","@id":"https:\/\/www.bellunopress.it\/#\/schema\/logo\/image\/","url":"https:\/\/www.bellunopress.it\/wp-content\/uploads\/2011\/05\/cropped-logo-bellunopress-.jpg","contentUrl":"https:\/\/www.bellunopress.it\/wp-content\/uploads\/2011\/05\/cropped-logo-bellunopress-.jpg","width":512,"height":512,"caption":"Bellunopress"},"image":{"@id":"https:\/\/www.bellunopress.it\/#\/schema\/logo\/image\/"},"sameAs":["https:\/\/www.facebook.com\/profile.php?id=100008943462799","https:\/\/x.com\/bellunopress","https:\/\/www.linkedin.com\/hp\/?dnr=JBzUWaJfMUw8vbXJJ2tVW5-I3jZKvC4wsoxE&amp;amp;amp;amp;amp;amp;trk=nav_responsive_tab_home","https:\/\/www.youtube.com\/channel\/UCxL0wu1uN0_3_7hGG0306cw"]},{"@type":"Person","@id":"https:\/\/www.bellunopress.it\/#\/schema\/person\/79bb06722b37ece1c03d3e94beb30d73","name":"r\u00e9daction","image":{"@type":"ImageObject","inLanguage":"fr-FR","@id":"https:\/\/secure.gravatar.com\/avatar\/37d968a2e67a6fd04c169c4bdef102d0bc5d31b2546345219e348575eb80e9a0?s=96&d=mm&r=g","url":"https:\/\/secure.gravatar.com\/avatar\/37d968a2e67a6fd04c169c4bdef102d0bc5d31b2546345219e348575eb80e9a0?s=96&d=mm&r=g","contentUrl":"https:\/\/secure.gravatar.com\/avatar\/37d968a2e67a6fd04c169c4bdef102d0bc5d31b2546345219e348575eb80e9a0?s=96&d=mm&r=g","caption":"redazione"},"sameAs":["http:\/\/www.bellunopress.it","https:\/\/x.com\/bellunopress"],"url":"https:\/\/www.bellunopress.it\/fr\/author\/redazione\/"}]}},"_links":{"self":[{"href":"https:\/\/www.bellunopress.it\/fr\/wp-json\/wp\/v2\/posts\/66212","targetHints":{"allow":["GET"]}}],"collection":[{"href":"https:\/\/www.bellunopress.it\/fr\/wp-json\/wp\/v2\/posts"}],"about":[{"href":"https:\/\/www.bellunopress.it\/fr\/wp-json\/wp\/v2\/types\/post"}],"author":[{"embeddable":true,"href":"https:\/\/www.bellunopress.it\/fr\/wp-json\/wp\/v2\/users\/2"}],"replies":[{"embeddable":true,"href":"https:\/\/www.bellunopress.it\/fr\/wp-json\/wp\/v2\/comments?post=66212"}],"version-history":[{"count":1,"href":"https:\/\/www.bellunopress.it\/fr\/wp-json\/wp\/v2\/posts\/66212\/revisions"}],"predecessor-version":[{"id":66213,"href":"https:\/\/www.bellunopress.it\/fr\/wp-json\/wp\/v2\/posts\/66212\/revisions\/66213"}],"wp:attachment":[{"href":"https:\/\/www.bellunopress.it\/fr\/wp-json\/wp\/v2\/media?parent=66212"}],"wp:term":[{"taxonomy":"category","embeddable":true,"href":"https:\/\/www.bellunopress.it\/fr\/wp-json\/wp\/v2\/categories?post=66212"},{"taxonomy":"post_tag","embeddable":true,"href":"https:\/\/www.bellunopress.it\/fr\/wp-json\/wp\/v2\/tags?post=66212"}],"curies":[{"name":"wp","href":"https:\/\/api.w.org\/{rel}","templated":true}]}}