{"id":6571,"date":"2009-07-31T16:18:36","date_gmt":"2009-07-31T15:18:36","guid":{"rendered":"http:\/\/www.bellunopress.it\/?p=6571"},"modified":"2009-07-31T16:18:36","modified_gmt":"2009-07-31T15:18:36","slug":"giada-benazzi-piace-al-top-team-belluno","status":"publish","type":"post","link":"https:\/\/www.bellunopress.it\/fr\/2009\/07\/31\/giada-benazzi-piace-al-top-team-belluno\/","title":{"rendered":"Giada Benazzi piace al Top Team Belluno"},"content":{"rendered":"<p>Potrebbe essere Giada Benazzi l&#8217;atteso nuovo innesto del Top Team Belluno. La forte e giovane banda emiliana \u00e8 da tempo nel mirino del secondo allenatore Andrea Sacchetta, che a Ozzano dell&#8217;Emilia la port\u00f2 dall&#8217;Under 13 alla B2 tra il 2004 e il 2007.\u00a0 Classe 1992,\u00a0 alta 182 centimetri, Benazzi\u00a0 ha giocato nell&#8217;ultima stagione a Forl\u00ec, in B1. Attualmente \u00e8 impegnata nelle finali nazionali di beach volley Under 21 e nei prossimi giorni dovrebbe arrivare la decisione definitiva sul suo passaggio in gialloblu. Con lei potrebbe arricchirsi il gruppo delle diciassettenni in forza al club bellunese di B2. Oltre alle gi\u00e0 confermate e candidate a maglie di titolari Bardini e Martinuzzo, infatti, sono certe di continuare l&#8217;avventura i piedi delle Dolomiti anche Sara Falliero, Mira Zanco (secondo palleggiatore) e Marta Visentin. L&#8217;arrivo di Giada Benazzi completerebbe il roster gialloblu affidato al coach Pierluigi Lucchetta, che convocher\u00e0 le atlete per il 19 agosto alla Spes Arena di Belluno per iniziare la preparazione al campionato di B2 e alla Coppa Italia di categoria.<br \/>\nZANATTA A RUOTA LIBERA. Il libero gialloblu Vania Zanatta commenta, anche a nome del gruppo, le novit\u00e0 di questi giorni partendo dal probabile &#8220;arrivederci&#8221; del capitano Lisa Savietto: &#8220;Ovviamente mi dispiacerebbe se Lisa dovesse scegliere di cambiare squadra, dato che abbiamo iniziato insieme nel Top Team. So che sta riflettendo da tempo su questa scelta e che sar\u00e0 una scelta di vita dettata da motivazioni personali che noi compagne capiamo. Non possiamo biasimarla, anzi, se torner\u00e0 a Belluno posso assicurare che il gruppo sar\u00e0 felice di riaccoglierla&#8221;. Zanatta commenta anche il cambio di allenatore: &#8220;Roberto Woelflin \u00e8 un bravo allenatore e lo ringraziamo per quanto ha fatto in questi anni con noi. Si sentiva il bisogno di cambiare qualcosa e \u00e8 stato scelto di cambiare allenatore. Il tempo dir\u00e0 se \u00e8 stata la scelta migliore. Siamo contente e ansiose di iniziare a lavorare con coach Pierluigi Lucchetta, la novit\u00e0 \u00e8 sicuramente stimolante&#8221;. La squadra svolger\u00e0 la maggior parte degli allenamenti alla Zoppas Arena di Conegliano, mentre alcune sedute e le partite si faranno nella Spes Arena di Belluno. &#8220;Ci auguriamo di tornare presto stabilmente e completamente nella nostra citt\u00e0, Belluno &#8211; aggiunge il libero gialloblu &#8211; capiamo bene la scelta della societ\u00e0, il periodo \u00e8 difficile, ma speriamo anche che gli imprenditori bellunesi ci aiutino a ritornare&#8221;.<\/p>\n<p>&#8212;<\/p>","protected":false},"excerpt":{"rendered":"<p>Potrebbe essere Giada Benazzi l&#8217;atteso nuovo innesto del Top Team Belluno. La forte e giovane banda emiliana \u00e8 da tempo nel mirino del secondo allenatore Andrea Sacchetta, che a Ozzano dell&#8217;Emilia la port\u00f2 dall&#8217;Under 13 alla B2 tra il 2004 e il 2007.\u00a0 Classe 1992,\u00a0 alta 182 centimetri, Benazzi\u00a0 ha giocato nell&#8217;ultima stagione a Forl\u00ec, [&hellip;]<\/p>\n","protected":false},"author":2,"featured_media":0,"comment_status":"closed","ping_status":"open","sticky":false,"template":"","format":"standard","meta":{"footnotes":""},"categories":[4],"tags":[139,63],"class_list":["post-6571","post","type-post","status-publish","format-standard","category-sport","tag-belluno","tag-dolomiti"],"yoast_head":"<!-- This site is optimized with the Yoast SEO plugin v28.4 - https:\/\/yoast.com\/product\/yoast-seo-wordpress\/ -->\n<title>Giada Benazzi piace al Top Team Belluno - Bellunopress - Dolomiti<\/title>\n<meta name=\"robots\" content=\"index, follow, max-snippet:-1, max-image-preview:large, max-video-preview:-1\" \/>\n<link rel=\"canonical\" href=\"https:\/\/www.bellunopress.it\/fr\/2009\/07\/31\/giada-benazzi-piace-al-top-team-belluno\/\" \/>\n<meta property=\"og:locale\" content=\"fr_FR\" \/>\n<meta property=\"og:type\" content=\"article\" \/>\n<meta property=\"og:title\" content=\"Giada Benazzi piace al Top Team Belluno - Bellunopress - Dolomiti\" \/>\n<meta property=\"og:description\" content=\"Potrebbe essere Giada Benazzi l&#8217;atteso nuovo innesto del Top Team Belluno. La forte e giovane banda emiliana \u00e8 da tempo nel mirino del secondo allenatore Andrea Sacchetta, che a Ozzano dell&#8217;Emilia la port\u00f2 dall&#8217;Under 13 alla B2 tra il 2004 e il 2007.\u00a0 Classe 1992,\u00a0 alta 182 centimetri, Benazzi\u00a0 ha giocato nell&#8217;ultima stagione a Forl\u00ec, [&hellip;]\" \/>\n<meta property=\"og:url\" content=\"https:\/\/www.bellunopress.it\/fr\/2009\/07\/31\/giada-benazzi-piace-al-top-team-belluno\/\" \/>\n<meta property=\"og:site_name\" content=\"Bellunopress - Dolomiti\" \/>\n<meta property=\"article:publisher\" content=\"https:\/\/www.facebook.com\/profile.php?id=100008943462799\" \/>\n<meta property=\"article:published_time\" content=\"2009-07-31T15:18:36+00:00\" \/>\n<meta property=\"og:image\" content=\"http:\/\/www.bellunopress.it\/wp-content\/uploads\/2012\/07\/logo-bellunopress-250x250-2012.jpg\" \/>\n<meta name=\"author\" content=\"redazione\" \/>\n<meta name=\"twitter:card\" content=\"summary_large_image\" \/>\n<meta name=\"twitter:creator\" content=\"@bellunopress\" \/>\n<meta name=\"twitter:site\" content=\"@bellunopress\" \/>\n<meta name=\"twitter:label1\" content=\"\u00c9crit par\" \/>\n\t<meta name=\"twitter:data1\" content=\"redazione\" \/>\n\t<meta name=\"twitter:label2\" content=\"Dur\u00e9e de lecture estim\u00e9e\" \/>\n\t<meta name=\"twitter:data2\" content=\"2 minutes\" \/>\n<script type=\"application\/ld+json\" class=\"yoast-schema-graph\">{\"@context\":\"https:\\\/\\\/schema.org\",\"@graph\":[{\"@type\":\"Article\",\"@id\":\"https:\\\/\\\/www.bellunopress.it\\\/2009\\\/07\\\/31\\\/giada-benazzi-piace-al-top-team-belluno\\\/#article\",\"isPartOf\":{\"@id\":\"https:\\\/\\\/www.bellunopress.it\\\/2009\\\/07\\\/31\\\/giada-benazzi-piace-al-top-team-belluno\\\/\"},\"author\":{\"name\":\"redazione\",\"@id\":\"https:\\\/\\\/www.bellunopress.it\\\/#\\\/schema\\\/person\\\/79bb06722b37ece1c03d3e94beb30d73\"},\"headline\":\"Giada Benazzi piace al Top Team Belluno\",\"datePublished\":\"2009-07-31T15:18:36+00:00\",\"mainEntityOfPage\":{\"@id\":\"https:\\\/\\\/www.bellunopress.it\\\/2009\\\/07\\\/31\\\/giada-benazzi-piace-al-top-team-belluno\\\/\"},\"wordCount\":387,\"publisher\":{\"@id\":\"https:\\\/\\\/www.bellunopress.it\\\/#organization\"},\"keywords\":[\"Belluno\",\"Dolomiti\"],\"articleSection\":[\"Sport, tempo libero\"],\"inLanguage\":\"fr-FR\"},{\"@type\":\"WebPage\",\"@id\":\"https:\\\/\\\/www.bellunopress.it\\\/2009\\\/07\\\/31\\\/giada-benazzi-piace-al-top-team-belluno\\\/\",\"url\":\"https:\\\/\\\/www.bellunopress.it\\\/2009\\\/07\\\/31\\\/giada-benazzi-piace-al-top-team-belluno\\\/\",\"name\":\"Giada Benazzi piace al Top Team Belluno - Bellunopress - Dolomiti\",\"isPartOf\":{\"@id\":\"https:\\\/\\\/www.bellunopress.it\\\/#website\"},\"datePublished\":\"2009-07-31T15:18:36+00:00\",\"breadcrumb\":{\"@id\":\"https:\\\/\\\/www.bellunopress.it\\\/2009\\\/07\\\/31\\\/giada-benazzi-piace-al-top-team-belluno\\\/#breadcrumb\"},\"inLanguage\":\"fr-FR\",\"potentialAction\":[{\"@type\":\"ReadAction\",\"target\":[\"https:\\\/\\\/www.bellunopress.it\\\/2009\\\/07\\\/31\\\/giada-benazzi-piace-al-top-team-belluno\\\/\"]}]},{\"@type\":\"BreadcrumbList\",\"@id\":\"https:\\\/\\\/www.bellunopress.it\\\/2009\\\/07\\\/31\\\/giada-benazzi-piace-al-top-team-belluno\\\/#breadcrumb\",\"itemListElement\":[{\"@type\":\"ListItem\",\"position\":1,\"name\":\"Home\",\"item\":\"https:\\\/\\\/www.bellunopress.it\\\/\"},{\"@type\":\"ListItem\",\"position\":2,\"name\":\"Giada Benazzi piace al Top Team Belluno\"}]},{\"@type\":\"WebSite\",\"@id\":\"https:\\\/\\\/www.bellunopress.it\\\/#website\",\"url\":\"https:\\\/\\\/www.bellunopress.it\\\/\",\"name\":\"Bellunopress - Dolomiti\",\"description\":\"e-mail: redazione@bellunopress.it\",\"publisher\":{\"@id\":\"https:\\\/\\\/www.bellunopress.it\\\/#organization\"},\"potentialAction\":[{\"@type\":\"SearchAction\",\"target\":{\"@type\":\"EntryPoint\",\"urlTemplate\":\"https:\\\/\\\/www.bellunopress.it\\\/?s={search_term_string}\"},\"query-input\":{\"@type\":\"PropertyValueSpecification\",\"valueRequired\":true,\"valueName\":\"search_term_string\"}}],\"inLanguage\":\"fr-FR\"},{\"@type\":\"Organization\",\"@id\":\"https:\\\/\\\/www.bellunopress.it\\\/#organization\",\"name\":\"Bellunopress\",\"url\":\"https:\\\/\\\/www.bellunopress.it\\\/\",\"logo\":{\"@type\":\"ImageObject\",\"inLanguage\":\"fr-FR\",\"@id\":\"https:\\\/\\\/www.bellunopress.it\\\/#\\\/schema\\\/logo\\\/image\\\/\",\"url\":\"https:\\\/\\\/www.bellunopress.it\\\/wp-content\\\/uploads\\\/2011\\\/05\\\/cropped-logo-bellunopress-.jpg\",\"contentUrl\":\"https:\\\/\\\/www.bellunopress.it\\\/wp-content\\\/uploads\\\/2011\\\/05\\\/cropped-logo-bellunopress-.jpg\",\"width\":512,\"height\":512,\"caption\":\"Bellunopress\"},\"image\":{\"@id\":\"https:\\\/\\\/www.bellunopress.it\\\/#\\\/schema\\\/logo\\\/image\\\/\"},\"sameAs\":[\"https:\\\/\\\/www.facebook.com\\\/profile.php?id=100008943462799\",\"https:\\\/\\\/x.com\\\/bellunopress\",\"https:\\\/\\\/www.linkedin.com\\\/hp\\\/?dnr=JBzUWaJfMUw8vbXJJ2tVW5-I3jZKvC4wsoxE&amp;amp;amp;amp;amp;amp;trk=nav_responsive_tab_home\",\"https:\\\/\\\/www.youtube.com\\\/channel\\\/UCxL0wu1uN0_3_7hGG0306cw\"]},{\"@type\":\"Person\",\"@id\":\"https:\\\/\\\/www.bellunopress.it\\\/#\\\/schema\\\/person\\\/79bb06722b37ece1c03d3e94beb30d73\",\"name\":\"redazione\",\"image\":{\"@type\":\"ImageObject\",\"inLanguage\":\"fr-FR\",\"@id\":\"https:\\\/\\\/secure.gravatar.com\\\/avatar\\\/37d968a2e67a6fd04c169c4bdef102d0bc5d31b2546345219e348575eb80e9a0?s=96&d=mm&r=g\",\"url\":\"https:\\\/\\\/secure.gravatar.com\\\/avatar\\\/37d968a2e67a6fd04c169c4bdef102d0bc5d31b2546345219e348575eb80e9a0?s=96&d=mm&r=g\",\"contentUrl\":\"https:\\\/\\\/secure.gravatar.com\\\/avatar\\\/37d968a2e67a6fd04c169c4bdef102d0bc5d31b2546345219e348575eb80e9a0?s=96&d=mm&r=g\",\"caption\":\"redazione\"},\"sameAs\":[\"http:\\\/\\\/www.bellunopress.it\",\"https:\\\/\\\/x.com\\\/bellunopress\"],\"url\":\"https:\\\/\\\/www.bellunopress.it\\\/fr\\\/author\\\/redazione\\\/\"}]}<\/script>\n<!-- \/ Yoast SEO plugin. -->","yoast_head_json":{"title":"Giada Benazzi piace al Top Team Belluno - Bellunopress - Dolomiti","robots":{"index":"index","follow":"follow","max-snippet":"max-snippet:-1","max-image-preview":"max-image-preview:large","max-video-preview":"max-video-preview:-1"},"canonical":"https:\/\/www.bellunopress.it\/fr\/2009\/07\/31\/giada-benazzi-piace-al-top-team-belluno\/","og_locale":"fr_FR","og_type":"article","og_title":"Giada Benazzi piace al Top Team Belluno - Bellunopress - Dolomiti","og_description":"Potrebbe essere Giada Benazzi l&#8217;atteso nuovo innesto del Top Team Belluno. La forte e giovane banda emiliana \u00e8 da tempo nel mirino del secondo allenatore Andrea Sacchetta, che a Ozzano dell&#8217;Emilia la port\u00f2 dall&#8217;Under 13 alla B2 tra il 2004 e il 2007.\u00a0 Classe 1992,\u00a0 alta 182 centimetri, Benazzi\u00a0 ha giocato nell&#8217;ultima stagione a Forl\u00ec, [&hellip;]","og_url":"https:\/\/www.bellunopress.it\/fr\/2009\/07\/31\/giada-benazzi-piace-al-top-team-belluno\/","og_site_name":"Bellunopress - Dolomiti","article_publisher":"https:\/\/www.facebook.com\/profile.php?id=100008943462799","article_published_time":"2009-07-31T15:18:36+00:00","og_image":[{"url":"http:\/\/www.bellunopress.it\/wp-content\/uploads\/2012\/07\/logo-bellunopress-250x250-2012.jpg","type":"","width":"","height":""}],"author":"redazione","twitter_card":"summary_large_image","twitter_creator":"@bellunopress","twitter_site":"@bellunopress","twitter_misc":{"\u00c9crit par":"redazione","Dur\u00e9e de lecture estim\u00e9e":"2 minutes"},"schema":{"@context":"https:\/\/schema.org","@graph":[{"@type":"Article","@id":"https:\/\/www.bellunopress.it\/2009\/07\/31\/giada-benazzi-piace-al-top-team-belluno\/#article","isPartOf":{"@id":"https:\/\/www.bellunopress.it\/2009\/07\/31\/giada-benazzi-piace-al-top-team-belluno\/"},"author":{"name":"redazione","@id":"https:\/\/www.bellunopress.it\/#\/schema\/person\/79bb06722b37ece1c03d3e94beb30d73"},"headline":"Giada Benazzi piace al Top Team Belluno","datePublished":"2009-07-31T15:18:36+00:00","mainEntityOfPage":{"@id":"https:\/\/www.bellunopress.it\/2009\/07\/31\/giada-benazzi-piace-al-top-team-belluno\/"},"wordCount":387,"publisher":{"@id":"https:\/\/www.bellunopress.it\/#organization"},"keywords":["Belluno","Dolomiti"],"articleSection":["Sport, tempo libero"],"inLanguage":"fr-FR"},{"@type":"WebPage","@id":"https:\/\/www.bellunopress.it\/2009\/07\/31\/giada-benazzi-piace-al-top-team-belluno\/","url":"https:\/\/www.bellunopress.it\/2009\/07\/31\/giada-benazzi-piace-al-top-team-belluno\/","name":"Giada Benazzi piace al Top Team Belluno - Bellunopress - Dolomiti","isPartOf":{"@id":"https:\/\/www.bellunopress.it\/#website"},"datePublished":"2009-07-31T15:18:36+00:00","breadcrumb":{"@id":"https:\/\/www.bellunopress.it\/2009\/07\/31\/giada-benazzi-piace-al-top-team-belluno\/#breadcrumb"},"inLanguage":"fr-FR","potentialAction":[{"@type":"ReadAction","target":["https:\/\/www.bellunopress.it\/2009\/07\/31\/giada-benazzi-piace-al-top-team-belluno\/"]}]},{"@type":"BreadcrumbList","@id":"https:\/\/www.bellunopress.it\/2009\/07\/31\/giada-benazzi-piace-al-top-team-belluno\/#breadcrumb","itemListElement":[{"@type":"ListItem","position":1,"name":"Home","item":"https:\/\/www.bellunopress.it\/"},{"@type":"ListItem","position":2,"name":"Giada Benazzi piace al Top Team Belluno"}]},{"@type":"WebSite","@id":"https:\/\/www.bellunopress.it\/#website","url":"https:\/\/www.bellunopress.it\/","name":"Bellunopress - Dolomiti","description":"e-mail: redazione@bellunopress.it","publisher":{"@id":"https:\/\/www.bellunopress.it\/#organization"},"potentialAction":[{"@type":"SearchAction","target":{"@type":"EntryPoint","urlTemplate":"https:\/\/www.bellunopress.it\/?s={search_term_string}"},"query-input":{"@type":"PropertyValueSpecification","valueRequired":true,"valueName":"search_term_string"}}],"inLanguage":"fr-FR"},{"@type":"Organization","@id":"https:\/\/www.bellunopress.it\/#organization","name":"Bellunopress","url":"https:\/\/www.bellunopress.it\/","logo":{"@type":"ImageObject","inLanguage":"fr-FR","@id":"https:\/\/www.bellunopress.it\/#\/schema\/logo\/image\/","url":"https:\/\/www.bellunopress.it\/wp-content\/uploads\/2011\/05\/cropped-logo-bellunopress-.jpg","contentUrl":"https:\/\/www.bellunopress.it\/wp-content\/uploads\/2011\/05\/cropped-logo-bellunopress-.jpg","width":512,"height":512,"caption":"Bellunopress"},"image":{"@id":"https:\/\/www.bellunopress.it\/#\/schema\/logo\/image\/"},"sameAs":["https:\/\/www.facebook.com\/profile.php?id=100008943462799","https:\/\/x.com\/bellunopress","https:\/\/www.linkedin.com\/hp\/?dnr=JBzUWaJfMUw8vbXJJ2tVW5-I3jZKvC4wsoxE&amp;amp;amp;amp;amp;amp;trk=nav_responsive_tab_home","https:\/\/www.youtube.com\/channel\/UCxL0wu1uN0_3_7hGG0306cw"]},{"@type":"Person","@id":"https:\/\/www.bellunopress.it\/#\/schema\/person\/79bb06722b37ece1c03d3e94beb30d73","name":"r\u00e9daction","image":{"@type":"ImageObject","inLanguage":"fr-FR","@id":"https:\/\/secure.gravatar.com\/avatar\/37d968a2e67a6fd04c169c4bdef102d0bc5d31b2546345219e348575eb80e9a0?s=96&d=mm&r=g","url":"https:\/\/secure.gravatar.com\/avatar\/37d968a2e67a6fd04c169c4bdef102d0bc5d31b2546345219e348575eb80e9a0?s=96&d=mm&r=g","contentUrl":"https:\/\/secure.gravatar.com\/avatar\/37d968a2e67a6fd04c169c4bdef102d0bc5d31b2546345219e348575eb80e9a0?s=96&d=mm&r=g","caption":"redazione"},"sameAs":["http:\/\/www.bellunopress.it","https:\/\/x.com\/bellunopress"],"url":"https:\/\/www.bellunopress.it\/fr\/author\/redazione\/"}]}},"_links":{"self":[{"href":"https:\/\/www.bellunopress.it\/fr\/wp-json\/wp\/v2\/posts\/6571","targetHints":{"allow":["GET"]}}],"collection":[{"href":"https:\/\/www.bellunopress.it\/fr\/wp-json\/wp\/v2\/posts"}],"about":[{"href":"https:\/\/www.bellunopress.it\/fr\/wp-json\/wp\/v2\/types\/post"}],"author":[{"embeddable":true,"href":"https:\/\/www.bellunopress.it\/fr\/wp-json\/wp\/v2\/users\/2"}],"replies":[{"embeddable":true,"href":"https:\/\/www.bellunopress.it\/fr\/wp-json\/wp\/v2\/comments?post=6571"}],"version-history":[{"count":1,"href":"https:\/\/www.bellunopress.it\/fr\/wp-json\/wp\/v2\/posts\/6571\/revisions"}],"predecessor-version":[{"id":6572,"href":"https:\/\/www.bellunopress.it\/fr\/wp-json\/wp\/v2\/posts\/6571\/revisions\/6572"}],"wp:attachment":[{"href":"https:\/\/www.bellunopress.it\/fr\/wp-json\/wp\/v2\/media?parent=6571"}],"wp:term":[{"taxonomy":"category","embeddable":true,"href":"https:\/\/www.bellunopress.it\/fr\/wp-json\/wp\/v2\/categories?post=6571"},{"taxonomy":"post_tag","embeddable":true,"href":"https:\/\/www.bellunopress.it\/fr\/wp-json\/wp\/v2\/tags?post=6571"}],"curies":[{"name":"wp","href":"https:\/\/api.w.org\/{rel}","templated":true}]}}