{"id":6569,"date":"2009-07-31T16:03:00","date_gmt":"2009-07-31T15:03:00","guid":{"rendered":"http:\/\/www.bellunopress.it\/?p=6569"},"modified":"2009-07-31T16:03:00","modified_gmt":"2009-07-31T15:03:00","slug":"sabato-8-agosto-a-feltre-musical-la-corte-dei-strassoni","status":"publish","type":"post","link":"https:\/\/www.bellunopress.it\/fr\/2009\/07\/31\/sabato-8-agosto-a-feltre-musical-la-corte-dei-strassoni\/","title":{"rendered":"Sabato 8 agosto a Feltre, musical &#8220;La Corte dei strassoni&#8221;"},"content":{"rendered":"<p>Si svolger\u00e0 sabato 8 agosto, alle ore 21.00, in Piazza Maggiore, a Feltre, il secondo appuntamento della seconda edizione del Festival Veneto, organizzato dall&#8217;Assessorato alla Cultura e all&#8217;Identit\u00e0 Veneta della Provincia di Verona, con il contributo della Regione Veneto. Questa rassegna musicale, che ha lo scopo di promuovere l&#8217;arte e la cultura della lingua veneta, proporr\u00e0 in citt\u00e0, ad ingresso gratuito e con la collaborazione organizzativa del Comune di Feltre, il musical &#8220;La Corte degli Strassoni&#8221; del regista veronese Alessandro Anderloni, uno spettacolo brillante e dinamico che trasforma il dialetto veneto in una sorprendente lingua comica e musicale. La vicenda, come recita l&#8217;incipit dello spettacolo, si svolge \u00abin una citt\u00e0 qualunque, un giorno qualunque, di un anno qualunque\u00bb. Siamo in una discarica nella periferia di una citt\u00e0. Un posto chiamato, appunto, La Corte dei Strassoni. \u00c8 qui, tra i cartoni e i copertoni, che vivono un gruppo di amici barboni. Grog e Magog passano il loro tempo a grattarsi il piede, a guardare la luna e a sognare di sposare, un giorno, le amate Gramegna e Ciuffara. Sempia, Sauga e Simiota si raccontano, cantando, le storie e i pettegolezzi della citt\u00e0; Toldo, Poldo e Soldo si adoperano a portare alla Corte prelibatezze di avanzi e a inventare feste danzanti tra le immondizie. La vita degli strassoni, povera ma felice, cambia all&#8217;improvviso quando uno di loro, Bertolin, scoprir\u00e0 di essere il beneficiario di una milionaria eredit\u00e0. Diventato ricco sfondato, e abbandonata la Corte, torner\u00e0 Bertolin a riscattare i suoi compagni e a portare con s\u00e9 la sua amata Laureta? O i soldi gli faranno forse dimenticare di essere stato anche lui, prima di diventare ricco, un barbone? Il giorno che le quattro impettite segretarie del Cavalier Bertolino Bertoloni si presenteranno alla Corte, insieme con la nuova moglie di quest&#8217;ultimo, Arpia, in un istante sar\u00e0 chiaro a\u00a0 tutti che la vita della Corte dei Strassoni cambier\u00e0, per sempre. &#8220;\/Il musical alla veneta&#8221; \/come \u00e8 stata definita l&#8217;opera di Anderloni, al debutto lo scorso maggio \/&#8221;\u00e8 una fantastica invenzione tra rap, valzer e mambo, una favola sulla speranza, l&#8217;attesa e la dignit\u00e0&#8221;.\/ Il Festival Veneto, in cui si inserisce questo spettacolo, si propone\u00a0 come occasione ed opportunit\u00e0 per la diffusione dell&#8217;arte e della cultura veneta. Il progetto nasce dalla volont\u00e0 di valorizzare questa cultura e farla conoscere ad un pubblico pi\u00f9 vasto utilizzando la formula del festival musicale per veicolarla in modo piacevole e divertente, presentandone l&#8217;espressione contemporanea attraverso uno spettacolo musicale articolato che mette in mostra i talenti artistici che utilizzano il linguaggio popolare, la lingua veneta.<\/p>","protected":false},"excerpt":{"rendered":"<p>Si svolger\u00e0 sabato 8 agosto, alle ore 21.00, in Piazza Maggiore, a Feltre, il secondo appuntamento della seconda edizione del Festival Veneto, organizzato dall&#8217;Assessorato alla Cultura e all&#8217;Identit\u00e0 Veneta della Provincia di Verona, con il contributo della Regione Veneto. Questa rassegna musicale, che ha lo scopo di promuovere l&#8217;arte e la cultura della lingua veneta, [&hellip;]<\/p>\n","protected":false},"author":2,"featured_media":0,"comment_status":"closed","ping_status":"open","sticky":false,"template":"","format":"standard","meta":{"footnotes":""},"categories":[3,25],"tags":[302],"class_list":["post-6569","post","type-post","status-publish","format-standard","category-arte-cultura-spettacoli-scienza-archivi","category-pausa-caffe","tag-feltre"],"yoast_head":"<!-- This site is optimized with the Yoast SEO plugin v28.4 - https:\/\/yoast.com\/product\/yoast-seo-wordpress\/ -->\n<title>Sabato 8 agosto a Feltre, musical &quot;La Corte dei strassoni&quot;  - Bellunopress - Dolomiti<\/title>\n<meta name=\"robots\" content=\"index, follow, max-snippet:-1, max-image-preview:large, max-video-preview:-1\" \/>\n<link rel=\"canonical\" href=\"https:\/\/www.bellunopress.it\/fr\/2009\/07\/31\/sabato-8-agosto-a-feltre-musical-la-corte-dei-strassoni\/\" \/>\n<meta property=\"og:locale\" content=\"fr_FR\" \/>\n<meta property=\"og:type\" content=\"article\" \/>\n<meta property=\"og:title\" content=\"Sabato 8 agosto a Feltre, musical &quot;La Corte dei strassoni&quot;  - Bellunopress - Dolomiti\" \/>\n<meta property=\"og:description\" content=\"Si svolger\u00e0 sabato 8 agosto, alle ore 21.00, in Piazza Maggiore, a Feltre, il secondo appuntamento della seconda edizione del Festival Veneto, organizzato dall&#8217;Assessorato alla Cultura e all&#8217;Identit\u00e0 Veneta della Provincia di Verona, con il contributo della Regione Veneto. Questa rassegna musicale, che ha lo scopo di promuovere l&#8217;arte e la cultura della lingua veneta, [&hellip;]\" \/>\n<meta property=\"og:url\" content=\"https:\/\/www.bellunopress.it\/fr\/2009\/07\/31\/sabato-8-agosto-a-feltre-musical-la-corte-dei-strassoni\/\" \/>\n<meta property=\"og:site_name\" content=\"Bellunopress - Dolomiti\" \/>\n<meta property=\"article:publisher\" content=\"https:\/\/www.facebook.com\/profile.php?id=100008943462799\" \/>\n<meta property=\"article:published_time\" content=\"2009-07-31T15:03:00+00:00\" \/>\n<meta property=\"og:image\" content=\"http:\/\/www.bellunopress.it\/wp-content\/uploads\/2012\/07\/logo-bellunopress-250x250-2012.jpg\" \/>\n<meta name=\"author\" content=\"redazione\" \/>\n<meta name=\"twitter:card\" content=\"summary_large_image\" \/>\n<meta name=\"twitter:creator\" content=\"@bellunopress\" \/>\n<meta name=\"twitter:site\" content=\"@bellunopress\" \/>\n<meta name=\"twitter:label1\" content=\"Written by\" \/>\n\t<meta name=\"twitter:data1\" content=\"redazione\" \/>\n\t<meta name=\"twitter:label2\" content=\"Est. reading time\" \/>\n\t<meta name=\"twitter:data2\" content=\"2 minutes\" \/>\n<script type=\"application\/ld+json\" class=\"yoast-schema-graph\">{\"@context\":\"https:\\\/\\\/schema.org\",\"@graph\":[{\"@type\":\"Article\",\"@id\":\"https:\\\/\\\/www.bellunopress.it\\\/2009\\\/07\\\/31\\\/sabato-8-agosto-a-feltre-musical-la-corte-dei-strassoni\\\/#article\",\"isPartOf\":{\"@id\":\"https:\\\/\\\/www.bellunopress.it\\\/2009\\\/07\\\/31\\\/sabato-8-agosto-a-feltre-musical-la-corte-dei-strassoni\\\/\"},\"author\":{\"name\":\"redazione\",\"@id\":\"https:\\\/\\\/www.bellunopress.it\\\/#\\\/schema\\\/person\\\/79bb06722b37ece1c03d3e94beb30d73\"},\"headline\":\"Sabato 8 agosto a Feltre, musical &#8220;La Corte dei strassoni&#8221;\",\"datePublished\":\"2009-07-31T15:03:00+00:00\",\"mainEntityOfPage\":{\"@id\":\"https:\\\/\\\/www.bellunopress.it\\\/2009\\\/07\\\/31\\\/sabato-8-agosto-a-feltre-musical-la-corte-dei-strassoni\\\/\"},\"wordCount\":439,\"publisher\":{\"@id\":\"https:\\\/\\\/www.bellunopress.it\\\/#organization\"},\"keywords\":[\"Feltre\"],\"articleSection\":[\"Arte, Cultura, Spettacoli, Scienza\",\"Pausa Caff\u00e8\"],\"inLanguage\":\"fr-FR\"},{\"@type\":\"WebPage\",\"@id\":\"https:\\\/\\\/www.bellunopress.it\\\/2009\\\/07\\\/31\\\/sabato-8-agosto-a-feltre-musical-la-corte-dei-strassoni\\\/\",\"url\":\"https:\\\/\\\/www.bellunopress.it\\\/2009\\\/07\\\/31\\\/sabato-8-agosto-a-feltre-musical-la-corte-dei-strassoni\\\/\",\"name\":\"Sabato 8 agosto a Feltre, musical \\\"La Corte dei strassoni\\\" - Bellunopress - Dolomiti\",\"isPartOf\":{\"@id\":\"https:\\\/\\\/www.bellunopress.it\\\/#website\"},\"datePublished\":\"2009-07-31T15:03:00+00:00\",\"breadcrumb\":{\"@id\":\"https:\\\/\\\/www.bellunopress.it\\\/2009\\\/07\\\/31\\\/sabato-8-agosto-a-feltre-musical-la-corte-dei-strassoni\\\/#breadcrumb\"},\"inLanguage\":\"fr-FR\",\"potentialAction\":[{\"@type\":\"ReadAction\",\"target\":[\"https:\\\/\\\/www.bellunopress.it\\\/2009\\\/07\\\/31\\\/sabato-8-agosto-a-feltre-musical-la-corte-dei-strassoni\\\/\"]}]},{\"@type\":\"BreadcrumbList\",\"@id\":\"https:\\\/\\\/www.bellunopress.it\\\/2009\\\/07\\\/31\\\/sabato-8-agosto-a-feltre-musical-la-corte-dei-strassoni\\\/#breadcrumb\",\"itemListElement\":[{\"@type\":\"ListItem\",\"position\":1,\"name\":\"Home\",\"item\":\"https:\\\/\\\/www.bellunopress.it\\\/\"},{\"@type\":\"ListItem\",\"position\":2,\"name\":\"Sabato 8 agosto a Feltre, musical &#8220;La Corte dei strassoni&#8221;\"}]},{\"@type\":\"WebSite\",\"@id\":\"https:\\\/\\\/www.bellunopress.it\\\/#website\",\"url\":\"https:\\\/\\\/www.bellunopress.it\\\/\",\"name\":\"Bellunopress - Dolomiti\",\"description\":\"e-mail: redazione@bellunopress.it\",\"publisher\":{\"@id\":\"https:\\\/\\\/www.bellunopress.it\\\/#organization\"},\"potentialAction\":[{\"@type\":\"SearchAction\",\"target\":{\"@type\":\"EntryPoint\",\"urlTemplate\":\"https:\\\/\\\/www.bellunopress.it\\\/?s={search_term_string}\"},\"query-input\":{\"@type\":\"PropertyValueSpecification\",\"valueRequired\":true,\"valueName\":\"search_term_string\"}}],\"inLanguage\":\"fr-FR\"},{\"@type\":\"Organization\",\"@id\":\"https:\\\/\\\/www.bellunopress.it\\\/#organization\",\"name\":\"Bellunopress\",\"url\":\"https:\\\/\\\/www.bellunopress.it\\\/\",\"logo\":{\"@type\":\"ImageObject\",\"inLanguage\":\"fr-FR\",\"@id\":\"https:\\\/\\\/www.bellunopress.it\\\/#\\\/schema\\\/logo\\\/image\\\/\",\"url\":\"https:\\\/\\\/www.bellunopress.it\\\/wp-content\\\/uploads\\\/2011\\\/05\\\/cropped-logo-bellunopress-.jpg\",\"contentUrl\":\"https:\\\/\\\/www.bellunopress.it\\\/wp-content\\\/uploads\\\/2011\\\/05\\\/cropped-logo-bellunopress-.jpg\",\"width\":512,\"height\":512,\"caption\":\"Bellunopress\"},\"image\":{\"@id\":\"https:\\\/\\\/www.bellunopress.it\\\/#\\\/schema\\\/logo\\\/image\\\/\"},\"sameAs\":[\"https:\\\/\\\/www.facebook.com\\\/profile.php?id=100008943462799\",\"https:\\\/\\\/x.com\\\/bellunopress\",\"https:\\\/\\\/www.linkedin.com\\\/hp\\\/?dnr=JBzUWaJfMUw8vbXJJ2tVW5-I3jZKvC4wsoxE&amp;amp;amp;amp;amp;amp;trk=nav_responsive_tab_home\",\"https:\\\/\\\/www.youtube.com\\\/channel\\\/UCxL0wu1uN0_3_7hGG0306cw\"]},{\"@type\":\"Person\",\"@id\":\"https:\\\/\\\/www.bellunopress.it\\\/#\\\/schema\\\/person\\\/79bb06722b37ece1c03d3e94beb30d73\",\"name\":\"redazione\",\"image\":{\"@type\":\"ImageObject\",\"inLanguage\":\"fr-FR\",\"@id\":\"https:\\\/\\\/secure.gravatar.com\\\/avatar\\\/37d968a2e67a6fd04c169c4bdef102d0bc5d31b2546345219e348575eb80e9a0?s=96&d=mm&r=g\",\"url\":\"https:\\\/\\\/secure.gravatar.com\\\/avatar\\\/37d968a2e67a6fd04c169c4bdef102d0bc5d31b2546345219e348575eb80e9a0?s=96&d=mm&r=g\",\"contentUrl\":\"https:\\\/\\\/secure.gravatar.com\\\/avatar\\\/37d968a2e67a6fd04c169c4bdef102d0bc5d31b2546345219e348575eb80e9a0?s=96&d=mm&r=g\",\"caption\":\"redazione\"},\"sameAs\":[\"http:\\\/\\\/www.bellunopress.it\",\"https:\\\/\\\/x.com\\\/bellunopress\"],\"url\":\"https:\\\/\\\/www.bellunopress.it\\\/fr\\\/author\\\/redazione\\\/\"}]}<\/script>\n<!-- \/ Yoast SEO plugin. -->","yoast_head_json":{"title":"Sabato 8 agosto a Feltre, musical \"La Corte dei strassoni\"  - Bellunopress - Dolomiti","robots":{"index":"index","follow":"follow","max-snippet":"max-snippet:-1","max-image-preview":"max-image-preview:large","max-video-preview":"max-video-preview:-1"},"canonical":"https:\/\/www.bellunopress.it\/fr\/2009\/07\/31\/sabato-8-agosto-a-feltre-musical-la-corte-dei-strassoni\/","og_locale":"fr_FR","og_type":"article","og_title":"Sabato 8 agosto a Feltre, musical \"La Corte dei strassoni\"  - Bellunopress - Dolomiti","og_description":"Si svolger\u00e0 sabato 8 agosto, alle ore 21.00, in Piazza Maggiore, a Feltre, il secondo appuntamento della seconda edizione del Festival Veneto, organizzato dall&#8217;Assessorato alla Cultura e all&#8217;Identit\u00e0 Veneta della Provincia di Verona, con il contributo della Regione Veneto. Questa rassegna musicale, che ha lo scopo di promuovere l&#8217;arte e la cultura della lingua veneta, [&hellip;]","og_url":"https:\/\/www.bellunopress.it\/fr\/2009\/07\/31\/sabato-8-agosto-a-feltre-musical-la-corte-dei-strassoni\/","og_site_name":"Bellunopress - Dolomiti","article_publisher":"https:\/\/www.facebook.com\/profile.php?id=100008943462799","article_published_time":"2009-07-31T15:03:00+00:00","og_image":[{"url":"http:\/\/www.bellunopress.it\/wp-content\/uploads\/2012\/07\/logo-bellunopress-250x250-2012.jpg","type":"","width":"","height":""}],"author":"redazione","twitter_card":"summary_large_image","twitter_creator":"@bellunopress","twitter_site":"@bellunopress","twitter_misc":{"Written by":"redazione","Est. reading time":"2 minutes"},"schema":{"@context":"https:\/\/schema.org","@graph":[{"@type":"Article","@id":"https:\/\/www.bellunopress.it\/2009\/07\/31\/sabato-8-agosto-a-feltre-musical-la-corte-dei-strassoni\/#article","isPartOf":{"@id":"https:\/\/www.bellunopress.it\/2009\/07\/31\/sabato-8-agosto-a-feltre-musical-la-corte-dei-strassoni\/"},"author":{"name":"redazione","@id":"https:\/\/www.bellunopress.it\/#\/schema\/person\/79bb06722b37ece1c03d3e94beb30d73"},"headline":"Sabato 8 agosto a Feltre, musical &#8220;La Corte dei strassoni&#8221;","datePublished":"2009-07-31T15:03:00+00:00","mainEntityOfPage":{"@id":"https:\/\/www.bellunopress.it\/2009\/07\/31\/sabato-8-agosto-a-feltre-musical-la-corte-dei-strassoni\/"},"wordCount":439,"publisher":{"@id":"https:\/\/www.bellunopress.it\/#organization"},"keywords":["Feltre"],"articleSection":["Arte, Cultura, Spettacoli, Scienza","Pausa Caff\u00e8"],"inLanguage":"fr-FR"},{"@type":"WebPage","@id":"https:\/\/www.bellunopress.it\/2009\/07\/31\/sabato-8-agosto-a-feltre-musical-la-corte-dei-strassoni\/","url":"https:\/\/www.bellunopress.it\/2009\/07\/31\/sabato-8-agosto-a-feltre-musical-la-corte-dei-strassoni\/","name":"Sabato 8 agosto a Feltre, musical \"La Corte dei strassoni\" - Bellunopress - Dolomiti","isPartOf":{"@id":"https:\/\/www.bellunopress.it\/#website"},"datePublished":"2009-07-31T15:03:00+00:00","breadcrumb":{"@id":"https:\/\/www.bellunopress.it\/2009\/07\/31\/sabato-8-agosto-a-feltre-musical-la-corte-dei-strassoni\/#breadcrumb"},"inLanguage":"fr-FR","potentialAction":[{"@type":"ReadAction","target":["https:\/\/www.bellunopress.it\/2009\/07\/31\/sabato-8-agosto-a-feltre-musical-la-corte-dei-strassoni\/"]}]},{"@type":"BreadcrumbList","@id":"https:\/\/www.bellunopress.it\/2009\/07\/31\/sabato-8-agosto-a-feltre-musical-la-corte-dei-strassoni\/#breadcrumb","itemListElement":[{"@type":"ListItem","position":1,"name":"Home","item":"https:\/\/www.bellunopress.it\/"},{"@type":"ListItem","position":2,"name":"Sabato 8 agosto a Feltre, musical &#8220;La Corte dei strassoni&#8221;"}]},{"@type":"WebSite","@id":"https:\/\/www.bellunopress.it\/#website","url":"https:\/\/www.bellunopress.it\/","name":"Bellunopress - Dolomiti","description":"e-mail: redazione@bellunopress.it","publisher":{"@id":"https:\/\/www.bellunopress.it\/#organization"},"potentialAction":[{"@type":"SearchAction","target":{"@type":"EntryPoint","urlTemplate":"https:\/\/www.bellunopress.it\/?s={search_term_string}"},"query-input":{"@type":"PropertyValueSpecification","valueRequired":true,"valueName":"search_term_string"}}],"inLanguage":"fr-FR"},{"@type":"Organization","@id":"https:\/\/www.bellunopress.it\/#organization","name":"Bellunopress","url":"https:\/\/www.bellunopress.it\/","logo":{"@type":"ImageObject","inLanguage":"fr-FR","@id":"https:\/\/www.bellunopress.it\/#\/schema\/logo\/image\/","url":"https:\/\/www.bellunopress.it\/wp-content\/uploads\/2011\/05\/cropped-logo-bellunopress-.jpg","contentUrl":"https:\/\/www.bellunopress.it\/wp-content\/uploads\/2011\/05\/cropped-logo-bellunopress-.jpg","width":512,"height":512,"caption":"Bellunopress"},"image":{"@id":"https:\/\/www.bellunopress.it\/#\/schema\/logo\/image\/"},"sameAs":["https:\/\/www.facebook.com\/profile.php?id=100008943462799","https:\/\/x.com\/bellunopress","https:\/\/www.linkedin.com\/hp\/?dnr=JBzUWaJfMUw8vbXJJ2tVW5-I3jZKvC4wsoxE&amp;amp;amp;amp;amp;amp;trk=nav_responsive_tab_home","https:\/\/www.youtube.com\/channel\/UCxL0wu1uN0_3_7hGG0306cw"]},{"@type":"Person","@id":"https:\/\/www.bellunopress.it\/#\/schema\/person\/79bb06722b37ece1c03d3e94beb30d73","name":"r\u00e9daction","image":{"@type":"ImageObject","inLanguage":"fr-FR","@id":"https:\/\/secure.gravatar.com\/avatar\/37d968a2e67a6fd04c169c4bdef102d0bc5d31b2546345219e348575eb80e9a0?s=96&d=mm&r=g","url":"https:\/\/secure.gravatar.com\/avatar\/37d968a2e67a6fd04c169c4bdef102d0bc5d31b2546345219e348575eb80e9a0?s=96&d=mm&r=g","contentUrl":"https:\/\/secure.gravatar.com\/avatar\/37d968a2e67a6fd04c169c4bdef102d0bc5d31b2546345219e348575eb80e9a0?s=96&d=mm&r=g","caption":"redazione"},"sameAs":["http:\/\/www.bellunopress.it","https:\/\/x.com\/bellunopress"],"url":"https:\/\/www.bellunopress.it\/fr\/author\/redazione\/"}]}},"_links":{"self":[{"href":"https:\/\/www.bellunopress.it\/fr\/wp-json\/wp\/v2\/posts\/6569","targetHints":{"allow":["GET"]}}],"collection":[{"href":"https:\/\/www.bellunopress.it\/fr\/wp-json\/wp\/v2\/posts"}],"about":[{"href":"https:\/\/www.bellunopress.it\/fr\/wp-json\/wp\/v2\/types\/post"}],"author":[{"embeddable":true,"href":"https:\/\/www.bellunopress.it\/fr\/wp-json\/wp\/v2\/users\/2"}],"replies":[{"embeddable":true,"href":"https:\/\/www.bellunopress.it\/fr\/wp-json\/wp\/v2\/comments?post=6569"}],"version-history":[{"count":1,"href":"https:\/\/www.bellunopress.it\/fr\/wp-json\/wp\/v2\/posts\/6569\/revisions"}],"predecessor-version":[{"id":6570,"href":"https:\/\/www.bellunopress.it\/fr\/wp-json\/wp\/v2\/posts\/6569\/revisions\/6570"}],"wp:attachment":[{"href":"https:\/\/www.bellunopress.it\/fr\/wp-json\/wp\/v2\/media?parent=6569"}],"wp:term":[{"taxonomy":"category","embeddable":true,"href":"https:\/\/www.bellunopress.it\/fr\/wp-json\/wp\/v2\/categories?post=6569"},{"taxonomy":"post_tag","embeddable":true,"href":"https:\/\/www.bellunopress.it\/fr\/wp-json\/wp\/v2\/tags?post=6569"}],"curies":[{"name":"wp","href":"https:\/\/api.w.org\/{rel}","templated":true}]}}