{"id":6564,"date":"2009-07-31T15:44:23","date_gmt":"2009-07-31T14:44:23","guid":{"rendered":"http:\/\/www.bellunopress.it\/?p=6564"},"modified":"2009-07-31T15:44:23","modified_gmt":"2009-07-31T14:44:23","slug":"caneve-spes-belluno-bella-novita-per-il-volley-e-per-i-giovani","status":"publish","type":"post","link":"https:\/\/www.bellunopress.it\/fr\/2009\/07\/31\/caneve-spes-belluno-bella-novita-per-il-volley-e-per-i-giovani\/","title":{"rendered":"Caneve: &#8220;Spes Belluno bella novit\u00e0 per il volley e per i giovani&#8221;"},"content":{"rendered":"<p>Prosegue il cammino di fondazione e organizzazione della nuova societ\u00e0 di volley Spes Belluno. Mentre in queste ore si va componendo l&#8217;organigramma del direttivo, interviene il presidente Angelo Caneve, tra i principali fautori di questo passaggio: &#8220;Con la nascita di questa nuova societ\u00e0 bellunese che si dedicher\u00e0 al settore giovanile siamo alla terza tappa del progetto per il quale sono stato coinvolto due anni fa da Giovanni Lucchetta. Avrei preferito partire gi\u00e0 l&#8217;anno scorso con i giovani, ma non c&#8217;erano le condizioni per farlo. Dopo due anni di conoscenza e collaborazione con il Pgs Belluno il frutto \u00e8 proprio la confluenza degli interessi rappresentata dalla Spes Belluno. Lavoreremo insieme per creare un radicato settore giovanile e un&#8217;attivit\u00e0 di categoria. I giovani hanno bisgono di realt\u00e0 sportive di qualit\u00e0, per fare attivit\u00e0 fisica, confrontarsi, impegnarsi e, perch\u00e9 no, provare ad emergere. L&#8217;impegno di questi giorni, intanto, \u00e8 fondare la nuova societ\u00e0 in modo adeguato. Poi coinvolgeremo lo staff tecnico per le scelte che riguardano allenamenti e squadre&#8221;.<\/p>","protected":false},"excerpt":{"rendered":"<p>Prosegue il cammino di fondazione e organizzazione della nuova societ\u00e0 di volley Spes Belluno. Mentre in queste ore si va componendo l&#8217;organigramma del direttivo, interviene il presidente Angelo Caneve, tra i principali fautori di questo passaggio: &#8220;Con la nascita di questa nuova societ\u00e0 bellunese che si dedicher\u00e0 al settore giovanile siamo alla terza tappa del [&hellip;]<\/p>\n","protected":false},"author":2,"featured_media":0,"comment_status":"closed","ping_status":"open","sticky":false,"template":"","format":"standard","meta":{"footnotes":""},"categories":[4],"tags":[139],"class_list":["post-6564","post","type-post","status-publish","format-standard","category-sport","tag-belluno"],"yoast_head":"<!-- This site is optimized with the Yoast SEO plugin v28.4 - https:\/\/yoast.com\/product\/yoast-seo-wordpress\/ -->\n<title>Caneve: &quot;Spes Belluno bella novit\u00e0 per il volley e per i giovani&quot; - Bellunopress - Dolomiti<\/title>\n<meta name=\"robots\" content=\"index, follow, max-snippet:-1, max-image-preview:large, max-video-preview:-1\" \/>\n<link rel=\"canonical\" href=\"https:\/\/www.bellunopress.it\/fr\/2009\/07\/31\/caneve-spes-belluno-bella-novita-per-il-volley-e-per-i-giovani\/\" \/>\n<meta property=\"og:locale\" content=\"fr_FR\" \/>\n<meta property=\"og:type\" content=\"article\" \/>\n<meta property=\"og:title\" content=\"Caneve: &quot;Spes Belluno bella novit\u00e0 per il volley e per i giovani&quot; - Bellunopress - Dolomiti\" \/>\n<meta property=\"og:description\" content=\"Prosegue il cammino di fondazione e organizzazione della nuova societ\u00e0 di volley Spes Belluno. Mentre in queste ore si va componendo l&#8217;organigramma del direttivo, interviene il presidente Angelo Caneve, tra i principali fautori di questo passaggio: &#8220;Con la nascita di questa nuova societ\u00e0 bellunese che si dedicher\u00e0 al settore giovanile siamo alla terza tappa del [&hellip;]\" \/>\n<meta property=\"og:url\" content=\"https:\/\/www.bellunopress.it\/fr\/2009\/07\/31\/caneve-spes-belluno-bella-novita-per-il-volley-e-per-i-giovani\/\" \/>\n<meta property=\"og:site_name\" content=\"Bellunopress - Dolomiti\" \/>\n<meta property=\"article:publisher\" content=\"https:\/\/www.facebook.com\/profile.php?id=100008943462799\" \/>\n<meta property=\"article:published_time\" content=\"2009-07-31T14:44:23+00:00\" \/>\n<meta property=\"og:image\" content=\"http:\/\/www.bellunopress.it\/wp-content\/uploads\/2012\/07\/logo-bellunopress-250x250-2012.jpg\" \/>\n<meta name=\"author\" content=\"redazione\" \/>\n<meta name=\"twitter:card\" content=\"summary_large_image\" \/>\n<meta name=\"twitter:creator\" content=\"@bellunopress\" \/>\n<meta name=\"twitter:site\" content=\"@bellunopress\" \/>\n<meta name=\"twitter:label1\" content=\"Written by\" \/>\n\t<meta name=\"twitter:data1\" content=\"redazione\" \/>\n\t<meta name=\"twitter:label2\" content=\"Est. reading time\" \/>\n\t<meta name=\"twitter:data2\" content=\"1 minute\" \/>\n<script type=\"application\/ld+json\" class=\"yoast-schema-graph\">{\"@context\":\"https:\\\/\\\/schema.org\",\"@graph\":[{\"@type\":\"Article\",\"@id\":\"https:\\\/\\\/www.bellunopress.it\\\/2009\\\/07\\\/31\\\/caneve-spes-belluno-bella-novita-per-il-volley-e-per-i-giovani\\\/#article\",\"isPartOf\":{\"@id\":\"https:\\\/\\\/www.bellunopress.it\\\/2009\\\/07\\\/31\\\/caneve-spes-belluno-bella-novita-per-il-volley-e-per-i-giovani\\\/\"},\"author\":{\"name\":\"redazione\",\"@id\":\"https:\\\/\\\/www.bellunopress.it\\\/#\\\/schema\\\/person\\\/79bb06722b37ece1c03d3e94beb30d73\"},\"headline\":\"Caneve: &#8220;Spes Belluno bella novit\u00e0 per il volley e per i giovani&#8221;\",\"datePublished\":\"2009-07-31T14:44:23+00:00\",\"mainEntityOfPage\":{\"@id\":\"https:\\\/\\\/www.bellunopress.it\\\/2009\\\/07\\\/31\\\/caneve-spes-belluno-bella-novita-per-il-volley-e-per-i-giovani\\\/\"},\"wordCount\":181,\"publisher\":{\"@id\":\"https:\\\/\\\/www.bellunopress.it\\\/#organization\"},\"keywords\":[\"Belluno\"],\"articleSection\":[\"Sport, tempo libero\"],\"inLanguage\":\"fr-FR\"},{\"@type\":\"WebPage\",\"@id\":\"https:\\\/\\\/www.bellunopress.it\\\/2009\\\/07\\\/31\\\/caneve-spes-belluno-bella-novita-per-il-volley-e-per-i-giovani\\\/\",\"url\":\"https:\\\/\\\/www.bellunopress.it\\\/2009\\\/07\\\/31\\\/caneve-spes-belluno-bella-novita-per-il-volley-e-per-i-giovani\\\/\",\"name\":\"Caneve: \\\"Spes Belluno bella novit\u00e0 per il volley e per i giovani\\\" - Bellunopress - Dolomiti\",\"isPartOf\":{\"@id\":\"https:\\\/\\\/www.bellunopress.it\\\/#website\"},\"datePublished\":\"2009-07-31T14:44:23+00:00\",\"breadcrumb\":{\"@id\":\"https:\\\/\\\/www.bellunopress.it\\\/2009\\\/07\\\/31\\\/caneve-spes-belluno-bella-novita-per-il-volley-e-per-i-giovani\\\/#breadcrumb\"},\"inLanguage\":\"fr-FR\",\"potentialAction\":[{\"@type\":\"ReadAction\",\"target\":[\"https:\\\/\\\/www.bellunopress.it\\\/2009\\\/07\\\/31\\\/caneve-spes-belluno-bella-novita-per-il-volley-e-per-i-giovani\\\/\"]}]},{\"@type\":\"BreadcrumbList\",\"@id\":\"https:\\\/\\\/www.bellunopress.it\\\/2009\\\/07\\\/31\\\/caneve-spes-belluno-bella-novita-per-il-volley-e-per-i-giovani\\\/#breadcrumb\",\"itemListElement\":[{\"@type\":\"ListItem\",\"position\":1,\"name\":\"Home\",\"item\":\"https:\\\/\\\/www.bellunopress.it\\\/\"},{\"@type\":\"ListItem\",\"position\":2,\"name\":\"Caneve: &#8220;Spes Belluno bella novit\u00e0 per il volley e per i giovani&#8221;\"}]},{\"@type\":\"WebSite\",\"@id\":\"https:\\\/\\\/www.bellunopress.it\\\/#website\",\"url\":\"https:\\\/\\\/www.bellunopress.it\\\/\",\"name\":\"Bellunopress - Dolomiti\",\"description\":\"e-mail: redazione@bellunopress.it\",\"publisher\":{\"@id\":\"https:\\\/\\\/www.bellunopress.it\\\/#organization\"},\"potentialAction\":[{\"@type\":\"SearchAction\",\"target\":{\"@type\":\"EntryPoint\",\"urlTemplate\":\"https:\\\/\\\/www.bellunopress.it\\\/?s={search_term_string}\"},\"query-input\":{\"@type\":\"PropertyValueSpecification\",\"valueRequired\":true,\"valueName\":\"search_term_string\"}}],\"inLanguage\":\"fr-FR\"},{\"@type\":\"Organization\",\"@id\":\"https:\\\/\\\/www.bellunopress.it\\\/#organization\",\"name\":\"Bellunopress\",\"url\":\"https:\\\/\\\/www.bellunopress.it\\\/\",\"logo\":{\"@type\":\"ImageObject\",\"inLanguage\":\"fr-FR\",\"@id\":\"https:\\\/\\\/www.bellunopress.it\\\/#\\\/schema\\\/logo\\\/image\\\/\",\"url\":\"https:\\\/\\\/www.bellunopress.it\\\/wp-content\\\/uploads\\\/2011\\\/05\\\/cropped-logo-bellunopress-.jpg\",\"contentUrl\":\"https:\\\/\\\/www.bellunopress.it\\\/wp-content\\\/uploads\\\/2011\\\/05\\\/cropped-logo-bellunopress-.jpg\",\"width\":512,\"height\":512,\"caption\":\"Bellunopress\"},\"image\":{\"@id\":\"https:\\\/\\\/www.bellunopress.it\\\/#\\\/schema\\\/logo\\\/image\\\/\"},\"sameAs\":[\"https:\\\/\\\/www.facebook.com\\\/profile.php?id=100008943462799\",\"https:\\\/\\\/x.com\\\/bellunopress\",\"https:\\\/\\\/www.linkedin.com\\\/hp\\\/?dnr=JBzUWaJfMUw8vbXJJ2tVW5-I3jZKvC4wsoxE&amp;amp;amp;amp;amp;amp;trk=nav_responsive_tab_home\",\"https:\\\/\\\/www.youtube.com\\\/channel\\\/UCxL0wu1uN0_3_7hGG0306cw\"]},{\"@type\":\"Person\",\"@id\":\"https:\\\/\\\/www.bellunopress.it\\\/#\\\/schema\\\/person\\\/79bb06722b37ece1c03d3e94beb30d73\",\"name\":\"redazione\",\"image\":{\"@type\":\"ImageObject\",\"inLanguage\":\"fr-FR\",\"@id\":\"https:\\\/\\\/secure.gravatar.com\\\/avatar\\\/37d968a2e67a6fd04c169c4bdef102d0bc5d31b2546345219e348575eb80e9a0?s=96&d=mm&r=g\",\"url\":\"https:\\\/\\\/secure.gravatar.com\\\/avatar\\\/37d968a2e67a6fd04c169c4bdef102d0bc5d31b2546345219e348575eb80e9a0?s=96&d=mm&r=g\",\"contentUrl\":\"https:\\\/\\\/secure.gravatar.com\\\/avatar\\\/37d968a2e67a6fd04c169c4bdef102d0bc5d31b2546345219e348575eb80e9a0?s=96&d=mm&r=g\",\"caption\":\"redazione\"},\"sameAs\":[\"http:\\\/\\\/www.bellunopress.it\",\"https:\\\/\\\/x.com\\\/bellunopress\"],\"url\":\"https:\\\/\\\/www.bellunopress.it\\\/fr\\\/author\\\/redazione\\\/\"}]}<\/script>\n<!-- \/ Yoast SEO plugin. -->","yoast_head_json":{"title":"Caneve: \"Spes Belluno bella novit\u00e0 per il volley e per i giovani\" - Bellunopress - Dolomiti","robots":{"index":"index","follow":"follow","max-snippet":"max-snippet:-1","max-image-preview":"max-image-preview:large","max-video-preview":"max-video-preview:-1"},"canonical":"https:\/\/www.bellunopress.it\/fr\/2009\/07\/31\/caneve-spes-belluno-bella-novita-per-il-volley-e-per-i-giovani\/","og_locale":"fr_FR","og_type":"article","og_title":"Caneve: \"Spes Belluno bella novit\u00e0 per il volley e per i giovani\" - Bellunopress - Dolomiti","og_description":"Prosegue il cammino di fondazione e organizzazione della nuova societ\u00e0 di volley Spes Belluno. Mentre in queste ore si va componendo l&#8217;organigramma del direttivo, interviene il presidente Angelo Caneve, tra i principali fautori di questo passaggio: &#8220;Con la nascita di questa nuova societ\u00e0 bellunese che si dedicher\u00e0 al settore giovanile siamo alla terza tappa del [&hellip;]","og_url":"https:\/\/www.bellunopress.it\/fr\/2009\/07\/31\/caneve-spes-belluno-bella-novita-per-il-volley-e-per-i-giovani\/","og_site_name":"Bellunopress - Dolomiti","article_publisher":"https:\/\/www.facebook.com\/profile.php?id=100008943462799","article_published_time":"2009-07-31T14:44:23+00:00","og_image":[{"url":"http:\/\/www.bellunopress.it\/wp-content\/uploads\/2012\/07\/logo-bellunopress-250x250-2012.jpg","type":"","width":"","height":""}],"author":"redazione","twitter_card":"summary_large_image","twitter_creator":"@bellunopress","twitter_site":"@bellunopress","twitter_misc":{"Written by":"redazione","Est. reading time":"1 minute"},"schema":{"@context":"https:\/\/schema.org","@graph":[{"@type":"Article","@id":"https:\/\/www.bellunopress.it\/2009\/07\/31\/caneve-spes-belluno-bella-novita-per-il-volley-e-per-i-giovani\/#article","isPartOf":{"@id":"https:\/\/www.bellunopress.it\/2009\/07\/31\/caneve-spes-belluno-bella-novita-per-il-volley-e-per-i-giovani\/"},"author":{"name":"redazione","@id":"https:\/\/www.bellunopress.it\/#\/schema\/person\/79bb06722b37ece1c03d3e94beb30d73"},"headline":"Caneve: &#8220;Spes Belluno bella novit\u00e0 per il volley e per i giovani&#8221;","datePublished":"2009-07-31T14:44:23+00:00","mainEntityOfPage":{"@id":"https:\/\/www.bellunopress.it\/2009\/07\/31\/caneve-spes-belluno-bella-novita-per-il-volley-e-per-i-giovani\/"},"wordCount":181,"publisher":{"@id":"https:\/\/www.bellunopress.it\/#organization"},"keywords":["Belluno"],"articleSection":["Sport, tempo libero"],"inLanguage":"fr-FR"},{"@type":"WebPage","@id":"https:\/\/www.bellunopress.it\/2009\/07\/31\/caneve-spes-belluno-bella-novita-per-il-volley-e-per-i-giovani\/","url":"https:\/\/www.bellunopress.it\/2009\/07\/31\/caneve-spes-belluno-bella-novita-per-il-volley-e-per-i-giovani\/","name":"Caneve: \"Spes Belluno bella novit\u00e0 per il volley e per i giovani\" - Bellunopress - Dolomiti","isPartOf":{"@id":"https:\/\/www.bellunopress.it\/#website"},"datePublished":"2009-07-31T14:44:23+00:00","breadcrumb":{"@id":"https:\/\/www.bellunopress.it\/2009\/07\/31\/caneve-spes-belluno-bella-novita-per-il-volley-e-per-i-giovani\/#breadcrumb"},"inLanguage":"fr-FR","potentialAction":[{"@type":"ReadAction","target":["https:\/\/www.bellunopress.it\/2009\/07\/31\/caneve-spes-belluno-bella-novita-per-il-volley-e-per-i-giovani\/"]}]},{"@type":"BreadcrumbList","@id":"https:\/\/www.bellunopress.it\/2009\/07\/31\/caneve-spes-belluno-bella-novita-per-il-volley-e-per-i-giovani\/#breadcrumb","itemListElement":[{"@type":"ListItem","position":1,"name":"Home","item":"https:\/\/www.bellunopress.it\/"},{"@type":"ListItem","position":2,"name":"Caneve: &#8220;Spes Belluno bella novit\u00e0 per il volley e per i giovani&#8221;"}]},{"@type":"WebSite","@id":"https:\/\/www.bellunopress.it\/#website","url":"https:\/\/www.bellunopress.it\/","name":"Bellunopress - Dolomiti","description":"e-mail: redazione@bellunopress.it","publisher":{"@id":"https:\/\/www.bellunopress.it\/#organization"},"potentialAction":[{"@type":"SearchAction","target":{"@type":"EntryPoint","urlTemplate":"https:\/\/www.bellunopress.it\/?s={search_term_string}"},"query-input":{"@type":"PropertyValueSpecification","valueRequired":true,"valueName":"search_term_string"}}],"inLanguage":"fr-FR"},{"@type":"Organization","@id":"https:\/\/www.bellunopress.it\/#organization","name":"Bellunopress","url":"https:\/\/www.bellunopress.it\/","logo":{"@type":"ImageObject","inLanguage":"fr-FR","@id":"https:\/\/www.bellunopress.it\/#\/schema\/logo\/image\/","url":"https:\/\/www.bellunopress.it\/wp-content\/uploads\/2011\/05\/cropped-logo-bellunopress-.jpg","contentUrl":"https:\/\/www.bellunopress.it\/wp-content\/uploads\/2011\/05\/cropped-logo-bellunopress-.jpg","width":512,"height":512,"caption":"Bellunopress"},"image":{"@id":"https:\/\/www.bellunopress.it\/#\/schema\/logo\/image\/"},"sameAs":["https:\/\/www.facebook.com\/profile.php?id=100008943462799","https:\/\/x.com\/bellunopress","https:\/\/www.linkedin.com\/hp\/?dnr=JBzUWaJfMUw8vbXJJ2tVW5-I3jZKvC4wsoxE&amp;amp;amp;amp;amp;amp;trk=nav_responsive_tab_home","https:\/\/www.youtube.com\/channel\/UCxL0wu1uN0_3_7hGG0306cw"]},{"@type":"Person","@id":"https:\/\/www.bellunopress.it\/#\/schema\/person\/79bb06722b37ece1c03d3e94beb30d73","name":"r\u00e9daction","image":{"@type":"ImageObject","inLanguage":"fr-FR","@id":"https:\/\/secure.gravatar.com\/avatar\/37d968a2e67a6fd04c169c4bdef102d0bc5d31b2546345219e348575eb80e9a0?s=96&d=mm&r=g","url":"https:\/\/secure.gravatar.com\/avatar\/37d968a2e67a6fd04c169c4bdef102d0bc5d31b2546345219e348575eb80e9a0?s=96&d=mm&r=g","contentUrl":"https:\/\/secure.gravatar.com\/avatar\/37d968a2e67a6fd04c169c4bdef102d0bc5d31b2546345219e348575eb80e9a0?s=96&d=mm&r=g","caption":"redazione"},"sameAs":["http:\/\/www.bellunopress.it","https:\/\/x.com\/bellunopress"],"url":"https:\/\/www.bellunopress.it\/fr\/author\/redazione\/"}]}},"_links":{"self":[{"href":"https:\/\/www.bellunopress.it\/fr\/wp-json\/wp\/v2\/posts\/6564","targetHints":{"allow":["GET"]}}],"collection":[{"href":"https:\/\/www.bellunopress.it\/fr\/wp-json\/wp\/v2\/posts"}],"about":[{"href":"https:\/\/www.bellunopress.it\/fr\/wp-json\/wp\/v2\/types\/post"}],"author":[{"embeddable":true,"href":"https:\/\/www.bellunopress.it\/fr\/wp-json\/wp\/v2\/users\/2"}],"replies":[{"embeddable":true,"href":"https:\/\/www.bellunopress.it\/fr\/wp-json\/wp\/v2\/comments?post=6564"}],"version-history":[{"count":1,"href":"https:\/\/www.bellunopress.it\/fr\/wp-json\/wp\/v2\/posts\/6564\/revisions"}],"predecessor-version":[{"id":6565,"href":"https:\/\/www.bellunopress.it\/fr\/wp-json\/wp\/v2\/posts\/6564\/revisions\/6565"}],"wp:attachment":[{"href":"https:\/\/www.bellunopress.it\/fr\/wp-json\/wp\/v2\/media?parent=6564"}],"wp:term":[{"taxonomy":"category","embeddable":true,"href":"https:\/\/www.bellunopress.it\/fr\/wp-json\/wp\/v2\/categories?post=6564"},{"taxonomy":"post_tag","embeddable":true,"href":"https:\/\/www.bellunopress.it\/fr\/wp-json\/wp\/v2\/tags?post=6564"}],"curies":[{"name":"wp","href":"https:\/\/api.w.org\/{rel}","templated":true}]}}